{"id":70930,"date":"2022-11-08T00:00:54","date_gmt":"2022-11-08T03:00:54","guid":{"rendered":"https:\/\/www.adf.org.br\/home\/?p=70930"},"modified":"2022-10-31T15:50:45","modified_gmt":"2022-10-31T18:50:45","slug":"precisa-receber-uma-cura-peca-auxilio-de-nossa-senhora-com-esta-oracao","status":"publish","type":"post","link":"https:\/\/www.adf.org.br\/home\/precisa-receber-uma-cura-peca-auxilio-de-nossa-senhora-com-esta-oracao\/","title":{"rendered":"PRECISA RECEBER UMA CURA? PE\u00c7A AUX\u00cdLIO DE NOSSA SENHORA COM ESTA ORA\u00c7\u00c3O!"},"content":{"rendered":"<h2 style=\"text-align: center;\"><span style=\"color: #000000;\">EST\u00c1 ATRIBULADO OU OPRIMIDO? PE\u00c7A AUX\u00cdLIO DE NOSSA SENHORA COM ESTA ORA\u00c7\u00c3O!<\/span><\/h2>\n<p>&nbsp;<\/p>\n<figure id=\"attachment_70932\" aria-describedby=\"caption-attachment-70932\" style=\"width: 670px\" class=\"wp-caption aligncenter\"><img loading=\"lazy\" class=\"wp-image-70932 size-full\" src=\"https:\/\/www.adf.org.br\/home\/wp-content\/uploads\/2022\/10\/Oracao-a-Nossa-Senhora-de-Lourdes-pela-cura.jpg\" alt=\"\" width=\"670\" height=\"378\" srcset=\"https:\/\/www.adf.org.br\/home\/wp-content\/uploads\/2022\/10\/Oracao-a-Nossa-Senhora-de-Lourdes-pela-cura.jpg 670w, https:\/\/www.adf.org.br\/home\/wp-content\/uploads\/2022\/10\/Oracao-a-Nossa-Senhora-de-Lourdes-pela-cura-300x169.jpg 300w\" sizes=\"(max-width: 670px) 100vw, 670px\" \/><figcaption id=\"caption-attachment-70932\" class=\"wp-caption-text\"><center>Nossa Senhora, rogai por n\u00f3s!<\/center><\/figcaption><\/figure>\n<p><span style=\"color: #000000;\">\u201c<span style=\"color: #800080; font-size: 32px;\"><strong>S<\/strong><\/span>ob a Tua prote\u00e7\u00e3o procuramos ref\u00fagio, <a href=\"https:\/\/adf.org.br\/velario\/lourdes?origem=25585\" target=\"_blank\" rel=\"noopener\"><span style=\"color: #0000ff;\">Virgem Imaculada de Lourdes<\/span><\/a>, que \u00e9s o modelo perfeito da cria\u00e7\u00e3o segundo o plano original de Deus. A Ti, neste dia, confiamos os doentes, os idosos, as pessoas sozinhas: <strong>alivia o seu sofrimento, enxuga as suas l\u00e1grimas e obt\u00e9m para cada um a for\u00e7a necess\u00e1ria para realizar a vontade de Deus<\/strong>.<\/span><\/p>\n<p><span style=\"color: #000000;\">S\u00ea o amparo de todos que aliviam, dia ap\u00f3s dia, os sofrimentos destes irm\u00e3os. E ajuda-nos a crescer no conhecimento de Cristo, que, com a Sua morte e ressurrei\u00e7\u00e3o, venceu o poder do mal e da morte.\u201d<\/span><\/p>\n<p style=\"text-align: center;\"><span style=\"color: #000000;\"><strong>****<\/strong><\/span><\/p>\n<p><span style=\"color: #000000;\">Coloque suas inten\u00e7\u00f5es na Missa que faremos celebrar em honra \u00e0 Padroeira da Sa\u00fade.\u00a0<\/span><\/p>\n<p><span style=\"color: #000000;\">Para isso, <span style=\"color: #0000ff;\"><a style=\"color: #0000ff;\" href=\"https:\/\/adf.org.br\/velario\/lourdes?origem=25585\" target=\"_blank\" rel=\"noopener\"><strong>acesse aqui<\/strong><\/a>\u00a0<\/span>para incluir, <strong>gratuitamente<\/strong>, suas preces e acender a uma Vela Virtual.\u00a0<\/span><\/p>\n<p><span style=\"color: #800080;\"><i>\u201c\u2026que nunca se ouviu dizer que tenha algu\u00e9m recorrido \u00e0 vossa prote\u00e7\u00e3o, implorado a vossa assist\u00eancia, reclamado o vosso socorro, fosse por V\u00f3s desamparado. Animado eu, pois, com igual confian\u00e7a.\u201d<\/i><\/span><\/p>\n<p style=\"text-align: center;\"><span style=\"color: #800080;\"><b>\u2013 S\u00e3o Bernardo \u2013\u00a0<\/b><\/span><\/p>\n<p><span style=\"color: #000000;\">Seja para pedir uma\u00a0<strong>cura f\u00edsica<\/strong>,\u00a0<strong>espiritual\u00a0<\/strong>ou para obter aquela gra\u00e7a que voc\u00ea precisa\u2026\u00a0<\/span><\/p>\n<p><span style=\"color: #000000;\">Rogue \u00e0 intercess\u00e3o de\u00a0<a href=\"https:\/\/adf.org.br\/velario\/lourdes?origem=25585\" target=\"_blank\" rel=\"noopener\"><span style=\"color: #0000ff;\">Nossa Senhora de Lourdes<\/span><\/a>.\u00a0<\/span><\/p>\n<p><span style=\"color: #000000;\"><strong>ELA est\u00e1 esperando pelos seus pedidos.\u00a0<\/strong><\/span><\/p>\n<p style=\"text-align: center;\"><span style=\"color: #000000;\"><strong><em>\u201cSant\u00edssima Virgem de Lourdes, rogai por n\u00f3s.\u201d<\/em><\/strong>\u00a0<\/span><\/p>\n<div class=\"mceTemp\"><\/div>\n","protected":false},"excerpt":{"rendered":"<p>EST\u00c1 ATRIBULADO OU OPRIMIDO? PE\u00c7A AUX\u00cdLIO DE NOSSA SENHORA COM ESTA ORA\u00c7\u00c3O! &nbsp; \u201cSob a Tua prote\u00e7\u00e3o procuramos ref\u00fagio, Virgem Imaculada de Lourdes, que \u00e9s o modelo perfeito da cria\u00e7\u00e3o segundo o plano original de Deus. A Ti, neste dia, confiamos os doentes, os idosos, as pessoas sozinhas: alivia o seu sofrimento, enxuga as suas [&hellip;]<\/p>\n","protected":false},"author":31,"featured_media":70932,"comment_status":"open","ping_status":"open","sticky":false,"template":"","format":"standard","meta":[],"categories":[14],"tags":[680,54,142],"yoast_head":"<!-- This site is optimized with the Yoast SEO plugin v17.4 - https:\/\/yoast.com\/wordpress\/plugins\/seo\/ -->\n<title>PRECISA RECEBER UMA CURA? PE\u00c7A AUX\u00cdLIO DE NOSSA SENHORA COM ESTA ORA\u00c7\u00c3O! - Associa\u00e7\u00e3o Devotos de F\u00e1tima<\/title>\n<meta name=\"description\" content=\"Est\u00e1 precisando de alguma cura para sua sa\u00fade f\u00edsica ou espiritual? Ent\u00e3o conte com as b\u00ean\u00e7\u00e3os de Nossa Senhora de Lourdes. Reze esta ora\u00e7\u00e3o.\" \/>\n<meta name=\"robots\" content=\"index, follow, max-snippet:-1, max-image-preview:large, max-video-preview:-1\" \/>\n<link rel=\"canonical\" href=\"https:\/\/www.adf.org.br\/home\/precisa-receber-uma-cura-peca-auxilio-de-nossa-senhora-com-esta-oracao\/\" \/>\n<meta property=\"og:locale\" content=\"pt_BR\" \/>\n<meta property=\"og:type\" content=\"article\" \/>\n<meta property=\"og:title\" content=\"PRECISA RECEBER UMA CURA? PE\u00c7A AUX\u00cdLIO DE NOSSA SENHORA COM ESTA ORA\u00c7\u00c3O! - Associa\u00e7\u00e3o Devotos de F\u00e1tima\" \/>\n<meta property=\"og:description\" content=\"Est\u00e1 precisando de alguma cura para sua sa\u00fade f\u00edsica ou espiritual? Ent\u00e3o conte com as b\u00ean\u00e7\u00e3os de Nossa Senhora de Lourdes. Reze esta ora\u00e7\u00e3o.\" \/>\n<meta property=\"og:url\" content=\"https:\/\/www.adf.org.br\/home\/precisa-receber-uma-cura-peca-auxilio-de-nossa-senhora-com-esta-oracao\/\" \/>\n<meta property=\"og:site_name\" content=\"Associa\u00e7\u00e3o Devotos de F\u00e1tima\" \/>\n<meta property=\"article:published_time\" content=\"2022-11-08T03:00:54+00:00\" \/>\n<meta property=\"article:modified_time\" content=\"2022-10-31T18:50:45+00:00\" \/>\n<meta property=\"og:image\" content=\"https:\/\/www.adf.org.br\/home\/wp-content\/uploads\/2022\/10\/Oracao-a-Nossa-Senhora-de-Lourdes-pela-cura.jpg\" \/>\n\t<meta property=\"og:image:width\" content=\"670\" \/>\n\t<meta property=\"og:image:height\" content=\"378\" \/>\n<meta name=\"twitter:card\" content=\"summary_large_image\" \/>\n<meta name=\"twitter:label1\" content=\"Escrito por\" \/>\n\t<meta name=\"twitter:data1\" content=\"Gabriel Barbosa\" \/>\n\t<meta name=\"twitter:label2\" content=\"Est. tempo de leitura\" \/>\n\t<meta name=\"twitter:data2\" content=\"2 minutos\" \/>\n<script type=\"application\/ld+json\" class=\"yoast-schema-graph\">{\"@context\":\"https:\/\/schema.org\",\"@graph\":[{\"@type\":\"WebSite\",\"@id\":\"https:\/\/www.adf.org.br\/home\/#website\",\"url\":\"https:\/\/www.adf.org.br\/home\/\",\"name\":\"Associa\\u00e7\\u00e3o Devotos de F\\u00e1tima\",\"description\":\"Associa\\u00e7\\u00e3o Devotos de F\\u00e1tima\",\"potentialAction\":[{\"@type\":\"SearchAction\",\"target\":{\"@type\":\"EntryPoint\",\"urlTemplate\":\"https:\/\/www.adf.org.br\/home\/?s={search_term_string}\"},\"query-input\":\"required name=search_term_string\"}],\"inLanguage\":\"pt-BR\"},{\"@type\":\"ImageObject\",\"@id\":\"https:\/\/www.adf.org.br\/home\/precisa-receber-uma-cura-peca-auxilio-de-nossa-senhora-com-esta-oracao\/#primaryimage\",\"inLanguage\":\"pt-BR\",\"url\":\"https:\/\/www.adf.org.br\/home\/wp-content\/uploads\/2022\/10\/Oracao-a-Nossa-Senhora-de-Lourdes-pela-cura.jpg\",\"contentUrl\":\"https:\/\/www.adf.org.br\/home\/wp-content\/uploads\/2022\/10\/Oracao-a-Nossa-Senhora-de-Lourdes-pela-cura.jpg\",\"width\":670,\"height\":378},{\"@type\":\"WebPage\",\"@id\":\"https:\/\/www.adf.org.br\/home\/precisa-receber-uma-cura-peca-auxilio-de-nossa-senhora-com-esta-oracao\/#webpage\",\"url\":\"https:\/\/www.adf.org.br\/home\/precisa-receber-uma-cura-peca-auxilio-de-nossa-senhora-com-esta-oracao\/\",\"name\":\"PRECISA RECEBER UMA CURA? PE\\u00c7A AUX\\u00cdLIO DE NOSSA SENHORA COM ESTA ORA\\u00c7\\u00c3O! - Associa\\u00e7\\u00e3o Devotos de F\\u00e1tima\",\"isPartOf\":{\"@id\":\"https:\/\/www.adf.org.br\/home\/#website\"},\"primaryImageOfPage\":{\"@id\":\"https:\/\/www.adf.org.br\/home\/precisa-receber-uma-cura-peca-auxilio-de-nossa-senhora-com-esta-oracao\/#primaryimage\"},\"datePublished\":\"2022-11-08T03:00:54+00:00\",\"dateModified\":\"2022-10-31T18:50:45+00:00\",\"author\":{\"@id\":\"https:\/\/www.adf.org.br\/home\/#\/schema\/person\/f35a5c5aa7728a3dedf4ea9aa1fc2753\"},\"description\":\"Est\\u00e1 precisando de alguma cura para sua sa\\u00fade f\\u00edsica ou espiritual? Ent\\u00e3o conte com as b\\u00ean\\u00e7\\u00e3os de Nossa Senhora de Lourdes. Reze esta ora\\u00e7\\u00e3o.\",\"breadcrumb\":{\"@id\":\"https:\/\/www.adf.org.br\/home\/precisa-receber-uma-cura-peca-auxilio-de-nossa-senhora-com-esta-oracao\/#breadcrumb\"},\"inLanguage\":\"pt-BR\",\"potentialAction\":[{\"@type\":\"ReadAction\",\"target\":[\"https:\/\/www.adf.org.br\/home\/precisa-receber-uma-cura-peca-auxilio-de-nossa-senhora-com-esta-oracao\/\"]}]},{\"@type\":\"BreadcrumbList\",\"@id\":\"https:\/\/www.adf.org.br\/home\/precisa-receber-uma-cura-peca-auxilio-de-nossa-senhora-com-esta-oracao\/#breadcrumb\",\"itemListElement\":[{\"@type\":\"ListItem\",\"position\":1,\"name\":\"Home\",\"item\":\"https:\/\/www.adf.org.br\/home\/\"},{\"@type\":\"ListItem\",\"position\":2,\"name\":\"PRECISA RECEBER UMA CURA? PE\\u00c7A AUX\\u00cdLIO DE NOSSA SENHORA COM ESTA ORA\\u00c7\\u00c3O!\"}]},{\"@type\":\"Person\",\"@id\":\"https:\/\/www.adf.org.br\/home\/#\/schema\/person\/f35a5c5aa7728a3dedf4ea9aa1fc2753\",\"name\":\"Gabriel Barbosa\",\"image\":{\"@type\":\"ImageObject\",\"@id\":\"https:\/\/www.adf.org.br\/home\/#personlogo\",\"inLanguage\":\"pt-BR\",\"url\":\"https:\/\/secure.gravatar.com\/avatar\/2b2cb2f4637682c5605e8d36818f51ef?s=96&d=mm&r=g\",\"contentUrl\":\"https:\/\/secure.gravatar.com\/avatar\/2b2cb2f4637682c5605e8d36818f51ef?s=96&d=mm&r=g\",\"caption\":\"Gabriel Barbosa\"},\"url\":\"https:\/\/www.adf.org.br\/home\/author\/gabrielpmk-com-br\/\"}]}<\/script>\n<!-- \/ Yoast SEO plugin. -->","yoast_head_json":{"title":"PRECISA RECEBER UMA CURA? PE\u00c7A AUX\u00cdLIO DE NOSSA SENHORA COM ESTA ORA\u00c7\u00c3O! - Associa\u00e7\u00e3o Devotos de F\u00e1tima","description":"Est\u00e1 precisando de alguma cura para sua sa\u00fade f\u00edsica ou espiritual? Ent\u00e3o conte com as b\u00ean\u00e7\u00e3os de Nossa Senhora de Lourdes. Reze esta ora\u00e7\u00e3o.","robots":{"index":"index","follow":"follow","max-snippet":"max-snippet:-1","max-image-preview":"max-image-preview:large","max-video-preview":"max-video-preview:-1"},"canonical":"https:\/\/www.adf.org.br\/home\/precisa-receber-uma-cura-peca-auxilio-de-nossa-senhora-com-esta-oracao\/","og_locale":"pt_BR","og_type":"article","og_title":"PRECISA RECEBER UMA CURA? PE\u00c7A AUX\u00cdLIO DE NOSSA SENHORA COM ESTA ORA\u00c7\u00c3O! - Associa\u00e7\u00e3o Devotos de F\u00e1tima","og_description":"Est\u00e1 precisando de alguma cura para sua sa\u00fade f\u00edsica ou espiritual? Ent\u00e3o conte com as b\u00ean\u00e7\u00e3os de Nossa Senhora de Lourdes. Reze esta ora\u00e7\u00e3o.","og_url":"https:\/\/www.adf.org.br\/home\/precisa-receber-uma-cura-peca-auxilio-de-nossa-senhora-com-esta-oracao\/","og_site_name":"Associa\u00e7\u00e3o Devotos de F\u00e1tima","article_published_time":"2022-11-08T03:00:54+00:00","article_modified_time":"2022-10-31T18:50:45+00:00","og_image":[{"width":670,"height":378,"url":"https:\/\/www.adf.org.br\/home\/wp-content\/uploads\/2022\/10\/Oracao-a-Nossa-Senhora-de-Lourdes-pela-cura.jpg","type":"image\/jpeg"}],"twitter_card":"summary_large_image","twitter_misc":{"Escrito por":"Gabriel Barbosa","Est. tempo de leitura":"2 minutos"},"schema":{"@context":"https:\/\/schema.org","@graph":[{"@type":"WebSite","@id":"https:\/\/www.adf.org.br\/home\/#website","url":"https:\/\/www.adf.org.br\/home\/","name":"Associa\u00e7\u00e3o Devotos de F\u00e1tima","description":"Associa\u00e7\u00e3o Devotos de F\u00e1tima","potentialAction":[{"@type":"SearchAction","target":{"@type":"EntryPoint","urlTemplate":"https:\/\/www.adf.org.br\/home\/?s={search_term_string}"},"query-input":"required name=search_term_string"}],"inLanguage":"pt-BR"},{"@type":"ImageObject","@id":"https:\/\/www.adf.org.br\/home\/precisa-receber-uma-cura-peca-auxilio-de-nossa-senhora-com-esta-oracao\/#primaryimage","inLanguage":"pt-BR","url":"https:\/\/www.adf.org.br\/home\/wp-content\/uploads\/2022\/10\/Oracao-a-Nossa-Senhora-de-Lourdes-pela-cura.jpg","contentUrl":"https:\/\/www.adf.org.br\/home\/wp-content\/uploads\/2022\/10\/Oracao-a-Nossa-Senhora-de-Lourdes-pela-cura.jpg","width":670,"height":378},{"@type":"WebPage","@id":"https:\/\/www.adf.org.br\/home\/precisa-receber-uma-cura-peca-auxilio-de-nossa-senhora-com-esta-oracao\/#webpage","url":"https:\/\/www.adf.org.br\/home\/precisa-receber-uma-cura-peca-auxilio-de-nossa-senhora-com-esta-oracao\/","name":"PRECISA RECEBER UMA CURA? PE\u00c7A AUX\u00cdLIO DE NOSSA SENHORA COM ESTA ORA\u00c7\u00c3O! - Associa\u00e7\u00e3o Devotos de F\u00e1tima","isPartOf":{"@id":"https:\/\/www.adf.org.br\/home\/#website"},"primaryImageOfPage":{"@id":"https:\/\/www.adf.org.br\/home\/precisa-receber-uma-cura-peca-auxilio-de-nossa-senhora-com-esta-oracao\/#primaryimage"},"datePublished":"2022-11-08T03:00:54+00:00","dateModified":"2022-10-31T18:50:45+00:00","author":{"@id":"https:\/\/www.adf.org.br\/home\/#\/schema\/person\/f35a5c5aa7728a3dedf4ea9aa1fc2753"},"description":"Est\u00e1 precisando de alguma cura para sua sa\u00fade f\u00edsica ou espiritual? Ent\u00e3o conte com as b\u00ean\u00e7\u00e3os de Nossa Senhora de Lourdes. Reze esta ora\u00e7\u00e3o.","breadcrumb":{"@id":"https:\/\/www.adf.org.br\/home\/precisa-receber-uma-cura-peca-auxilio-de-nossa-senhora-com-esta-oracao\/#breadcrumb"},"inLanguage":"pt-BR","potentialAction":[{"@type":"ReadAction","target":["https:\/\/www.adf.org.br\/home\/precisa-receber-uma-cura-peca-auxilio-de-nossa-senhora-com-esta-oracao\/"]}]},{"@type":"BreadcrumbList","@id":"https:\/\/www.adf.org.br\/home\/precisa-receber-uma-cura-peca-auxilio-de-nossa-senhora-com-esta-oracao\/#breadcrumb","itemListElement":[{"@type":"ListItem","position":1,"name":"Home","item":"https:\/\/www.adf.org.br\/home\/"},{"@type":"ListItem","position":2,"name":"PRECISA RECEBER UMA CURA? PE\u00c7A AUX\u00cdLIO DE NOSSA SENHORA COM ESTA ORA\u00c7\u00c3O!"}]},{"@type":"Person","@id":"https:\/\/www.adf.org.br\/home\/#\/schema\/person\/f35a5c5aa7728a3dedf4ea9aa1fc2753","name":"Gabriel Barbosa","image":{"@type":"ImageObject","@id":"https:\/\/www.adf.org.br\/home\/#personlogo","inLanguage":"pt-BR","url":"https:\/\/secure.gravatar.com\/avatar\/2b2cb2f4637682c5605e8d36818f51ef?s=96&d=mm&r=g","contentUrl":"https:\/\/secure.gravatar.com\/avatar\/2b2cb2f4637682c5605e8d36818f51ef?s=96&d=mm&r=g","caption":"Gabriel Barbosa"},"url":"https:\/\/www.adf.org.br\/home\/author\/gabrielpmk-com-br\/"}]}},"_links":{"self":[{"href":"https:\/\/www.adf.org.br\/home\/wp-json\/wp\/v2\/posts\/70930"}],"collection":[{"href":"https:\/\/www.adf.org.br\/home\/wp-json\/wp\/v2\/posts"}],"about":[{"href":"https:\/\/www.adf.org.br\/home\/wp-json\/wp\/v2\/types\/post"}],"author":[{"embeddable":true,"href":"https:\/\/www.adf.org.br\/home\/wp-json\/wp\/v2\/users\/31"}],"replies":[{"embeddable":true,"href":"https:\/\/www.adf.org.br\/home\/wp-json\/wp\/v2\/comments?post=70930"}],"version-history":[{"count":4,"href":"https:\/\/www.adf.org.br\/home\/wp-json\/wp\/v2\/posts\/70930\/revisions"}],"predecessor-version":[{"id":70936,"href":"https:\/\/www.adf.org.br\/home\/wp-json\/wp\/v2\/posts\/70930\/revisions\/70936"}],"wp:featuredmedia":[{"embeddable":true,"href":"https:\/\/www.adf.org.br\/home\/wp-json\/wp\/v2\/media\/70932"}],"wp:attachment":[{"href":"https:\/\/www.adf.org.br\/home\/wp-json\/wp\/v2\/media?parent=70930"}],"wp:term":[{"taxonomy":"category","embeddable":true,"href":"https:\/\/www.adf.org.br\/home\/wp-json\/wp\/v2\/categories?post=70930"},{"taxonomy":"post_tag","embeddable":true,"href":"https:\/\/www.adf.org.br\/home\/wp-json\/wp\/v2\/tags?post=70930"}],"curies":[{"name":"wp","href":"https:\/\/api.w.org\/{rel}","templated":true}]}}