{"id":70723,"date":"2022-10-24T00:00:52","date_gmt":"2022-10-24T03:00:52","guid":{"rendered":"https:\/\/www.adf.org.br\/home\/?p=70723"},"modified":"2022-10-19T16:38:44","modified_gmt":"2022-10-19T19:38:44","slug":"milagre-de-nossa-senhora-das-gracas-impressiona-medicos-e-incredulos","status":"publish","type":"post","link":"https:\/\/www.adf.org.br\/home\/milagre-de-nossa-senhora-das-gracas-impressiona-medicos-e-incredulos\/","title":{"rendered":"Milagre de Nossa Senhora das Gra\u00e7as impressiona M\u00e9dicos e Incr\u00e9dulos"},"content":{"rendered":"<h2 class=\"title style-scope ytd-video-primary-info-renderer\" style=\"text-align: center;\"><span style=\"color: #000000;\">Milagre de Nossa Senhora das Gra\u00e7as impressiona M\u00e9dicos e Incr\u00e9dulos<\/span><\/h2>\n<div id=\"info\" class=\"style-scope ytd-video-primary-info-renderer\"><\/div>\n<div><\/div>\n<p><iframe loading=\"lazy\" title=\"YouTube video player\" src=\"https:\/\/www.youtube.com\/embed\/UocNT7QZc2o\" width=\"560\" height=\"315\" frameborder=\"0\" allowfullscreen=\"allowfullscreen\"><\/iframe><\/p>\n<p><span style=\"color: #000000;\"><span style=\"color: #800080; font-size: 32px;\"><strong>T<\/strong><\/span>emos certeza que depois que voc\u00ea viu este v\u00eddeo, ficou impressionado(a) com o que a <strong>Medalha Milagrosa<\/strong> poder\u00e1 fazer na sua vida.<\/span><\/p>\n<p><span style=\"color: #000000;\">Esta fam\u00edlia estava desolada e quando tudo parecia que ia chegar ao fim, Nossa Senhora intercedeu por ela.<\/span><\/p>\n<p><span style=\"color: #000000;\">Por isso, eu te convido a fazer parte do <span style=\"color: #0000ff;\"><strong><span style=\"color: #0000ff;\"><a style=\"color: #0000ff;\" href=\"https:\/\/www.adf.org.br\/home\/exercito_da_medalha_milagrosa\/?origem=25403\" target=\"_blank\" rel=\"noopener\">Ex\u00e9rcito da Medalha Milagrosa<\/a><\/span>.<\/strong><\/span><\/span><\/p>\n<p><span style=\"color: #000000;\">Muitas coisas podem acontecer na sua vida, inclusive alcan\u00e7ar as gra\u00e7as que tanto necessita.<\/span><\/p>\n<p><strong><span style=\"color: #000000;\">Nossa Senhora \u00e9 uma grande intercessora e a Medalha Milagrosa \u00e9 um sacramental aben\u00e7oado.<\/span><\/strong><\/p>\n<p><span style=\"color: #000000;\"><span style=\"color: #0000ff;\"><a style=\"color: #0000ff;\" href=\"https:\/\/www.adf.org.br\/home\/exercito_da_medalha_milagrosa\/?origem=25403\" target=\"_blank\" rel=\"noopener\"><strong>Clique aqui<\/strong> <\/a><\/span>para ingressar neste apostolado agora mesmo. <\/span><\/p>\n<p><span style=\"color: #000000;\">Acredite, voc\u00ea ser\u00e1 a pr\u00f3xima testemunha a relatar as grandes b\u00ean\u00e7\u00e3os que aconteceram na sua vida depois de ter esse sacramental.<\/span><\/p>\n<p><a href=\"https:\/\/www.adf.org.br\/home\/exercito_da_medalha_milagrosa\/?origem=25403\" target=\"_blank\" rel=\"noopener\"><img loading=\"lazy\" class=\"size-medium wp-image-70725 aligncenter\" src=\"https:\/\/www.adf.org.br\/home\/wp-content\/uploads\/2022\/10\/Botao2-1-300x130.jpg\" alt=\"\" width=\"300\" height=\"130\" srcset=\"https:\/\/www.adf.org.br\/home\/wp-content\/uploads\/2022\/10\/Botao2-1-300x130.jpg 300w, https:\/\/www.adf.org.br\/home\/wp-content\/uploads\/2022\/10\/Botao2-1-1024x444.jpg 1024w, https:\/\/www.adf.org.br\/home\/wp-content\/uploads\/2022\/10\/Botao2-1-768x333.jpg 768w, https:\/\/www.adf.org.br\/home\/wp-content\/uploads\/2022\/10\/Botao2-1.jpg 1200w\" sizes=\"(max-width: 300px) 100vw, 300px\" \/><\/a><\/p>\n","protected":false},"excerpt":{"rendered":"<p>Milagre de Nossa Senhora das Gra\u00e7as impressiona M\u00e9dicos e Incr\u00e9dulos Temos certeza que depois que voc\u00ea viu este v\u00eddeo, ficou impressionado(a) com o que a Medalha Milagrosa poder\u00e1 fazer na sua vida. Esta fam\u00edlia estava desolada e quando tudo parecia que ia chegar ao fim, Nossa Senhora intercedeu por ela. Por isso, eu te convido [&hellip;]<\/p>\n","protected":false},"author":31,"featured_media":70724,"comment_status":"open","ping_status":"open","sticky":false,"template":"","format":"standard","meta":[],"categories":[126,2311,50,56,101],"tags":[2288,34,146],"yoast_head":"<!-- This site is optimized with the Yoast SEO plugin v17.4 - https:\/\/yoast.com\/wordpress\/plugins\/seo\/ -->\n<title>Milagre de Nossa Senhora das Gra\u00e7as impressiona M\u00e9dicos e Incr\u00e9dulos -<\/title>\n<meta name=\"description\" content=\"Eu convido voc\u00ea a ouvir este relato de um grande milagre que aconteceu numa fam\u00edlia. Voc\u00ea vai se impressionar. Assista-o agora.\" \/>\n<meta name=\"robots\" content=\"index, follow, max-snippet:-1, max-image-preview:large, max-video-preview:-1\" \/>\n<link rel=\"canonical\" href=\"https:\/\/www.adf.org.br\/home\/milagre-de-nossa-senhora-das-gracas-impressiona-medicos-e-incredulos\/\" \/>\n<meta property=\"og:locale\" content=\"pt_BR\" \/>\n<meta property=\"og:type\" content=\"article\" \/>\n<meta property=\"og:title\" content=\"Milagre de Nossa Senhora das Gra\u00e7as impressiona M\u00e9dicos e Incr\u00e9dulos -\" \/>\n<meta property=\"og:description\" content=\"Eu convido voc\u00ea a ouvir este relato de um grande milagre que aconteceu numa fam\u00edlia. Voc\u00ea vai se impressionar. Assista-o agora.\" \/>\n<meta property=\"og:url\" content=\"https:\/\/www.adf.org.br\/home\/milagre-de-nossa-senhora-das-gracas-impressiona-medicos-e-incredulos\/\" \/>\n<meta property=\"og:site_name\" content=\"Associa\u00e7\u00e3o Devotos de F\u00e1tima\" \/>\n<meta property=\"article:published_time\" content=\"2022-10-24T03:00:52+00:00\" \/>\n<meta property=\"article:modified_time\" content=\"2022-10-19T19:38:44+00:00\" \/>\n<meta property=\"og:image\" content=\"https:\/\/www.adf.org.br\/home\/wp-content\/uploads\/2022\/10\/maxresdefault-1.jpg\" \/>\n\t<meta property=\"og:image:width\" content=\"1280\" \/>\n\t<meta property=\"og:image:height\" content=\"720\" \/>\n<meta name=\"twitter:card\" content=\"summary_large_image\" \/>\n<meta name=\"twitter:label1\" content=\"Escrito por\" \/>\n\t<meta name=\"twitter:data1\" content=\"Gabriel Barbosa\" \/>\n\t<meta name=\"twitter:label2\" content=\"Est. tempo de leitura\" \/>\n\t<meta name=\"twitter:data2\" content=\"1 minuto\" \/>\n<script type=\"application\/ld+json\" class=\"yoast-schema-graph\">{\"@context\":\"https:\/\/schema.org\",\"@graph\":[{\"@type\":\"WebSite\",\"@id\":\"https:\/\/www.adf.org.br\/home\/#website\",\"url\":\"https:\/\/www.adf.org.br\/home\/\",\"name\":\"Associa\\u00e7\\u00e3o Devotos de F\\u00e1tima\",\"description\":\"Associa\\u00e7\\u00e3o Devotos de F\\u00e1tima\",\"potentialAction\":[{\"@type\":\"SearchAction\",\"target\":{\"@type\":\"EntryPoint\",\"urlTemplate\":\"https:\/\/www.adf.org.br\/home\/?s={search_term_string}\"},\"query-input\":\"required name=search_term_string\"}],\"inLanguage\":\"pt-BR\"},{\"@type\":\"ImageObject\",\"@id\":\"https:\/\/www.adf.org.br\/home\/milagre-de-nossa-senhora-das-gracas-impressiona-medicos-e-incredulos\/#primaryimage\",\"inLanguage\":\"pt-BR\",\"url\":\"https:\/\/www.adf.org.br\/home\/wp-content\/uploads\/2022\/10\/maxresdefault-1.jpg\",\"contentUrl\":\"https:\/\/www.adf.org.br\/home\/wp-content\/uploads\/2022\/10\/maxresdefault-1.jpg\",\"width\":1280,\"height\":720},{\"@type\":\"WebPage\",\"@id\":\"https:\/\/www.adf.org.br\/home\/milagre-de-nossa-senhora-das-gracas-impressiona-medicos-e-incredulos\/#webpage\",\"url\":\"https:\/\/www.adf.org.br\/home\/milagre-de-nossa-senhora-das-gracas-impressiona-medicos-e-incredulos\/\",\"name\":\"Milagre de Nossa Senhora das Gra\\u00e7as impressiona M\\u00e9dicos e Incr\\u00e9dulos -\",\"isPartOf\":{\"@id\":\"https:\/\/www.adf.org.br\/home\/#website\"},\"primaryImageOfPage\":{\"@id\":\"https:\/\/www.adf.org.br\/home\/milagre-de-nossa-senhora-das-gracas-impressiona-medicos-e-incredulos\/#primaryimage\"},\"datePublished\":\"2022-10-24T03:00:52+00:00\",\"dateModified\":\"2022-10-19T19:38:44+00:00\",\"author\":{\"@id\":\"https:\/\/www.adf.org.br\/home\/#\/schema\/person\/f35a5c5aa7728a3dedf4ea9aa1fc2753\"},\"description\":\"Eu convido voc\\u00ea a ouvir este relato de um grande milagre que aconteceu numa fam\\u00edlia. Voc\\u00ea vai se impressionar. Assista-o agora.\",\"breadcrumb\":{\"@id\":\"https:\/\/www.adf.org.br\/home\/milagre-de-nossa-senhora-das-gracas-impressiona-medicos-e-incredulos\/#breadcrumb\"},\"inLanguage\":\"pt-BR\",\"potentialAction\":[{\"@type\":\"ReadAction\",\"target\":[\"https:\/\/www.adf.org.br\/home\/milagre-de-nossa-senhora-das-gracas-impressiona-medicos-e-incredulos\/\"]}]},{\"@type\":\"BreadcrumbList\",\"@id\":\"https:\/\/www.adf.org.br\/home\/milagre-de-nossa-senhora-das-gracas-impressiona-medicos-e-incredulos\/#breadcrumb\",\"itemListElement\":[{\"@type\":\"ListItem\",\"position\":1,\"name\":\"Home\",\"item\":\"https:\/\/www.adf.org.br\/home\/\"},{\"@type\":\"ListItem\",\"position\":2,\"name\":\"Milagre de Nossa Senhora das Gra\\u00e7as impressiona M\\u00e9dicos e Incr\\u00e9dulos\"}]},{\"@type\":\"Person\",\"@id\":\"https:\/\/www.adf.org.br\/home\/#\/schema\/person\/f35a5c5aa7728a3dedf4ea9aa1fc2753\",\"name\":\"Gabriel Barbosa\",\"image\":{\"@type\":\"ImageObject\",\"@id\":\"https:\/\/www.adf.org.br\/home\/#personlogo\",\"inLanguage\":\"pt-BR\",\"url\":\"https:\/\/secure.gravatar.com\/avatar\/2b2cb2f4637682c5605e8d36818f51ef?s=96&d=mm&r=g\",\"contentUrl\":\"https:\/\/secure.gravatar.com\/avatar\/2b2cb2f4637682c5605e8d36818f51ef?s=96&d=mm&r=g\",\"caption\":\"Gabriel Barbosa\"},\"url\":\"https:\/\/www.adf.org.br\/home\/author\/gabrielpmk-com-br\/\"}]}<\/script>\n<!-- \/ Yoast SEO plugin. -->","yoast_head_json":{"title":"Milagre de Nossa Senhora das Gra\u00e7as impressiona M\u00e9dicos e Incr\u00e9dulos -","description":"Eu convido voc\u00ea a ouvir este relato de um grande milagre que aconteceu numa fam\u00edlia. Voc\u00ea vai se impressionar. Assista-o agora.","robots":{"index":"index","follow":"follow","max-snippet":"max-snippet:-1","max-image-preview":"max-image-preview:large","max-video-preview":"max-video-preview:-1"},"canonical":"https:\/\/www.adf.org.br\/home\/milagre-de-nossa-senhora-das-gracas-impressiona-medicos-e-incredulos\/","og_locale":"pt_BR","og_type":"article","og_title":"Milagre de Nossa Senhora das Gra\u00e7as impressiona M\u00e9dicos e Incr\u00e9dulos -","og_description":"Eu convido voc\u00ea a ouvir este relato de um grande milagre que aconteceu numa fam\u00edlia. Voc\u00ea vai se impressionar. Assista-o agora.","og_url":"https:\/\/www.adf.org.br\/home\/milagre-de-nossa-senhora-das-gracas-impressiona-medicos-e-incredulos\/","og_site_name":"Associa\u00e7\u00e3o Devotos de F\u00e1tima","article_published_time":"2022-10-24T03:00:52+00:00","article_modified_time":"2022-10-19T19:38:44+00:00","og_image":[{"width":1280,"height":720,"url":"https:\/\/www.adf.org.br\/home\/wp-content\/uploads\/2022\/10\/maxresdefault-1.jpg","type":"image\/jpeg"}],"twitter_card":"summary_large_image","twitter_misc":{"Escrito por":"Gabriel Barbosa","Est. tempo de leitura":"1 minuto"},"schema":{"@context":"https:\/\/schema.org","@graph":[{"@type":"WebSite","@id":"https:\/\/www.adf.org.br\/home\/#website","url":"https:\/\/www.adf.org.br\/home\/","name":"Associa\u00e7\u00e3o Devotos de F\u00e1tima","description":"Associa\u00e7\u00e3o Devotos de F\u00e1tima","potentialAction":[{"@type":"SearchAction","target":{"@type":"EntryPoint","urlTemplate":"https:\/\/www.adf.org.br\/home\/?s={search_term_string}"},"query-input":"required name=search_term_string"}],"inLanguage":"pt-BR"},{"@type":"ImageObject","@id":"https:\/\/www.adf.org.br\/home\/milagre-de-nossa-senhora-das-gracas-impressiona-medicos-e-incredulos\/#primaryimage","inLanguage":"pt-BR","url":"https:\/\/www.adf.org.br\/home\/wp-content\/uploads\/2022\/10\/maxresdefault-1.jpg","contentUrl":"https:\/\/www.adf.org.br\/home\/wp-content\/uploads\/2022\/10\/maxresdefault-1.jpg","width":1280,"height":720},{"@type":"WebPage","@id":"https:\/\/www.adf.org.br\/home\/milagre-de-nossa-senhora-das-gracas-impressiona-medicos-e-incredulos\/#webpage","url":"https:\/\/www.adf.org.br\/home\/milagre-de-nossa-senhora-das-gracas-impressiona-medicos-e-incredulos\/","name":"Milagre de Nossa Senhora das Gra\u00e7as impressiona M\u00e9dicos e Incr\u00e9dulos -","isPartOf":{"@id":"https:\/\/www.adf.org.br\/home\/#website"},"primaryImageOfPage":{"@id":"https:\/\/www.adf.org.br\/home\/milagre-de-nossa-senhora-das-gracas-impressiona-medicos-e-incredulos\/#primaryimage"},"datePublished":"2022-10-24T03:00:52+00:00","dateModified":"2022-10-19T19:38:44+00:00","author":{"@id":"https:\/\/www.adf.org.br\/home\/#\/schema\/person\/f35a5c5aa7728a3dedf4ea9aa1fc2753"},"description":"Eu convido voc\u00ea a ouvir este relato de um grande milagre que aconteceu numa fam\u00edlia. Voc\u00ea vai se impressionar. Assista-o agora.","breadcrumb":{"@id":"https:\/\/www.adf.org.br\/home\/milagre-de-nossa-senhora-das-gracas-impressiona-medicos-e-incredulos\/#breadcrumb"},"inLanguage":"pt-BR","potentialAction":[{"@type":"ReadAction","target":["https:\/\/www.adf.org.br\/home\/milagre-de-nossa-senhora-das-gracas-impressiona-medicos-e-incredulos\/"]}]},{"@type":"BreadcrumbList","@id":"https:\/\/www.adf.org.br\/home\/milagre-de-nossa-senhora-das-gracas-impressiona-medicos-e-incredulos\/#breadcrumb","itemListElement":[{"@type":"ListItem","position":1,"name":"Home","item":"https:\/\/www.adf.org.br\/home\/"},{"@type":"ListItem","position":2,"name":"Milagre de Nossa Senhora das Gra\u00e7as impressiona M\u00e9dicos e Incr\u00e9dulos"}]},{"@type":"Person","@id":"https:\/\/www.adf.org.br\/home\/#\/schema\/person\/f35a5c5aa7728a3dedf4ea9aa1fc2753","name":"Gabriel Barbosa","image":{"@type":"ImageObject","@id":"https:\/\/www.adf.org.br\/home\/#personlogo","inLanguage":"pt-BR","url":"https:\/\/secure.gravatar.com\/avatar\/2b2cb2f4637682c5605e8d36818f51ef?s=96&d=mm&r=g","contentUrl":"https:\/\/secure.gravatar.com\/avatar\/2b2cb2f4637682c5605e8d36818f51ef?s=96&d=mm&r=g","caption":"Gabriel Barbosa"},"url":"https:\/\/www.adf.org.br\/home\/author\/gabrielpmk-com-br\/"}]}},"_links":{"self":[{"href":"https:\/\/www.adf.org.br\/home\/wp-json\/wp\/v2\/posts\/70723"}],"collection":[{"href":"https:\/\/www.adf.org.br\/home\/wp-json\/wp\/v2\/posts"}],"about":[{"href":"https:\/\/www.adf.org.br\/home\/wp-json\/wp\/v2\/types\/post"}],"author":[{"embeddable":true,"href":"https:\/\/www.adf.org.br\/home\/wp-json\/wp\/v2\/users\/31"}],"replies":[{"embeddable":true,"href":"https:\/\/www.adf.org.br\/home\/wp-json\/wp\/v2\/comments?post=70723"}],"version-history":[{"count":2,"href":"https:\/\/www.adf.org.br\/home\/wp-json\/wp\/v2\/posts\/70723\/revisions"}],"predecessor-version":[{"id":70729,"href":"https:\/\/www.adf.org.br\/home\/wp-json\/wp\/v2\/posts\/70723\/revisions\/70729"}],"wp:featuredmedia":[{"embeddable":true,"href":"https:\/\/www.adf.org.br\/home\/wp-json\/wp\/v2\/media\/70724"}],"wp:attachment":[{"href":"https:\/\/www.adf.org.br\/home\/wp-json\/wp\/v2\/media?parent=70723"}],"wp:term":[{"taxonomy":"category","embeddable":true,"href":"https:\/\/www.adf.org.br\/home\/wp-json\/wp\/v2\/categories?post=70723"},{"taxonomy":"post_tag","embeddable":true,"href":"https:\/\/www.adf.org.br\/home\/wp-json\/wp\/v2\/tags?post=70723"}],"curies":[{"name":"wp","href":"https:\/\/api.w.org\/{rel}","templated":true}]}}