{"id":7061,"date":"2010-11-25T00:00:58","date_gmt":"2010-11-25T02:00:58","guid":{"rendered":"http:\/\/www.adf.org.br\/home\/?p=7061"},"modified":"2020-06-09T11:10:11","modified_gmt":"2020-06-09T14:10:11","slug":"bomba-aborto-pode-ser-legalizado-no-brasil-logo","status":"publish","type":"post","link":"https:\/\/www.adf.org.br\/home\/bomba-aborto-pode-ser-legalizado-no-brasil-logo\/","title":{"rendered":"BOMBA! Aborto pode ser legalizado no Brasil logo"},"content":{"rendered":"<p><a href=\"http:\/\/www.ipco.org.br\/home\/envie-seu-protesto-a-fundacao-oswaldo-cruz-contra-a-despenalizacao-do-aborto?origem=1\" target=\"_blank\" rel=\"noopener noreferrer\"><img loading=\"lazy\" class=\"aligncenter size-full wp-image-7063\" title=\"482botao\" src=\"http:\/\/www.adf.org.br\/home\/wp-content\/uploads\/2010\/11\/482botao.jpg\" alt=\"\" width=\"400\" height=\"180\" \/><\/a><\/p>\n<p>O assunto \u00e9 muito s\u00e9rio.<\/p>\n<p>O Governo Federal firmou contrato com a Funda\u00e7\u00e3o Oswaldo Cruz, para que esta apresente at\u00e9 <strong>04\/02\/2011<\/strong> um estudo denominado nada mais nada menos que <strong>\u201cDespenalizar o Aborto no Brasil\u201d<\/strong>(<a href=\"http:\/\/www.in.gov.br\/imprensa\/visualiza\/index.jsp?jornal=3&amp;pagina=88&amp;data=04\/10\/2010\" target=\"_blank\" rel=\"noopener noreferrer\">sic!<\/a>).<\/p>\n<p>\u00c9 exatamente isso que voc\u00ea leu!<\/p>\n<p><strong>A barbaridade j\u00e1 foi  publicada pelo Di\u00e1rio Oficial. O Termo  de Coopera\u00e7\u00e3o do Governo do  Brasil com a Funda\u00e7\u00e3o Oswaldo Cruz foi  assinado em 29 de setembro de  2010.<\/strong><\/p>\n<p><strong><img loading=\"lazy\" class=\"aligncenter size-full wp-image-7065\" title=\"482lupa\" src=\"http:\/\/www.adf.org.br\/home\/wp-content\/uploads\/2010\/11\/482lupa.jpg\" alt=\"\" width=\"400\" height=\"174\" \/><br \/>\n <\/strong><\/p>\n<p>Est\u00e1vamos em plena campanha eleitoral, lembra-se?<\/p>\n<p>Quando todos os candidatos e o governo estavam fazendo promessas e mais promessas de que defenderiam a vida em todas as suas manifesta\u00e7\u00f5es, etc.<\/p>\n<p>Enquanto isso o Governo fazia esse contrato\u2026<\/p>\n<p>E tem mais!<\/p>\n<p>Como parte desta colabora\u00e7\u00e3o entre  Funda\u00e7\u00e3o Oswaldo Cruz e Governo  Federal, ser\u00e1 lan\u00e7ado em fevereiro um  v\u00eddeo sobre a legaliza\u00e7\u00e3o do  aborto.<\/p>\n<p>V\u00e3o ser distribu\u00eddos em escolas (pasme!!!) e outras entidades 2.000 DVDs. <strong>O v\u00eddeo tem claro objetivo de banalizar o aborto e fazer propaganda dessa pr\u00e1tica.<\/strong> (Cfr. Ag\u00eancia ACI, 10\/11\/10)<\/p>\n<p>E os promotores do Aborto querem fazer essa abomina\u00e7\u00e3o ser implantada logo!<\/p>\n<p>Por que \u00e9 que o Governo Federal pediu esse estudo?<\/p>\n<p>Para alegar que fizeram isso por uma quest\u00e3o de \u201csa\u00fade p\u00fablica, conforme estudo publicado pela Funda\u00e7\u00e3o Oswaldo Cruz\u201d.<\/p>\n<p>O Novo Congresso foi eleito, e ter\u00e1  que votar o tema. E com a  press\u00e3o do Governo Federal, muitos  parlamentares querer\u00e3o aprovar o  aborto.<\/p>\n<p><strong>S\u00f3 n\u00f3s \u2013 veja bem, voc\u00ea, eu, e todos que pudermos unir AGORA \u2013 podemos impedir isso!<\/strong><\/p>\n<p>Se alguns pol\u00edticos se articulam e  fazem a burocracia toda funcionar  quando querem, n\u00f3s podemos fazer  melhor, j\u00e1 que somos maioria.<\/p>\n<p><strong>Sei que voc\u00ea n\u00e3o ir\u00e1 deixar que a matan\u00e7a de inocentes ocorra impunemente no Brasil.<\/strong><\/p>\n<p>Por isso, fa\u00e7a o seguinte:<\/p>\n<p><strong>1) <\/strong> Participe da corrente pela vida, contra o Aborto, e pe\u00e7a a Nossa Senhora Aparecida que nos livre deste mal. Basta voc\u00ea<a href=\"http:\/\/www.ipco.org.br\/home\/queremos-o-brasil-livre-do-aborto?origem=1\" target=\"_blank\" rel=\"noopener noreferrer\"> clicar aqui<\/a> e fazer uma ora\u00e7\u00e3o a Ela.<\/p>\n<p><strong>2)<\/strong> <a href=\"http:\/\/www.ipco.org.br\/pndh\/conteudo\/alerte-o-novo-congresso-nacional-para-que-nao-deixem-o-pndh-3-arruinar-o-brasil?origem=1\" target=\"_blank\" rel=\"noopener noreferrer\">Assine aqui<\/a> <strong>agora mesmo<\/strong> um cart\u00e3o amarelo de advert\u00eancia aos pol\u00edticos, para que eles barrem a   legaliza\u00e7\u00e3o do aborto e do PNDH-3, contendo projetos de lei diab\u00f3licos   que podem ser aprovados pelo novo Congresso (se deixarmos!).<\/p>\n<p><strong>3) <\/strong>Envie  voc\u00ea mesmo uma carta de  protesto \u00e0 ouvidoria da Funda\u00e7\u00e3o Oswaldo Cruz  (Av. Brasil, 4.365 \u2013  Manguinhos \u2013 CEP: 21040-900, Rio de Janeiro \u2013 RJ)  ou <a href=\"http:\/\/www.ipco.org.br\/home\/envie-seu-protesto-a-fundacao-oswaldo-cruz-contra-a-despenalizacao-do-aborto?origem=1\">participe da carta que n\u00f3s vamos escrever incluindo seu nome nela<\/a>.<\/p>\n<p>Em recente pesquisa feita pelo DataFolha em todo pa\u00eds, <strong>71% dos brasileiros se posicionaram contra o aborto<\/strong>.<\/p>\n<p>Agora pense\u2026<\/p>\n<p>Por que ser\u00e1 que os governantes  continuam querendo ir contra a  maioria que defende a vida inocente? Por  que ser\u00e1 que durante a  campanha eles prometeram uma coisa e depois se  apressam em fazer outra?<\/p>\n<p>Que ind\u00fastria macabra \u00e9 esta a do aborto, que tenta se implantar no Brasil \u00e0 custa de um verdadeiro genoc\u00eddio de inocentes?<\/p>\n<p><strong>Por isso, pe\u00e7o que voc\u00ea n\u00e3o deixe de fazer pelo menos um dos tr\u00eas passos que lhe disse acima<\/strong> (<a href=\"http:\/\/www.ipco.org.br\/home\/queremos-o-brasil-livre-do-aborto?origem=1\" target=\"_blank\" rel=\"noopener noreferrer\">rezar e divulgar a ora\u00e7\u00e3o pela vida<\/a>,<a href=\"http:\/\/www.ipco.org.br\/pndh\/conteudo\/alerte-o-novo-congresso-nacional-para-que-nao-deixem-o-pndh-3-arruinar-o-brasil?origem=1\" target=\"_blank\" rel=\"noopener noreferrer\"> enviar seu cart\u00e3o de protesto contra o PNDH-3<\/a> ao Novo Congresso, ou <a href=\"http:\/\/www.ipco.org.br\/home\/envie-seu-protesto-a-fundacao-oswaldo-cruz-contra-a-despenalizacao-do-aborto?origem=1\">confirmar seu nome na Carta que enviaremos \u00e0 Funda\u00e7\u00e3o Oswaldo Cruz<\/a>).<\/p>\n<p>Ou, melhor ainda, fa\u00e7a as 3 coisas.<\/p>\n<p>Pois \u00e9 o que cada um de n\u00f3s deve fazer j\u00e1 que n\u00e3o queremos ser c\u00famplices do assassinato em<br \/>\n massa de inocentes.<\/p>\n<p>Temos pouco tempo para nos articular, \u00e9 uma luta contra o rel\u00f3gio e a favor da vida. <strong>Por favor, reaja agora mesmo.<\/strong><\/p>\n<p><strong><a href=\"http:\/\/www.ipco.org.br\/home\/pndh\/bomba-aborto-pode-ser-legalizado-no-brasil-logo?sms_ss=email&amp;at_xt=4cecf0a54819356c,0\" target=\"_blank\" rel=\"noopener noreferrer\">Fonte: Instituto Plinio Corr\u00eaa de Oliveira<\/a><br \/>\n <\/strong><\/p>\n","protected":false},"excerpt":{"rendered":"<p>O assunto \u00e9 muito s\u00e9rio. O Governo Federal firmou contrato com a Funda\u00e7\u00e3o Oswaldo Cruz, para que esta apresente at\u00e9 04\/02\/2011 um estudo denominado nada mais nada menos que \u201cDespenalizar o Aborto no Brasil\u201d(sic!). \u00c9 exatamente isso que voc\u00ea leu! A barbaridade j\u00e1 foi publicada pelo Di\u00e1rio Oficial. O Termo de Coopera\u00e7\u00e3o do Governo do [&hellip;]<\/p>\n","protected":false},"author":27,"featured_media":0,"comment_status":"open","ping_status":"open","sticky":false,"template":"","format":"standard","meta":[],"categories":[20],"tags":[83],"yoast_head":"<!-- This site is optimized with the Yoast SEO plugin v17.4 - https:\/\/yoast.com\/wordpress\/plugins\/seo\/ -->\n<title>BOMBA! Aborto pode ser legalizado no Brasil logo - Associa\u00e7\u00e3o Devotos de F\u00e1tima<\/title>\n<meta name=\"robots\" content=\"index, follow, max-snippet:-1, max-image-preview:large, max-video-preview:-1\" \/>\n<link rel=\"canonical\" href=\"https:\/\/www.adf.org.br\/home\/bomba-aborto-pode-ser-legalizado-no-brasil-logo\/\" \/>\n<meta property=\"og:locale\" content=\"pt_BR\" \/>\n<meta property=\"og:type\" content=\"article\" \/>\n<meta property=\"og:title\" content=\"BOMBA! Aborto pode ser legalizado no Brasil logo - Associa\u00e7\u00e3o Devotos de F\u00e1tima\" \/>\n<meta property=\"og:description\" content=\"O assunto \u00e9 muito s\u00e9rio. O Governo Federal firmou contrato com a Funda\u00e7\u00e3o Oswaldo Cruz, para que esta apresente at\u00e9 04\/02\/2011 um estudo denominado nada mais nada menos que \u201cDespenalizar o Aborto no Brasil\u201d(sic!). \u00c9 exatamente isso que voc\u00ea leu! A barbaridade j\u00e1 foi publicada pelo Di\u00e1rio Oficial. O Termo de Coopera\u00e7\u00e3o do Governo do [&hellip;]\" \/>\n<meta property=\"og:url\" content=\"https:\/\/www.adf.org.br\/home\/bomba-aborto-pode-ser-legalizado-no-brasil-logo\/\" \/>\n<meta property=\"og:site_name\" content=\"Associa\u00e7\u00e3o Devotos de F\u00e1tima\" \/>\n<meta property=\"article:published_time\" content=\"2010-11-25T02:00:58+00:00\" \/>\n<meta property=\"article:modified_time\" content=\"2020-06-09T14:10:11+00:00\" \/>\n<meta property=\"og:image\" content=\"http:\/\/www.adf.org.br\/home\/wp-content\/uploads\/2010\/11\/482botao.jpg\" \/>\n<meta name=\"twitter:card\" content=\"summary_large_image\" \/>\n<meta name=\"twitter:label1\" content=\"Escrito por\" \/>\n\t<meta name=\"twitter:data1\" content=\"Gabriel Barbosa\" \/>\n\t<meta name=\"twitter:label2\" content=\"Est. tempo de leitura\" \/>\n\t<meta name=\"twitter:data2\" content=\"3 minutos\" \/>\n<script type=\"application\/ld+json\" class=\"yoast-schema-graph\">{\"@context\":\"https:\/\/schema.org\",\"@graph\":[{\"@type\":\"WebSite\",\"@id\":\"https:\/\/www.adf.org.br\/home\/#website\",\"url\":\"https:\/\/www.adf.org.br\/home\/\",\"name\":\"Associa\\u00e7\\u00e3o Devotos de F\\u00e1tima\",\"description\":\"Associa\\u00e7\\u00e3o Devotos de F\\u00e1tima\",\"potentialAction\":[{\"@type\":\"SearchAction\",\"target\":{\"@type\":\"EntryPoint\",\"urlTemplate\":\"https:\/\/www.adf.org.br\/home\/?s={search_term_string}\"},\"query-input\":\"required name=search_term_string\"}],\"inLanguage\":\"pt-BR\"},{\"@type\":\"ImageObject\",\"@id\":\"https:\/\/www.adf.org.br\/home\/bomba-aborto-pode-ser-legalizado-no-brasil-logo\/#primaryimage\",\"inLanguage\":\"pt-BR\",\"url\":\"http:\/\/www.adf.org.br\/home\/wp-content\/uploads\/2010\/11\/482botao.jpg\",\"contentUrl\":\"http:\/\/www.adf.org.br\/home\/wp-content\/uploads\/2010\/11\/482botao.jpg\"},{\"@type\":\"WebPage\",\"@id\":\"https:\/\/www.adf.org.br\/home\/bomba-aborto-pode-ser-legalizado-no-brasil-logo\/#webpage\",\"url\":\"https:\/\/www.adf.org.br\/home\/bomba-aborto-pode-ser-legalizado-no-brasil-logo\/\",\"name\":\"BOMBA! Aborto pode ser legalizado no Brasil logo - Associa\\u00e7\\u00e3o Devotos de F\\u00e1tima\",\"isPartOf\":{\"@id\":\"https:\/\/www.adf.org.br\/home\/#website\"},\"primaryImageOfPage\":{\"@id\":\"https:\/\/www.adf.org.br\/home\/bomba-aborto-pode-ser-legalizado-no-brasil-logo\/#primaryimage\"},\"datePublished\":\"2010-11-25T02:00:58+00:00\",\"dateModified\":\"2020-06-09T14:10:11+00:00\",\"author\":{\"@id\":\"https:\/\/www.adf.org.br\/home\/#\/schema\/person\/affa494ecf91434f3620f5392de44327\"},\"breadcrumb\":{\"@id\":\"https:\/\/www.adf.org.br\/home\/bomba-aborto-pode-ser-legalizado-no-brasil-logo\/#breadcrumb\"},\"inLanguage\":\"pt-BR\",\"potentialAction\":[{\"@type\":\"ReadAction\",\"target\":[\"https:\/\/www.adf.org.br\/home\/bomba-aborto-pode-ser-legalizado-no-brasil-logo\/\"]}]},{\"@type\":\"BreadcrumbList\",\"@id\":\"https:\/\/www.adf.org.br\/home\/bomba-aborto-pode-ser-legalizado-no-brasil-logo\/#breadcrumb\",\"itemListElement\":[{\"@type\":\"ListItem\",\"position\":1,\"name\":\"Home\",\"item\":\"https:\/\/www.adf.org.br\/home\/\"},{\"@type\":\"ListItem\",\"position\":2,\"name\":\"BOMBA! Aborto pode ser legalizado no Brasil logo\"}]},{\"@type\":\"Person\",\"@id\":\"https:\/\/www.adf.org.br\/home\/#\/schema\/person\/affa494ecf91434f3620f5392de44327\",\"name\":\"Gabriel Barbosa\",\"image\":{\"@type\":\"ImageObject\",\"@id\":\"https:\/\/www.adf.org.br\/home\/#personlogo\",\"inLanguage\":\"pt-BR\",\"url\":\"https:\/\/secure.gravatar.com\/avatar\/ecf2eab02e30486a7038f8b2858de06a?s=96&d=mm&r=g\",\"contentUrl\":\"https:\/\/secure.gravatar.com\/avatar\/ecf2eab02e30486a7038f8b2858de06a?s=96&d=mm&r=g\",\"caption\":\"Gabriel Barbosa\"},\"url\":\"https:\/\/www.adf.org.br\/home\/author\/gabriel-aascj\/\"}]}<\/script>\n<!-- \/ Yoast SEO plugin. -->","yoast_head_json":{"title":"BOMBA! Aborto pode ser legalizado no Brasil logo - Associa\u00e7\u00e3o Devotos de F\u00e1tima","robots":{"index":"index","follow":"follow","max-snippet":"max-snippet:-1","max-image-preview":"max-image-preview:large","max-video-preview":"max-video-preview:-1"},"canonical":"https:\/\/www.adf.org.br\/home\/bomba-aborto-pode-ser-legalizado-no-brasil-logo\/","og_locale":"pt_BR","og_type":"article","og_title":"BOMBA! Aborto pode ser legalizado no Brasil logo - Associa\u00e7\u00e3o Devotos de F\u00e1tima","og_description":"O assunto \u00e9 muito s\u00e9rio. O Governo Federal firmou contrato com a Funda\u00e7\u00e3o Oswaldo Cruz, para que esta apresente at\u00e9 04\/02\/2011 um estudo denominado nada mais nada menos que \u201cDespenalizar o Aborto no Brasil\u201d(sic!). \u00c9 exatamente isso que voc\u00ea leu! A barbaridade j\u00e1 foi publicada pelo Di\u00e1rio Oficial. O Termo de Coopera\u00e7\u00e3o do Governo do [&hellip;]","og_url":"https:\/\/www.adf.org.br\/home\/bomba-aborto-pode-ser-legalizado-no-brasil-logo\/","og_site_name":"Associa\u00e7\u00e3o Devotos de F\u00e1tima","article_published_time":"2010-11-25T02:00:58+00:00","article_modified_time":"2020-06-09T14:10:11+00:00","og_image":[{"url":"http:\/\/www.adf.org.br\/home\/wp-content\/uploads\/2010\/11\/482botao.jpg"}],"twitter_card":"summary_large_image","twitter_misc":{"Escrito por":"Gabriel Barbosa","Est. tempo de leitura":"3 minutos"},"schema":{"@context":"https:\/\/schema.org","@graph":[{"@type":"WebSite","@id":"https:\/\/www.adf.org.br\/home\/#website","url":"https:\/\/www.adf.org.br\/home\/","name":"Associa\u00e7\u00e3o Devotos de F\u00e1tima","description":"Associa\u00e7\u00e3o Devotos de F\u00e1tima","potentialAction":[{"@type":"SearchAction","target":{"@type":"EntryPoint","urlTemplate":"https:\/\/www.adf.org.br\/home\/?s={search_term_string}"},"query-input":"required name=search_term_string"}],"inLanguage":"pt-BR"},{"@type":"ImageObject","@id":"https:\/\/www.adf.org.br\/home\/bomba-aborto-pode-ser-legalizado-no-brasil-logo\/#primaryimage","inLanguage":"pt-BR","url":"http:\/\/www.adf.org.br\/home\/wp-content\/uploads\/2010\/11\/482botao.jpg","contentUrl":"http:\/\/www.adf.org.br\/home\/wp-content\/uploads\/2010\/11\/482botao.jpg"},{"@type":"WebPage","@id":"https:\/\/www.adf.org.br\/home\/bomba-aborto-pode-ser-legalizado-no-brasil-logo\/#webpage","url":"https:\/\/www.adf.org.br\/home\/bomba-aborto-pode-ser-legalizado-no-brasil-logo\/","name":"BOMBA! Aborto pode ser legalizado no Brasil logo - Associa\u00e7\u00e3o Devotos de F\u00e1tima","isPartOf":{"@id":"https:\/\/www.adf.org.br\/home\/#website"},"primaryImageOfPage":{"@id":"https:\/\/www.adf.org.br\/home\/bomba-aborto-pode-ser-legalizado-no-brasil-logo\/#primaryimage"},"datePublished":"2010-11-25T02:00:58+00:00","dateModified":"2020-06-09T14:10:11+00:00","author":{"@id":"https:\/\/www.adf.org.br\/home\/#\/schema\/person\/affa494ecf91434f3620f5392de44327"},"breadcrumb":{"@id":"https:\/\/www.adf.org.br\/home\/bomba-aborto-pode-ser-legalizado-no-brasil-logo\/#breadcrumb"},"inLanguage":"pt-BR","potentialAction":[{"@type":"ReadAction","target":["https:\/\/www.adf.org.br\/home\/bomba-aborto-pode-ser-legalizado-no-brasil-logo\/"]}]},{"@type":"BreadcrumbList","@id":"https:\/\/www.adf.org.br\/home\/bomba-aborto-pode-ser-legalizado-no-brasil-logo\/#breadcrumb","itemListElement":[{"@type":"ListItem","position":1,"name":"Home","item":"https:\/\/www.adf.org.br\/home\/"},{"@type":"ListItem","position":2,"name":"BOMBA! Aborto pode ser legalizado no Brasil logo"}]},{"@type":"Person","@id":"https:\/\/www.adf.org.br\/home\/#\/schema\/person\/affa494ecf91434f3620f5392de44327","name":"Gabriel Barbosa","image":{"@type":"ImageObject","@id":"https:\/\/www.adf.org.br\/home\/#personlogo","inLanguage":"pt-BR","url":"https:\/\/secure.gravatar.com\/avatar\/ecf2eab02e30486a7038f8b2858de06a?s=96&d=mm&r=g","contentUrl":"https:\/\/secure.gravatar.com\/avatar\/ecf2eab02e30486a7038f8b2858de06a?s=96&d=mm&r=g","caption":"Gabriel Barbosa"},"url":"https:\/\/www.adf.org.br\/home\/author\/gabriel-aascj\/"}]}},"_links":{"self":[{"href":"https:\/\/www.adf.org.br\/home\/wp-json\/wp\/v2\/posts\/7061"}],"collection":[{"href":"https:\/\/www.adf.org.br\/home\/wp-json\/wp\/v2\/posts"}],"about":[{"href":"https:\/\/www.adf.org.br\/home\/wp-json\/wp\/v2\/types\/post"}],"author":[{"embeddable":true,"href":"https:\/\/www.adf.org.br\/home\/wp-json\/wp\/v2\/users\/27"}],"replies":[{"embeddable":true,"href":"https:\/\/www.adf.org.br\/home\/wp-json\/wp\/v2\/comments?post=7061"}],"version-history":[{"count":1,"href":"https:\/\/www.adf.org.br\/home\/wp-json\/wp\/v2\/posts\/7061\/revisions"}],"predecessor-version":[{"id":35827,"href":"https:\/\/www.adf.org.br\/home\/wp-json\/wp\/v2\/posts\/7061\/revisions\/35827"}],"wp:attachment":[{"href":"https:\/\/www.adf.org.br\/home\/wp-json\/wp\/v2\/media?parent=7061"}],"wp:term":[{"taxonomy":"category","embeddable":true,"href":"https:\/\/www.adf.org.br\/home\/wp-json\/wp\/v2\/categories?post=7061"},{"taxonomy":"post_tag","embeddable":true,"href":"https:\/\/www.adf.org.br\/home\/wp-json\/wp\/v2\/tags?post=7061"}],"curies":[{"name":"wp","href":"https:\/\/api.w.org\/{rel}","templated":true}]}}