{"id":70260,"date":"2022-09-30T05:00:05","date_gmt":"2022-09-30T08:00:05","guid":{"rendered":"https:\/\/www.adf.org.br\/home\/?p=70260"},"modified":"2022-09-27T16:50:41","modified_gmt":"2022-09-27T19:50:41","slug":"oracao-a-maria-mae-dos-pecados-arrependidos","status":"publish","type":"post","link":"https:\/\/www.adf.org.br\/home\/oracao-a-maria-mae-dos-pecados-arrependidos\/","title":{"rendered":"Ora\u00e7\u00e3o a Maria, M\u00e3e dos pecadores arrependidos"},"content":{"rendered":"<h2 style=\"text-align: center;\"><span style=\"color: #000000;\">Ora\u00e7\u00e3o a Maria, M\u00e3e dos pecadores arrependidos<\/span><\/h2>\n<p>&nbsp;<\/p>\n<figure id=\"attachment_70261\" aria-describedby=\"caption-attachment-70261\" style=\"width: 1600px\" class=\"wp-caption alignnone\"><a href=\"https:\/\/adf.org.br\/velario\/anjosdaguarda?origem=25096\" target=\"_blank\" rel=\"noopener\"><img loading=\"lazy\" class=\"wp-image-70261 size-full\" src=\"https:\/\/www.adf.org.br\/home\/wp-content\/uploads\/2022\/09\/formacao_maria-a-habitacao-viva-de-deus-no-meio-dos-homens.jpg\" alt=\"\" width=\"1600\" height=\"1200\" srcset=\"https:\/\/www.adf.org.br\/home\/wp-content\/uploads\/2022\/09\/formacao_maria-a-habitacao-viva-de-deus-no-meio-dos-homens.jpg 1600w, https:\/\/www.adf.org.br\/home\/wp-content\/uploads\/2022\/09\/formacao_maria-a-habitacao-viva-de-deus-no-meio-dos-homens-300x225.jpg 300w, https:\/\/www.adf.org.br\/home\/wp-content\/uploads\/2022\/09\/formacao_maria-a-habitacao-viva-de-deus-no-meio-dos-homens-1024x768.jpg 1024w, https:\/\/www.adf.org.br\/home\/wp-content\/uploads\/2022\/09\/formacao_maria-a-habitacao-viva-de-deus-no-meio-dos-homens-768x576.jpg 768w, https:\/\/www.adf.org.br\/home\/wp-content\/uploads\/2022\/09\/formacao_maria-a-habitacao-viva-de-deus-no-meio-dos-homens-1536x1152.jpg 1536w\" sizes=\"(max-width: 1600px) 100vw, 1600px\" \/><\/a><figcaption id=\"caption-attachment-70261\" class=\"wp-caption-text\"><center><span style=\"color: #000000;\">Maria, rogai por n\u00f3s<\/span><\/center><\/figcaption><\/figure>\n<p style=\"text-align: center;\"><span style=\"color: #000000;\"><span style=\"color: #800080; font-size: 32px;\"><strong>M<\/strong><\/span>\u00e3e dign\u00edssima de meu Deus e Soberana minha, Maria, vend0-me t\u00e3o desprez\u00edvel e carregado de pecados, n\u00e3o devia ter a ousadia de chegar-me a v\u00f3s e chamar-vos minha <a href=\"https:\/\/adf.org.br\/velario\/anjosdaguarda?origem=25096\" target=\"_blank\" rel=\"noopener\"><span style=\"color: #0000ff;\">M\u00e3e<\/span><\/a>. <\/span><span style=\"color: #000000;\"><strong>N\u00e3o quero, por\u00e9m, que as minhas mis\u00e9rias me privem da consola\u00e7\u00e3o e da confian\u00e7a que sinto<\/strong>, dando-vos este doce nome.<\/span><\/p>\n<p style=\"text-align: center;\"><em><span style=\"color: #000000;\">Verdade \u00e9 que mere\u00e7o me rejeites, mas vos pe\u00e7o considereis o que fez e sofreu por mim o vosso Filho Jesus. Depois rejeitai-me, se o podeis. Sou miser\u00e1vel pecador, mais do que os outros ultrajei a majestade divina.<\/span><\/em><\/p>\n<p style=\"text-align: center;\"><span style=\"color: #000000;\">Ai! o mal est\u00e1 feito: a v\u00f3s que o podeis remediar imploro agora: <span style=\"color: #800080;\">Vinde em meu socorro, \u00f3 minha<\/span> <a href=\"https:\/\/adf.org.br\/velario\/anjosdaguarda?origem=25096\" target=\"_blank\" rel=\"noopener\"><span style=\"color: #0000ff;\">M\u00e3e<\/span><\/a>. N\u00e3o me alegueis que n\u00e3o vos \u00e9 poss\u00edvel ajudar-me, porque sei que sois onipotente e do vosso Deus conseguis tudo quanto desejais.<\/span><\/p>\n<p style=\"text-align: center;\"><em><span style=\"color: #000000;\">Se me respondeis que n\u00e3o quereis socorrer-me, dizei-me ao menos a quem me devo dirigir para ser consolado no excesso de minha ang\u00fastia.\u00a0<\/span><\/em><\/p>\n<p style=\"text-align: center;\"><span style=\"color: #000000;\">Apadrinhando-me com <strong>S. Anselmo<\/strong>, ouso dizer a v\u00f3s\u00a0 e a vosso divino Filho: <span style=\"color: #800080;\">Ou apiedai-vos de mim, dulc\u00edssimo Redentor meu, perdoando-me, e v\u00f3s, tamb\u00e9m, \u00f3 <a href=\"https:\/\/adf.org.br\/velario\/anjosdaguarda?origem=25096\" target=\"_blank\" rel=\"noopener\"><span style=\"color: #0000ff;\">minha M\u00e3e<\/span><\/a>, intercedendo em meu favor<\/span>; ou, mostrai-me a quem devo recorrer, que seja mais poderoso do que v\u00f3s, e em quem eu possa confiar mais.<\/span><\/p>\n<p style=\"text-align: center;\"><em><span style=\"color: #000000;\">Mas n\u00e3o; ne na terra nem no c\u00e9u posso achar quem tenha dos miser\u00e1veis mais compaix\u00e3o que v\u00f3s, ou quem melhor possa ajudar-me.<\/span><\/em><\/p>\n<p style=\"text-align: center;\"><span style=\"color: #000000;\">V\u00f3s Jesus, sois o meu Pai; e v\u00f3s, <a href=\"https:\/\/adf.org.br\/velario\/anjosdaguarda?origem=25096\" target=\"_blank\" rel=\"noopener\"><span style=\"color: #0000ff;\">Maria<\/span><\/a>, sois a minha M\u00e3e. V\u00f3s amais at\u00e9 aos mais miser\u00e1veis e ides \u00e0 procura deles para salv\u00e1-los. <strong>Eu sou um r\u00e9u do inferno, o mais indigno de todos<\/strong>. Mas n\u00e3o \u00e9 necess\u00e1rio ir \u00e0 minha procura, nem eu pretendo que o fa\u00e7ais.<\/span><\/p>\n<p style=\"text-align: center;\"><span style=\"color: #000000;\">Apresento-me espontaneamente a v\u00f3s, com esperan\u00e7a certa de que n\u00e3o me haveis de desamparar. Aqui estou aos vossos p\u00e9s, meu Jesus, perdoai-me. <a href=\"https:\/\/adf.org.br\/velario\/anjosdaguarda?origem=25096\" target=\"_blank\" rel=\"noopener\"><span style=\"color: #0000ff;\">Maria, minha M\u00e3e<\/span><\/a>, socorrei-me.\u00a0<\/span><\/p>\n<h6 style=\"text-align: right;\"><span style=\"color: #000000;\">Fonte: Ora\u00e7\u00e3o extra\u00edda do Livro: Gl\u00f3rias de Maria, S. Afonso de Lig\u00f3rio, 20\u00aa edi\u00e7\u00e3o.\u00a0<\/span><\/h6>\n<p style=\"text-align: center;\"><span style=\"color: #000000;\"><strong>****<\/strong><\/span><\/p>\n<p><span style=\"color: #000000;\"><a href=\"https:\/\/adf.org.br\/velario\/anjosdaguarda?origem=25096\" target=\"_blank\" rel=\"noopener\"><span style=\"color: #0000ff;\">Virgem Maria<\/span><\/a> \u00e9 nossa querida M\u00e3e.<\/span><\/p>\n<p><span style=\"color: #000000;\">Mesmo sendo t\u00e3o falhos, nos perdoa e nos ensina a sermos melhores a cada dia.<\/span><\/p>\n<p><span style=\"color: #000000;\">Assim, venhamos nos resguardar e seguir um caminho digno, sem dar a Ela desgosto.<\/span><\/p>\n<p><span style=\"color: #000000;\">Aproveite e acenda a uma <span style=\"color: #0000ff;\"><a style=\"color: #0000ff;\" href=\"https:\/\/adf.org.br\/velario\/anjosdaguarda?origem=25096\" target=\"_blank\" rel=\"noopener\">Vela Virtual<\/a><\/span> da <strong>Missa ao Anjo da Guarda<\/strong> <strong>que faremos celebrar neste domingo (02).<\/strong><\/span><\/p>\n<p><span style=\"color: #000000;\">Pe\u00e7a ao seu Anjo da Guarda que ilumine seu caminho e te guie, pois ele \u00e9 o seu melhor amigo.\u00a0<\/span><\/p>\n<p><span style=\"color: #000000;\">Se preferir, voc\u00ea pode <a href=\"https:\/\/adf.org.br\/velario\/anjosdaguarda?origem=25096\" target=\"_blank\" rel=\"noopener\"><span style=\"color: #0000ff;\">clicar aqui<\/span><\/a> ou na imagem abaixo.\u00a0<\/span><\/p>\n<p><a href=\"https:\/\/adf.org.br\/velario\/anjosdaguarda?origem=25096\" target=\"_blank\" rel=\"noopener\"><img loading=\"lazy\" class=\"size-medium wp-image-62941 aligncenter\" src=\"https:\/\/www.adf.org.br\/home\/wp-content\/uploads\/2020\/12\/capa-post-vela-300x175.gif\" alt=\"\" width=\"300\" height=\"175\" \/><\/a><\/p>\n<p>&nbsp;<\/p>\n","protected":false},"excerpt":{"rendered":"<p>Ora\u00e7\u00e3o a Maria, M\u00e3e dos pecadores arrependidos &nbsp; M\u00e3e dign\u00edssima de meu Deus e Soberana minha, Maria, vend0-me t\u00e3o desprez\u00edvel e carregado de pecados, n\u00e3o devia ter a ousadia de chegar-me a v\u00f3s e chamar-vos minha M\u00e3e. N\u00e3o quero, por\u00e9m, que as minhas mis\u00e9rias me privem da consola\u00e7\u00e3o e da confian\u00e7a que sinto, dando-vos este [&hellip;]<\/p>\n","protected":false},"author":31,"featured_media":70261,"comment_status":"open","ping_status":"open","sticky":false,"template":"","format":"standard","meta":[],"categories":[56,14],"tags":[504,4876,646,142],"yoast_head":"<!-- This site is optimized with the Yoast SEO plugin v17.4 - https:\/\/yoast.com\/wordpress\/plugins\/seo\/ -->\n<title>Ora\u00e7\u00e3o a Maria, M\u00e3e dos pecadores arrependidos - Associa\u00e7\u00e3o Devotos de F\u00e1tima<\/title>\n<meta name=\"description\" content=\"Fa\u00e7amos esta ora\u00e7\u00e3o a Maria, nossa dign\u00edssima M\u00e3e, pois ela tamb\u00e9m \u00e9 M\u00e3e dos pecados arrependidos. Rezemos juntos.\" \/>\n<meta name=\"robots\" content=\"index, follow, max-snippet:-1, max-image-preview:large, max-video-preview:-1\" \/>\n<link rel=\"canonical\" href=\"https:\/\/www.adf.org.br\/home\/oracao-a-maria-mae-dos-pecados-arrependidos\/\" \/>\n<meta property=\"og:locale\" content=\"pt_BR\" \/>\n<meta property=\"og:type\" content=\"article\" \/>\n<meta property=\"og:title\" content=\"Ora\u00e7\u00e3o a Maria, M\u00e3e dos pecadores arrependidos - Associa\u00e7\u00e3o Devotos de F\u00e1tima\" \/>\n<meta property=\"og:description\" content=\"Fa\u00e7amos esta ora\u00e7\u00e3o a Maria, nossa dign\u00edssima M\u00e3e, pois ela tamb\u00e9m \u00e9 M\u00e3e dos pecados arrependidos. Rezemos juntos.\" \/>\n<meta property=\"og:url\" content=\"https:\/\/www.adf.org.br\/home\/oracao-a-maria-mae-dos-pecados-arrependidos\/\" \/>\n<meta property=\"og:site_name\" content=\"Associa\u00e7\u00e3o Devotos de F\u00e1tima\" \/>\n<meta property=\"article:published_time\" content=\"2022-09-30T08:00:05+00:00\" \/>\n<meta property=\"article:modified_time\" content=\"2022-09-27T19:50:41+00:00\" \/>\n<meta property=\"og:image\" content=\"https:\/\/www.adf.org.br\/home\/wp-content\/uploads\/2022\/09\/formacao_maria-a-habitacao-viva-de-deus-no-meio-dos-homens.jpg\" \/>\n\t<meta property=\"og:image:width\" content=\"1600\" \/>\n\t<meta property=\"og:image:height\" content=\"1200\" \/>\n<meta name=\"twitter:card\" content=\"summary_large_image\" \/>\n<meta name=\"twitter:label1\" content=\"Escrito por\" \/>\n\t<meta name=\"twitter:data1\" content=\"Gabriel Barbosa\" \/>\n\t<meta name=\"twitter:label2\" content=\"Est. tempo de leitura\" \/>\n\t<meta name=\"twitter:data2\" content=\"3 minutos\" \/>\n<script type=\"application\/ld+json\" class=\"yoast-schema-graph\">{\"@context\":\"https:\/\/schema.org\",\"@graph\":[{\"@type\":\"WebSite\",\"@id\":\"https:\/\/www.adf.org.br\/home\/#website\",\"url\":\"https:\/\/www.adf.org.br\/home\/\",\"name\":\"Associa\\u00e7\\u00e3o Devotos de F\\u00e1tima\",\"description\":\"Associa\\u00e7\\u00e3o Devotos de F\\u00e1tima\",\"potentialAction\":[{\"@type\":\"SearchAction\",\"target\":{\"@type\":\"EntryPoint\",\"urlTemplate\":\"https:\/\/www.adf.org.br\/home\/?s={search_term_string}\"},\"query-input\":\"required name=search_term_string\"}],\"inLanguage\":\"pt-BR\"},{\"@type\":\"ImageObject\",\"@id\":\"https:\/\/www.adf.org.br\/home\/oracao-a-maria-mae-dos-pecados-arrependidos\/#primaryimage\",\"inLanguage\":\"pt-BR\",\"url\":\"https:\/\/www.adf.org.br\/home\/wp-content\/uploads\/2022\/09\/formacao_maria-a-habitacao-viva-de-deus-no-meio-dos-homens.jpg\",\"contentUrl\":\"https:\/\/www.adf.org.br\/home\/wp-content\/uploads\/2022\/09\/formacao_maria-a-habitacao-viva-de-deus-no-meio-dos-homens.jpg\",\"width\":1600,\"height\":1200},{\"@type\":\"WebPage\",\"@id\":\"https:\/\/www.adf.org.br\/home\/oracao-a-maria-mae-dos-pecados-arrependidos\/#webpage\",\"url\":\"https:\/\/www.adf.org.br\/home\/oracao-a-maria-mae-dos-pecados-arrependidos\/\",\"name\":\"Ora\\u00e7\\u00e3o a Maria, M\\u00e3e dos pecadores arrependidos - Associa\\u00e7\\u00e3o Devotos de F\\u00e1tima\",\"isPartOf\":{\"@id\":\"https:\/\/www.adf.org.br\/home\/#website\"},\"primaryImageOfPage\":{\"@id\":\"https:\/\/www.adf.org.br\/home\/oracao-a-maria-mae-dos-pecados-arrependidos\/#primaryimage\"},\"datePublished\":\"2022-09-30T08:00:05+00:00\",\"dateModified\":\"2022-09-27T19:50:41+00:00\",\"author\":{\"@id\":\"https:\/\/www.adf.org.br\/home\/#\/schema\/person\/f35a5c5aa7728a3dedf4ea9aa1fc2753\"},\"description\":\"Fa\\u00e7amos esta ora\\u00e7\\u00e3o a Maria, nossa dign\\u00edssima M\\u00e3e, pois ela tamb\\u00e9m \\u00e9 M\\u00e3e dos pecados arrependidos. Rezemos juntos.\",\"breadcrumb\":{\"@id\":\"https:\/\/www.adf.org.br\/home\/oracao-a-maria-mae-dos-pecados-arrependidos\/#breadcrumb\"},\"inLanguage\":\"pt-BR\",\"potentialAction\":[{\"@type\":\"ReadAction\",\"target\":[\"https:\/\/www.adf.org.br\/home\/oracao-a-maria-mae-dos-pecados-arrependidos\/\"]}]},{\"@type\":\"BreadcrumbList\",\"@id\":\"https:\/\/www.adf.org.br\/home\/oracao-a-maria-mae-dos-pecados-arrependidos\/#breadcrumb\",\"itemListElement\":[{\"@type\":\"ListItem\",\"position\":1,\"name\":\"Home\",\"item\":\"https:\/\/www.adf.org.br\/home\/\"},{\"@type\":\"ListItem\",\"position\":2,\"name\":\"Ora\\u00e7\\u00e3o a Maria, M\\u00e3e dos pecadores arrependidos\"}]},{\"@type\":\"Person\",\"@id\":\"https:\/\/www.adf.org.br\/home\/#\/schema\/person\/f35a5c5aa7728a3dedf4ea9aa1fc2753\",\"name\":\"Gabriel Barbosa\",\"image\":{\"@type\":\"ImageObject\",\"@id\":\"https:\/\/www.adf.org.br\/home\/#personlogo\",\"inLanguage\":\"pt-BR\",\"url\":\"https:\/\/secure.gravatar.com\/avatar\/2b2cb2f4637682c5605e8d36818f51ef?s=96&d=mm&r=g\",\"contentUrl\":\"https:\/\/secure.gravatar.com\/avatar\/2b2cb2f4637682c5605e8d36818f51ef?s=96&d=mm&r=g\",\"caption\":\"Gabriel Barbosa\"},\"url\":\"https:\/\/www.adf.org.br\/home\/author\/gabrielpmk-com-br\/\"}]}<\/script>\n<!-- \/ Yoast SEO plugin. -->","yoast_head_json":{"title":"Ora\u00e7\u00e3o a Maria, M\u00e3e dos pecadores arrependidos - Associa\u00e7\u00e3o Devotos de F\u00e1tima","description":"Fa\u00e7amos esta ora\u00e7\u00e3o a Maria, nossa dign\u00edssima M\u00e3e, pois ela tamb\u00e9m \u00e9 M\u00e3e dos pecados arrependidos. Rezemos juntos.","robots":{"index":"index","follow":"follow","max-snippet":"max-snippet:-1","max-image-preview":"max-image-preview:large","max-video-preview":"max-video-preview:-1"},"canonical":"https:\/\/www.adf.org.br\/home\/oracao-a-maria-mae-dos-pecados-arrependidos\/","og_locale":"pt_BR","og_type":"article","og_title":"Ora\u00e7\u00e3o a Maria, M\u00e3e dos pecadores arrependidos - Associa\u00e7\u00e3o Devotos de F\u00e1tima","og_description":"Fa\u00e7amos esta ora\u00e7\u00e3o a Maria, nossa dign\u00edssima M\u00e3e, pois ela tamb\u00e9m \u00e9 M\u00e3e dos pecados arrependidos. Rezemos juntos.","og_url":"https:\/\/www.adf.org.br\/home\/oracao-a-maria-mae-dos-pecados-arrependidos\/","og_site_name":"Associa\u00e7\u00e3o Devotos de F\u00e1tima","article_published_time":"2022-09-30T08:00:05+00:00","article_modified_time":"2022-09-27T19:50:41+00:00","og_image":[{"width":1600,"height":1200,"url":"https:\/\/www.adf.org.br\/home\/wp-content\/uploads\/2022\/09\/formacao_maria-a-habitacao-viva-de-deus-no-meio-dos-homens.jpg","type":"image\/jpeg"}],"twitter_card":"summary_large_image","twitter_misc":{"Escrito por":"Gabriel Barbosa","Est. tempo de leitura":"3 minutos"},"schema":{"@context":"https:\/\/schema.org","@graph":[{"@type":"WebSite","@id":"https:\/\/www.adf.org.br\/home\/#website","url":"https:\/\/www.adf.org.br\/home\/","name":"Associa\u00e7\u00e3o Devotos de F\u00e1tima","description":"Associa\u00e7\u00e3o Devotos de F\u00e1tima","potentialAction":[{"@type":"SearchAction","target":{"@type":"EntryPoint","urlTemplate":"https:\/\/www.adf.org.br\/home\/?s={search_term_string}"},"query-input":"required name=search_term_string"}],"inLanguage":"pt-BR"},{"@type":"ImageObject","@id":"https:\/\/www.adf.org.br\/home\/oracao-a-maria-mae-dos-pecados-arrependidos\/#primaryimage","inLanguage":"pt-BR","url":"https:\/\/www.adf.org.br\/home\/wp-content\/uploads\/2022\/09\/formacao_maria-a-habitacao-viva-de-deus-no-meio-dos-homens.jpg","contentUrl":"https:\/\/www.adf.org.br\/home\/wp-content\/uploads\/2022\/09\/formacao_maria-a-habitacao-viva-de-deus-no-meio-dos-homens.jpg","width":1600,"height":1200},{"@type":"WebPage","@id":"https:\/\/www.adf.org.br\/home\/oracao-a-maria-mae-dos-pecados-arrependidos\/#webpage","url":"https:\/\/www.adf.org.br\/home\/oracao-a-maria-mae-dos-pecados-arrependidos\/","name":"Ora\u00e7\u00e3o a Maria, M\u00e3e dos pecadores arrependidos - Associa\u00e7\u00e3o Devotos de F\u00e1tima","isPartOf":{"@id":"https:\/\/www.adf.org.br\/home\/#website"},"primaryImageOfPage":{"@id":"https:\/\/www.adf.org.br\/home\/oracao-a-maria-mae-dos-pecados-arrependidos\/#primaryimage"},"datePublished":"2022-09-30T08:00:05+00:00","dateModified":"2022-09-27T19:50:41+00:00","author":{"@id":"https:\/\/www.adf.org.br\/home\/#\/schema\/person\/f35a5c5aa7728a3dedf4ea9aa1fc2753"},"description":"Fa\u00e7amos esta ora\u00e7\u00e3o a Maria, nossa dign\u00edssima M\u00e3e, pois ela tamb\u00e9m \u00e9 M\u00e3e dos pecados arrependidos. Rezemos juntos.","breadcrumb":{"@id":"https:\/\/www.adf.org.br\/home\/oracao-a-maria-mae-dos-pecados-arrependidos\/#breadcrumb"},"inLanguage":"pt-BR","potentialAction":[{"@type":"ReadAction","target":["https:\/\/www.adf.org.br\/home\/oracao-a-maria-mae-dos-pecados-arrependidos\/"]}]},{"@type":"BreadcrumbList","@id":"https:\/\/www.adf.org.br\/home\/oracao-a-maria-mae-dos-pecados-arrependidos\/#breadcrumb","itemListElement":[{"@type":"ListItem","position":1,"name":"Home","item":"https:\/\/www.adf.org.br\/home\/"},{"@type":"ListItem","position":2,"name":"Ora\u00e7\u00e3o a Maria, M\u00e3e dos pecadores arrependidos"}]},{"@type":"Person","@id":"https:\/\/www.adf.org.br\/home\/#\/schema\/person\/f35a5c5aa7728a3dedf4ea9aa1fc2753","name":"Gabriel Barbosa","image":{"@type":"ImageObject","@id":"https:\/\/www.adf.org.br\/home\/#personlogo","inLanguage":"pt-BR","url":"https:\/\/secure.gravatar.com\/avatar\/2b2cb2f4637682c5605e8d36818f51ef?s=96&d=mm&r=g","contentUrl":"https:\/\/secure.gravatar.com\/avatar\/2b2cb2f4637682c5605e8d36818f51ef?s=96&d=mm&r=g","caption":"Gabriel Barbosa"},"url":"https:\/\/www.adf.org.br\/home\/author\/gabrielpmk-com-br\/"}]}},"_links":{"self":[{"href":"https:\/\/www.adf.org.br\/home\/wp-json\/wp\/v2\/posts\/70260"}],"collection":[{"href":"https:\/\/www.adf.org.br\/home\/wp-json\/wp\/v2\/posts"}],"about":[{"href":"https:\/\/www.adf.org.br\/home\/wp-json\/wp\/v2\/types\/post"}],"author":[{"embeddable":true,"href":"https:\/\/www.adf.org.br\/home\/wp-json\/wp\/v2\/users\/31"}],"replies":[{"embeddable":true,"href":"https:\/\/www.adf.org.br\/home\/wp-json\/wp\/v2\/comments?post=70260"}],"version-history":[{"count":6,"href":"https:\/\/www.adf.org.br\/home\/wp-json\/wp\/v2\/posts\/70260\/revisions"}],"predecessor-version":[{"id":70267,"href":"https:\/\/www.adf.org.br\/home\/wp-json\/wp\/v2\/posts\/70260\/revisions\/70267"}],"wp:featuredmedia":[{"embeddable":true,"href":"https:\/\/www.adf.org.br\/home\/wp-json\/wp\/v2\/media\/70261"}],"wp:attachment":[{"href":"https:\/\/www.adf.org.br\/home\/wp-json\/wp\/v2\/media?parent=70260"}],"wp:term":[{"taxonomy":"category","embeddable":true,"href":"https:\/\/www.adf.org.br\/home\/wp-json\/wp\/v2\/categories?post=70260"},{"taxonomy":"post_tag","embeddable":true,"href":"https:\/\/www.adf.org.br\/home\/wp-json\/wp\/v2\/tags?post=70260"}],"curies":[{"name":"wp","href":"https:\/\/api.w.org\/{rel}","templated":true}]}}