{"id":70254,"date":"2022-09-29T00:00:07","date_gmt":"2022-09-29T03:00:07","guid":{"rendered":"https:\/\/www.adf.org.br\/home\/?p=70254"},"modified":"2022-09-27T14:16:51","modified_gmt":"2022-09-27T17:16:51","slug":"inclua-suas-intencoes-na-missa-do-anjo-da-guarda","status":"publish","type":"post","link":"https:\/\/www.adf.org.br\/home\/inclua-suas-intencoes-na-missa-do-anjo-da-guarda\/","title":{"rendered":"Inclua suas Inten\u00e7\u00f5es na  Missa do Anjo da Guarda"},"content":{"rendered":"<h2 style=\"text-align: center;\"><span style=\"color: #000000;\">Inclua suas Inten\u00e7\u00f5es na Missa do Anjo da Guarda<\/span><\/h2>\n<p>&nbsp;<\/p>\n<p><img loading=\"lazy\" class=\"alignnone wp-image-70255 size-full\" src=\"https:\/\/www.adf.org.br\/home\/wp-content\/uploads\/2022\/09\/unnamed-3-1.jpg\" alt=\"\" width=\"800\" height=\"332\" srcset=\"https:\/\/www.adf.org.br\/home\/wp-content\/uploads\/2022\/09\/unnamed-3-1.jpg 800w, https:\/\/www.adf.org.br\/home\/wp-content\/uploads\/2022\/09\/unnamed-3-1-300x125.jpg 300w, https:\/\/www.adf.org.br\/home\/wp-content\/uploads\/2022\/09\/unnamed-3-1-768x319.jpg 768w\" sizes=\"(max-width: 800px) 100vw, 800px\" \/><\/p>\n<p><span style=\"color: #000000;\"><span style=\"color: #800080; font-size: 32px;\"><strong>\u00c9<\/strong><\/span> quase imposs\u00edvel se sentir seguro atualmente.<\/span><\/p>\n<p><span style=\"color: #000000;\"><b>S\u00e3o tantos perigos que est\u00e3o ao nosso redor que nos fazem pensar que algo de ruim acontecer\u00e1 com a gente a qualquer momento<\/b>.<\/span><\/p>\n<p><span style=\"color: #000000;\">Concorda que sozinhos n\u00e3o conseguimos nos proteger desses males?<\/span><\/p>\n<p><span style=\"color: #000000;\">Por isso,\u00a0<b>eu te convido a incluir seu nome na Missa de S\u00faplicas ao Anjo da Guarda<\/b>.<\/span><\/p>\n<p><span style=\"color: #000000;\">Inscreva seus pedidos ligando gratuitamente para:<\/span><\/p>\n<p><span style=\"color: #000000;\"><img loading=\"lazy\" class=\"wp-image-65375 size-full aligncenter\" src=\"https:\/\/www.adf.org.br\/home\/wp-content\/uploads\/2021\/08\/Bot%C3%A3o-Telefone-ADF.png\" sizes=\"(max-width: 482px) 100vw, 482px\" srcset=\"https:\/\/www.adf.org.br\/home\/wp-content\/uploads\/2021\/08\/Bot\u00e3o-Telefone-ADF.png 482w, https:\/\/www.adf.org.br\/home\/wp-content\/uploads\/2021\/08\/Bot\u00e3o-Telefone-ADF-300x70.png 300w\" alt=\"\" width=\"482\" height=\"113\" \/><\/span><br \/>\n<span style=\"color: #000000;\">Toque ou pressione o n\u00famero se estiver lendo do seu celular. A liga\u00e7\u00e3o \u00e9 gr\u00e1tis.<\/span><\/p>\n<p><span style=\"color: #000000;\">Atrav\u00e9s desta Missa,\u00a0<b><span style=\"color: #800080;\">voc\u00ea pedir\u00e1 ao seu Anjo da Guarda para lhe proteger e conceder as gra\u00e7as que precisa<\/span>.<\/b><\/span><\/p>\n<p><span style=\"color: #000000;\">S\u00e3o tempos dif\u00edceis, mas com o Anjo da Guarda podemos ficar ilesos.<\/span><\/p>\n<p><span style=\"color: #000000;\">Ent\u00e3o,\u00a0<b>n\u00e3o perca essa oportunidade \u00fanica de suplicar por prote\u00e7\u00e3o!<\/b><\/span><\/p>\n<p><span style=\"color: #000000;\">Ligue no\u00a0<span style=\"color: #0000ff;\"><a style=\"color: #0000ff;\" href=\"tel:08006082128\" target=\"_blank\" rel=\"noopener\">0800 608 2128<\/a><\/span>\u00a0e inscreva seu nome na Missa ao Anjo da Guarda.<\/span><\/p>\n<p><span style=\"color: #000000;\">N\u00e3o conseguiu falar conosco?<\/span><\/p>\n<p><span style=\"color: #000000;\">Voc\u00ea tamb\u00e9m pode incluir suas inten\u00e7\u00f5es ao acender a <span style=\"color: #0000ff;\"><a style=\"color: #0000ff;\" href=\"https:\/\/adf.org.br\/velario\/anjosdaguarda?=origem=25058\" target=\"_blank\" rel=\"noopener\">Vela Virtual<\/a><\/span>.\u00a0<\/span><\/p>\n<p><span style=\"color: #000000;\">Conte com a Prote\u00e7\u00e3o do Anjo da Guarda e alimente sua f\u00e9.<\/span><\/p>\n<p><span style=\"color: #000000;\">Em Jesus e Maria,<\/span><\/p>\n<p><span style=\"color: #000000;\"><strong><i>Carlos Lanna<\/i><\/strong><\/span><br \/>\n<span style=\"color: #000000;\">Coordenador da Associa\u00e7\u00e3o<\/span><br \/>\n<span style=\"color: #000000;\">Devotos de F\u00e1tima<\/span><\/p>\n","protected":false},"excerpt":{"rendered":"<p>Inclua suas Inten\u00e7\u00f5es na Missa do Anjo da Guarda &nbsp; \u00c9 quase imposs\u00edvel se sentir seguro atualmente. S\u00e3o tantos perigos que est\u00e3o ao nosso redor que nos fazem pensar que algo de ruim acontecer\u00e1 com a gente a qualquer momento. Concorda que sozinhos n\u00e3o conseguimos nos proteger desses males? Por isso,\u00a0eu te convido a incluir [&hellip;]<\/p>\n","protected":false},"author":31,"featured_media":70255,"comment_status":"open","ping_status":"open","sticky":false,"template":"","format":"standard","meta":[],"categories":[2473,2621,2332],"tags":[770,291,4533,26,2408],"yoast_head":"<!-- This site is optimized with the Yoast SEO plugin v17.4 - https:\/\/yoast.com\/wordpress\/plugins\/seo\/ -->\n<title>Inclua suas Inten\u00e7\u00f5es na Missa do Anjo da Guarda - Associa\u00e7\u00e3o Devotos de F\u00e1tima<\/title>\n<meta name=\"description\" content=\"Inclua suas inten\u00e7\u00f5es na Missa de S\u00faplicas ao Anjo da Guarda e pe\u00e7a a intercess\u00e3o do Protetor Celestial em sua vida.\" \/>\n<meta name=\"robots\" content=\"index, follow, max-snippet:-1, max-image-preview:large, max-video-preview:-1\" \/>\n<link rel=\"canonical\" href=\"https:\/\/www.adf.org.br\/home\/inclua-suas-intencoes-na-missa-do-anjo-da-guarda\/\" \/>\n<meta property=\"og:locale\" content=\"pt_BR\" \/>\n<meta property=\"og:type\" content=\"article\" \/>\n<meta property=\"og:title\" content=\"Inclua suas Inten\u00e7\u00f5es na Missa do Anjo da Guarda - Associa\u00e7\u00e3o Devotos de F\u00e1tima\" \/>\n<meta property=\"og:description\" content=\"Inclua suas inten\u00e7\u00f5es na Missa de S\u00faplicas ao Anjo da Guarda e pe\u00e7a a intercess\u00e3o do Protetor Celestial em sua vida.\" \/>\n<meta property=\"og:url\" content=\"https:\/\/www.adf.org.br\/home\/inclua-suas-intencoes-na-missa-do-anjo-da-guarda\/\" \/>\n<meta property=\"og:site_name\" content=\"Associa\u00e7\u00e3o Devotos de F\u00e1tima\" \/>\n<meta property=\"article:published_time\" content=\"2022-09-29T03:00:07+00:00\" \/>\n<meta property=\"article:modified_time\" content=\"2022-09-27T17:16:51+00:00\" \/>\n<meta property=\"og:image\" content=\"https:\/\/www.adf.org.br\/home\/wp-content\/uploads\/2022\/09\/unnamed-3-1.jpg\" \/>\n\t<meta property=\"og:image:width\" content=\"800\" \/>\n\t<meta property=\"og:image:height\" content=\"332\" \/>\n<meta name=\"twitter:card\" content=\"summary_large_image\" \/>\n<meta name=\"twitter:label1\" content=\"Escrito por\" \/>\n\t<meta name=\"twitter:data1\" content=\"Gabriel Barbosa\" \/>\n\t<meta name=\"twitter:label2\" content=\"Est. tempo de leitura\" \/>\n\t<meta name=\"twitter:data2\" content=\"1 minuto\" \/>\n<script type=\"application\/ld+json\" class=\"yoast-schema-graph\">{\"@context\":\"https:\/\/schema.org\",\"@graph\":[{\"@type\":\"WebSite\",\"@id\":\"https:\/\/www.adf.org.br\/home\/#website\",\"url\":\"https:\/\/www.adf.org.br\/home\/\",\"name\":\"Associa\\u00e7\\u00e3o Devotos de F\\u00e1tima\",\"description\":\"Associa\\u00e7\\u00e3o Devotos de F\\u00e1tima\",\"potentialAction\":[{\"@type\":\"SearchAction\",\"target\":{\"@type\":\"EntryPoint\",\"urlTemplate\":\"https:\/\/www.adf.org.br\/home\/?s={search_term_string}\"},\"query-input\":\"required name=search_term_string\"}],\"inLanguage\":\"pt-BR\"},{\"@type\":\"ImageObject\",\"@id\":\"https:\/\/www.adf.org.br\/home\/inclua-suas-intencoes-na-missa-do-anjo-da-guarda\/#primaryimage\",\"inLanguage\":\"pt-BR\",\"url\":\"https:\/\/www.adf.org.br\/home\/wp-content\/uploads\/2022\/09\/unnamed-3-1.jpg\",\"contentUrl\":\"https:\/\/www.adf.org.br\/home\/wp-content\/uploads\/2022\/09\/unnamed-3-1.jpg\",\"width\":800,\"height\":332},{\"@type\":\"WebPage\",\"@id\":\"https:\/\/www.adf.org.br\/home\/inclua-suas-intencoes-na-missa-do-anjo-da-guarda\/#webpage\",\"url\":\"https:\/\/www.adf.org.br\/home\/inclua-suas-intencoes-na-missa-do-anjo-da-guarda\/\",\"name\":\"Inclua suas Inten\\u00e7\\u00f5es na Missa do Anjo da Guarda - Associa\\u00e7\\u00e3o Devotos de F\\u00e1tima\",\"isPartOf\":{\"@id\":\"https:\/\/www.adf.org.br\/home\/#website\"},\"primaryImageOfPage\":{\"@id\":\"https:\/\/www.adf.org.br\/home\/inclua-suas-intencoes-na-missa-do-anjo-da-guarda\/#primaryimage\"},\"datePublished\":\"2022-09-29T03:00:07+00:00\",\"dateModified\":\"2022-09-27T17:16:51+00:00\",\"author\":{\"@id\":\"https:\/\/www.adf.org.br\/home\/#\/schema\/person\/f35a5c5aa7728a3dedf4ea9aa1fc2753\"},\"description\":\"Inclua suas inten\\u00e7\\u00f5es na Missa de S\\u00faplicas ao Anjo da Guarda e pe\\u00e7a a intercess\\u00e3o do Protetor Celestial em sua vida.\",\"breadcrumb\":{\"@id\":\"https:\/\/www.adf.org.br\/home\/inclua-suas-intencoes-na-missa-do-anjo-da-guarda\/#breadcrumb\"},\"inLanguage\":\"pt-BR\",\"potentialAction\":[{\"@type\":\"ReadAction\",\"target\":[\"https:\/\/www.adf.org.br\/home\/inclua-suas-intencoes-na-missa-do-anjo-da-guarda\/\"]}]},{\"@type\":\"BreadcrumbList\",\"@id\":\"https:\/\/www.adf.org.br\/home\/inclua-suas-intencoes-na-missa-do-anjo-da-guarda\/#breadcrumb\",\"itemListElement\":[{\"@type\":\"ListItem\",\"position\":1,\"name\":\"Home\",\"item\":\"https:\/\/www.adf.org.br\/home\/\"},{\"@type\":\"ListItem\",\"position\":2,\"name\":\"Inclua suas Inten\\u00e7\\u00f5es na Missa do Anjo da Guarda\"}]},{\"@type\":\"Person\",\"@id\":\"https:\/\/www.adf.org.br\/home\/#\/schema\/person\/f35a5c5aa7728a3dedf4ea9aa1fc2753\",\"name\":\"Gabriel Barbosa\",\"image\":{\"@type\":\"ImageObject\",\"@id\":\"https:\/\/www.adf.org.br\/home\/#personlogo\",\"inLanguage\":\"pt-BR\",\"url\":\"https:\/\/secure.gravatar.com\/avatar\/2b2cb2f4637682c5605e8d36818f51ef?s=96&d=mm&r=g\",\"contentUrl\":\"https:\/\/secure.gravatar.com\/avatar\/2b2cb2f4637682c5605e8d36818f51ef?s=96&d=mm&r=g\",\"caption\":\"Gabriel Barbosa\"},\"url\":\"https:\/\/www.adf.org.br\/home\/author\/gabrielpmk-com-br\/\"}]}<\/script>\n<!-- \/ Yoast SEO plugin. -->","yoast_head_json":{"title":"Inclua suas Inten\u00e7\u00f5es na Missa do Anjo da Guarda - Associa\u00e7\u00e3o Devotos de F\u00e1tima","description":"Inclua suas inten\u00e7\u00f5es na Missa de S\u00faplicas ao Anjo da Guarda e pe\u00e7a a intercess\u00e3o do Protetor Celestial em sua vida.","robots":{"index":"index","follow":"follow","max-snippet":"max-snippet:-1","max-image-preview":"max-image-preview:large","max-video-preview":"max-video-preview:-1"},"canonical":"https:\/\/www.adf.org.br\/home\/inclua-suas-intencoes-na-missa-do-anjo-da-guarda\/","og_locale":"pt_BR","og_type":"article","og_title":"Inclua suas Inten\u00e7\u00f5es na Missa do Anjo da Guarda - Associa\u00e7\u00e3o Devotos de F\u00e1tima","og_description":"Inclua suas inten\u00e7\u00f5es na Missa de S\u00faplicas ao Anjo da Guarda e pe\u00e7a a intercess\u00e3o do Protetor Celestial em sua vida.","og_url":"https:\/\/www.adf.org.br\/home\/inclua-suas-intencoes-na-missa-do-anjo-da-guarda\/","og_site_name":"Associa\u00e7\u00e3o Devotos de F\u00e1tima","article_published_time":"2022-09-29T03:00:07+00:00","article_modified_time":"2022-09-27T17:16:51+00:00","og_image":[{"width":800,"height":332,"url":"https:\/\/www.adf.org.br\/home\/wp-content\/uploads\/2022\/09\/unnamed-3-1.jpg","type":"image\/jpeg"}],"twitter_card":"summary_large_image","twitter_misc":{"Escrito por":"Gabriel Barbosa","Est. tempo de leitura":"1 minuto"},"schema":{"@context":"https:\/\/schema.org","@graph":[{"@type":"WebSite","@id":"https:\/\/www.adf.org.br\/home\/#website","url":"https:\/\/www.adf.org.br\/home\/","name":"Associa\u00e7\u00e3o Devotos de F\u00e1tima","description":"Associa\u00e7\u00e3o Devotos de F\u00e1tima","potentialAction":[{"@type":"SearchAction","target":{"@type":"EntryPoint","urlTemplate":"https:\/\/www.adf.org.br\/home\/?s={search_term_string}"},"query-input":"required name=search_term_string"}],"inLanguage":"pt-BR"},{"@type":"ImageObject","@id":"https:\/\/www.adf.org.br\/home\/inclua-suas-intencoes-na-missa-do-anjo-da-guarda\/#primaryimage","inLanguage":"pt-BR","url":"https:\/\/www.adf.org.br\/home\/wp-content\/uploads\/2022\/09\/unnamed-3-1.jpg","contentUrl":"https:\/\/www.adf.org.br\/home\/wp-content\/uploads\/2022\/09\/unnamed-3-1.jpg","width":800,"height":332},{"@type":"WebPage","@id":"https:\/\/www.adf.org.br\/home\/inclua-suas-intencoes-na-missa-do-anjo-da-guarda\/#webpage","url":"https:\/\/www.adf.org.br\/home\/inclua-suas-intencoes-na-missa-do-anjo-da-guarda\/","name":"Inclua suas Inten\u00e7\u00f5es na Missa do Anjo da Guarda - Associa\u00e7\u00e3o Devotos de F\u00e1tima","isPartOf":{"@id":"https:\/\/www.adf.org.br\/home\/#website"},"primaryImageOfPage":{"@id":"https:\/\/www.adf.org.br\/home\/inclua-suas-intencoes-na-missa-do-anjo-da-guarda\/#primaryimage"},"datePublished":"2022-09-29T03:00:07+00:00","dateModified":"2022-09-27T17:16:51+00:00","author":{"@id":"https:\/\/www.adf.org.br\/home\/#\/schema\/person\/f35a5c5aa7728a3dedf4ea9aa1fc2753"},"description":"Inclua suas inten\u00e7\u00f5es na Missa de S\u00faplicas ao Anjo da Guarda e pe\u00e7a a intercess\u00e3o do Protetor Celestial em sua vida.","breadcrumb":{"@id":"https:\/\/www.adf.org.br\/home\/inclua-suas-intencoes-na-missa-do-anjo-da-guarda\/#breadcrumb"},"inLanguage":"pt-BR","potentialAction":[{"@type":"ReadAction","target":["https:\/\/www.adf.org.br\/home\/inclua-suas-intencoes-na-missa-do-anjo-da-guarda\/"]}]},{"@type":"BreadcrumbList","@id":"https:\/\/www.adf.org.br\/home\/inclua-suas-intencoes-na-missa-do-anjo-da-guarda\/#breadcrumb","itemListElement":[{"@type":"ListItem","position":1,"name":"Home","item":"https:\/\/www.adf.org.br\/home\/"},{"@type":"ListItem","position":2,"name":"Inclua suas Inten\u00e7\u00f5es na Missa do Anjo da Guarda"}]},{"@type":"Person","@id":"https:\/\/www.adf.org.br\/home\/#\/schema\/person\/f35a5c5aa7728a3dedf4ea9aa1fc2753","name":"Gabriel Barbosa","image":{"@type":"ImageObject","@id":"https:\/\/www.adf.org.br\/home\/#personlogo","inLanguage":"pt-BR","url":"https:\/\/secure.gravatar.com\/avatar\/2b2cb2f4637682c5605e8d36818f51ef?s=96&d=mm&r=g","contentUrl":"https:\/\/secure.gravatar.com\/avatar\/2b2cb2f4637682c5605e8d36818f51ef?s=96&d=mm&r=g","caption":"Gabriel Barbosa"},"url":"https:\/\/www.adf.org.br\/home\/author\/gabrielpmk-com-br\/"}]}},"_links":{"self":[{"href":"https:\/\/www.adf.org.br\/home\/wp-json\/wp\/v2\/posts\/70254"}],"collection":[{"href":"https:\/\/www.adf.org.br\/home\/wp-json\/wp\/v2\/posts"}],"about":[{"href":"https:\/\/www.adf.org.br\/home\/wp-json\/wp\/v2\/types\/post"}],"author":[{"embeddable":true,"href":"https:\/\/www.adf.org.br\/home\/wp-json\/wp\/v2\/users\/31"}],"replies":[{"embeddable":true,"href":"https:\/\/www.adf.org.br\/home\/wp-json\/wp\/v2\/comments?post=70254"}],"version-history":[{"count":2,"href":"https:\/\/www.adf.org.br\/home\/wp-json\/wp\/v2\/posts\/70254\/revisions"}],"predecessor-version":[{"id":70257,"href":"https:\/\/www.adf.org.br\/home\/wp-json\/wp\/v2\/posts\/70254\/revisions\/70257"}],"wp:featuredmedia":[{"embeddable":true,"href":"https:\/\/www.adf.org.br\/home\/wp-json\/wp\/v2\/media\/70255"}],"wp:attachment":[{"href":"https:\/\/www.adf.org.br\/home\/wp-json\/wp\/v2\/media?parent=70254"}],"wp:term":[{"taxonomy":"category","embeddable":true,"href":"https:\/\/www.adf.org.br\/home\/wp-json\/wp\/v2\/categories?post=70254"},{"taxonomy":"post_tag","embeddable":true,"href":"https:\/\/www.adf.org.br\/home\/wp-json\/wp\/v2\/tags?post=70254"}],"curies":[{"name":"wp","href":"https:\/\/api.w.org\/{rel}","templated":true}]}}