{"id":6969,"date":"2010-11-22T00:00:05","date_gmt":"2010-11-22T02:00:05","guid":{"rendered":"http:\/\/www.adf.org.br\/home\/?p=6969"},"modified":"2020-06-09T11:10:21","modified_gmt":"2020-06-09T14:10:21","slug":"6969-2","status":"publish","type":"post","link":"https:\/\/www.adf.org.br\/home\/6969-2\/","title":{"rendered":"Orat\u00f3rio da Medalha Milagrosa &#8211; Inten\u00e7\u00f5es da semana: 22 a 28 de novembro"},"content":{"rendered":"<p><span style=\"color: #0000ff;\"><span style=\"font-size: x-large;\"><strong><img loading=\"lazy\" class=\"alignleft size-full wp-image-6975\" title=\"miracolo-193x300\" src=\"http:\/\/www.adf.org.br\/home\/wp-content\/uploads\/2010\/11\/miracolo-193x3002.jpg\" alt=\"\" width=\"193\" height=\"300\" \/>S<\/strong><\/span><\/span>\u00e3o as seguintes as inten\u00e7\u00f5es das ora\u00e7\u00f5es feitas pela <a href=\"http:\/\/oratoriodamedalhamilagrosa.org.br\/home\/acenda-sua-vela-30\/?origem=1\" target=\"_blank\" rel=\"noopener noreferrer\">Comunidade do Orat\u00f3rio da Medalha Milagrosa<\/a> e pelos Orantes nesta semana:<\/p>\n<p><strong><span style=\"font-size: large;\"><span style=\"color: #0000ff;\">1) Pela popula\u00e7\u00e3o do Haiti que sofre com a epidemia de c\u00f3lera<\/span><\/span>. <\/strong>As inexistentes condi\u00e7\u00f5es de higiene que vivem hoje os haitianos contribuem para a grande mortalidade que assola o Pa\u00eds. Que Nossa Senhora cure os enfermos e d\u00ea for\u00e7a aos que ali se encontram ajudando tao carente povo;<strong> <\/strong><\/p>\n<p><strong><span style=\"font-size: large;\"><span style=\"color: #0000ff;\">2) Pelos nossos generosos mantenedores.<\/span><\/span> <\/strong>Que    Nossa Senhora e  Seu Filho Amado, Nosso Senhor Jesus Cristo, os    recompense com  infinitas gra\u00e7as, concedendo-lhe o c\u00eantuplo do que fazem    por nossa  Causa<strong>;<\/strong><\/p>\n<p><span style=\"font-size: large;\"><span style=\"color: #0000ff;\"><strong>3) Pelos \u00f3rf\u00e3os e vi\u00favas<\/strong>. <\/span><\/span> Para que encontrem carinho e conforto em Nossa Senhora e em Nosso senhor Jesus Cristo.;<\/p>\n<p><span style=\"font-size: large;\"><span style=\"color: #0000ff;\"><strong>4) <\/strong><strong>Por todos os pedidos f<\/strong><\/span><\/span>eitos    pelas  pessoas cujas  velas  est\u00e3o acesas no Orat\u00f3rio da   Medalha           Milagrosa e que  estejam de  acordo com a vontade de   Nossa Senhora (<a href=\"http:\/\/oratoriodamedalhamilagrosa.org.br\/home\/acenda-sua-vela-30\/?origem=1\" target=\"_blank\" rel=\"noopener noreferrer\">acenda aqui sua vela<\/a>);<\/p>\n<p><strong><span style=\"font-size: large;\"><span style=\"color: #0000ff;\">5) Pela repara\u00e7\u00e3o ao Cora\u00e7\u00e3o Imaculado de Maria<\/span><\/span>. <\/strong>S\u00e3o tantas as ofensas que fazem a Virgem Sant\u00edssima, que precisamos rezar diariamente para que Nossa Senhora perdoe tantos pecados cometidos contra o bem mais precioso que temos por meio de Nosso Senhor Jesus Cristo: a vida.<\/p>\n<p><strong> <\/strong><\/p>\n<p><strong> <\/strong><\/p>\n<p><strong> <\/strong><\/p>\n<p><strong> <\/strong><\/p>\n<p><strong> <\/strong><\/p>\n<p><strong> <\/strong><\/p>\n<p><strong>Nossa Senhora das Gra\u00e7as, rogai por n\u00f3s<\/strong>!<\/p>\n<p><a href=\"http:\/\/feedburner.google.com\/fb\/a\/mailverify?uri=devotosdefatima\" target=\"_blank\" rel=\"noopener noreferrer\">Cadastre aqui<\/a> seu e-mail para receber estas inten\u00e7\u00f5es\u00a0atualizadas todas as semanas e            participar das ora\u00e7\u00f5es\u00a0(\u00e9 preciso validar o pedido de cadastro          clicando   no link que enviaremos para seu e-mail).<\/p>\n<p>Aqueles que quiserem incluir seus nomes e  inten\u00e7\u00f5es especiais nas           Missas que ser\u00e3o celebradas nesse  per\u00edodo,\u00a0poder\u00e3o faz\u00ea-lo   ligando      para  <strong>0800 773 1119<\/strong><strong> <\/strong>e ligue para <strong>4368-2253 <\/strong><strong> <\/strong>se estiver em S\u00e3o Paulo.<\/p>\n","protected":false},"excerpt":{"rendered":"<p>S\u00e3o as seguintes as inten\u00e7\u00f5es das ora\u00e7\u00f5es feitas pela Comunidade do Orat\u00f3rio da Medalha Milagrosa e pelos Orantes nesta semana: 1) Pela popula\u00e7\u00e3o do Haiti que sofre com a epidemia de c\u00f3lera. As inexistentes condi\u00e7\u00f5es de higiene que vivem hoje os haitianos contribuem para a grande mortalidade que assola o Pa\u00eds. Que Nossa Senhora cure [&hellip;]<\/p>\n","protected":false},"author":27,"featured_media":0,"comment_status":"closed","ping_status":"open","sticky":false,"template":"","format":"standard","meta":[],"categories":[20,60],"tags":[61],"yoast_head":"<!-- This site is optimized with the Yoast SEO plugin v17.4 - https:\/\/yoast.com\/wordpress\/plugins\/seo\/ -->\n<title>Orat\u00f3rio da Medalha Milagrosa - Inten\u00e7\u00f5es da semana: 22 a 28 de novembro - Associa\u00e7\u00e3o Devotos de F\u00e1tima<\/title>\n<meta name=\"robots\" content=\"index, follow, max-snippet:-1, max-image-preview:large, max-video-preview:-1\" \/>\n<link rel=\"canonical\" href=\"https:\/\/www.adf.org.br\/home\/6969-2\/\" \/>\n<meta property=\"og:locale\" content=\"pt_BR\" \/>\n<meta property=\"og:type\" content=\"article\" \/>\n<meta property=\"og:title\" content=\"Orat\u00f3rio da Medalha Milagrosa - Inten\u00e7\u00f5es da semana: 22 a 28 de novembro - Associa\u00e7\u00e3o Devotos de F\u00e1tima\" \/>\n<meta property=\"og:description\" content=\"S\u00e3o as seguintes as inten\u00e7\u00f5es das ora\u00e7\u00f5es feitas pela Comunidade do Orat\u00f3rio da Medalha Milagrosa e pelos Orantes nesta semana: 1) Pela popula\u00e7\u00e3o do Haiti que sofre com a epidemia de c\u00f3lera. As inexistentes condi\u00e7\u00f5es de higiene que vivem hoje os haitianos contribuem para a grande mortalidade que assola o Pa\u00eds. Que Nossa Senhora cure [&hellip;]\" \/>\n<meta property=\"og:url\" content=\"https:\/\/www.adf.org.br\/home\/6969-2\/\" \/>\n<meta property=\"og:site_name\" content=\"Associa\u00e7\u00e3o Devotos de F\u00e1tima\" \/>\n<meta property=\"article:published_time\" content=\"2010-11-22T02:00:05+00:00\" \/>\n<meta property=\"article:modified_time\" content=\"2020-06-09T14:10:21+00:00\" \/>\n<meta property=\"og:image\" content=\"http:\/\/www.adf.org.br\/home\/wp-content\/uploads\/2010\/11\/miracolo-193x3002.jpg\" \/>\n<meta name=\"twitter:card\" content=\"summary_large_image\" \/>\n<meta name=\"twitter:label1\" content=\"Escrito por\" \/>\n\t<meta name=\"twitter:data1\" content=\"Gabriel Barbosa\" \/>\n\t<meta name=\"twitter:label2\" content=\"Est. tempo de leitura\" \/>\n\t<meta name=\"twitter:data2\" content=\"1 minuto\" \/>\n<script type=\"application\/ld+json\" class=\"yoast-schema-graph\">{\"@context\":\"https:\/\/schema.org\",\"@graph\":[{\"@type\":\"WebSite\",\"@id\":\"https:\/\/www.adf.org.br\/home\/#website\",\"url\":\"https:\/\/www.adf.org.br\/home\/\",\"name\":\"Associa\\u00e7\\u00e3o Devotos de F\\u00e1tima\",\"description\":\"Associa\\u00e7\\u00e3o Devotos de F\\u00e1tima\",\"potentialAction\":[{\"@type\":\"SearchAction\",\"target\":{\"@type\":\"EntryPoint\",\"urlTemplate\":\"https:\/\/www.adf.org.br\/home\/?s={search_term_string}\"},\"query-input\":\"required name=search_term_string\"}],\"inLanguage\":\"pt-BR\"},{\"@type\":\"ImageObject\",\"@id\":\"https:\/\/www.adf.org.br\/home\/6969-2\/#primaryimage\",\"inLanguage\":\"pt-BR\",\"url\":\"http:\/\/www.adf.org.br\/home\/wp-content\/uploads\/2010\/11\/miracolo-193x3002.jpg\",\"contentUrl\":\"http:\/\/www.adf.org.br\/home\/wp-content\/uploads\/2010\/11\/miracolo-193x3002.jpg\"},{\"@type\":\"WebPage\",\"@id\":\"https:\/\/www.adf.org.br\/home\/6969-2\/#webpage\",\"url\":\"https:\/\/www.adf.org.br\/home\/6969-2\/\",\"name\":\"Orat\\u00f3rio da Medalha Milagrosa - Inten\\u00e7\\u00f5es da semana: 22 a 28 de novembro - Associa\\u00e7\\u00e3o Devotos de F\\u00e1tima\",\"isPartOf\":{\"@id\":\"https:\/\/www.adf.org.br\/home\/#website\"},\"primaryImageOfPage\":{\"@id\":\"https:\/\/www.adf.org.br\/home\/6969-2\/#primaryimage\"},\"datePublished\":\"2010-11-22T02:00:05+00:00\",\"dateModified\":\"2020-06-09T14:10:21+00:00\",\"author\":{\"@id\":\"https:\/\/www.adf.org.br\/home\/#\/schema\/person\/affa494ecf91434f3620f5392de44327\"},\"breadcrumb\":{\"@id\":\"https:\/\/www.adf.org.br\/home\/6969-2\/#breadcrumb\"},\"inLanguage\":\"pt-BR\",\"potentialAction\":[{\"@type\":\"ReadAction\",\"target\":[\"https:\/\/www.adf.org.br\/home\/6969-2\/\"]}]},{\"@type\":\"BreadcrumbList\",\"@id\":\"https:\/\/www.adf.org.br\/home\/6969-2\/#breadcrumb\",\"itemListElement\":[{\"@type\":\"ListItem\",\"position\":1,\"name\":\"Home\",\"item\":\"https:\/\/www.adf.org.br\/home\/\"},{\"@type\":\"ListItem\",\"position\":2,\"name\":\"Orat\\u00f3rio da Medalha Milagrosa &#8211; Inten\\u00e7\\u00f5es da semana: 22 a 28 de novembro\"}]},{\"@type\":\"Person\",\"@id\":\"https:\/\/www.adf.org.br\/home\/#\/schema\/person\/affa494ecf91434f3620f5392de44327\",\"name\":\"Gabriel Barbosa\",\"image\":{\"@type\":\"ImageObject\",\"@id\":\"https:\/\/www.adf.org.br\/home\/#personlogo\",\"inLanguage\":\"pt-BR\",\"url\":\"https:\/\/secure.gravatar.com\/avatar\/ecf2eab02e30486a7038f8b2858de06a?s=96&d=mm&r=g\",\"contentUrl\":\"https:\/\/secure.gravatar.com\/avatar\/ecf2eab02e30486a7038f8b2858de06a?s=96&d=mm&r=g\",\"caption\":\"Gabriel Barbosa\"},\"url\":\"https:\/\/www.adf.org.br\/home\/author\/gabriel-aascj\/\"}]}<\/script>\n<!-- \/ Yoast SEO plugin. -->","yoast_head_json":{"title":"Orat\u00f3rio da Medalha Milagrosa - Inten\u00e7\u00f5es da semana: 22 a 28 de novembro - Associa\u00e7\u00e3o Devotos de F\u00e1tima","robots":{"index":"index","follow":"follow","max-snippet":"max-snippet:-1","max-image-preview":"max-image-preview:large","max-video-preview":"max-video-preview:-1"},"canonical":"https:\/\/www.adf.org.br\/home\/6969-2\/","og_locale":"pt_BR","og_type":"article","og_title":"Orat\u00f3rio da Medalha Milagrosa - Inten\u00e7\u00f5es da semana: 22 a 28 de novembro - Associa\u00e7\u00e3o Devotos de F\u00e1tima","og_description":"S\u00e3o as seguintes as inten\u00e7\u00f5es das ora\u00e7\u00f5es feitas pela Comunidade do Orat\u00f3rio da Medalha Milagrosa e pelos Orantes nesta semana: 1) Pela popula\u00e7\u00e3o do Haiti que sofre com a epidemia de c\u00f3lera. As inexistentes condi\u00e7\u00f5es de higiene que vivem hoje os haitianos contribuem para a grande mortalidade que assola o Pa\u00eds. Que Nossa Senhora cure [&hellip;]","og_url":"https:\/\/www.adf.org.br\/home\/6969-2\/","og_site_name":"Associa\u00e7\u00e3o Devotos de F\u00e1tima","article_published_time":"2010-11-22T02:00:05+00:00","article_modified_time":"2020-06-09T14:10:21+00:00","og_image":[{"url":"http:\/\/www.adf.org.br\/home\/wp-content\/uploads\/2010\/11\/miracolo-193x3002.jpg"}],"twitter_card":"summary_large_image","twitter_misc":{"Escrito por":"Gabriel Barbosa","Est. tempo de leitura":"1 minuto"},"schema":{"@context":"https:\/\/schema.org","@graph":[{"@type":"WebSite","@id":"https:\/\/www.adf.org.br\/home\/#website","url":"https:\/\/www.adf.org.br\/home\/","name":"Associa\u00e7\u00e3o Devotos de F\u00e1tima","description":"Associa\u00e7\u00e3o Devotos de F\u00e1tima","potentialAction":[{"@type":"SearchAction","target":{"@type":"EntryPoint","urlTemplate":"https:\/\/www.adf.org.br\/home\/?s={search_term_string}"},"query-input":"required name=search_term_string"}],"inLanguage":"pt-BR"},{"@type":"ImageObject","@id":"https:\/\/www.adf.org.br\/home\/6969-2\/#primaryimage","inLanguage":"pt-BR","url":"http:\/\/www.adf.org.br\/home\/wp-content\/uploads\/2010\/11\/miracolo-193x3002.jpg","contentUrl":"http:\/\/www.adf.org.br\/home\/wp-content\/uploads\/2010\/11\/miracolo-193x3002.jpg"},{"@type":"WebPage","@id":"https:\/\/www.adf.org.br\/home\/6969-2\/#webpage","url":"https:\/\/www.adf.org.br\/home\/6969-2\/","name":"Orat\u00f3rio da Medalha Milagrosa - Inten\u00e7\u00f5es da semana: 22 a 28 de novembro - Associa\u00e7\u00e3o Devotos de F\u00e1tima","isPartOf":{"@id":"https:\/\/www.adf.org.br\/home\/#website"},"primaryImageOfPage":{"@id":"https:\/\/www.adf.org.br\/home\/6969-2\/#primaryimage"},"datePublished":"2010-11-22T02:00:05+00:00","dateModified":"2020-06-09T14:10:21+00:00","author":{"@id":"https:\/\/www.adf.org.br\/home\/#\/schema\/person\/affa494ecf91434f3620f5392de44327"},"breadcrumb":{"@id":"https:\/\/www.adf.org.br\/home\/6969-2\/#breadcrumb"},"inLanguage":"pt-BR","potentialAction":[{"@type":"ReadAction","target":["https:\/\/www.adf.org.br\/home\/6969-2\/"]}]},{"@type":"BreadcrumbList","@id":"https:\/\/www.adf.org.br\/home\/6969-2\/#breadcrumb","itemListElement":[{"@type":"ListItem","position":1,"name":"Home","item":"https:\/\/www.adf.org.br\/home\/"},{"@type":"ListItem","position":2,"name":"Orat\u00f3rio da Medalha Milagrosa &#8211; Inten\u00e7\u00f5es da semana: 22 a 28 de novembro"}]},{"@type":"Person","@id":"https:\/\/www.adf.org.br\/home\/#\/schema\/person\/affa494ecf91434f3620f5392de44327","name":"Gabriel Barbosa","image":{"@type":"ImageObject","@id":"https:\/\/www.adf.org.br\/home\/#personlogo","inLanguage":"pt-BR","url":"https:\/\/secure.gravatar.com\/avatar\/ecf2eab02e30486a7038f8b2858de06a?s=96&d=mm&r=g","contentUrl":"https:\/\/secure.gravatar.com\/avatar\/ecf2eab02e30486a7038f8b2858de06a?s=96&d=mm&r=g","caption":"Gabriel Barbosa"},"url":"https:\/\/www.adf.org.br\/home\/author\/gabriel-aascj\/"}]}},"_links":{"self":[{"href":"https:\/\/www.adf.org.br\/home\/wp-json\/wp\/v2\/posts\/6969"}],"collection":[{"href":"https:\/\/www.adf.org.br\/home\/wp-json\/wp\/v2\/posts"}],"about":[{"href":"https:\/\/www.adf.org.br\/home\/wp-json\/wp\/v2\/types\/post"}],"author":[{"embeddable":true,"href":"https:\/\/www.adf.org.br\/home\/wp-json\/wp\/v2\/users\/27"}],"replies":[{"embeddable":true,"href":"https:\/\/www.adf.org.br\/home\/wp-json\/wp\/v2\/comments?post=6969"}],"version-history":[{"count":1,"href":"https:\/\/www.adf.org.br\/home\/wp-json\/wp\/v2\/posts\/6969\/revisions"}],"predecessor-version":[{"id":35836,"href":"https:\/\/www.adf.org.br\/home\/wp-json\/wp\/v2\/posts\/6969\/revisions\/35836"}],"wp:attachment":[{"href":"https:\/\/www.adf.org.br\/home\/wp-json\/wp\/v2\/media?parent=6969"}],"wp:term":[{"taxonomy":"category","embeddable":true,"href":"https:\/\/www.adf.org.br\/home\/wp-json\/wp\/v2\/categories?post=6969"},{"taxonomy":"post_tag","embeddable":true,"href":"https:\/\/www.adf.org.br\/home\/wp-json\/wp\/v2\/tags?post=6969"}],"curies":[{"name":"wp","href":"https:\/\/api.w.org\/{rel}","templated":true}]}}