{"id":69517,"date":"2022-08-31T00:00:03","date_gmt":"2022-08-31T03:00:03","guid":{"rendered":"https:\/\/www.adf.org.br\/home\/?p=69517"},"modified":"2022-08-31T14:14:57","modified_gmt":"2022-08-31T17:14:57","slug":"o-pedido-esquecido-de-nossa-senhora-entenda-como-isso-ocorreu","status":"publish","type":"post","link":"https:\/\/www.adf.org.br\/home\/o-pedido-esquecido-de-nossa-senhora-entenda-como-isso-ocorreu\/","title":{"rendered":"O pedido esquecido de Nossa Senhora &#8211; Entenda como isso ocorreu"},"content":{"rendered":"<h2 class=\"post-caption__title\" style=\"text-align: center;\"><span style=\"color: #000000;\">O pedido esquecido de Nossa Senhora<\/span><\/h2>\n<p style=\"text-align: center;\"><span style=\"color: #000000;\"><em>Mais de 100 anos ap\u00f3s a apari\u00e7\u00e3o da Virgem em F\u00e1tima, a humanidade ainda teima em ignorar os seus apelos \u00e0 convers\u00e3o e \u00e0 penit\u00eancia.<\/em><\/span><\/p>\n<p>&nbsp;<\/p>\n<figure id=\"attachment_69519\" aria-describedby=\"caption-attachment-69519\" style=\"width: 800px\" class=\"wp-caption aligncenter\"><img loading=\"lazy\" class=\"wp-image-69519 size-full\" src=\"https:\/\/www.adf.org.br\/home\/wp-content\/uploads\/2022\/08\/n-sra-fatima.webp\" alt=\"\" width=\"800\" height=\"531\" srcset=\"https:\/\/www.adf.org.br\/home\/wp-content\/uploads\/2022\/08\/n-sra-fatima.webp 800w, https:\/\/www.adf.org.br\/home\/wp-content\/uploads\/2022\/08\/n-sra-fatima-300x199.webp 300w, https:\/\/www.adf.org.br\/home\/wp-content\/uploads\/2022\/08\/n-sra-fatima-768x510.webp 768w\" sizes=\"(max-width: 800px) 100vw, 800px\" \/><figcaption id=\"caption-attachment-69519\" class=\"wp-caption-text\"><center><span style=\"color: #000000;\">Nossa Senhora de F\u00e1tima<\/span><\/center><\/figcaption><\/figure>\n<div class=\"post-caption__thin-line\">\n<p><span style=\"color: #000000;\"><span style=\"color: #800080; font-size: 32px;\"><strong>Q<\/strong><\/span>uando <strong>Nossa Senhora<\/strong> apareceu aos tr\u00eas pastorinhos de F\u00e1tima, a 13 de maio de 1917, ela fez-lhes uma pergunta: &#8220;<span style=\"color: #800080;\">Quereis oferecer-vos a Deus para suportar todos os sofrimentos que Ele quiser mandar-vos, em ato de repara\u00e7\u00e3o pelos pecados com que Ele \u00e9 ofendido, e de s\u00faplica pela convers\u00e3o dos pecadores<\/span>?&#8221; <\/span><\/p>\n<p><span style=\"color: #000000;\">Na ocasi\u00e3o, os jovens <strong>Francisco, Jacinta e L\u00facia<\/strong> responderam que sim, assumiram o pedido da <span style=\"color: #0000ff;\">Virgem Maria<\/span> e toda a sua vida se transformou em uma verdadeira entrega a Deus, pelo resgate das almas.<\/span><\/p>\n<p><span style=\"color: #000000;\">Imposs\u00edvel n\u00e3o se lembrar do epis\u00f3dio da Anuncia\u00e7\u00e3o, quando o C\u00e9u, de um modo nunca antes visto, dependeu da liberdade de uma \u00fanica criatura para descer sobre a Terra. \u00c0s palavras do anjo, dizendo que Maria Sant\u00edssima conceberia e daria \u00e0 luz o pr\u00f3prio Filho de Deus, ela prontamente respondeu: <\/span><\/p>\n<blockquote>\n<p style=\"text-align: left;\"><em><span style=\"color: #000000;\">&#8220;Eis aqui a serva do Senhor! Fa\u00e7a-se em mim segundo a tua palavra&#8221; (Lc\u00a01, 38). Naquele momento, tamb\u00e9m ela, de modo muito singular, assumia para si a miss\u00e3o de &#8220;suportar todos os sofrimentos&#8221;, &#8220;em ato de repara\u00e7\u00e3o (&#8230;) e de s\u00faplica pela convers\u00e3o dos pecadores&#8221; \u2013 miss\u00e3o que o profeta do templo resumiria na famosa express\u00e3o: &#8220;<strong>Uma espada traspassar\u00e1 a tua alma<\/strong>&#8221; (Lc 2, 35). <\/span><\/em><span style=\"color: #000000;\">N\u00e3o ofendam mais a Deus, Nosso Senhor, que j\u00e1 est\u00e1 muito ofendido.<\/span><\/p>\n<\/blockquote>\n<aside><img loading=\"lazy\" class=\"alignleft\" src=\"https:\/\/sagradoscoracoes.org.br\/site\/wp-content\/uploads\/2017\/04\/201704262029.jpg\" alt=\"Hist\u00f3ria de Nossa Senhora de F\u00e1tima \u2013 Par\u00f3quia dos Sagrados Cora\u00e7\u00f5es | Barreiros\" width=\"384\" height=\"213\" \/><\/aside>\n<p><span style=\"color: #000000;\">\u00c9 essa a miss\u00e3o a que se referiu o Papa Bento XVI em 2010, quando peregrinou \u00e0 cidade de F\u00e1tima. &#8220;<strong>Iludir-se-ia quem pensasse que a miss\u00e3o prof\u00e9tica de F\u00e1tima esteja conclu\u00edda<\/strong>&#8221; [1], disse ele na ocasi\u00e3o. <\/span><\/p>\n<p><span style=\"color: #000000;\">De fato, ainda hoje, Nossa Senhora dirige a toda a humanidade o mesmo apelo que fez aos tr\u00eas pastorinhos na Cova da Iria. &#8220;Rezai, rezai muito, e fazei sacrif\u00edcios pelos pecadores&#8221;, dizia ela. <\/span><\/p>\n<p><span style=\"color: #000000;\"><span style=\"color: #800080;\">&#8220;Muitas almas v\u00e3o para o inferno por n\u00e3o haver quem se sacrifique e pe\u00e7a por elas<\/span>&#8220;.<\/span><\/p>\n<p><span style=\"color: #000000;\">\u00c0s portas do centen\u00e1rio das apari\u00e7\u00f5es da <strong>Virgem em Portugal<\/strong>, a hora \u00e9 prop\u00edcia para um profundo exame de consci\u00eancia. O\u00a0terceiro segredo de F\u00e1tima\u00a0revelou a vis\u00e3o de um Anjo &#8220;apontando com a m\u00e3o direita para a terra&#8221; e clamando, com voz forte: &#8220;<strong>Penit\u00eancia, Penit\u00eancia, Penit\u00eancia!<\/strong>&#8221; <\/span><\/p>\n<p><strong><span style=\"color: #800080;\">Diante desse quadro, a pergunta a ser feita \u00e9: A humanidade realmente tem se penitenciado? O que tem sido feito para atender aos pedidos de Nossa Senhora?<\/span><\/strong><\/p>\n<p><span style=\"color: #000000;\">\u00c9 preciso bater no peito e reconhecer o qu\u00e3o pouco foi feito pelo homem moderno para corresponder aos apelos da M\u00e3e de Deus.<\/span><\/p>\n<p><span style=\"color: #000000;\">Primeiro, por parte daquelas pessoas que, mesmo se assumindo &#8220;cat\u00f3licas&#8221;, n\u00e3o s\u00f3 rejeitaram o conte\u00fado de F\u00e1tima \u2013 que, por ser uma revela\u00e7\u00e3o particular, n\u00e3o obriga ao assentimento nenhum fiel cat\u00f3lico [2] \u2013, mas abandonaram totalmente as pr\u00f3prias verdades da f\u00e9.<\/span><\/p>\n<figure style=\"width: 340px\" class=\"wp-caption alignright\"><img loading=\"lazy\" src=\"https:\/\/adf.org.br\/velario\/images\/f2fa7673d0542d0c313889ef2caa3e1e.jpeg\" alt=\"Vel\u00e1rio da Associa\u00e7\u00e3o Devotos de F\u00e1tima\" width=\"340\" height=\"226\" \/><figcaption class=\"wp-caption-text\"><center><span style=\"color: #000000;\">Virgem Maria, rogai por n\u00f3s<\/span><\/center><\/figcaption><\/figure>\n<p><span style=\"color: #000000;\">Tamb\u00e9m em F\u00e1tima, Bento XVI chamou a aten\u00e7\u00e3o para o fato de que &#8220;<span style=\"color: #800080;\">muitos dos nossos irm\u00e3os vivem como se n\u00e3o houvesse um Al\u00e9m, sem se importar com a pr\u00f3pria salva\u00e7\u00e3o eterna<\/span>&#8221; [3]. <\/span><\/p>\n<p><span style=\"color: #000000;\">Sem d\u00favidas, este \u00e9 o grande mal deste s\u00e9culo:\u00a0<strong>que o homem viva como se Deus n\u00e3o existisse<\/strong>, totalmente alheio \u00e0s realidades eternas e aos cuidados da sua alma.<\/span><\/p>\n<p><span style=\"color: #000000;\">Para que acontecesse uma efetiva mudan\u00e7a no mundo e os cora\u00e7\u00f5es fossem elevados ao Alto, por\u00e9m, <span style=\"color: #0000ff;\">Nossa Senhora<\/span> indicou o caminho da\u00a0<em>penit\u00eancia<\/em>. Entra aqui a necessidade do exame por parte daqueles que creem, mas ainda se encontram &#8220;estacionados&#8221; na vida espiritual.<\/span><\/p>\n<p><span style=\"color: #000000;\">De fato, \u00e9 muito comum ver pessoas instigadas pelas apari\u00e7\u00f5es da <a href=\"https:\/\/www.adf.org.br\/home\/pagina-de-cadastro\/?origem=24658\" target=\"_blank\" rel=\"noopener\"><span style=\"color: #0000ff;\">Virgem em F\u00e1tima<\/span><\/a>, Lourdes, La Salette&#8230; Mas, quantas dessas pessoas despendem os mesmos esfor\u00e7os e as mesmas horas para cumprir os desejos de Deus, expressos pela boca de <a href=\"https:\/\/www.adf.org.br\/home\/pagina-de-cadastro\/?origem=24658\" target=\"_blank\" rel=\"noopener\"><span style=\"color: #0000ff;\">Maria Sant\u00edssima<\/span><\/a>?<\/span><\/p>\n<p><span style=\"color: #000000;\">De fato, ela disse: &#8220;<strong>Rezem o Ter\u00e7o todos os dias<\/strong>&#8220;. Mas, quantas s\u00e3o as fam\u00edlias que se t\u00eam dedicado \u00e0 ora\u00e7\u00e3o do Santo Ter\u00e7o? E quantas o t\u00eam rezado diariamente, como pediu <a href=\"https:\/\/www.adf.org.br\/home\/pagina-de-cadastro\/?origem=24658\" target=\"_blank\" rel=\"noopener\"><span style=\"color: #0000ff;\">Nossa Senhora<\/span><\/a>?<\/span><\/p>\n<p><span style=\"color: #000000;\">Ela tamb\u00e9m disse: &#8220;<strong>Sacrificai-vos pelos pecadores<\/strong>&#8220;. Ora, quantos t\u00eam verdadeiramente jejuado e feito penit\u00eancias pela convers\u00e3o do mundo? Quantos t\u00eam se levantado de madrugada ou feito vig\u00edlias em fam\u00edlia para rezar pelas almas que mais precisam?<\/span><\/p>\n<figure style=\"width: 374px\" class=\"wp-caption alignleft\"><img loading=\"lazy\" src=\"https:\/\/jovenscatolicos.com.br\/wp-content\/uploads\/2020\/05\/Hist%C3%B3ria-de-Nossa-Senhora-de-F%C3%A1tima.jpg\" alt=\"Nossa Senhora de F\u00e1tima hist\u00f3ria, frases, ora\u00e7\u00e3o, milagres...\" width=\"374\" height=\"237\" \/><figcaption class=\"wp-caption-text\"><center><span style=\"color: #000000;\">Virgem de F\u00e1tima<\/span><\/center><\/figcaption><\/figure>\n<p><span style=\"color: #000000;\">Ela disse: &#8220;<strong>N\u00e3o ofendam mais a Deus, Nosso Senhor<\/strong>, que j\u00e1 est\u00e1 muito ofendido&#8221;. E qual tem sido a conduta das pessoas? Ser\u00e1 que t\u00eam se preocupado em adquirir verdadeira santidade de vida? <\/span><\/p>\n<p><span style=\"color: #000000;\"><span style=\"color: #800080;\">Como est\u00e1 vivendo a juventude cat\u00f3lica, que se re\u00fane nos grupos de ora\u00e7\u00e3o, vai \u00e0s Missas e estuda a sua f\u00e9<\/span>? Como t\u00eam vivido aqueles que, por sua vida, deveriam brilhar como &#8220;a luz do mundo&#8221; (<em>Mt\u00a0<\/em>5, 14) e espalhar por todos os cantos &#8220;o bom odor de Cristo&#8221; (<em>2 Cor\u00a0<\/em>2, 15)?<\/span><\/p>\n<p><span style=\"color: #000000;\">Neste dia em que a Igreja celebra a mem\u00f3ria de Nossa Senhora de F\u00e1tima, \u00e9 urgente lembrar que, no fim das contas, de nada adiantam alardes, previs\u00f5es e surtos de curiosidade mals\u00e3 sobre o futuro.\u00a0<\/span><\/p>\n<p><span style=\"color: #000000;\"><strong>&#8220;Se n\u00e3o vos converterdes,\u00a0<\/strong>diz o Senhor,\u00a0<strong>perecereis todos do mesmo modo<\/strong>&#8221; (<em>Lc\u00a0<\/em>13, 3). <span style=\"color: #800080;\">O que Jesus e Maria querem dos homens \u00e9 que sejam santos, rezem e se mortifiquem \u2013 este \u00e9 o \u00fanico necess\u00e1rio de que fala Nosso Senhor, todo o mais nos ser\u00e1 tirado<\/span> (cf.\u00a0<em>Lc\u00a0<\/em>10, 42).<\/span><\/p>\n<p><span style=\"color: #000000;\"><em>Convers\u00e3o<\/em>,\u00a0<em>penit\u00eancia<\/em>\u00a0e\u00a0<em>ora\u00e7\u00e3o<\/em>: eis, pois, o centro do Evangelho e o n\u00facleo da mensagem de F\u00e1tima \u2013 e tamb\u00e9m o de todas as outras recentes apari\u00e7\u00f5es da Virgem Maria. Ainda hoje,\u00a0n\u00e3o existe outra escada por onde subir ao C\u00e9u\u00a0\u2013 nem outro caminho para chegar \u00e0 paz.<\/span><\/p>\n<h6 style=\"text-align: right;\"><span style=\"color: #000000;\">Fonte: Padre Paulo Ricardo\u00a0<\/span><\/h6>\n<p style=\"text-align: center;\"><span style=\"color: #000000;\"><strong>***<\/strong><\/span><\/p>\n<p><a href=\"https:\/\/www.adf.org.br\/home\/pagina-de-cadastro\/?origem=24658\" target=\"_blank\" rel=\"noopener\"><img loading=\"lazy\" class=\"aligncenter\" src=\"https:\/\/www.adf.org.br\/home\/wp-content\/uploads\/2021\/07\/boletim-adf-300x100.png\" width=\"378\" height=\"126\" \/><\/a><\/p>\n<\/div>\n","protected":false},"excerpt":{"rendered":"<p>O pedido esquecido de Nossa Senhora Mais de 100 anos ap\u00f3s a apari\u00e7\u00e3o da Virgem em F\u00e1tima, a humanidade ainda teima em ignorar os seus apelos \u00e0 convers\u00e3o e \u00e0 penit\u00eancia. &nbsp; Quando Nossa Senhora apareceu aos tr\u00eas pastorinhos de F\u00e1tima, a 13 de maio de 1917, ela fez-lhes uma pergunta: &#8220;Quereis oferecer-vos a Deus [&hellip;]<\/p>\n","protected":false},"author":31,"featured_media":69692,"comment_status":"open","ping_status":"open","sticky":false,"template":"","format":"standard","meta":[],"categories":[20,56,1],"tags":[38,57,4854],"yoast_head":"<!-- This site is optimized with the Yoast SEO plugin v17.4 - https:\/\/yoast.com\/wordpress\/plugins\/seo\/ -->\n<title>O pedido esquecido de Nossa Senhora - Entenda como isso ocorreu<\/title>\n<meta name=\"description\" content=\"Se voc\u00ea \u00e9 curioso(a), vai ficar impressionado com essa hist\u00f3ria do pedido esquecido de Nossa Senhora. Clique aqui e saiba mais.\" \/>\n<meta name=\"robots\" content=\"index, follow, max-snippet:-1, max-image-preview:large, max-video-preview:-1\" \/>\n<link rel=\"canonical\" href=\"https:\/\/www.adf.org.br\/home\/o-pedido-esquecido-de-nossa-senhora-entenda-como-isso-ocorreu\/\" \/>\n<meta property=\"og:locale\" content=\"pt_BR\" \/>\n<meta property=\"og:type\" content=\"article\" \/>\n<meta property=\"og:title\" content=\"O pedido esquecido de Nossa Senhora - Entenda como isso ocorreu\" \/>\n<meta property=\"og:description\" content=\"Se voc\u00ea \u00e9 curioso(a), vai ficar impressionado com essa hist\u00f3ria do pedido esquecido de Nossa Senhora. Clique aqui e saiba mais.\" \/>\n<meta property=\"og:url\" content=\"https:\/\/www.adf.org.br\/home\/o-pedido-esquecido-de-nossa-senhora-entenda-como-isso-ocorreu\/\" \/>\n<meta property=\"og:site_name\" content=\"Associa\u00e7\u00e3o Devotos de F\u00e1tima\" \/>\n<meta property=\"article:published_time\" content=\"2022-08-31T03:00:03+00:00\" \/>\n<meta property=\"article:modified_time\" content=\"2022-08-31T17:14:57+00:00\" \/>\n<meta property=\"og:image\" content=\"https:\/\/www.adf.org.br\/home\/wp-content\/uploads\/2022\/08\/Design-sem-nome-20.png\" \/>\n\t<meta property=\"og:image:width\" content=\"1640\" \/>\n\t<meta property=\"og:image:height\" content=\"924\" \/>\n<meta name=\"twitter:card\" content=\"summary_large_image\" \/>\n<meta name=\"twitter:label1\" content=\"Escrito por\" \/>\n\t<meta name=\"twitter:data1\" content=\"Gabriel Barbosa\" \/>\n\t<meta name=\"twitter:label2\" content=\"Est. tempo de leitura\" \/>\n\t<meta name=\"twitter:data2\" content=\"5 minutos\" \/>\n<script type=\"application\/ld+json\" class=\"yoast-schema-graph\">{\"@context\":\"https:\/\/schema.org\",\"@graph\":[{\"@type\":\"WebSite\",\"@id\":\"https:\/\/www.adf.org.br\/home\/#website\",\"url\":\"https:\/\/www.adf.org.br\/home\/\",\"name\":\"Associa\\u00e7\\u00e3o Devotos de F\\u00e1tima\",\"description\":\"Associa\\u00e7\\u00e3o Devotos de F\\u00e1tima\",\"potentialAction\":[{\"@type\":\"SearchAction\",\"target\":{\"@type\":\"EntryPoint\",\"urlTemplate\":\"https:\/\/www.adf.org.br\/home\/?s={search_term_string}\"},\"query-input\":\"required name=search_term_string\"}],\"inLanguage\":\"pt-BR\"},{\"@type\":\"ImageObject\",\"@id\":\"https:\/\/www.adf.org.br\/home\/o-pedido-esquecido-de-nossa-senhora-entenda-como-isso-ocorreu\/#primaryimage\",\"inLanguage\":\"pt-BR\",\"url\":\"https:\/\/www.adf.org.br\/home\/wp-content\/uploads\/2022\/08\/Design-sem-nome-20.png\",\"contentUrl\":\"https:\/\/www.adf.org.br\/home\/wp-content\/uploads\/2022\/08\/Design-sem-nome-20.png\",\"width\":1640,\"height\":924},{\"@type\":\"WebPage\",\"@id\":\"https:\/\/www.adf.org.br\/home\/o-pedido-esquecido-de-nossa-senhora-entenda-como-isso-ocorreu\/#webpage\",\"url\":\"https:\/\/www.adf.org.br\/home\/o-pedido-esquecido-de-nossa-senhora-entenda-como-isso-ocorreu\/\",\"name\":\"O pedido esquecido de Nossa Senhora - Entenda como isso ocorreu\",\"isPartOf\":{\"@id\":\"https:\/\/www.adf.org.br\/home\/#website\"},\"primaryImageOfPage\":{\"@id\":\"https:\/\/www.adf.org.br\/home\/o-pedido-esquecido-de-nossa-senhora-entenda-como-isso-ocorreu\/#primaryimage\"},\"datePublished\":\"2022-08-31T03:00:03+00:00\",\"dateModified\":\"2022-08-31T17:14:57+00:00\",\"author\":{\"@id\":\"https:\/\/www.adf.org.br\/home\/#\/schema\/person\/f35a5c5aa7728a3dedf4ea9aa1fc2753\"},\"description\":\"Se voc\\u00ea \\u00e9 curioso(a), vai ficar impressionado com essa hist\\u00f3ria do pedido esquecido de Nossa Senhora. Clique aqui e saiba mais.\",\"breadcrumb\":{\"@id\":\"https:\/\/www.adf.org.br\/home\/o-pedido-esquecido-de-nossa-senhora-entenda-como-isso-ocorreu\/#breadcrumb\"},\"inLanguage\":\"pt-BR\",\"potentialAction\":[{\"@type\":\"ReadAction\",\"target\":[\"https:\/\/www.adf.org.br\/home\/o-pedido-esquecido-de-nossa-senhora-entenda-como-isso-ocorreu\/\"]}]},{\"@type\":\"BreadcrumbList\",\"@id\":\"https:\/\/www.adf.org.br\/home\/o-pedido-esquecido-de-nossa-senhora-entenda-como-isso-ocorreu\/#breadcrumb\",\"itemListElement\":[{\"@type\":\"ListItem\",\"position\":1,\"name\":\"Home\",\"item\":\"https:\/\/www.adf.org.br\/home\/\"},{\"@type\":\"ListItem\",\"position\":2,\"name\":\"O pedido esquecido de Nossa Senhora &#8211; Entenda como isso ocorreu\"}]},{\"@type\":\"Person\",\"@id\":\"https:\/\/www.adf.org.br\/home\/#\/schema\/person\/f35a5c5aa7728a3dedf4ea9aa1fc2753\",\"name\":\"Gabriel Barbosa\",\"image\":{\"@type\":\"ImageObject\",\"@id\":\"https:\/\/www.adf.org.br\/home\/#personlogo\",\"inLanguage\":\"pt-BR\",\"url\":\"https:\/\/secure.gravatar.com\/avatar\/2b2cb2f4637682c5605e8d36818f51ef?s=96&d=mm&r=g\",\"contentUrl\":\"https:\/\/secure.gravatar.com\/avatar\/2b2cb2f4637682c5605e8d36818f51ef?s=96&d=mm&r=g\",\"caption\":\"Gabriel Barbosa\"},\"url\":\"https:\/\/www.adf.org.br\/home\/author\/gabrielpmk-com-br\/\"}]}<\/script>\n<!-- \/ Yoast SEO plugin. -->","yoast_head_json":{"title":"O pedido esquecido de Nossa Senhora - Entenda como isso ocorreu","description":"Se voc\u00ea \u00e9 curioso(a), vai ficar impressionado com essa hist\u00f3ria do pedido esquecido de Nossa Senhora. Clique aqui e saiba mais.","robots":{"index":"index","follow":"follow","max-snippet":"max-snippet:-1","max-image-preview":"max-image-preview:large","max-video-preview":"max-video-preview:-1"},"canonical":"https:\/\/www.adf.org.br\/home\/o-pedido-esquecido-de-nossa-senhora-entenda-como-isso-ocorreu\/","og_locale":"pt_BR","og_type":"article","og_title":"O pedido esquecido de Nossa Senhora - Entenda como isso ocorreu","og_description":"Se voc\u00ea \u00e9 curioso(a), vai ficar impressionado com essa hist\u00f3ria do pedido esquecido de Nossa Senhora. Clique aqui e saiba mais.","og_url":"https:\/\/www.adf.org.br\/home\/o-pedido-esquecido-de-nossa-senhora-entenda-como-isso-ocorreu\/","og_site_name":"Associa\u00e7\u00e3o Devotos de F\u00e1tima","article_published_time":"2022-08-31T03:00:03+00:00","article_modified_time":"2022-08-31T17:14:57+00:00","og_image":[{"width":1640,"height":924,"url":"https:\/\/www.adf.org.br\/home\/wp-content\/uploads\/2022\/08\/Design-sem-nome-20.png","type":"image\/png"}],"twitter_card":"summary_large_image","twitter_misc":{"Escrito por":"Gabriel Barbosa","Est. tempo de leitura":"5 minutos"},"schema":{"@context":"https:\/\/schema.org","@graph":[{"@type":"WebSite","@id":"https:\/\/www.adf.org.br\/home\/#website","url":"https:\/\/www.adf.org.br\/home\/","name":"Associa\u00e7\u00e3o Devotos de F\u00e1tima","description":"Associa\u00e7\u00e3o Devotos de F\u00e1tima","potentialAction":[{"@type":"SearchAction","target":{"@type":"EntryPoint","urlTemplate":"https:\/\/www.adf.org.br\/home\/?s={search_term_string}"},"query-input":"required name=search_term_string"}],"inLanguage":"pt-BR"},{"@type":"ImageObject","@id":"https:\/\/www.adf.org.br\/home\/o-pedido-esquecido-de-nossa-senhora-entenda-como-isso-ocorreu\/#primaryimage","inLanguage":"pt-BR","url":"https:\/\/www.adf.org.br\/home\/wp-content\/uploads\/2022\/08\/Design-sem-nome-20.png","contentUrl":"https:\/\/www.adf.org.br\/home\/wp-content\/uploads\/2022\/08\/Design-sem-nome-20.png","width":1640,"height":924},{"@type":"WebPage","@id":"https:\/\/www.adf.org.br\/home\/o-pedido-esquecido-de-nossa-senhora-entenda-como-isso-ocorreu\/#webpage","url":"https:\/\/www.adf.org.br\/home\/o-pedido-esquecido-de-nossa-senhora-entenda-como-isso-ocorreu\/","name":"O pedido esquecido de Nossa Senhora - Entenda como isso ocorreu","isPartOf":{"@id":"https:\/\/www.adf.org.br\/home\/#website"},"primaryImageOfPage":{"@id":"https:\/\/www.adf.org.br\/home\/o-pedido-esquecido-de-nossa-senhora-entenda-como-isso-ocorreu\/#primaryimage"},"datePublished":"2022-08-31T03:00:03+00:00","dateModified":"2022-08-31T17:14:57+00:00","author":{"@id":"https:\/\/www.adf.org.br\/home\/#\/schema\/person\/f35a5c5aa7728a3dedf4ea9aa1fc2753"},"description":"Se voc\u00ea \u00e9 curioso(a), vai ficar impressionado com essa hist\u00f3ria do pedido esquecido de Nossa Senhora. Clique aqui e saiba mais.","breadcrumb":{"@id":"https:\/\/www.adf.org.br\/home\/o-pedido-esquecido-de-nossa-senhora-entenda-como-isso-ocorreu\/#breadcrumb"},"inLanguage":"pt-BR","potentialAction":[{"@type":"ReadAction","target":["https:\/\/www.adf.org.br\/home\/o-pedido-esquecido-de-nossa-senhora-entenda-como-isso-ocorreu\/"]}]},{"@type":"BreadcrumbList","@id":"https:\/\/www.adf.org.br\/home\/o-pedido-esquecido-de-nossa-senhora-entenda-como-isso-ocorreu\/#breadcrumb","itemListElement":[{"@type":"ListItem","position":1,"name":"Home","item":"https:\/\/www.adf.org.br\/home\/"},{"@type":"ListItem","position":2,"name":"O pedido esquecido de Nossa Senhora &#8211; Entenda como isso ocorreu"}]},{"@type":"Person","@id":"https:\/\/www.adf.org.br\/home\/#\/schema\/person\/f35a5c5aa7728a3dedf4ea9aa1fc2753","name":"Gabriel Barbosa","image":{"@type":"ImageObject","@id":"https:\/\/www.adf.org.br\/home\/#personlogo","inLanguage":"pt-BR","url":"https:\/\/secure.gravatar.com\/avatar\/2b2cb2f4637682c5605e8d36818f51ef?s=96&d=mm&r=g","contentUrl":"https:\/\/secure.gravatar.com\/avatar\/2b2cb2f4637682c5605e8d36818f51ef?s=96&d=mm&r=g","caption":"Gabriel Barbosa"},"url":"https:\/\/www.adf.org.br\/home\/author\/gabrielpmk-com-br\/"}]}},"_links":{"self":[{"href":"https:\/\/www.adf.org.br\/home\/wp-json\/wp\/v2\/posts\/69517"}],"collection":[{"href":"https:\/\/www.adf.org.br\/home\/wp-json\/wp\/v2\/posts"}],"about":[{"href":"https:\/\/www.adf.org.br\/home\/wp-json\/wp\/v2\/types\/post"}],"author":[{"embeddable":true,"href":"https:\/\/www.adf.org.br\/home\/wp-json\/wp\/v2\/users\/31"}],"replies":[{"embeddable":true,"href":"https:\/\/www.adf.org.br\/home\/wp-json\/wp\/v2\/comments?post=69517"}],"version-history":[{"count":6,"href":"https:\/\/www.adf.org.br\/home\/wp-json\/wp\/v2\/posts\/69517\/revisions"}],"predecessor-version":[{"id":69525,"href":"https:\/\/www.adf.org.br\/home\/wp-json\/wp\/v2\/posts\/69517\/revisions\/69525"}],"wp:featuredmedia":[{"embeddable":true,"href":"https:\/\/www.adf.org.br\/home\/wp-json\/wp\/v2\/media\/69692"}],"wp:attachment":[{"href":"https:\/\/www.adf.org.br\/home\/wp-json\/wp\/v2\/media?parent=69517"}],"wp:term":[{"taxonomy":"category","embeddable":true,"href":"https:\/\/www.adf.org.br\/home\/wp-json\/wp\/v2\/categories?post=69517"},{"taxonomy":"post_tag","embeddable":true,"href":"https:\/\/www.adf.org.br\/home\/wp-json\/wp\/v2\/tags?post=69517"}],"curies":[{"name":"wp","href":"https:\/\/api.w.org\/{rel}","templated":true}]}}