{"id":69512,"date":"2022-08-30T00:00:27","date_gmt":"2022-08-30T03:00:27","guid":{"rendered":"https:\/\/www.adf.org.br\/home\/?p=69512"},"modified":"2022-09-08T16:35:39","modified_gmt":"2022-09-08T19:35:39","slug":"oracao-em-honra-de-maria-como-rainha-e-mae-de-todos-nos-reze-conosco","status":"publish","type":"post","link":"https:\/\/www.adf.org.br\/home\/oracao-em-honra-de-maria-como-rainha-e-mae-de-todos-nos-reze-conosco\/","title":{"rendered":"Ora\u00e7\u00e3o em honra de Maria como Rainha e M\u00e3e de todos n\u00f3s &#8211; Reze Conosco"},"content":{"rendered":"<h2 style=\"text-align: center;\"><span style=\"color: #000000;\">Ora\u00e7\u00e3o em honra de Maria como Rainha e M\u00e3e de todos n\u00f3s &#8211; Reze Conosco<\/span><\/h2>\n<p>&nbsp;<\/p>\n<figure id=\"attachment_69513\" aria-describedby=\"caption-attachment-69513\" style=\"width: 693px\" class=\"wp-caption aligncenter\"><a href=\"https:\/\/www.adf.org.br\/home\/wp-content\/uploads\/2022\/08\/web3-queen-blessed-virgin-mary-madonna-jesus-infant-shutterstock_243796993-renata-sedmakova-shutterstock.webp\"><img loading=\"lazy\" class=\"wp-image-69513 size-full\" src=\"https:\/\/www.adf.org.br\/home\/wp-content\/uploads\/2022\/08\/web3-queen-blessed-virgin-mary-madonna-jesus-infant-shutterstock_243796993-renata-sedmakova-shutterstock.webp\" alt=\"\" width=\"693\" height=\"390\" \/><\/a><figcaption id=\"caption-attachment-69513\" class=\"wp-caption-text\"><center>Nossa Senhora, rogai por n\u00f3s<\/center><\/figcaption><\/figure>\n<p><span style=\"color: #000000;\"><span style=\"color: #800080; font-size: 32px;\"><strong>P<\/strong><\/span>or vezes esquecemo-nos da b\u00ean\u00e7\u00e3o que temos em <span style=\"color: #0000ff;\"><a style=\"color: #0000ff;\" href=\"https:\/\/adf.org.br\/velario\/mariasantissima?origem=24656\" target=\"_blank\" rel=\"noopener\"><strong>Maria, Rainha e M\u00e3e de todos n\u00f3s<\/strong><\/a><\/span>. Ela \u00e9 a nossa advogada perante Deus, ajudando-nos com sua intercess\u00e3o.<\/span><\/p>\n<p><span style=\"font-weight: 400; color: #000000;\">Aqui est\u00e1 a ora\u00e7\u00e3o, louvando a Deus por um dom t\u00e3o grande como Maria, Rainha e M\u00e3e.<\/span><\/p>\n<p style=\"text-align: center;\"><span style=\"color: #000000;\"><i><span style=\"font-weight: 400;\">Deus Todo-Poderoso, nosso Pai,<\/span><\/i><\/span><\/p>\n<p style=\"text-align: center;\"><span style=\"color: #000000;\"><i><span style=\"font-weight: 400;\">que nos deste Maria, a M\u00e3e do Vosso Filho,<\/span><\/i><\/span><\/p>\n<p style=\"text-align: center;\"><span style=\"color: #000000;\"><i><span style=\"font-weight: 400;\">para ser a nossa M\u00e3e e Rainha.<\/span><\/i><\/span><\/p>\n<p style=\"text-align: center;\"><span style=\"color: #000000;\"><i><span style=\"font-weight: 400;\">Conceda-nos que, apoiados pelas Suas ora\u00e7\u00f5es,<\/span><\/i><\/span><\/p>\n<p style=\"text-align: center;\"><span style=\"color: #000000;\"><i><span style=\"font-weight: 400;\">possamos ir para o Reino dos C\u00e9us<\/span><\/i><\/span><\/p>\n<p style=\"text-align: center;\"><span style=\"color: #000000;\"><i><span style=\"font-weight: 400;\">e para a gl\u00f3ria destinada aos Vossos filhos.<\/span><\/i><\/span><\/p>\n<p style=\"text-align: center;\"><span style=\"color: #000000;\"><i><span style=\"font-weight: 400;\">Por Nosso Senhor Jesus Cristo, vosso Filho,<\/span><\/i><\/span><\/p>\n<p style=\"text-align: center;\"><span style=\"color: #000000;\"><i><span style=\"font-weight: 400;\">que convosco vive e reina, na unidade do Esp\u00edrito Santo.<\/span><\/i><\/span><\/p>\n<p style=\"text-align: center;\"><span style=\"color: #000000;\"><i><span style=\"font-weight: 400;\">Am\u00e9m.<\/span><\/i><\/span><\/p>\n<h6 style=\"text-align: right;\"><span style=\"color: #000000;\"><b>Fonte: Aleteia<\/b><\/span><\/h6>\n<hr \/>\n<p><span style=\"color: #000000;\">Em honra da Virgem Maria, nossa M\u00e3e, tenhamos a sabedoria de am\u00e1-La como M\u00e3e e como Rainha.<\/span><\/p>\n<p><span style=\"color: #000000;\">N\u00f3s como Filhos, devemos respeit\u00e1-La sob todos os aspectos, para conosco sermos servos de Nosso Senhor.<\/span><\/p>\n<p><span style=\"color: #000000;\"><strong>Faremos celebrar neste s\u00e1bado a Missa de S\u00faplicas a Maria Sant\u00edssima.<\/strong><\/span><\/p>\n<p><span style=\"color: #000000;\">Por isso, n\u00e3o deixe de colocar suas inten\u00e7\u00f5es nessa celebra\u00e7\u00e3o. Para isso, basta&#8230;<\/span><\/p>\n<h3 style=\"text-align: center;\"><span style=\"text-decoration: underline;\"><span style=\"color: #0000ff; text-decoration: underline;\"><a style=\"color: #0000ff; text-decoration: underline;\" href=\"https:\/\/adf.org.br\/velario\/mariasantissima?origem=24656\" target=\"_blank\" rel=\"noopener\">Acender aqui a Vela de S\u00faplicas a Maria Sant\u00edssima<\/a><\/span>!<\/span><\/h3>\n<p>&nbsp;<\/p>\n<p style=\"text-align: left;\"><span style=\"color: #000000;\">Aproveite para pedir TUDO que voc\u00ea precisa \u00e0 Nossa M\u00e3e.\u00a0<\/span><\/p>\n<p><span style=\"color: #000000;\">Ela nunca nos deixa desamparados.<\/span><\/p>\n<p style=\"text-align: center;\"><strong><span style=\"color: #800080;\"><em>A Virgem Maria quer interceder pela sua vida.\u00a0<\/em><\/span><\/strong><\/p>\n","protected":false},"excerpt":{"rendered":"<p>Ora\u00e7\u00e3o em honra de Maria como Rainha e M\u00e3e de todos n\u00f3s &#8211; Reze Conosco &nbsp; Por vezes esquecemo-nos da b\u00ean\u00e7\u00e3o que temos em Maria, Rainha e M\u00e3e de todos n\u00f3s. Ela \u00e9 a nossa advogada perante Deus, ajudando-nos com sua intercess\u00e3o. Aqui est\u00e1 a ora\u00e7\u00e3o, louvando a Deus por um dom t\u00e3o grande como [&hellip;]<\/p>\n","protected":false},"author":31,"featured_media":69513,"comment_status":"open","ping_status":"open","sticky":false,"template":"","format":"standard","meta":[],"categories":[56,2332],"tags":[646,38,669,470],"yoast_head":"<!-- This site is optimized with the Yoast SEO plugin v17.4 - https:\/\/yoast.com\/wordpress\/plugins\/seo\/ -->\n<title>Ora\u00e7\u00e3o em honra de Maria como Rainha e M\u00e3e de todos n\u00f3s - Reze Conosco<\/title>\n<meta name=\"description\" content=\"Reze Conosco esta linda Ora\u00e7\u00e3o em honra de Maria como Rainha e M\u00e3e de todos n\u00f3s. Pe\u00e7amos a Ela sua prote\u00e7\u00e3o e sabedoria como Filhos.\" \/>\n<meta name=\"robots\" content=\"index, follow, max-snippet:-1, max-image-preview:large, max-video-preview:-1\" \/>\n<link rel=\"canonical\" href=\"https:\/\/www.adf.org.br\/home\/oracao-em-honra-de-maria-como-rainha-e-mae-de-todos-nos-reze-conosco\/\" \/>\n<meta property=\"og:locale\" content=\"pt_BR\" \/>\n<meta property=\"og:type\" content=\"article\" \/>\n<meta property=\"og:title\" content=\"Ora\u00e7\u00e3o em honra de Maria como Rainha e M\u00e3e de todos n\u00f3s - Reze Conosco\" \/>\n<meta property=\"og:description\" content=\"Reze Conosco esta linda Ora\u00e7\u00e3o em honra de Maria como Rainha e M\u00e3e de todos n\u00f3s. Pe\u00e7amos a Ela sua prote\u00e7\u00e3o e sabedoria como Filhos.\" \/>\n<meta property=\"og:url\" content=\"https:\/\/www.adf.org.br\/home\/oracao-em-honra-de-maria-como-rainha-e-mae-de-todos-nos-reze-conosco\/\" \/>\n<meta property=\"og:site_name\" content=\"Associa\u00e7\u00e3o Devotos de F\u00e1tima\" \/>\n<meta property=\"article:published_time\" content=\"2022-08-30T03:00:27+00:00\" \/>\n<meta property=\"article:modified_time\" content=\"2022-09-08T19:35:39+00:00\" \/>\n<meta name=\"twitter:card\" content=\"summary_large_image\" \/>\n<meta name=\"twitter:image\" content=\"https:\/\/www.adf.org.br\/home\/wp-content\/uploads\/2022\/08\/web3-queen-blessed-virgin-mary-madonna-jesus-infant-shutterstock_243796993-renata-sedmakova-shutterstock.webp\" \/>\n<meta name=\"twitter:label1\" content=\"Escrito por\" \/>\n\t<meta name=\"twitter:data1\" content=\"Gabriel Barbosa\" \/>\n\t<meta name=\"twitter:label2\" content=\"Est. tempo de leitura\" \/>\n\t<meta name=\"twitter:data2\" content=\"1 minuto\" \/>\n<script type=\"application\/ld+json\" class=\"yoast-schema-graph\">{\"@context\":\"https:\/\/schema.org\",\"@graph\":[{\"@type\":\"WebSite\",\"@id\":\"https:\/\/www.adf.org.br\/home\/#website\",\"url\":\"https:\/\/www.adf.org.br\/home\/\",\"name\":\"Associa\\u00e7\\u00e3o Devotos de F\\u00e1tima\",\"description\":\"Associa\\u00e7\\u00e3o Devotos de F\\u00e1tima\",\"potentialAction\":[{\"@type\":\"SearchAction\",\"target\":{\"@type\":\"EntryPoint\",\"urlTemplate\":\"https:\/\/www.adf.org.br\/home\/?s={search_term_string}\"},\"query-input\":\"required name=search_term_string\"}],\"inLanguage\":\"pt-BR\"},{\"@type\":\"ImageObject\",\"@id\":\"https:\/\/www.adf.org.br\/home\/oracao-em-honra-de-maria-como-rainha-e-mae-de-todos-nos-reze-conosco\/#primaryimage\",\"inLanguage\":\"pt-BR\",\"url\":\"https:\/\/www.adf.org.br\/home\/wp-content\/uploads\/2022\/08\/web3-queen-blessed-virgin-mary-madonna-jesus-infant-shutterstock_243796993-renata-sedmakova-shutterstock.webp\",\"contentUrl\":\"https:\/\/www.adf.org.br\/home\/wp-content\/uploads\/2022\/08\/web3-queen-blessed-virgin-mary-madonna-jesus-infant-shutterstock_243796993-renata-sedmakova-shutterstock.webp\",\"width\":620,\"height\":310},{\"@type\":\"WebPage\",\"@id\":\"https:\/\/www.adf.org.br\/home\/oracao-em-honra-de-maria-como-rainha-e-mae-de-todos-nos-reze-conosco\/#webpage\",\"url\":\"https:\/\/www.adf.org.br\/home\/oracao-em-honra-de-maria-como-rainha-e-mae-de-todos-nos-reze-conosco\/\",\"name\":\"Ora\\u00e7\\u00e3o em honra de Maria como Rainha e M\\u00e3e de todos n\\u00f3s - Reze Conosco\",\"isPartOf\":{\"@id\":\"https:\/\/www.adf.org.br\/home\/#website\"},\"primaryImageOfPage\":{\"@id\":\"https:\/\/www.adf.org.br\/home\/oracao-em-honra-de-maria-como-rainha-e-mae-de-todos-nos-reze-conosco\/#primaryimage\"},\"datePublished\":\"2022-08-30T03:00:27+00:00\",\"dateModified\":\"2022-09-08T19:35:39+00:00\",\"author\":{\"@id\":\"https:\/\/www.adf.org.br\/home\/#\/schema\/person\/f35a5c5aa7728a3dedf4ea9aa1fc2753\"},\"description\":\"Reze Conosco esta linda Ora\\u00e7\\u00e3o em honra de Maria como Rainha e M\\u00e3e de todos n\\u00f3s. Pe\\u00e7amos a Ela sua prote\\u00e7\\u00e3o e sabedoria como Filhos.\",\"breadcrumb\":{\"@id\":\"https:\/\/www.adf.org.br\/home\/oracao-em-honra-de-maria-como-rainha-e-mae-de-todos-nos-reze-conosco\/#breadcrumb\"},\"inLanguage\":\"pt-BR\",\"potentialAction\":[{\"@type\":\"ReadAction\",\"target\":[\"https:\/\/www.adf.org.br\/home\/oracao-em-honra-de-maria-como-rainha-e-mae-de-todos-nos-reze-conosco\/\"]}]},{\"@type\":\"BreadcrumbList\",\"@id\":\"https:\/\/www.adf.org.br\/home\/oracao-em-honra-de-maria-como-rainha-e-mae-de-todos-nos-reze-conosco\/#breadcrumb\",\"itemListElement\":[{\"@type\":\"ListItem\",\"position\":1,\"name\":\"Home\",\"item\":\"https:\/\/www.adf.org.br\/home\/\"},{\"@type\":\"ListItem\",\"position\":2,\"name\":\"Ora\\u00e7\\u00e3o em honra de Maria como Rainha e M\\u00e3e de todos n\\u00f3s &#8211; Reze Conosco\"}]},{\"@type\":\"Person\",\"@id\":\"https:\/\/www.adf.org.br\/home\/#\/schema\/person\/f35a5c5aa7728a3dedf4ea9aa1fc2753\",\"name\":\"Gabriel Barbosa\",\"image\":{\"@type\":\"ImageObject\",\"@id\":\"https:\/\/www.adf.org.br\/home\/#personlogo\",\"inLanguage\":\"pt-BR\",\"url\":\"https:\/\/secure.gravatar.com\/avatar\/2b2cb2f4637682c5605e8d36818f51ef?s=96&d=mm&r=g\",\"contentUrl\":\"https:\/\/secure.gravatar.com\/avatar\/2b2cb2f4637682c5605e8d36818f51ef?s=96&d=mm&r=g\",\"caption\":\"Gabriel Barbosa\"},\"url\":\"https:\/\/www.adf.org.br\/home\/author\/gabrielpmk-com-br\/\"}]}<\/script>\n<!-- \/ Yoast SEO plugin. -->","yoast_head_json":{"title":"Ora\u00e7\u00e3o em honra de Maria como Rainha e M\u00e3e de todos n\u00f3s - Reze Conosco","description":"Reze Conosco esta linda Ora\u00e7\u00e3o em honra de Maria como Rainha e M\u00e3e de todos n\u00f3s. Pe\u00e7amos a Ela sua prote\u00e7\u00e3o e sabedoria como Filhos.","robots":{"index":"index","follow":"follow","max-snippet":"max-snippet:-1","max-image-preview":"max-image-preview:large","max-video-preview":"max-video-preview:-1"},"canonical":"https:\/\/www.adf.org.br\/home\/oracao-em-honra-de-maria-como-rainha-e-mae-de-todos-nos-reze-conosco\/","og_locale":"pt_BR","og_type":"article","og_title":"Ora\u00e7\u00e3o em honra de Maria como Rainha e M\u00e3e de todos n\u00f3s - Reze Conosco","og_description":"Reze Conosco esta linda Ora\u00e7\u00e3o em honra de Maria como Rainha e M\u00e3e de todos n\u00f3s. Pe\u00e7amos a Ela sua prote\u00e7\u00e3o e sabedoria como Filhos.","og_url":"https:\/\/www.adf.org.br\/home\/oracao-em-honra-de-maria-como-rainha-e-mae-de-todos-nos-reze-conosco\/","og_site_name":"Associa\u00e7\u00e3o Devotos de F\u00e1tima","article_published_time":"2022-08-30T03:00:27+00:00","article_modified_time":"2022-09-08T19:35:39+00:00","twitter_card":"summary_large_image","twitter_image":"https:\/\/www.adf.org.br\/home\/wp-content\/uploads\/2022\/08\/web3-queen-blessed-virgin-mary-madonna-jesus-infant-shutterstock_243796993-renata-sedmakova-shutterstock.webp","twitter_misc":{"Escrito por":"Gabriel Barbosa","Est. tempo de leitura":"1 minuto"},"schema":{"@context":"https:\/\/schema.org","@graph":[{"@type":"WebSite","@id":"https:\/\/www.adf.org.br\/home\/#website","url":"https:\/\/www.adf.org.br\/home\/","name":"Associa\u00e7\u00e3o Devotos de F\u00e1tima","description":"Associa\u00e7\u00e3o Devotos de F\u00e1tima","potentialAction":[{"@type":"SearchAction","target":{"@type":"EntryPoint","urlTemplate":"https:\/\/www.adf.org.br\/home\/?s={search_term_string}"},"query-input":"required name=search_term_string"}],"inLanguage":"pt-BR"},{"@type":"ImageObject","@id":"https:\/\/www.adf.org.br\/home\/oracao-em-honra-de-maria-como-rainha-e-mae-de-todos-nos-reze-conosco\/#primaryimage","inLanguage":"pt-BR","url":"https:\/\/www.adf.org.br\/home\/wp-content\/uploads\/2022\/08\/web3-queen-blessed-virgin-mary-madonna-jesus-infant-shutterstock_243796993-renata-sedmakova-shutterstock.webp","contentUrl":"https:\/\/www.adf.org.br\/home\/wp-content\/uploads\/2022\/08\/web3-queen-blessed-virgin-mary-madonna-jesus-infant-shutterstock_243796993-renata-sedmakova-shutterstock.webp","width":620,"height":310},{"@type":"WebPage","@id":"https:\/\/www.adf.org.br\/home\/oracao-em-honra-de-maria-como-rainha-e-mae-de-todos-nos-reze-conosco\/#webpage","url":"https:\/\/www.adf.org.br\/home\/oracao-em-honra-de-maria-como-rainha-e-mae-de-todos-nos-reze-conosco\/","name":"Ora\u00e7\u00e3o em honra de Maria como Rainha e M\u00e3e de todos n\u00f3s - Reze Conosco","isPartOf":{"@id":"https:\/\/www.adf.org.br\/home\/#website"},"primaryImageOfPage":{"@id":"https:\/\/www.adf.org.br\/home\/oracao-em-honra-de-maria-como-rainha-e-mae-de-todos-nos-reze-conosco\/#primaryimage"},"datePublished":"2022-08-30T03:00:27+00:00","dateModified":"2022-09-08T19:35:39+00:00","author":{"@id":"https:\/\/www.adf.org.br\/home\/#\/schema\/person\/f35a5c5aa7728a3dedf4ea9aa1fc2753"},"description":"Reze Conosco esta linda Ora\u00e7\u00e3o em honra de Maria como Rainha e M\u00e3e de todos n\u00f3s. Pe\u00e7amos a Ela sua prote\u00e7\u00e3o e sabedoria como Filhos.","breadcrumb":{"@id":"https:\/\/www.adf.org.br\/home\/oracao-em-honra-de-maria-como-rainha-e-mae-de-todos-nos-reze-conosco\/#breadcrumb"},"inLanguage":"pt-BR","potentialAction":[{"@type":"ReadAction","target":["https:\/\/www.adf.org.br\/home\/oracao-em-honra-de-maria-como-rainha-e-mae-de-todos-nos-reze-conosco\/"]}]},{"@type":"BreadcrumbList","@id":"https:\/\/www.adf.org.br\/home\/oracao-em-honra-de-maria-como-rainha-e-mae-de-todos-nos-reze-conosco\/#breadcrumb","itemListElement":[{"@type":"ListItem","position":1,"name":"Home","item":"https:\/\/www.adf.org.br\/home\/"},{"@type":"ListItem","position":2,"name":"Ora\u00e7\u00e3o em honra de Maria como Rainha e M\u00e3e de todos n\u00f3s &#8211; Reze Conosco"}]},{"@type":"Person","@id":"https:\/\/www.adf.org.br\/home\/#\/schema\/person\/f35a5c5aa7728a3dedf4ea9aa1fc2753","name":"Gabriel Barbosa","image":{"@type":"ImageObject","@id":"https:\/\/www.adf.org.br\/home\/#personlogo","inLanguage":"pt-BR","url":"https:\/\/secure.gravatar.com\/avatar\/2b2cb2f4637682c5605e8d36818f51ef?s=96&d=mm&r=g","contentUrl":"https:\/\/secure.gravatar.com\/avatar\/2b2cb2f4637682c5605e8d36818f51ef?s=96&d=mm&r=g","caption":"Gabriel Barbosa"},"url":"https:\/\/www.adf.org.br\/home\/author\/gabrielpmk-com-br\/"}]}},"_links":{"self":[{"href":"https:\/\/www.adf.org.br\/home\/wp-json\/wp\/v2\/posts\/69512"}],"collection":[{"href":"https:\/\/www.adf.org.br\/home\/wp-json\/wp\/v2\/posts"}],"about":[{"href":"https:\/\/www.adf.org.br\/home\/wp-json\/wp\/v2\/types\/post"}],"author":[{"embeddable":true,"href":"https:\/\/www.adf.org.br\/home\/wp-json\/wp\/v2\/users\/31"}],"replies":[{"embeddable":true,"href":"https:\/\/www.adf.org.br\/home\/wp-json\/wp\/v2\/comments?post=69512"}],"version-history":[{"count":5,"href":"https:\/\/www.adf.org.br\/home\/wp-json\/wp\/v2\/posts\/69512\/revisions"}],"predecessor-version":[{"id":69895,"href":"https:\/\/www.adf.org.br\/home\/wp-json\/wp\/v2\/posts\/69512\/revisions\/69895"}],"wp:featuredmedia":[{"embeddable":true,"href":"https:\/\/www.adf.org.br\/home\/wp-json\/wp\/v2\/media\/69513"}],"wp:attachment":[{"href":"https:\/\/www.adf.org.br\/home\/wp-json\/wp\/v2\/media?parent=69512"}],"wp:term":[{"taxonomy":"category","embeddable":true,"href":"https:\/\/www.adf.org.br\/home\/wp-json\/wp\/v2\/categories?post=69512"},{"taxonomy":"post_tag","embeddable":true,"href":"https:\/\/www.adf.org.br\/home\/wp-json\/wp\/v2\/tags?post=69512"}],"curies":[{"name":"wp","href":"https:\/\/api.w.org\/{rel}","templated":true}]}}