{"id":69479,"date":"2022-08-24T00:00:58","date_gmt":"2022-08-24T03:00:58","guid":{"rendered":"https:\/\/www.adf.org.br\/home\/?p=69479"},"modified":"2022-08-23T15:32:01","modified_gmt":"2022-08-23T18:32:01","slug":"dia-de-celebrar-a-sao-bartolomeu-um-dos-doze-apostolos","status":"publish","type":"post","link":"https:\/\/www.adf.org.br\/home\/dia-de-celebrar-a-sao-bartolomeu-um-dos-doze-apostolos\/","title":{"rendered":"Dia de celebrar a S\u00e3o Bartolomeu, um dos doze ap\u00f3stolos"},"content":{"rendered":"<h2 style=\"text-align: center;\"><span style=\"color: #000000;\">Dia de celebrar a S\u00e3o Bartolomeu, um dos doze ap\u00f3stolos<\/span><\/h2>\n<p>&nbsp;<\/p>\n<p><img loading=\"lazy\" class=\"aligncenter wp-image-69482 size-full\" src=\"https:\/\/www.adf.org.br\/home\/wp-content\/uploads\/2022\/08\/Sao-Bartolomeu3.jpg\" alt=\"\" width=\"680\" height=\"378\" srcset=\"https:\/\/www.adf.org.br\/home\/wp-content\/uploads\/2022\/08\/Sao-Bartolomeu3.jpg 680w, https:\/\/www.adf.org.br\/home\/wp-content\/uploads\/2022\/08\/Sao-Bartolomeu3-300x167.jpg 300w\" sizes=\"(max-width: 680px) 100vw, 680px\" \/><\/p>\n<p><span style=\"color: #000000;\"><span style=\"color: #800080; font-size: 32px;\"><strong>A<\/strong><\/span>\u00a0Igreja\u00a0celebra neste dia 24 de agosto<strong> S\u00e3o Bartolomeu<\/strong>, um dos doze ap\u00f3stolos, cuja figura \u2013 afirmou\u00a0Bento XVI\u00a0\u2013 \u201cmesmo sendo escassas as informa\u00e7\u00f5es acerca dele, permanece contudo diante de n\u00f3s para nos dizer que a ades\u00e3o a Jesus pode ser vivida e testemunhada tamb\u00e9m sem cumprir obras sensacionais\u201d.<\/span><\/p>\n<p><span style=\"color: #000000;\"><strong>Bartolomeu tamb\u00e9m \u00e9 identificado na B\u00edblia como Natanael<\/strong>, devido \u00e0 rela\u00e7\u00e3o com Filipe. Nascido em Can\u00e1, na Galileia, \u00e9 tido como um modelo para quem se deixa conduzir pelo outro ao Senhor.<\/span><\/p>\n<p><span style=\"color: #000000;\">O evangelho de S\u00e3o Jo\u00e3o narra que, ap\u00f3s encontrar Jesus, Filipe vai at\u00e9 Natanael e lhe diz <\/span><\/p>\n<blockquote><p><em><strong><span style=\"color: #800080;\">\u201cAchamos aquele de quem Mois\u00e9s escreveu na lei e que os profetas anunciaram: \u00e9 Jesus de Nazar\u00e9, filho de Jos\u00e9\u201d (Jo 1,45).<\/span><\/strong><\/em><\/p><\/blockquote>\n<p><span style=\"color: #000000;\">Diante disso, Natanael lan\u00e7ou a pergunta: \u201c<strong>Pode, porventura, vir coisa boa de Nazar\u00e9?<\/strong>\u201d, ao que Filipe n\u00e3o rebate, mas apenas faz o convite \u201cVem e v\u00ea\u201d (Jo 1,46).<\/span><\/p>\n<p><span style=\"color: #000000;\">Ainda segundo o evangelista, ao ver Natanael se aproximar, o pr\u00f3prio Jesus exclama: <\/span><\/p>\n<blockquote><p><em><span style=\"color: #800080;\"><strong>\u201cEis um verdadeiro israelita, no qual n\u00e3o h\u00e1 falsidade\u201d (Jo 1,47). E, ao ser questionado por Natanael de onde o conhecia, Jesus afirma que antes que fosse chamado por Filipe, j\u00e1 o via quando \u201cestavas debaixo da figueira\u201d.<\/strong><\/span><\/em><\/p><\/blockquote>\n<figure style=\"width: 306px\" class=\"wp-caption alignleft\"><img loading=\"lazy\" src=\"https:\/\/img.cancaonova.com\/cnimages\/canais\/uploads\/sites\/2\/2013\/08\/Santo-do-dia-santo-bartolomeu.png\" alt=\"S\u00e3o Bartolomeu, modelo que conduz ao Senhor\" width=\"306\" height=\"172\" \/><figcaption class=\"wp-caption-text\"><center>S\u00e3o Bartolomeu<\/center><\/figcaption><\/figure>\n<p><span style=\"color: #000000;\">A resposta de Cristo leva Natanael a proclamar esta confiss\u00e3o de f\u00e9: <\/span><\/p>\n<blockquote><p><em><strong><span style=\"color: #800080;\">\u201cMestre, tu \u00e9s o Filho de Deus, tu \u00e9s o rei de Israel\u201d (Jo 1,49). Conforme explicou Bento XVI em sua catequese de outubro de 2006, nesta exclama\u00e7\u00e3o \u201c\u00e9 dado um primeiro e importante passo no percurso de ades\u00e3o a Jesus\u201d.<\/span><\/strong><\/em><\/p><\/blockquote>\n<p><span style=\"color: #000000;\">Como um dos doze, Bartolomeu p\u00f4de acompanhar a miss\u00e3o de Jesus na terra, compartilhando seu dia a dia, seus milagres, ouvindo seus ensinamentos, testemunhando a sua ressurrei\u00e7\u00e3o. Posteriormente, recebeu, junto aos demais ap\u00f3stolos o Esp\u00edrito Santo em\u00a0Pentecostes.<\/span><\/p>\n<p><span style=\"color: #000000;\"><strong>\u201cDa sucessiva atividade apost\u00f3lica de Bartolomeu-Natanael n\u00e3o temos not\u00edcias claras\u201d, indicou o agora Papa em\u00e9rito. Por\u00e9m, recordou que \u201csegundo uma informa\u00e7\u00e3o referida pelo historiador Eus\u00e9bio do s\u00e9culo IV, um certo Panteno teria encontrado at\u00e9 na \u00cdndia os sinais de uma presen\u00e7a de Bartolomeu<\/strong>\u201d.<\/span><\/p>\n<p><span style=\"color: #000000;\">De acordo com a tradi\u00e7\u00e3o, o ap\u00f3stolo teria evangelizado na \u00cdndia, passando pela Arm\u00eania, local onde conseguiu a convers\u00e3o do rei Pol\u00edmio, de sua esposa e v\u00e1rias pessoas.<strong> Este fato gerou a inveja de sacerdotes pag\u00e3os que, insuflaram o irm\u00e3o de rei, Astiages, e conseguiram autoriza\u00e7\u00e3o para matar Bartolomeu esfolado<\/strong>.<\/span><\/p>\n<p><span style=\"color: #000000;\">Como Bartolomeu n\u00e3o morreu com o esfolamento, foi decapitado, em 24 de agosto do ano 51.<\/span><\/p>\n<h6 style=\"text-align: right;\"><span style=\"color: #000000;\">Fonte: ACI Digital<\/span><\/h6>\n<p style=\"text-align: center;\"><span style=\"color: #000000;\"><strong>***<\/strong><\/span><\/p>\n<p><a href=\"https:\/\/www.adf.org.br\/home\/pagina-de-cadastro\/?origem=24632\" target=\"_blank\" rel=\"noopener\"><img loading=\"lazy\" class=\"aligncenter\" src=\"https:\/\/www.adf.org.br\/home\/wp-content\/uploads\/2021\/07\/boletim-adf-300x100.png\" width=\"378\" height=\"126\" \/><\/a><\/p>\n","protected":false},"excerpt":{"rendered":"<p>Dia de celebrar a S\u00e3o Bartolomeu, um dos doze ap\u00f3stolos &nbsp; A\u00a0Igreja\u00a0celebra neste dia 24 de agosto S\u00e3o Bartolomeu, um dos doze ap\u00f3stolos, cuja figura \u2013 afirmou\u00a0Bento XVI\u00a0\u2013 \u201cmesmo sendo escassas as informa\u00e7\u00f5es acerca dele, permanece contudo diante de n\u00f3s para nos dizer que a ades\u00e3o a Jesus pode ser vivida e testemunhada tamb\u00e9m sem [&hellip;]<\/p>\n","protected":false},"author":31,"featured_media":69482,"comment_status":"open","ping_status":"open","sticky":false,"template":"","format":"standard","meta":[],"categories":[20],"tags":[4751],"yoast_head":"<!-- This site is optimized with the Yoast SEO plugin v17.4 - https:\/\/yoast.com\/wordpress\/plugins\/seo\/ -->\n<title>Dia de celebrar a S\u00e3o Bartolomeu, um dos doze ap\u00f3stolos - Associa\u00e7\u00e3o Devotos de F\u00e1tima<\/title>\n<meta name=\"description\" content=\"Hoje, 24 de agosto, \u00e9 o Dia de S\u00e3o Bartolomeu, um dos 12 ap\u00f3stolos que amou verdadeiramente a Deus e seus ensinamentos.\" \/>\n<meta name=\"robots\" content=\"index, follow, max-snippet:-1, max-image-preview:large, max-video-preview:-1\" \/>\n<link rel=\"canonical\" href=\"https:\/\/www.adf.org.br\/home\/dia-de-celebrar-a-sao-bartolomeu-um-dos-doze-apostolos\/\" \/>\n<meta property=\"og:locale\" content=\"pt_BR\" \/>\n<meta property=\"og:type\" content=\"article\" \/>\n<meta property=\"og:title\" content=\"Dia de celebrar a S\u00e3o Bartolomeu, um dos doze ap\u00f3stolos - Associa\u00e7\u00e3o Devotos de F\u00e1tima\" \/>\n<meta property=\"og:description\" content=\"Hoje, 24 de agosto, \u00e9 o Dia de S\u00e3o Bartolomeu, um dos 12 ap\u00f3stolos que amou verdadeiramente a Deus e seus ensinamentos.\" \/>\n<meta property=\"og:url\" content=\"https:\/\/www.adf.org.br\/home\/dia-de-celebrar-a-sao-bartolomeu-um-dos-doze-apostolos\/\" \/>\n<meta property=\"og:site_name\" content=\"Associa\u00e7\u00e3o Devotos de F\u00e1tima\" \/>\n<meta property=\"article:published_time\" content=\"2022-08-24T03:00:58+00:00\" \/>\n<meta property=\"article:modified_time\" content=\"2022-08-23T18:32:01+00:00\" \/>\n<meta property=\"og:image\" content=\"https:\/\/www.adf.org.br\/home\/wp-content\/uploads\/2022\/08\/Sao-Bartolomeu3.jpg\" \/>\n\t<meta property=\"og:image:width\" content=\"680\" \/>\n\t<meta property=\"og:image:height\" content=\"378\" \/>\n<meta name=\"twitter:card\" content=\"summary_large_image\" \/>\n<meta name=\"twitter:label1\" content=\"Escrito por\" \/>\n\t<meta name=\"twitter:data1\" content=\"Gabriel Barbosa\" \/>\n\t<meta name=\"twitter:label2\" content=\"Est. tempo de leitura\" \/>\n\t<meta name=\"twitter:data2\" content=\"2 minutos\" \/>\n<script type=\"application\/ld+json\" class=\"yoast-schema-graph\">{\"@context\":\"https:\/\/schema.org\",\"@graph\":[{\"@type\":\"WebSite\",\"@id\":\"https:\/\/www.adf.org.br\/home\/#website\",\"url\":\"https:\/\/www.adf.org.br\/home\/\",\"name\":\"Associa\\u00e7\\u00e3o Devotos de F\\u00e1tima\",\"description\":\"Associa\\u00e7\\u00e3o Devotos de F\\u00e1tima\",\"potentialAction\":[{\"@type\":\"SearchAction\",\"target\":{\"@type\":\"EntryPoint\",\"urlTemplate\":\"https:\/\/www.adf.org.br\/home\/?s={search_term_string}\"},\"query-input\":\"required name=search_term_string\"}],\"inLanguage\":\"pt-BR\"},{\"@type\":\"ImageObject\",\"@id\":\"https:\/\/www.adf.org.br\/home\/dia-de-celebrar-a-sao-bartolomeu-um-dos-doze-apostolos\/#primaryimage\",\"inLanguage\":\"pt-BR\",\"url\":\"https:\/\/www.adf.org.br\/home\/wp-content\/uploads\/2022\/08\/Sao-Bartolomeu3.jpg\",\"contentUrl\":\"https:\/\/www.adf.org.br\/home\/wp-content\/uploads\/2022\/08\/Sao-Bartolomeu3.jpg\",\"width\":680,\"height\":378},{\"@type\":\"WebPage\",\"@id\":\"https:\/\/www.adf.org.br\/home\/dia-de-celebrar-a-sao-bartolomeu-um-dos-doze-apostolos\/#webpage\",\"url\":\"https:\/\/www.adf.org.br\/home\/dia-de-celebrar-a-sao-bartolomeu-um-dos-doze-apostolos\/\",\"name\":\"Dia de celebrar a S\\u00e3o Bartolomeu, um dos doze ap\\u00f3stolos - Associa\\u00e7\\u00e3o Devotos de F\\u00e1tima\",\"isPartOf\":{\"@id\":\"https:\/\/www.adf.org.br\/home\/#website\"},\"primaryImageOfPage\":{\"@id\":\"https:\/\/www.adf.org.br\/home\/dia-de-celebrar-a-sao-bartolomeu-um-dos-doze-apostolos\/#primaryimage\"},\"datePublished\":\"2022-08-24T03:00:58+00:00\",\"dateModified\":\"2022-08-23T18:32:01+00:00\",\"author\":{\"@id\":\"https:\/\/www.adf.org.br\/home\/#\/schema\/person\/f35a5c5aa7728a3dedf4ea9aa1fc2753\"},\"description\":\"Hoje, 24 de agosto, \\u00e9 o Dia de S\\u00e3o Bartolomeu, um dos 12 ap\\u00f3stolos que amou verdadeiramente a Deus e seus ensinamentos.\",\"breadcrumb\":{\"@id\":\"https:\/\/www.adf.org.br\/home\/dia-de-celebrar-a-sao-bartolomeu-um-dos-doze-apostolos\/#breadcrumb\"},\"inLanguage\":\"pt-BR\",\"potentialAction\":[{\"@type\":\"ReadAction\",\"target\":[\"https:\/\/www.adf.org.br\/home\/dia-de-celebrar-a-sao-bartolomeu-um-dos-doze-apostolos\/\"]}]},{\"@type\":\"BreadcrumbList\",\"@id\":\"https:\/\/www.adf.org.br\/home\/dia-de-celebrar-a-sao-bartolomeu-um-dos-doze-apostolos\/#breadcrumb\",\"itemListElement\":[{\"@type\":\"ListItem\",\"position\":1,\"name\":\"Home\",\"item\":\"https:\/\/www.adf.org.br\/home\/\"},{\"@type\":\"ListItem\",\"position\":2,\"name\":\"Dia de celebrar a S\\u00e3o Bartolomeu, um dos doze ap\\u00f3stolos\"}]},{\"@type\":\"Person\",\"@id\":\"https:\/\/www.adf.org.br\/home\/#\/schema\/person\/f35a5c5aa7728a3dedf4ea9aa1fc2753\",\"name\":\"Gabriel Barbosa\",\"image\":{\"@type\":\"ImageObject\",\"@id\":\"https:\/\/www.adf.org.br\/home\/#personlogo\",\"inLanguage\":\"pt-BR\",\"url\":\"https:\/\/secure.gravatar.com\/avatar\/2b2cb2f4637682c5605e8d36818f51ef?s=96&d=mm&r=g\",\"contentUrl\":\"https:\/\/secure.gravatar.com\/avatar\/2b2cb2f4637682c5605e8d36818f51ef?s=96&d=mm&r=g\",\"caption\":\"Gabriel Barbosa\"},\"url\":\"https:\/\/www.adf.org.br\/home\/author\/gabrielpmk-com-br\/\"}]}<\/script>\n<!-- \/ Yoast SEO plugin. -->","yoast_head_json":{"title":"Dia de celebrar a S\u00e3o Bartolomeu, um dos doze ap\u00f3stolos - Associa\u00e7\u00e3o Devotos de F\u00e1tima","description":"Hoje, 24 de agosto, \u00e9 o Dia de S\u00e3o Bartolomeu, um dos 12 ap\u00f3stolos que amou verdadeiramente a Deus e seus ensinamentos.","robots":{"index":"index","follow":"follow","max-snippet":"max-snippet:-1","max-image-preview":"max-image-preview:large","max-video-preview":"max-video-preview:-1"},"canonical":"https:\/\/www.adf.org.br\/home\/dia-de-celebrar-a-sao-bartolomeu-um-dos-doze-apostolos\/","og_locale":"pt_BR","og_type":"article","og_title":"Dia de celebrar a S\u00e3o Bartolomeu, um dos doze ap\u00f3stolos - Associa\u00e7\u00e3o Devotos de F\u00e1tima","og_description":"Hoje, 24 de agosto, \u00e9 o Dia de S\u00e3o Bartolomeu, um dos 12 ap\u00f3stolos que amou verdadeiramente a Deus e seus ensinamentos.","og_url":"https:\/\/www.adf.org.br\/home\/dia-de-celebrar-a-sao-bartolomeu-um-dos-doze-apostolos\/","og_site_name":"Associa\u00e7\u00e3o Devotos de F\u00e1tima","article_published_time":"2022-08-24T03:00:58+00:00","article_modified_time":"2022-08-23T18:32:01+00:00","og_image":[{"width":680,"height":378,"url":"https:\/\/www.adf.org.br\/home\/wp-content\/uploads\/2022\/08\/Sao-Bartolomeu3.jpg","type":"image\/jpeg"}],"twitter_card":"summary_large_image","twitter_misc":{"Escrito por":"Gabriel Barbosa","Est. tempo de leitura":"2 minutos"},"schema":{"@context":"https:\/\/schema.org","@graph":[{"@type":"WebSite","@id":"https:\/\/www.adf.org.br\/home\/#website","url":"https:\/\/www.adf.org.br\/home\/","name":"Associa\u00e7\u00e3o Devotos de F\u00e1tima","description":"Associa\u00e7\u00e3o Devotos de F\u00e1tima","potentialAction":[{"@type":"SearchAction","target":{"@type":"EntryPoint","urlTemplate":"https:\/\/www.adf.org.br\/home\/?s={search_term_string}"},"query-input":"required name=search_term_string"}],"inLanguage":"pt-BR"},{"@type":"ImageObject","@id":"https:\/\/www.adf.org.br\/home\/dia-de-celebrar-a-sao-bartolomeu-um-dos-doze-apostolos\/#primaryimage","inLanguage":"pt-BR","url":"https:\/\/www.adf.org.br\/home\/wp-content\/uploads\/2022\/08\/Sao-Bartolomeu3.jpg","contentUrl":"https:\/\/www.adf.org.br\/home\/wp-content\/uploads\/2022\/08\/Sao-Bartolomeu3.jpg","width":680,"height":378},{"@type":"WebPage","@id":"https:\/\/www.adf.org.br\/home\/dia-de-celebrar-a-sao-bartolomeu-um-dos-doze-apostolos\/#webpage","url":"https:\/\/www.adf.org.br\/home\/dia-de-celebrar-a-sao-bartolomeu-um-dos-doze-apostolos\/","name":"Dia de celebrar a S\u00e3o Bartolomeu, um dos doze ap\u00f3stolos - Associa\u00e7\u00e3o Devotos de F\u00e1tima","isPartOf":{"@id":"https:\/\/www.adf.org.br\/home\/#website"},"primaryImageOfPage":{"@id":"https:\/\/www.adf.org.br\/home\/dia-de-celebrar-a-sao-bartolomeu-um-dos-doze-apostolos\/#primaryimage"},"datePublished":"2022-08-24T03:00:58+00:00","dateModified":"2022-08-23T18:32:01+00:00","author":{"@id":"https:\/\/www.adf.org.br\/home\/#\/schema\/person\/f35a5c5aa7728a3dedf4ea9aa1fc2753"},"description":"Hoje, 24 de agosto, \u00e9 o Dia de S\u00e3o Bartolomeu, um dos 12 ap\u00f3stolos que amou verdadeiramente a Deus e seus ensinamentos.","breadcrumb":{"@id":"https:\/\/www.adf.org.br\/home\/dia-de-celebrar-a-sao-bartolomeu-um-dos-doze-apostolos\/#breadcrumb"},"inLanguage":"pt-BR","potentialAction":[{"@type":"ReadAction","target":["https:\/\/www.adf.org.br\/home\/dia-de-celebrar-a-sao-bartolomeu-um-dos-doze-apostolos\/"]}]},{"@type":"BreadcrumbList","@id":"https:\/\/www.adf.org.br\/home\/dia-de-celebrar-a-sao-bartolomeu-um-dos-doze-apostolos\/#breadcrumb","itemListElement":[{"@type":"ListItem","position":1,"name":"Home","item":"https:\/\/www.adf.org.br\/home\/"},{"@type":"ListItem","position":2,"name":"Dia de celebrar a S\u00e3o Bartolomeu, um dos doze ap\u00f3stolos"}]},{"@type":"Person","@id":"https:\/\/www.adf.org.br\/home\/#\/schema\/person\/f35a5c5aa7728a3dedf4ea9aa1fc2753","name":"Gabriel Barbosa","image":{"@type":"ImageObject","@id":"https:\/\/www.adf.org.br\/home\/#personlogo","inLanguage":"pt-BR","url":"https:\/\/secure.gravatar.com\/avatar\/2b2cb2f4637682c5605e8d36818f51ef?s=96&d=mm&r=g","contentUrl":"https:\/\/secure.gravatar.com\/avatar\/2b2cb2f4637682c5605e8d36818f51ef?s=96&d=mm&r=g","caption":"Gabriel Barbosa"},"url":"https:\/\/www.adf.org.br\/home\/author\/gabrielpmk-com-br\/"}]}},"_links":{"self":[{"href":"https:\/\/www.adf.org.br\/home\/wp-json\/wp\/v2\/posts\/69479"}],"collection":[{"href":"https:\/\/www.adf.org.br\/home\/wp-json\/wp\/v2\/posts"}],"about":[{"href":"https:\/\/www.adf.org.br\/home\/wp-json\/wp\/v2\/types\/post"}],"author":[{"embeddable":true,"href":"https:\/\/www.adf.org.br\/home\/wp-json\/wp\/v2\/users\/31"}],"replies":[{"embeddable":true,"href":"https:\/\/www.adf.org.br\/home\/wp-json\/wp\/v2\/comments?post=69479"}],"version-history":[{"count":3,"href":"https:\/\/www.adf.org.br\/home\/wp-json\/wp\/v2\/posts\/69479\/revisions"}],"predecessor-version":[{"id":69485,"href":"https:\/\/www.adf.org.br\/home\/wp-json\/wp\/v2\/posts\/69479\/revisions\/69485"}],"wp:featuredmedia":[{"embeddable":true,"href":"https:\/\/www.adf.org.br\/home\/wp-json\/wp\/v2\/media\/69482"}],"wp:attachment":[{"href":"https:\/\/www.adf.org.br\/home\/wp-json\/wp\/v2\/media?parent=69479"}],"wp:term":[{"taxonomy":"category","embeddable":true,"href":"https:\/\/www.adf.org.br\/home\/wp-json\/wp\/v2\/categories?post=69479"},{"taxonomy":"post_tag","embeddable":true,"href":"https:\/\/www.adf.org.br\/home\/wp-json\/wp\/v2\/tags?post=69479"}],"curies":[{"name":"wp","href":"https:\/\/api.w.org\/{rel}","templated":true}]}}