{"id":69422,"date":"2022-08-20T00:00:40","date_gmt":"2022-08-20T03:00:40","guid":{"rendered":"https:\/\/www.adf.org.br\/home\/?p=69422"},"modified":"2022-08-17T15:17:44","modified_gmt":"2022-08-17T18:17:44","slug":"oracao-de-sao-bernardo-que-comove-o-coracao-de-maria","status":"publish","type":"post","link":"https:\/\/www.adf.org.br\/home\/oracao-de-sao-bernardo-que-comove-o-coracao-de-maria\/","title":{"rendered":"Ora\u00e7\u00e3o de S\u00e3o Bernardo que comove o cora\u00e7\u00e3o de Maria"},"content":{"rendered":"<h2 style=\"text-align: center;\"><span style=\"color: #000000;\">Ora\u00e7\u00e3o de S\u00e3o Bernardo que comove o cora\u00e7\u00e3o de Maria<\/span><\/h2>\n<p><a href=\"https:\/\/adf.org.br\/velario\/pedindoprotecao?origem=24564\" target=\"_blank\" rel=\"noopener\"><img loading=\"lazy\" class=\"aligncenter wp-image-69423 size-full\" src=\"https:\/\/www.adf.org.br\/home\/wp-content\/uploads\/2022\/08\/WEB3-MARY-VIRGIN-HELP-OF-CHRISTIANS-PERPETUAL-shutterstock_704764081.jpg\" alt=\"\" width=\"640\" height=\"360\" srcset=\"https:\/\/www.adf.org.br\/home\/wp-content\/uploads\/2022\/08\/WEB3-MARY-VIRGIN-HELP-OF-CHRISTIANS-PERPETUAL-shutterstock_704764081.jpg 640w, https:\/\/www.adf.org.br\/home\/wp-content\/uploads\/2022\/08\/WEB3-MARY-VIRGIN-HELP-OF-CHRISTIANS-PERPETUAL-shutterstock_704764081-300x169.jpg 300w\" sizes=\"(max-width: 640px) 100vw, 640px\" \/><\/a><\/p>\n<p><span style=\"color: #800080; font-size: 32px;\"><strong>O <\/strong><\/span><span style=\"color: #000000;\">\u201c<strong>Lembrai-vos<\/strong>\u201d \u00e9 uma ora\u00e7\u00e3o popular que milh\u00f5es de pessoas rezam \u00e0 <a href=\"https:\/\/adf.org.br\/velario\/pedindoprotecao?origem=24564\" target=\"_blank\" rel=\"noopener\"><span style=\"color: #0000ff;\">Virgem Maria<\/span><\/a> para expressar seu amor e confiar-lhe alguma inten\u00e7\u00e3o especial. M<\/span><span style=\"color: #000000;\">uitos a atribuem a <strong>S\u00e3o Bernardo de Clairvaux.<\/strong><\/span><\/p>\n<p><span style=\"color: #000000;\"><strong>S\u00e3o Francisco de Sales<\/strong> rezava esta ora\u00e7\u00e3o todos os dias, e <strong>Madre Teresa de Calcut\u00e1<\/strong> ensinava outras pessoas a rez\u00e1-la quando mais precisassem de ajuda.<\/span><\/p>\n<p><span style=\"color: #000000;\"><strong>Madre Teresa<\/strong> rezava o \u201cLembrai-vos\u201d sempre que se deparava com uma situa\u00e7\u00e3o de emerg\u00eancia e precisava de um milagre.<\/span><\/p>\n<h3 id=\"h-lembrai-vos\"><span style=\"color: #000000;\">Lembrai-vos<\/span><\/h3>\n<p style=\"text-align: center;\"><em><span style=\"color: #000000;\">Lembrai-vos, \u00f3 pur\u00edssima<\/span> <span style=\"color: #0000ff;\"><a style=\"color: #0000ff;\" href=\"https:\/\/adf.org.br\/velario\/pedindoprotecao?origem=24564\" target=\"_blank\" rel=\"noopener\">Virgem Maria<\/a><\/span>,<\/em><br \/>\n<span style=\"color: #000000;\"><em>de que nunca se ouviu dizer<\/em><\/span><br \/>\n<em><span style=\"color: #800080;\">que algum dos que recorreram \u00e0 vossa prote\u00e7\u00e3o<\/span>,<\/em><br \/>\n<span style=\"color: #000000;\"><em>imploraram a vossa assist\u00eancia<\/em><\/span><br \/>\n<span style=\"color: #000000;\"><em>e clamaram por vosso socorro<\/em><\/span><br \/>\n<em><span style=\"color: #800080;\">tenha sido por V\u00f3s desamparado<\/span>.<\/em><\/p>\n<p style=\"text-align: center;\"><span style=\"color: #000000;\"><em>Animado eu, pois, com igual confian\u00e7a,<\/em><\/span><br \/>\n<em><span style=\"color: #000000;\">a V\u00f3s, \u00f3<\/span> <span style=\"color: #0000ff;\"><a style=\"color: #0000ff;\" href=\"https:\/\/adf.org.br\/velario\/pedindoprotecao?origem=24564\" target=\"_blank\" rel=\"noopener\">Virgem<\/a><\/span> <span style=\"color: #000000;\">entre todas singular,<\/span><\/em><br \/>\n<span style=\"color: #800080;\"><em>como \u00e0 M\u00e3e recorro, de V\u00f3s me valho e,<\/em><\/span><br \/>\n<span style=\"color: #800080;\"><em>gemendo sob o peso dos meus pecados,<\/em><\/span><br \/>\n<em><span style=\"color: #800080;\">me prostro aos vossos p\u00e9s<\/span>.<\/em><\/p>\n<p style=\"text-align: center;\"><span style=\"color: #000000;\"><em>N\u00e3o rejeiteis as minhas s\u00faplicas,<\/em><\/span><br \/>\n<em><span style=\"color: #000000;\">\u00f3<\/span> <span style=\"color: #0000ff;\"><a style=\"color: #0000ff;\" href=\"https:\/\/adf.org.br\/velario\/pedindoprotecao?origem=24564\" target=\"_blank\" rel=\"noopener\">M\u00e3e<\/a> <\/span><span style=\"color: #000000;\">do Verbo de Deus humanado,<\/span><\/em><br \/>\n<span style=\"color: #000000;\"><strong><em>mas dignai-Vos de as ouvir prop\u00edcia,<\/em><\/strong><\/span><br \/>\n<span style=\"color: #000000;\"><em><strong>e de me alcan\u00e7ar o que vos rogo<\/strong>.<\/em><\/span><\/p>\n<p style=\"text-align: center;\"><span style=\"color: #000000;\"><em>Am\u00e9m.<\/em><\/span><\/p>\n<h6 style=\"text-align: right;\"><span style=\"color: #000000;\">Fonte: Aleteia<\/span><\/h6>\n<p style=\"text-align: center;\"><span style=\"color: #000000;\">***<\/span><\/p>\n<p><span style=\"color: #000000;\">Todos os dias, devemos nos lembrar o qu\u00e3o \u00e9 importante amar o Cora\u00e7\u00e3o de Maria.<\/span><\/p>\n<p><span style=\"color: #000000;\">A <a href=\"https:\/\/adf.org.br\/velario\/pedindoprotecao?origem=24564\" target=\"_blank\" rel=\"noopener\"><span style=\"color: #0000ff;\">Virgem Sant\u00edssima<\/span><\/a> nos d\u00e1 for\u00e7a para sermos melhores em tudo que fazemos, por isso devemos atribuir nossa vida \u00e0 Ela.\u00a0<\/span><\/p>\n<p><span style=\"color: #000000;\">Pensando nisso, hoje, faremos celebrar a <strong>Missa Pedindo a Paz e Prote\u00e7\u00e3o das Fam\u00edlias \u00e0 Nossa Senhora de F\u00e1tima<\/strong>.\u00a0<\/span><\/p>\n<p><span style=\"color: #000000;\">Ent\u00e3o, se voc\u00ea ainda n\u00e3o colocou os seus pedidos, acenda sua <strong><a href=\"https:\/\/adf.org.br\/velario\/pedindoprotecao?origem=24564\" target=\"_blank\" rel=\"noopener\"><span style=\"color: #0000ff;\">Vela Virtual<\/span><\/a><\/strong> agora mesmo.<\/span><\/p>\n<p><span style=\"color: #000000;\">Ou se preferir, clique na imagem abaixo.\u00a0<\/span><\/p>\n<p><a href=\"https:\/\/adf.org.br\/velario\/pedindoprotecao?origem=24564\" target=\"_blank\" rel=\"noopener\"><img loading=\"lazy\" class=\"size-medium wp-image-65459 aligncenter\" src=\"https:\/\/www.adf.org.br\/home\/wp-content\/uploads\/2021\/08\/Bot\u00e3o-ADF-Vel\u00e1rio-F\u00e1tima-300x173.jpg\" alt=\"\" width=\"300\" height=\"173\" srcset=\"https:\/\/www.adf.org.br\/home\/wp-content\/uploads\/2021\/08\/Bot\u00e3o-ADF-Vel\u00e1rio-F\u00e1tima-300x173.jpg 300w, https:\/\/www.adf.org.br\/home\/wp-content\/uploads\/2021\/08\/Bot\u00e3o-ADF-Vel\u00e1rio-F\u00e1tima.jpg 606w\" sizes=\"(max-width: 300px) 100vw, 300px\" \/><\/a><\/p>\n","protected":false},"excerpt":{"rendered":"<p>Ora\u00e7\u00e3o de S\u00e3o Bernardo que comove o cora\u00e7\u00e3o de Maria O \u201cLembrai-vos\u201d \u00e9 uma ora\u00e7\u00e3o popular que milh\u00f5es de pessoas rezam \u00e0 Virgem Maria para expressar seu amor e confiar-lhe alguma inten\u00e7\u00e3o especial. Muitos a atribuem a S\u00e3o Bernardo de Clairvaux. S\u00e3o Francisco de Sales rezava esta ora\u00e7\u00e3o todos os dias, e Madre Teresa de [&hellip;]<\/p>\n","protected":false},"author":31,"featured_media":69423,"comment_status":"open","ping_status":"open","sticky":false,"template":"","format":"standard","meta":[],"categories":[20,14],"tags":[2389,646,142,2124],"yoast_head":"<!-- This site is optimized with the Yoast SEO plugin v17.4 - https:\/\/yoast.com\/wordpress\/plugins\/seo\/ -->\n<title>Ora\u00e7\u00e3o de S\u00e3o Bernardo que comove o cora\u00e7\u00e3o de Maria<\/title>\n<meta name=\"description\" content=\"S\u00e3o Bernardo escreveu esta linda ora\u00e7\u00e3o que comove o Cora\u00e7\u00e3o de Maria. Ent\u00e3o, reze conosco pelo cora\u00e7\u00e3o da Imaculada.\" \/>\n<meta name=\"robots\" content=\"index, follow, max-snippet:-1, max-image-preview:large, max-video-preview:-1\" \/>\n<link rel=\"canonical\" href=\"https:\/\/www.adf.org.br\/home\/oracao-de-sao-bernardo-que-comove-o-coracao-de-maria\/\" \/>\n<meta property=\"og:locale\" content=\"pt_BR\" \/>\n<meta property=\"og:type\" content=\"article\" \/>\n<meta property=\"og:title\" content=\"Ora\u00e7\u00e3o de S\u00e3o Bernardo que comove o cora\u00e7\u00e3o de Maria\" \/>\n<meta property=\"og:description\" content=\"S\u00e3o Bernardo escreveu esta linda ora\u00e7\u00e3o que comove o Cora\u00e7\u00e3o de Maria. Ent\u00e3o, reze conosco pelo cora\u00e7\u00e3o da Imaculada.\" \/>\n<meta property=\"og:url\" content=\"https:\/\/www.adf.org.br\/home\/oracao-de-sao-bernardo-que-comove-o-coracao-de-maria\/\" \/>\n<meta property=\"og:site_name\" content=\"Associa\u00e7\u00e3o Devotos de F\u00e1tima\" \/>\n<meta property=\"article:published_time\" content=\"2022-08-20T03:00:40+00:00\" \/>\n<meta property=\"article:modified_time\" content=\"2022-08-17T18:17:44+00:00\" \/>\n<meta property=\"og:image\" content=\"https:\/\/www.adf.org.br\/home\/wp-content\/uploads\/2022\/08\/WEB3-MARY-VIRGIN-HELP-OF-CHRISTIANS-PERPETUAL-shutterstock_704764081.jpg\" \/>\n\t<meta property=\"og:image:width\" content=\"640\" \/>\n\t<meta property=\"og:image:height\" content=\"360\" \/>\n<meta name=\"twitter:card\" content=\"summary_large_image\" \/>\n<meta name=\"twitter:label1\" content=\"Escrito por\" \/>\n\t<meta name=\"twitter:data1\" content=\"Gabriel Barbosa\" \/>\n\t<meta name=\"twitter:label2\" content=\"Est. tempo de leitura\" \/>\n\t<meta name=\"twitter:data2\" content=\"1 minuto\" \/>\n<script type=\"application\/ld+json\" class=\"yoast-schema-graph\">{\"@context\":\"https:\/\/schema.org\",\"@graph\":[{\"@type\":\"WebSite\",\"@id\":\"https:\/\/www.adf.org.br\/home\/#website\",\"url\":\"https:\/\/www.adf.org.br\/home\/\",\"name\":\"Associa\\u00e7\\u00e3o Devotos de F\\u00e1tima\",\"description\":\"Associa\\u00e7\\u00e3o Devotos de F\\u00e1tima\",\"potentialAction\":[{\"@type\":\"SearchAction\",\"target\":{\"@type\":\"EntryPoint\",\"urlTemplate\":\"https:\/\/www.adf.org.br\/home\/?s={search_term_string}\"},\"query-input\":\"required name=search_term_string\"}],\"inLanguage\":\"pt-BR\"},{\"@type\":\"ImageObject\",\"@id\":\"https:\/\/www.adf.org.br\/home\/oracao-de-sao-bernardo-que-comove-o-coracao-de-maria\/#primaryimage\",\"inLanguage\":\"pt-BR\",\"url\":\"https:\/\/www.adf.org.br\/home\/wp-content\/uploads\/2022\/08\/WEB3-MARY-VIRGIN-HELP-OF-CHRISTIANS-PERPETUAL-shutterstock_704764081.jpg\",\"contentUrl\":\"https:\/\/www.adf.org.br\/home\/wp-content\/uploads\/2022\/08\/WEB3-MARY-VIRGIN-HELP-OF-CHRISTIANS-PERPETUAL-shutterstock_704764081.jpg\",\"width\":640,\"height\":360},{\"@type\":\"WebPage\",\"@id\":\"https:\/\/www.adf.org.br\/home\/oracao-de-sao-bernardo-que-comove-o-coracao-de-maria\/#webpage\",\"url\":\"https:\/\/www.adf.org.br\/home\/oracao-de-sao-bernardo-que-comove-o-coracao-de-maria\/\",\"name\":\"Ora\\u00e7\\u00e3o de S\\u00e3o Bernardo que comove o cora\\u00e7\\u00e3o de Maria\",\"isPartOf\":{\"@id\":\"https:\/\/www.adf.org.br\/home\/#website\"},\"primaryImageOfPage\":{\"@id\":\"https:\/\/www.adf.org.br\/home\/oracao-de-sao-bernardo-que-comove-o-coracao-de-maria\/#primaryimage\"},\"datePublished\":\"2022-08-20T03:00:40+00:00\",\"dateModified\":\"2022-08-17T18:17:44+00:00\",\"author\":{\"@id\":\"https:\/\/www.adf.org.br\/home\/#\/schema\/person\/f35a5c5aa7728a3dedf4ea9aa1fc2753\"},\"description\":\"S\\u00e3o Bernardo escreveu esta linda ora\\u00e7\\u00e3o que comove o Cora\\u00e7\\u00e3o de Maria. Ent\\u00e3o, reze conosco pelo cora\\u00e7\\u00e3o da Imaculada.\",\"breadcrumb\":{\"@id\":\"https:\/\/www.adf.org.br\/home\/oracao-de-sao-bernardo-que-comove-o-coracao-de-maria\/#breadcrumb\"},\"inLanguage\":\"pt-BR\",\"potentialAction\":[{\"@type\":\"ReadAction\",\"target\":[\"https:\/\/www.adf.org.br\/home\/oracao-de-sao-bernardo-que-comove-o-coracao-de-maria\/\"]}]},{\"@type\":\"BreadcrumbList\",\"@id\":\"https:\/\/www.adf.org.br\/home\/oracao-de-sao-bernardo-que-comove-o-coracao-de-maria\/#breadcrumb\",\"itemListElement\":[{\"@type\":\"ListItem\",\"position\":1,\"name\":\"Home\",\"item\":\"https:\/\/www.adf.org.br\/home\/\"},{\"@type\":\"ListItem\",\"position\":2,\"name\":\"Ora\\u00e7\\u00e3o de S\\u00e3o Bernardo que comove o cora\\u00e7\\u00e3o de Maria\"}]},{\"@type\":\"Person\",\"@id\":\"https:\/\/www.adf.org.br\/home\/#\/schema\/person\/f35a5c5aa7728a3dedf4ea9aa1fc2753\",\"name\":\"Gabriel Barbosa\",\"image\":{\"@type\":\"ImageObject\",\"@id\":\"https:\/\/www.adf.org.br\/home\/#personlogo\",\"inLanguage\":\"pt-BR\",\"url\":\"https:\/\/secure.gravatar.com\/avatar\/2b2cb2f4637682c5605e8d36818f51ef?s=96&d=mm&r=g\",\"contentUrl\":\"https:\/\/secure.gravatar.com\/avatar\/2b2cb2f4637682c5605e8d36818f51ef?s=96&d=mm&r=g\",\"caption\":\"Gabriel Barbosa\"},\"url\":\"https:\/\/www.adf.org.br\/home\/author\/gabrielpmk-com-br\/\"}]}<\/script>\n<!-- \/ Yoast SEO plugin. -->","yoast_head_json":{"title":"Ora\u00e7\u00e3o de S\u00e3o Bernardo que comove o cora\u00e7\u00e3o de Maria","description":"S\u00e3o Bernardo escreveu esta linda ora\u00e7\u00e3o que comove o Cora\u00e7\u00e3o de Maria. Ent\u00e3o, reze conosco pelo cora\u00e7\u00e3o da Imaculada.","robots":{"index":"index","follow":"follow","max-snippet":"max-snippet:-1","max-image-preview":"max-image-preview:large","max-video-preview":"max-video-preview:-1"},"canonical":"https:\/\/www.adf.org.br\/home\/oracao-de-sao-bernardo-que-comove-o-coracao-de-maria\/","og_locale":"pt_BR","og_type":"article","og_title":"Ora\u00e7\u00e3o de S\u00e3o Bernardo que comove o cora\u00e7\u00e3o de Maria","og_description":"S\u00e3o Bernardo escreveu esta linda ora\u00e7\u00e3o que comove o Cora\u00e7\u00e3o de Maria. Ent\u00e3o, reze conosco pelo cora\u00e7\u00e3o da Imaculada.","og_url":"https:\/\/www.adf.org.br\/home\/oracao-de-sao-bernardo-que-comove-o-coracao-de-maria\/","og_site_name":"Associa\u00e7\u00e3o Devotos de F\u00e1tima","article_published_time":"2022-08-20T03:00:40+00:00","article_modified_time":"2022-08-17T18:17:44+00:00","og_image":[{"width":640,"height":360,"url":"https:\/\/www.adf.org.br\/home\/wp-content\/uploads\/2022\/08\/WEB3-MARY-VIRGIN-HELP-OF-CHRISTIANS-PERPETUAL-shutterstock_704764081.jpg","type":"image\/jpeg"}],"twitter_card":"summary_large_image","twitter_misc":{"Escrito por":"Gabriel Barbosa","Est. tempo de leitura":"1 minuto"},"schema":{"@context":"https:\/\/schema.org","@graph":[{"@type":"WebSite","@id":"https:\/\/www.adf.org.br\/home\/#website","url":"https:\/\/www.adf.org.br\/home\/","name":"Associa\u00e7\u00e3o Devotos de F\u00e1tima","description":"Associa\u00e7\u00e3o Devotos de F\u00e1tima","potentialAction":[{"@type":"SearchAction","target":{"@type":"EntryPoint","urlTemplate":"https:\/\/www.adf.org.br\/home\/?s={search_term_string}"},"query-input":"required name=search_term_string"}],"inLanguage":"pt-BR"},{"@type":"ImageObject","@id":"https:\/\/www.adf.org.br\/home\/oracao-de-sao-bernardo-que-comove-o-coracao-de-maria\/#primaryimage","inLanguage":"pt-BR","url":"https:\/\/www.adf.org.br\/home\/wp-content\/uploads\/2022\/08\/WEB3-MARY-VIRGIN-HELP-OF-CHRISTIANS-PERPETUAL-shutterstock_704764081.jpg","contentUrl":"https:\/\/www.adf.org.br\/home\/wp-content\/uploads\/2022\/08\/WEB3-MARY-VIRGIN-HELP-OF-CHRISTIANS-PERPETUAL-shutterstock_704764081.jpg","width":640,"height":360},{"@type":"WebPage","@id":"https:\/\/www.adf.org.br\/home\/oracao-de-sao-bernardo-que-comove-o-coracao-de-maria\/#webpage","url":"https:\/\/www.adf.org.br\/home\/oracao-de-sao-bernardo-que-comove-o-coracao-de-maria\/","name":"Ora\u00e7\u00e3o de S\u00e3o Bernardo que comove o cora\u00e7\u00e3o de Maria","isPartOf":{"@id":"https:\/\/www.adf.org.br\/home\/#website"},"primaryImageOfPage":{"@id":"https:\/\/www.adf.org.br\/home\/oracao-de-sao-bernardo-que-comove-o-coracao-de-maria\/#primaryimage"},"datePublished":"2022-08-20T03:00:40+00:00","dateModified":"2022-08-17T18:17:44+00:00","author":{"@id":"https:\/\/www.adf.org.br\/home\/#\/schema\/person\/f35a5c5aa7728a3dedf4ea9aa1fc2753"},"description":"S\u00e3o Bernardo escreveu esta linda ora\u00e7\u00e3o que comove o Cora\u00e7\u00e3o de Maria. Ent\u00e3o, reze conosco pelo cora\u00e7\u00e3o da Imaculada.","breadcrumb":{"@id":"https:\/\/www.adf.org.br\/home\/oracao-de-sao-bernardo-que-comove-o-coracao-de-maria\/#breadcrumb"},"inLanguage":"pt-BR","potentialAction":[{"@type":"ReadAction","target":["https:\/\/www.adf.org.br\/home\/oracao-de-sao-bernardo-que-comove-o-coracao-de-maria\/"]}]},{"@type":"BreadcrumbList","@id":"https:\/\/www.adf.org.br\/home\/oracao-de-sao-bernardo-que-comove-o-coracao-de-maria\/#breadcrumb","itemListElement":[{"@type":"ListItem","position":1,"name":"Home","item":"https:\/\/www.adf.org.br\/home\/"},{"@type":"ListItem","position":2,"name":"Ora\u00e7\u00e3o de S\u00e3o Bernardo que comove o cora\u00e7\u00e3o de Maria"}]},{"@type":"Person","@id":"https:\/\/www.adf.org.br\/home\/#\/schema\/person\/f35a5c5aa7728a3dedf4ea9aa1fc2753","name":"Gabriel Barbosa","image":{"@type":"ImageObject","@id":"https:\/\/www.adf.org.br\/home\/#personlogo","inLanguage":"pt-BR","url":"https:\/\/secure.gravatar.com\/avatar\/2b2cb2f4637682c5605e8d36818f51ef?s=96&d=mm&r=g","contentUrl":"https:\/\/secure.gravatar.com\/avatar\/2b2cb2f4637682c5605e8d36818f51ef?s=96&d=mm&r=g","caption":"Gabriel Barbosa"},"url":"https:\/\/www.adf.org.br\/home\/author\/gabrielpmk-com-br\/"}]}},"_links":{"self":[{"href":"https:\/\/www.adf.org.br\/home\/wp-json\/wp\/v2\/posts\/69422"}],"collection":[{"href":"https:\/\/www.adf.org.br\/home\/wp-json\/wp\/v2\/posts"}],"about":[{"href":"https:\/\/www.adf.org.br\/home\/wp-json\/wp\/v2\/types\/post"}],"author":[{"embeddable":true,"href":"https:\/\/www.adf.org.br\/home\/wp-json\/wp\/v2\/users\/31"}],"replies":[{"embeddable":true,"href":"https:\/\/www.adf.org.br\/home\/wp-json\/wp\/v2\/comments?post=69422"}],"version-history":[{"count":6,"href":"https:\/\/www.adf.org.br\/home\/wp-json\/wp\/v2\/posts\/69422\/revisions"}],"predecessor-version":[{"id":69425,"href":"https:\/\/www.adf.org.br\/home\/wp-json\/wp\/v2\/posts\/69422\/revisions\/69425"}],"wp:featuredmedia":[{"embeddable":true,"href":"https:\/\/www.adf.org.br\/home\/wp-json\/wp\/v2\/media\/69423"}],"wp:attachment":[{"href":"https:\/\/www.adf.org.br\/home\/wp-json\/wp\/v2\/media?parent=69422"}],"wp:term":[{"taxonomy":"category","embeddable":true,"href":"https:\/\/www.adf.org.br\/home\/wp-json\/wp\/v2\/categories?post=69422"},{"taxonomy":"post_tag","embeddable":true,"href":"https:\/\/www.adf.org.br\/home\/wp-json\/wp\/v2\/tags?post=69422"}],"curies":[{"name":"wp","href":"https:\/\/api.w.org\/{rel}","templated":true}]}}