{"id":69140,"date":"2022-08-02T00:00:30","date_gmt":"2022-08-02T03:00:30","guid":{"rendered":"https:\/\/www.adf.org.br\/home\/?p=69140"},"modified":"2022-07-29T17:36:39","modified_gmt":"2022-07-29T20:36:39","slug":"fogo-destroi-carreta-com-algodao-e-imagem-de-nossa-senhora-fica-intacta-clique-aqui","status":"publish","type":"post","link":"https:\/\/www.adf.org.br\/home\/fogo-destroi-carreta-com-algodao-e-imagem-de-nossa-senhora-fica-intacta-clique-aqui\/","title":{"rendered":"Fogo destr\u00f3i carreta com algod\u00e3o e imagem de Nossa Senhora fica intacta &#8211; Clique aqui"},"content":{"rendered":"<h2 style=\"text-align: center;\"><span style=\"color: #000000;\">Fogo destr\u00f3i carreta com algod\u00e3o e imagem de Nossa Senhora fica intacta &#8211; Clique aqui<\/span><\/h2>\n<p>&nbsp;<\/p>\n<figure style=\"width: 1191px\" class=\"wp-caption alignnone\"><img loading=\"lazy\" src=\"https:\/\/midiamax.uol.com.br\/wp-content\/uploads\/2022\/07\/carreta-ok.jpg\" alt=\"nossa senhora carreta\" width=\"1191\" height=\"670\" \/><figcaption class=\"wp-caption-text\"><center>Imagem da santa fixada na porta traseira do ve\u00edculo (Foto: Cip\u00f3 Guincho)<\/center><\/figcaption><\/figure>\n<p><span style=\"color: #000000;\"><span style=\"color: #800080; font-size: 32px;\"><strong>I<\/strong><\/span>nc\u00eandio em carreta registrado na manh\u00e3 desta quinta-feira (28), em Bataguassu, intrigou diversos moradores ap\u00f3s constata\u00e7\u00e3o de fato inesperado. Ap\u00f3s o fogo destruir completamente o ve\u00edculo carregado com algod\u00e3o, brigadistas notaram que imagem de <a href=\"https:\/\/www.adf.org.br\/home\/pagina-de-cadastro\/?origem=24347\" target=\"_blank\" rel=\"noopener\"><span style=\"color: #0000ff;\"><strong>Nossa Senhora da Aparecida<\/strong><\/span><\/a> ficou intacta na porta traseira do ve\u00edculo, mesmo ap\u00f3s as fortes chamas.<\/span><\/p>\n<p><strong><span style=\"color: #000000;\">Em v\u00eddeo feito no local \u00e9 poss\u00edvel ver a carca\u00e7a da carreta completamente destru\u00eda. Apesar disso, imagem da santa fixada na porta permanece sem nenhum arranh\u00e3o.<\/span><\/strong><\/p>\n<p><span style=\"color: #000000;\">De acordo com informa\u00e7\u00f5es do site Da Hora Bataguassu, o inc\u00eandio aconteceu na BR-267, pr\u00f3ximo ao polo industrial da cidade. A principal suspeita \u00e9 de que fa\u00edscas de um inc\u00eandio quil\u00f4metros atr\u00e1s tenham atingido a carga de plumas de algod\u00e3o.<\/span><\/p>\n<p><span style=\"color: #000000;\">Aos socorristas, <strong>o motorista contou s\u00f3 ter tido\u00a0tempo\u00a0de desatrelar a cabine do restante do caminh\u00e3o assim que notou o in\u00edcio do fogo<\/strong>. \u00a0As chamas se alastraram rapidamente e destru\u00edram completamente o compartimento de cargas.<\/span><\/p>\n<p><span style=\"color: #000000;\">Funcion\u00e1rios de uma empresa da regi\u00e3o ajudaram na ocorr\u00eancia e usaram mangueiras de inc\u00eandio at\u00e9 a chega dos bombeiros e de caminh\u00e3o pipa da Prefeitura.<\/span><\/p>\n<h2 class=\"has-medium-font-size\"><span style=\"color: #000000;\"><strong>Outro caso<\/strong><\/span><\/h2>\n<p><span style=\"color: #000000;\">Caso semelhante viralizou no in\u00edcio do ano em <span style=\"color: #800080;\"><strong>Laranjeiras do Sul<\/strong><\/span>, no Paran\u00e1. A imagem de <a href=\"https:\/\/www.adf.org.br\/home\/pagina-de-cadastro\/?origem=24347\" target=\"_blank\" rel=\"noopener\"><span style=\"color: #0000ff;\"><strong>Nossa Senhora Aparecida<\/strong><\/span><\/a>, que tamb\u00e9m estava na porta traseira de uma carreta, ficou sem nenhum arranh\u00e3o ap\u00f3s inc\u00eandio destruir o ve\u00edculo na BR-158<\/span><\/p>\n<h6 style=\"text-align: right;\"><span style=\"color: #000000;\">Fonte: M\u00eddia Max Uol<\/span><\/h6>\n<p style=\"text-align: center;\"><strong>***<\/strong><\/p>\n<p><a href=\"https:\/\/www.adf.org.br\/home\/pagina-de-cadastro\/?origem=24347\" target=\"_blank\" rel=\"noopener\"><img loading=\"lazy\" class=\"wp-image-65223 aligncenter\" src=\"https:\/\/www.adf.org.br\/home\/wp-content\/uploads\/2021\/07\/boletim-adf-300x100.png\" sizes=\"(max-width: 570px) 100vw, 570px\" srcset=\"https:\/\/www.adf.org.br\/home\/wp-content\/uploads\/2021\/07\/boletim-adf-300x100.png 300w, https:\/\/www.adf.org.br\/home\/wp-content\/uploads\/2021\/07\/boletim-adf.png 600w\" alt=\"\" width=\"570\" height=\"190\" \/><\/a><\/p>\n","protected":false},"excerpt":{"rendered":"<p>Fogo destr\u00f3i carreta com algod\u00e3o e imagem de Nossa Senhora fica intacta &#8211; Clique aqui &nbsp; Inc\u00eandio em carreta registrado na manh\u00e3 desta quinta-feira (28), em Bataguassu, intrigou diversos moradores ap\u00f3s constata\u00e7\u00e3o de fato inesperado. Ap\u00f3s o fogo destruir completamente o ve\u00edculo carregado com algod\u00e3o, brigadistas notaram que imagem de Nossa Senhora da Aparecida ficou [&hellip;]<\/p>\n","protected":false},"author":31,"featured_media":69141,"comment_status":"open","ping_status":"open","sticky":false,"template":"","format":"standard","meta":[],"categories":[20],"tags":[512,92],"yoast_head":"<!-- This site is optimized with the Yoast SEO plugin v17.4 - https:\/\/yoast.com\/wordpress\/plugins\/seo\/ -->\n<title>Fogo destr\u00f3i carreta com algod\u00e3o e imagem de Nossa Senhora fica intacta - Clique aqui - Associa\u00e7\u00e3o Devotos de F\u00e1tima<\/title>\n<meta name=\"description\" content=\"Fogo destr\u00f3i carreta com algod\u00e3o e imagem de Nossa Senhora fica intacta. Clique aqui para ler a not\u00edcia completa.\" \/>\n<meta name=\"robots\" content=\"index, follow, max-snippet:-1, max-image-preview:large, max-video-preview:-1\" \/>\n<link rel=\"canonical\" href=\"https:\/\/www.adf.org.br\/home\/fogo-destroi-carreta-com-algodao-e-imagem-de-nossa-senhora-fica-intacta-clique-aqui\/\" \/>\n<meta property=\"og:locale\" content=\"pt_BR\" \/>\n<meta property=\"og:type\" content=\"article\" \/>\n<meta property=\"og:title\" content=\"Fogo destr\u00f3i carreta com algod\u00e3o e imagem de Nossa Senhora fica intacta - Clique aqui - Associa\u00e7\u00e3o Devotos de F\u00e1tima\" \/>\n<meta property=\"og:description\" content=\"Fogo destr\u00f3i carreta com algod\u00e3o e imagem de Nossa Senhora fica intacta. Clique aqui para ler a not\u00edcia completa.\" \/>\n<meta property=\"og:url\" content=\"https:\/\/www.adf.org.br\/home\/fogo-destroi-carreta-com-algodao-e-imagem-de-nossa-senhora-fica-intacta-clique-aqui\/\" \/>\n<meta property=\"og:site_name\" content=\"Associa\u00e7\u00e3o Devotos de F\u00e1tima\" \/>\n<meta property=\"article:published_time\" content=\"2022-08-02T03:00:30+00:00\" \/>\n<meta property=\"article:modified_time\" content=\"2022-07-29T20:36:39+00:00\" \/>\n<meta name=\"twitter:card\" content=\"summary_large_image\" \/>\n<meta name=\"twitter:image\" content=\"https:\/\/www.adf.org.br\/home\/wp-content\/uploads\/2022\/07\/carreta-ok.jpg.webp\" \/>\n<meta name=\"twitter:label1\" content=\"Escrito por\" \/>\n\t<meta name=\"twitter:data1\" content=\"Gabriel Barbosa\" \/>\n\t<meta name=\"twitter:label2\" content=\"Est. tempo de leitura\" \/>\n\t<meta name=\"twitter:data2\" content=\"1 minuto\" \/>\n<script type=\"application\/ld+json\" class=\"yoast-schema-graph\">{\"@context\":\"https:\/\/schema.org\",\"@graph\":[{\"@type\":\"WebSite\",\"@id\":\"https:\/\/www.adf.org.br\/home\/#website\",\"url\":\"https:\/\/www.adf.org.br\/home\/\",\"name\":\"Associa\\u00e7\\u00e3o Devotos de F\\u00e1tima\",\"description\":\"Associa\\u00e7\\u00e3o Devotos de F\\u00e1tima\",\"potentialAction\":[{\"@type\":\"SearchAction\",\"target\":{\"@type\":\"EntryPoint\",\"urlTemplate\":\"https:\/\/www.adf.org.br\/home\/?s={search_term_string}\"},\"query-input\":\"required name=search_term_string\"}],\"inLanguage\":\"pt-BR\"},{\"@type\":\"ImageObject\",\"@id\":\"https:\/\/www.adf.org.br\/home\/fogo-destroi-carreta-com-algodao-e-imagem-de-nossa-senhora-fica-intacta-clique-aqui\/#primaryimage\",\"inLanguage\":\"pt-BR\",\"url\":\"https:\/\/www.adf.org.br\/home\/wp-content\/uploads\/2022\/07\/carreta-ok.jpg.webp\",\"contentUrl\":\"https:\/\/www.adf.org.br\/home\/wp-content\/uploads\/2022\/07\/carreta-ok.jpg.webp\",\"width\":1191,\"height\":670},{\"@type\":\"WebPage\",\"@id\":\"https:\/\/www.adf.org.br\/home\/fogo-destroi-carreta-com-algodao-e-imagem-de-nossa-senhora-fica-intacta-clique-aqui\/#webpage\",\"url\":\"https:\/\/www.adf.org.br\/home\/fogo-destroi-carreta-com-algodao-e-imagem-de-nossa-senhora-fica-intacta-clique-aqui\/\",\"name\":\"Fogo destr\\u00f3i carreta com algod\\u00e3o e imagem de Nossa Senhora fica intacta - Clique aqui - Associa\\u00e7\\u00e3o Devotos de F\\u00e1tima\",\"isPartOf\":{\"@id\":\"https:\/\/www.adf.org.br\/home\/#website\"},\"primaryImageOfPage\":{\"@id\":\"https:\/\/www.adf.org.br\/home\/fogo-destroi-carreta-com-algodao-e-imagem-de-nossa-senhora-fica-intacta-clique-aqui\/#primaryimage\"},\"datePublished\":\"2022-08-02T03:00:30+00:00\",\"dateModified\":\"2022-07-29T20:36:39+00:00\",\"author\":{\"@id\":\"https:\/\/www.adf.org.br\/home\/#\/schema\/person\/f35a5c5aa7728a3dedf4ea9aa1fc2753\"},\"description\":\"Fogo destr\\u00f3i carreta com algod\\u00e3o e imagem de Nossa Senhora fica intacta. Clique aqui para ler a not\\u00edcia completa.\",\"breadcrumb\":{\"@id\":\"https:\/\/www.adf.org.br\/home\/fogo-destroi-carreta-com-algodao-e-imagem-de-nossa-senhora-fica-intacta-clique-aqui\/#breadcrumb\"},\"inLanguage\":\"pt-BR\",\"potentialAction\":[{\"@type\":\"ReadAction\",\"target\":[\"https:\/\/www.adf.org.br\/home\/fogo-destroi-carreta-com-algodao-e-imagem-de-nossa-senhora-fica-intacta-clique-aqui\/\"]}]},{\"@type\":\"BreadcrumbList\",\"@id\":\"https:\/\/www.adf.org.br\/home\/fogo-destroi-carreta-com-algodao-e-imagem-de-nossa-senhora-fica-intacta-clique-aqui\/#breadcrumb\",\"itemListElement\":[{\"@type\":\"ListItem\",\"position\":1,\"name\":\"Home\",\"item\":\"https:\/\/www.adf.org.br\/home\/\"},{\"@type\":\"ListItem\",\"position\":2,\"name\":\"Fogo destr\\u00f3i carreta com algod\\u00e3o e imagem de Nossa Senhora fica intacta &#8211; Clique aqui\"}]},{\"@type\":\"Person\",\"@id\":\"https:\/\/www.adf.org.br\/home\/#\/schema\/person\/f35a5c5aa7728a3dedf4ea9aa1fc2753\",\"name\":\"Gabriel Barbosa\",\"image\":{\"@type\":\"ImageObject\",\"@id\":\"https:\/\/www.adf.org.br\/home\/#personlogo\",\"inLanguage\":\"pt-BR\",\"url\":\"https:\/\/secure.gravatar.com\/avatar\/2b2cb2f4637682c5605e8d36818f51ef?s=96&d=mm&r=g\",\"contentUrl\":\"https:\/\/secure.gravatar.com\/avatar\/2b2cb2f4637682c5605e8d36818f51ef?s=96&d=mm&r=g\",\"caption\":\"Gabriel Barbosa\"},\"url\":\"https:\/\/www.adf.org.br\/home\/author\/gabrielpmk-com-br\/\"}]}<\/script>\n<!-- \/ Yoast SEO plugin. -->","yoast_head_json":{"title":"Fogo destr\u00f3i carreta com algod\u00e3o e imagem de Nossa Senhora fica intacta - Clique aqui - Associa\u00e7\u00e3o Devotos de F\u00e1tima","description":"Fogo destr\u00f3i carreta com algod\u00e3o e imagem de Nossa Senhora fica intacta. Clique aqui para ler a not\u00edcia completa.","robots":{"index":"index","follow":"follow","max-snippet":"max-snippet:-1","max-image-preview":"max-image-preview:large","max-video-preview":"max-video-preview:-1"},"canonical":"https:\/\/www.adf.org.br\/home\/fogo-destroi-carreta-com-algodao-e-imagem-de-nossa-senhora-fica-intacta-clique-aqui\/","og_locale":"pt_BR","og_type":"article","og_title":"Fogo destr\u00f3i carreta com algod\u00e3o e imagem de Nossa Senhora fica intacta - Clique aqui - Associa\u00e7\u00e3o Devotos de F\u00e1tima","og_description":"Fogo destr\u00f3i carreta com algod\u00e3o e imagem de Nossa Senhora fica intacta. Clique aqui para ler a not\u00edcia completa.","og_url":"https:\/\/www.adf.org.br\/home\/fogo-destroi-carreta-com-algodao-e-imagem-de-nossa-senhora-fica-intacta-clique-aqui\/","og_site_name":"Associa\u00e7\u00e3o Devotos de F\u00e1tima","article_published_time":"2022-08-02T03:00:30+00:00","article_modified_time":"2022-07-29T20:36:39+00:00","twitter_card":"summary_large_image","twitter_image":"https:\/\/www.adf.org.br\/home\/wp-content\/uploads\/2022\/07\/carreta-ok.jpg.webp","twitter_misc":{"Escrito por":"Gabriel Barbosa","Est. tempo de leitura":"1 minuto"},"schema":{"@context":"https:\/\/schema.org","@graph":[{"@type":"WebSite","@id":"https:\/\/www.adf.org.br\/home\/#website","url":"https:\/\/www.adf.org.br\/home\/","name":"Associa\u00e7\u00e3o Devotos de F\u00e1tima","description":"Associa\u00e7\u00e3o Devotos de F\u00e1tima","potentialAction":[{"@type":"SearchAction","target":{"@type":"EntryPoint","urlTemplate":"https:\/\/www.adf.org.br\/home\/?s={search_term_string}"},"query-input":"required name=search_term_string"}],"inLanguage":"pt-BR"},{"@type":"ImageObject","@id":"https:\/\/www.adf.org.br\/home\/fogo-destroi-carreta-com-algodao-e-imagem-de-nossa-senhora-fica-intacta-clique-aqui\/#primaryimage","inLanguage":"pt-BR","url":"https:\/\/www.adf.org.br\/home\/wp-content\/uploads\/2022\/07\/carreta-ok.jpg.webp","contentUrl":"https:\/\/www.adf.org.br\/home\/wp-content\/uploads\/2022\/07\/carreta-ok.jpg.webp","width":1191,"height":670},{"@type":"WebPage","@id":"https:\/\/www.adf.org.br\/home\/fogo-destroi-carreta-com-algodao-e-imagem-de-nossa-senhora-fica-intacta-clique-aqui\/#webpage","url":"https:\/\/www.adf.org.br\/home\/fogo-destroi-carreta-com-algodao-e-imagem-de-nossa-senhora-fica-intacta-clique-aqui\/","name":"Fogo destr\u00f3i carreta com algod\u00e3o e imagem de Nossa Senhora fica intacta - Clique aqui - Associa\u00e7\u00e3o Devotos de F\u00e1tima","isPartOf":{"@id":"https:\/\/www.adf.org.br\/home\/#website"},"primaryImageOfPage":{"@id":"https:\/\/www.adf.org.br\/home\/fogo-destroi-carreta-com-algodao-e-imagem-de-nossa-senhora-fica-intacta-clique-aqui\/#primaryimage"},"datePublished":"2022-08-02T03:00:30+00:00","dateModified":"2022-07-29T20:36:39+00:00","author":{"@id":"https:\/\/www.adf.org.br\/home\/#\/schema\/person\/f35a5c5aa7728a3dedf4ea9aa1fc2753"},"description":"Fogo destr\u00f3i carreta com algod\u00e3o e imagem de Nossa Senhora fica intacta. Clique aqui para ler a not\u00edcia completa.","breadcrumb":{"@id":"https:\/\/www.adf.org.br\/home\/fogo-destroi-carreta-com-algodao-e-imagem-de-nossa-senhora-fica-intacta-clique-aqui\/#breadcrumb"},"inLanguage":"pt-BR","potentialAction":[{"@type":"ReadAction","target":["https:\/\/www.adf.org.br\/home\/fogo-destroi-carreta-com-algodao-e-imagem-de-nossa-senhora-fica-intacta-clique-aqui\/"]}]},{"@type":"BreadcrumbList","@id":"https:\/\/www.adf.org.br\/home\/fogo-destroi-carreta-com-algodao-e-imagem-de-nossa-senhora-fica-intacta-clique-aqui\/#breadcrumb","itemListElement":[{"@type":"ListItem","position":1,"name":"Home","item":"https:\/\/www.adf.org.br\/home\/"},{"@type":"ListItem","position":2,"name":"Fogo destr\u00f3i carreta com algod\u00e3o e imagem de Nossa Senhora fica intacta &#8211; Clique aqui"}]},{"@type":"Person","@id":"https:\/\/www.adf.org.br\/home\/#\/schema\/person\/f35a5c5aa7728a3dedf4ea9aa1fc2753","name":"Gabriel Barbosa","image":{"@type":"ImageObject","@id":"https:\/\/www.adf.org.br\/home\/#personlogo","inLanguage":"pt-BR","url":"https:\/\/secure.gravatar.com\/avatar\/2b2cb2f4637682c5605e8d36818f51ef?s=96&d=mm&r=g","contentUrl":"https:\/\/secure.gravatar.com\/avatar\/2b2cb2f4637682c5605e8d36818f51ef?s=96&d=mm&r=g","caption":"Gabriel Barbosa"},"url":"https:\/\/www.adf.org.br\/home\/author\/gabrielpmk-com-br\/"}]}},"_links":{"self":[{"href":"https:\/\/www.adf.org.br\/home\/wp-json\/wp\/v2\/posts\/69140"}],"collection":[{"href":"https:\/\/www.adf.org.br\/home\/wp-json\/wp\/v2\/posts"}],"about":[{"href":"https:\/\/www.adf.org.br\/home\/wp-json\/wp\/v2\/types\/post"}],"author":[{"embeddable":true,"href":"https:\/\/www.adf.org.br\/home\/wp-json\/wp\/v2\/users\/31"}],"replies":[{"embeddable":true,"href":"https:\/\/www.adf.org.br\/home\/wp-json\/wp\/v2\/comments?post=69140"}],"version-history":[{"count":3,"href":"https:\/\/www.adf.org.br\/home\/wp-json\/wp\/v2\/posts\/69140\/revisions"}],"predecessor-version":[{"id":69144,"href":"https:\/\/www.adf.org.br\/home\/wp-json\/wp\/v2\/posts\/69140\/revisions\/69144"}],"wp:featuredmedia":[{"embeddable":true,"href":"https:\/\/www.adf.org.br\/home\/wp-json\/wp\/v2\/media\/69141"}],"wp:attachment":[{"href":"https:\/\/www.adf.org.br\/home\/wp-json\/wp\/v2\/media?parent=69140"}],"wp:term":[{"taxonomy":"category","embeddable":true,"href":"https:\/\/www.adf.org.br\/home\/wp-json\/wp\/v2\/categories?post=69140"},{"taxonomy":"post_tag","embeddable":true,"href":"https:\/\/www.adf.org.br\/home\/wp-json\/wp\/v2\/tags?post=69140"}],"curies":[{"name":"wp","href":"https:\/\/api.w.org\/{rel}","templated":true}]}}