{"id":69080,"date":"2022-08-01T00:00:03","date_gmt":"2022-08-01T03:00:03","guid":{"rendered":"https:\/\/www.adf.org.br\/home\/?p=69080"},"modified":"2022-07-27T14:26:05","modified_gmt":"2022-07-27T17:26:05","slug":"reze-conosco-esta-oracao-de-santo-afonso-maria-de-ligorio-para-jesus","status":"publish","type":"post","link":"https:\/\/www.adf.org.br\/home\/reze-conosco-esta-oracao-de-santo-afonso-maria-de-ligorio-para-jesus\/","title":{"rendered":"Reze Conosco esta Ora\u00e7\u00e3o de Santo Afonso Maria de Lig\u00f3rio para Jesus"},"content":{"rendered":"<h2 style=\"text-align: center;\"><span style=\"color: #000000;\">Reze Conosco esta Ora\u00e7\u00e3o de Santo Afonso Maria de Lig\u00f3rio para Jesus<\/span><\/h2>\n<p>&nbsp;<\/p>\n<figure id=\"attachment_69081\" aria-describedby=\"caption-attachment-69081\" style=\"width: 962px\" class=\"wp-caption alignnone\"><a href=\"https:\/\/adf.org.br\/terco\/?origem=24289\" target=\"_blank\" rel=\"noopener\"><img loading=\"lazy\" class=\"wp-image-69081 size-full\" src=\"https:\/\/www.adf.org.br\/home\/wp-content\/uploads\/2022\/07\/oracao-174-20210825162146.jpg\" alt=\"\" width=\"962\" height=\"600\" srcset=\"https:\/\/www.adf.org.br\/home\/wp-content\/uploads\/2022\/07\/oracao-174-20210825162146.jpg 962w, https:\/\/www.adf.org.br\/home\/wp-content\/uploads\/2022\/07\/oracao-174-20210825162146-300x187.jpg 300w, https:\/\/www.adf.org.br\/home\/wp-content\/uploads\/2022\/07\/oracao-174-20210825162146-768x479.jpg 768w\" sizes=\"(max-width: 962px) 100vw, 962px\" \/><\/a><figcaption id=\"caption-attachment-69081\" class=\"wp-caption-text\"><center>Santo Afonso Maria de Lig\u00f3rio<\/center><\/figcaption><\/figure>\n<p><span style=\"color: #800080; font-size: 32px;\"><strong>J<\/strong><\/span><span style=\"color: #000000;\">esus, meu Redentor, espero pelo vosso sangue que me tenhais perdoado todas as ofensas que vos fiz. Espero um dia ir Apari\u00e7\u00e3o de <span style=\"color: #0000ff;\"><a style=\"color: #0000ff;\" href=\"https:\/\/adf.org.br\/terco\/?origem=24289\" target=\"_blank\" rel=\"noopener\"><strong>Nossa Senhora<\/strong><\/a><\/span> a Santo Afonso vos dar gra\u00e7as no para\u00edso,<\/span> <span style=\"color: #800080;\"><strong>\u201ccantarei eternamente as miseric\u00f3rdias do Senhor\u201d<\/strong><\/span>.<\/p>\n<p><span style=\"color: #000000;\">Vejo que na minha vida passada, ca\u00ed e tornei a cair miseravelmente, <strong>porque me descuidei de vos pedir a perseveran\u00e7a na vossa gra\u00e7a<\/strong>. \u00c9 essa perseveran\u00e7a que vos suplico: <\/span><\/p>\n<blockquote><p><strong><span style=\"color: #800080;\">\u201cN\u00e3o permitais que eu me separe de v\u00f3s\u201d.<\/span><\/strong><\/p><\/blockquote>\n<p><span style=\"color: #000000;\"><strong>Fa\u00e7o o prop\u00f3sito de pedir sempre<\/strong>, especialmente quando me vir tentado a vos ofender. Jesus, assim proponho e prometo. Mas de que me servir\u00e1 esse prop\u00f3sito e essa promessa, se n\u00e3o me derdes a gra\u00e7a de recorrer a v\u00f3s? Pelos m\u00e9ritos de vossa paix\u00e3o, <strong>concedei-me a gra\u00e7a de sempre me recomendar a v\u00f3s em todas as minhas necessidades<\/strong>.<\/span><\/p>\n<p><span style=\"color: #000000;\"><a href=\"https:\/\/adf.org.br\/terco\/?origem=24289\" target=\"_blank\" rel=\"noopener\"><span style=\"color: #0000ff;\"><strong>Maria minha M\u00e3e<\/strong><\/span><\/a> e minha rainha, pelo amor que tendes a <strong>Jesus Cristo<\/strong>, eu vos suplico que me alcanceis a gra\u00e7a de recorrer sempre a vosso filho e a V\u00f3s mesma em toda minha vida. Am\u00e9m<\/span><\/p>\n<h6 style=\"text-align: right;\"><span style=\"color: #000000;\">Fonte: Ora\u00e7\u00f5es Di\u00e1rias<\/span><\/h6>\n<p style=\"text-align: center;\"><span style=\"color: #000000;\"><strong>***<\/strong><\/span><\/p>\n<p><span style=\"color: #000000;\">Assim como Santo Afonso Maria de Lig\u00f3rio, que possamos ser misericordiosos de pedir perd\u00e3o a Jesus por todas as ofensas que tenhamos feito.\u00a0<\/span><\/p>\n<p><span style=\"color: #000000;\">N\u00e3o nos esque\u00e7amos de pedir gra\u00e7as sempre a <span style=\"color: #0000ff;\"><strong><a style=\"color: #0000ff;\" href=\"https:\/\/adf.org.br\/terco\/?origem=24289\" target=\"_blank\" rel=\"noopener\">Nossa Virgem Maria<\/a><\/strong><\/span>, para que nos cubra de sabedoria e nos fa\u00e7a santo de am\u00e1-La e Jesus todos os dias.\u00a0<\/span><\/p>\n<p><span style=\"color: #000000;\">E quando tudo parecer errado, lembre-se de recorrer sempre a <strong>Virgem Sant\u00edssima<\/strong>, pois Ela est\u00e1 sempre dispon\u00edvel a nos ajudar.<\/span><\/p>\n<p><span style=\"color: #000000;\"><strong>Ent\u00e3o, para tornar isso melhor, voc\u00ea pode contar com o\u00a0<span style=\"color: #0000ff;\"><a style=\"color: #0000ff;\" href=\"https:\/\/adf.org.br\/terco\/?origem=24289\" target=\"_blank\" rel=\"noopener\">Um Ter\u00e7o Rezado por Voc\u00ea<\/a><\/span>.\u00a0<\/strong><\/span><\/p>\n<p><span style=\"color: #000000;\">Neste Apostolado, voc\u00ea pode pedir ora\u00e7\u00f5es tanto para voc\u00ea, quanto para os seus av\u00f3s.<\/span><\/p>\n<p><span style=\"color: #000000;\">Os membros deste lindo Apostolado mencionar\u00e3o o seu nome e dos seus familiares na pr\u00f3xima Missa, pedindo b\u00ean\u00e7\u00e3os na sua vida.\u00a0<strong>\u00a0<a href=\"https:\/\/adf.org.br\/terco\/?origem=24289\" target=\"_blank\" rel=\"noopener\"><span style=\"color: #0000ff;\">Acesse aqui<\/span><\/a>\u00a0<\/strong>e inclua.<\/span><\/p>\n<p><a href=\"https:\/\/adf.org.br\/terco\/?origem=24289\" target=\"_blank\" rel=\"noopener\"><img loading=\"lazy\" class=\"aligncenter\" src=\"https:\/\/adf.org.br\/home\/emkt\/0001_diego\/2022\/botao-rezar.png\" width=\"563\" height=\"189\" \/><\/a><\/p>\n","protected":false},"excerpt":{"rendered":"<p>Reze Conosco esta Ora\u00e7\u00e3o de Santo Afonso Maria de Lig\u00f3rio para Jesus &nbsp; Jesus, meu Redentor, espero pelo vosso sangue que me tenhais perdoado todas as ofensas que vos fiz. Espero um dia ir Apari\u00e7\u00e3o de Nossa Senhora a Santo Afonso vos dar gra\u00e7as no para\u00edso, \u201ccantarei eternamente as miseric\u00f3rdias do Senhor\u201d. Vejo que na [&hellip;]<\/p>\n","protected":false},"author":31,"featured_media":69081,"comment_status":"open","ping_status":"open","sticky":false,"template":"","format":"standard","meta":[],"categories":[20,56,14],"tags":[38,15,4832],"yoast_head":"<!-- This site is optimized with the Yoast SEO plugin v17.4 - https:\/\/yoast.com\/wordpress\/plugins\/seo\/ -->\n<title>Reze Conosco esta Ora\u00e7\u00e3o de Santo Afonso Maria de Lig\u00f3rio para Jesus<\/title>\n<meta name=\"description\" content=\"Reze Conosco a Ora\u00e7\u00e3o de Santo Afonso Maria de Lig\u00f3rio para Jesus e que possamos seguir seus conselhos e amar a Ele.\" \/>\n<meta name=\"robots\" content=\"index, follow, max-snippet:-1, max-image-preview:large, max-video-preview:-1\" \/>\n<link rel=\"canonical\" href=\"https:\/\/www.adf.org.br\/home\/reze-conosco-esta-oracao-de-santo-afonso-maria-de-ligorio-para-jesus\/\" \/>\n<meta property=\"og:locale\" content=\"pt_BR\" \/>\n<meta property=\"og:type\" content=\"article\" \/>\n<meta property=\"og:title\" content=\"Reze Conosco esta Ora\u00e7\u00e3o de Santo Afonso Maria de Lig\u00f3rio para Jesus\" \/>\n<meta property=\"og:description\" content=\"Reze Conosco a Ora\u00e7\u00e3o de Santo Afonso Maria de Lig\u00f3rio para Jesus e que possamos seguir seus conselhos e amar a Ele.\" \/>\n<meta property=\"og:url\" content=\"https:\/\/www.adf.org.br\/home\/reze-conosco-esta-oracao-de-santo-afonso-maria-de-ligorio-para-jesus\/\" \/>\n<meta property=\"og:site_name\" content=\"Associa\u00e7\u00e3o Devotos de F\u00e1tima\" \/>\n<meta property=\"article:published_time\" content=\"2022-08-01T03:00:03+00:00\" \/>\n<meta property=\"article:modified_time\" content=\"2022-07-27T17:26:05+00:00\" \/>\n<meta property=\"og:image\" content=\"https:\/\/www.adf.org.br\/home\/wp-content\/uploads\/2022\/07\/oracao-174-20210825162146.jpg\" \/>\n\t<meta property=\"og:image:width\" content=\"962\" \/>\n\t<meta property=\"og:image:height\" content=\"600\" \/>\n<meta name=\"twitter:card\" content=\"summary_large_image\" \/>\n<meta name=\"twitter:label1\" content=\"Escrito por\" \/>\n\t<meta name=\"twitter:data1\" content=\"Gabriel Barbosa\" \/>\n\t<meta name=\"twitter:label2\" content=\"Est. tempo de leitura\" \/>\n\t<meta name=\"twitter:data2\" content=\"2 minutos\" \/>\n<script type=\"application\/ld+json\" class=\"yoast-schema-graph\">{\"@context\":\"https:\/\/schema.org\",\"@graph\":[{\"@type\":\"WebSite\",\"@id\":\"https:\/\/www.adf.org.br\/home\/#website\",\"url\":\"https:\/\/www.adf.org.br\/home\/\",\"name\":\"Associa\\u00e7\\u00e3o Devotos de F\\u00e1tima\",\"description\":\"Associa\\u00e7\\u00e3o Devotos de F\\u00e1tima\",\"potentialAction\":[{\"@type\":\"SearchAction\",\"target\":{\"@type\":\"EntryPoint\",\"urlTemplate\":\"https:\/\/www.adf.org.br\/home\/?s={search_term_string}\"},\"query-input\":\"required name=search_term_string\"}],\"inLanguage\":\"pt-BR\"},{\"@type\":\"ImageObject\",\"@id\":\"https:\/\/www.adf.org.br\/home\/reze-conosco-esta-oracao-de-santo-afonso-maria-de-ligorio-para-jesus\/#primaryimage\",\"inLanguage\":\"pt-BR\",\"url\":\"https:\/\/www.adf.org.br\/home\/wp-content\/uploads\/2022\/07\/oracao-174-20210825162146.jpg\",\"contentUrl\":\"https:\/\/www.adf.org.br\/home\/wp-content\/uploads\/2022\/07\/oracao-174-20210825162146.jpg\",\"width\":962,\"height\":600},{\"@type\":\"WebPage\",\"@id\":\"https:\/\/www.adf.org.br\/home\/reze-conosco-esta-oracao-de-santo-afonso-maria-de-ligorio-para-jesus\/#webpage\",\"url\":\"https:\/\/www.adf.org.br\/home\/reze-conosco-esta-oracao-de-santo-afonso-maria-de-ligorio-para-jesus\/\",\"name\":\"Reze Conosco esta Ora\\u00e7\\u00e3o de Santo Afonso Maria de Lig\\u00f3rio para Jesus\",\"isPartOf\":{\"@id\":\"https:\/\/www.adf.org.br\/home\/#website\"},\"primaryImageOfPage\":{\"@id\":\"https:\/\/www.adf.org.br\/home\/reze-conosco-esta-oracao-de-santo-afonso-maria-de-ligorio-para-jesus\/#primaryimage\"},\"datePublished\":\"2022-08-01T03:00:03+00:00\",\"dateModified\":\"2022-07-27T17:26:05+00:00\",\"author\":{\"@id\":\"https:\/\/www.adf.org.br\/home\/#\/schema\/person\/f35a5c5aa7728a3dedf4ea9aa1fc2753\"},\"description\":\"Reze Conosco a Ora\\u00e7\\u00e3o de Santo Afonso Maria de Lig\\u00f3rio para Jesus e que possamos seguir seus conselhos e amar a Ele.\",\"breadcrumb\":{\"@id\":\"https:\/\/www.adf.org.br\/home\/reze-conosco-esta-oracao-de-santo-afonso-maria-de-ligorio-para-jesus\/#breadcrumb\"},\"inLanguage\":\"pt-BR\",\"potentialAction\":[{\"@type\":\"ReadAction\",\"target\":[\"https:\/\/www.adf.org.br\/home\/reze-conosco-esta-oracao-de-santo-afonso-maria-de-ligorio-para-jesus\/\"]}]},{\"@type\":\"BreadcrumbList\",\"@id\":\"https:\/\/www.adf.org.br\/home\/reze-conosco-esta-oracao-de-santo-afonso-maria-de-ligorio-para-jesus\/#breadcrumb\",\"itemListElement\":[{\"@type\":\"ListItem\",\"position\":1,\"name\":\"Home\",\"item\":\"https:\/\/www.adf.org.br\/home\/\"},{\"@type\":\"ListItem\",\"position\":2,\"name\":\"Reze Conosco esta Ora\\u00e7\\u00e3o de Santo Afonso Maria de Lig\\u00f3rio para Jesus\"}]},{\"@type\":\"Person\",\"@id\":\"https:\/\/www.adf.org.br\/home\/#\/schema\/person\/f35a5c5aa7728a3dedf4ea9aa1fc2753\",\"name\":\"Gabriel Barbosa\",\"image\":{\"@type\":\"ImageObject\",\"@id\":\"https:\/\/www.adf.org.br\/home\/#personlogo\",\"inLanguage\":\"pt-BR\",\"url\":\"https:\/\/secure.gravatar.com\/avatar\/2b2cb2f4637682c5605e8d36818f51ef?s=96&d=mm&r=g\",\"contentUrl\":\"https:\/\/secure.gravatar.com\/avatar\/2b2cb2f4637682c5605e8d36818f51ef?s=96&d=mm&r=g\",\"caption\":\"Gabriel Barbosa\"},\"url\":\"https:\/\/www.adf.org.br\/home\/author\/gabrielpmk-com-br\/\"}]}<\/script>\n<!-- \/ Yoast SEO plugin. -->","yoast_head_json":{"title":"Reze Conosco esta Ora\u00e7\u00e3o de Santo Afonso Maria de Lig\u00f3rio para Jesus","description":"Reze Conosco a Ora\u00e7\u00e3o de Santo Afonso Maria de Lig\u00f3rio para Jesus e que possamos seguir seus conselhos e amar a Ele.","robots":{"index":"index","follow":"follow","max-snippet":"max-snippet:-1","max-image-preview":"max-image-preview:large","max-video-preview":"max-video-preview:-1"},"canonical":"https:\/\/www.adf.org.br\/home\/reze-conosco-esta-oracao-de-santo-afonso-maria-de-ligorio-para-jesus\/","og_locale":"pt_BR","og_type":"article","og_title":"Reze Conosco esta Ora\u00e7\u00e3o de Santo Afonso Maria de Lig\u00f3rio para Jesus","og_description":"Reze Conosco a Ora\u00e7\u00e3o de Santo Afonso Maria de Lig\u00f3rio para Jesus e que possamos seguir seus conselhos e amar a Ele.","og_url":"https:\/\/www.adf.org.br\/home\/reze-conosco-esta-oracao-de-santo-afonso-maria-de-ligorio-para-jesus\/","og_site_name":"Associa\u00e7\u00e3o Devotos de F\u00e1tima","article_published_time":"2022-08-01T03:00:03+00:00","article_modified_time":"2022-07-27T17:26:05+00:00","og_image":[{"width":962,"height":600,"url":"https:\/\/www.adf.org.br\/home\/wp-content\/uploads\/2022\/07\/oracao-174-20210825162146.jpg","type":"image\/jpeg"}],"twitter_card":"summary_large_image","twitter_misc":{"Escrito por":"Gabriel Barbosa","Est. tempo de leitura":"2 minutos"},"schema":{"@context":"https:\/\/schema.org","@graph":[{"@type":"WebSite","@id":"https:\/\/www.adf.org.br\/home\/#website","url":"https:\/\/www.adf.org.br\/home\/","name":"Associa\u00e7\u00e3o Devotos de F\u00e1tima","description":"Associa\u00e7\u00e3o Devotos de F\u00e1tima","potentialAction":[{"@type":"SearchAction","target":{"@type":"EntryPoint","urlTemplate":"https:\/\/www.adf.org.br\/home\/?s={search_term_string}"},"query-input":"required name=search_term_string"}],"inLanguage":"pt-BR"},{"@type":"ImageObject","@id":"https:\/\/www.adf.org.br\/home\/reze-conosco-esta-oracao-de-santo-afonso-maria-de-ligorio-para-jesus\/#primaryimage","inLanguage":"pt-BR","url":"https:\/\/www.adf.org.br\/home\/wp-content\/uploads\/2022\/07\/oracao-174-20210825162146.jpg","contentUrl":"https:\/\/www.adf.org.br\/home\/wp-content\/uploads\/2022\/07\/oracao-174-20210825162146.jpg","width":962,"height":600},{"@type":"WebPage","@id":"https:\/\/www.adf.org.br\/home\/reze-conosco-esta-oracao-de-santo-afonso-maria-de-ligorio-para-jesus\/#webpage","url":"https:\/\/www.adf.org.br\/home\/reze-conosco-esta-oracao-de-santo-afonso-maria-de-ligorio-para-jesus\/","name":"Reze Conosco esta Ora\u00e7\u00e3o de Santo Afonso Maria de Lig\u00f3rio para Jesus","isPartOf":{"@id":"https:\/\/www.adf.org.br\/home\/#website"},"primaryImageOfPage":{"@id":"https:\/\/www.adf.org.br\/home\/reze-conosco-esta-oracao-de-santo-afonso-maria-de-ligorio-para-jesus\/#primaryimage"},"datePublished":"2022-08-01T03:00:03+00:00","dateModified":"2022-07-27T17:26:05+00:00","author":{"@id":"https:\/\/www.adf.org.br\/home\/#\/schema\/person\/f35a5c5aa7728a3dedf4ea9aa1fc2753"},"description":"Reze Conosco a Ora\u00e7\u00e3o de Santo Afonso Maria de Lig\u00f3rio para Jesus e que possamos seguir seus conselhos e amar a Ele.","breadcrumb":{"@id":"https:\/\/www.adf.org.br\/home\/reze-conosco-esta-oracao-de-santo-afonso-maria-de-ligorio-para-jesus\/#breadcrumb"},"inLanguage":"pt-BR","potentialAction":[{"@type":"ReadAction","target":["https:\/\/www.adf.org.br\/home\/reze-conosco-esta-oracao-de-santo-afonso-maria-de-ligorio-para-jesus\/"]}]},{"@type":"BreadcrumbList","@id":"https:\/\/www.adf.org.br\/home\/reze-conosco-esta-oracao-de-santo-afonso-maria-de-ligorio-para-jesus\/#breadcrumb","itemListElement":[{"@type":"ListItem","position":1,"name":"Home","item":"https:\/\/www.adf.org.br\/home\/"},{"@type":"ListItem","position":2,"name":"Reze Conosco esta Ora\u00e7\u00e3o de Santo Afonso Maria de Lig\u00f3rio para Jesus"}]},{"@type":"Person","@id":"https:\/\/www.adf.org.br\/home\/#\/schema\/person\/f35a5c5aa7728a3dedf4ea9aa1fc2753","name":"Gabriel Barbosa","image":{"@type":"ImageObject","@id":"https:\/\/www.adf.org.br\/home\/#personlogo","inLanguage":"pt-BR","url":"https:\/\/secure.gravatar.com\/avatar\/2b2cb2f4637682c5605e8d36818f51ef?s=96&d=mm&r=g","contentUrl":"https:\/\/secure.gravatar.com\/avatar\/2b2cb2f4637682c5605e8d36818f51ef?s=96&d=mm&r=g","caption":"Gabriel Barbosa"},"url":"https:\/\/www.adf.org.br\/home\/author\/gabrielpmk-com-br\/"}]}},"_links":{"self":[{"href":"https:\/\/www.adf.org.br\/home\/wp-json\/wp\/v2\/posts\/69080"}],"collection":[{"href":"https:\/\/www.adf.org.br\/home\/wp-json\/wp\/v2\/posts"}],"about":[{"href":"https:\/\/www.adf.org.br\/home\/wp-json\/wp\/v2\/types\/post"}],"author":[{"embeddable":true,"href":"https:\/\/www.adf.org.br\/home\/wp-json\/wp\/v2\/users\/31"}],"replies":[{"embeddable":true,"href":"https:\/\/www.adf.org.br\/home\/wp-json\/wp\/v2\/comments?post=69080"}],"version-history":[{"count":4,"href":"https:\/\/www.adf.org.br\/home\/wp-json\/wp\/v2\/posts\/69080\/revisions"}],"predecessor-version":[{"id":69085,"href":"https:\/\/www.adf.org.br\/home\/wp-json\/wp\/v2\/posts\/69080\/revisions\/69085"}],"wp:featuredmedia":[{"embeddable":true,"href":"https:\/\/www.adf.org.br\/home\/wp-json\/wp\/v2\/media\/69081"}],"wp:attachment":[{"href":"https:\/\/www.adf.org.br\/home\/wp-json\/wp\/v2\/media?parent=69080"}],"wp:term":[{"taxonomy":"category","embeddable":true,"href":"https:\/\/www.adf.org.br\/home\/wp-json\/wp\/v2\/categories?post=69080"},{"taxonomy":"post_tag","embeddable":true,"href":"https:\/\/www.adf.org.br\/home\/wp-json\/wp\/v2\/tags?post=69080"}],"curies":[{"name":"wp","href":"https:\/\/api.w.org\/{rel}","templated":true}]}}