{"id":69048,"date":"2022-07-27T00:00:43","date_gmt":"2022-07-27T03:00:43","guid":{"rendered":"https:\/\/www.adf.org.br\/home\/?p=69048"},"modified":"2022-07-28T14:44:48","modified_gmt":"2022-07-28T17:44:48","slug":"oracao-em-honra-ao-nome-de-maria-santissima","status":"publish","type":"post","link":"https:\/\/www.adf.org.br\/home\/oracao-em-honra-ao-nome-de-maria-santissima\/","title":{"rendered":"Ora\u00e7\u00e3o em Honra ao Nome de Maria Sant\u00edssima &#8211; Reze Conosco!"},"content":{"rendered":"<h2 style=\"text-align: center;\"><span style=\"color: #000000;\">Ora\u00e7\u00e3o em Honra ao Nome de Maria Sant\u00edssima<\/span><\/h2>\n<figure id=\"attachment_65714\" aria-describedby=\"caption-attachment-65714\" style=\"width: 800px\" class=\"wp-caption aligncenter\"><a href=\"https:\/\/adf.org.br\/velario\/problemas?origem=24271\" target=\"_blank\" rel=\"noopener\"><img loading=\"lazy\" class=\"wp-image-65714 size-full\" src=\"https:\/\/www.adf.org.br\/home\/wp-content\/uploads\/2021\/09\/Fatima_sozinha.png\" alt=\"\" width=\"800\" height=\"350\" srcset=\"https:\/\/www.adf.org.br\/home\/wp-content\/uploads\/2021\/09\/Fatima_sozinha.png 800w, https:\/\/www.adf.org.br\/home\/wp-content\/uploads\/2021\/09\/Fatima_sozinha-300x131.png 300w, https:\/\/www.adf.org.br\/home\/wp-content\/uploads\/2021\/09\/Fatima_sozinha-768x336.png 768w\" sizes=\"(max-width: 800px) 100vw, 800px\" \/><\/a><figcaption id=\"caption-attachment-65714\" class=\"wp-caption-text\"><center>Virgem Maria Sant\u00edssima<\/center><\/figcaption><\/figure>\n<p>&nbsp;<\/p>\n<p style=\"text-align: center;\"><span style=\"color: #800080;\"><strong><em>\u00d3 minha querida Maria, \u00f3 meu amado Jesus,<\/em><\/strong><\/span><\/p>\n<p style=\"text-align: center;\"><span style=\"color: #000000;\"><em>fazei que vivam sempre em meu cora\u00e7\u00e3o, e no de todos,\u00a0<\/em><\/span><\/p>\n<p style=\"text-align: center;\"><span style=\"color: #000000;\"><em>os Vossos dulc\u00edssimos nomes.\u00a0<\/em><\/span><\/p>\n<p style=\"text-align: center;\"><span style=\"color: #000000;\"><em>Todos os mais se apaguem de minha mem\u00f3ria, para que ela s\u00f3 se recorde<\/em><\/span><\/p>\n<p style=\"text-align: center;\"><span style=\"color: #000000;\"><em>e s\u00f3 invoque Vossos nomes venerandos.\u00a0\u00a0<\/em><\/span><\/p>\n<p style=\"text-align: center;\"><span style=\"color: #800080;\"><em><strong>\u00d3 Jesus, meu Redentor, \u00f3 Maria, minha M\u00e3e,<\/strong>\u00a0<\/em><\/span><\/p>\n<p style=\"text-align: center;\"><span style=\"color: #000000;\"><em>quando chegar meu \u00faltimo momento,\u00a0<\/em><\/span><\/p>\n<p style=\"text-align: center;\"><span style=\"color: #000000;\"><em>quando minha alma tiver de sair desta vida, oh! concedei-me, pelos<\/em><\/span><\/p>\n<p style=\"text-align: center;\"><span style=\"color: #000000;\"><em>Vossos merecimentos, esta gra\u00e7a t\u00e3o grande,<\/em><\/span><\/p>\n<p style=\"text-align: center;\"><span style=\"color: #000000;\"><em>que minhas \u00faltimas palavras sejam:<\/em><\/span><\/p>\n<p style=\"text-align: center;\"><span style=\"color: #800080;\"><strong><em>Eu vos amo Jesus e Maria!<\/em><\/strong><\/span><\/p>\n<p style=\"text-align: center;\"><span style=\"color: #000000;\"><em>Jesus e Maria,\u00a0<\/em><\/span><\/p>\n<p style=\"text-align: center;\"><span style=\"color: #000000;\"><em>eu vos dou meu cora\u00e7\u00e3o e minha alma!<\/em><\/span><\/p>\n<p style=\"text-align: center;\"><span style=\"color: #800080;\"><strong><em>Am\u00e9m!<\/em><\/strong><\/span><\/p>\n<p style=\"text-align: center;\"><span style=\"color: #000000;\"><strong><em>\u201cArme-se com a \u201carma\u201d da ora\u00e7\u00e3o, e ter\u00e1 mais for\u00e7a no combate di\u00e1rio.\u201d<\/em><\/strong><\/span><br \/>\n<span style=\"color: #800080;\">S\u00e3o Pio de Pietrelcina<\/span><\/p>\n<p><em><span style=\"color: #000000;\">A<\/span>\u00a0<strong><a href=\"https:\/\/adf.org.br\/velario\/problemas?origem=24271\" target=\"_blank\" rel=\"noopener\"><span style=\"color: #0000ff;\">Virgem Sant\u00edssima<\/span><\/a>\u00a0<\/strong><span style=\"color: #000000;\">tem algo muito especial para voc\u00ea, mas para isso \u00e9 preciso\u00a0<strong>TER F\u00c9<\/strong>\u00a0e\u00a0<strong>REZAR<\/strong>\u00a0para que\u00a0<strong>ELA<\/strong> ou\u00e7a e interceda pelos seus pedidos! <\/span><\/em><\/p>\n<p><span style=\"color: #000000;\">Por isso, inscreva suas inten\u00e7\u00f5es na Santa Missa dedicada a <a href=\"https:\/\/adf.org.br\/velario\/problemas?origem=24271\" target=\"_blank\" rel=\"noopener\"><span style=\"color: #0000ff;\"><strong>Virgem Maria<\/strong><\/span><\/a> que faremos celebrar no pr\u00f3ximo s\u00e1bado (30). Voc\u00ea pode ent\u00e3o, ligar <\/span><span style=\"color: #000000;\"><strong>GRATUITAMENTE<\/strong>\u00a0para:<\/span><\/p>\n<p><a href=\"tel:08006082128\" target=\"_blank\" rel=\"noopener noreferrer\"><img loading=\"lazy\" class=\"aligncenter wp-image-53270 \" src=\"https:\/\/www.adf.org.br\/home\/wp-content\/uploads\/2019\/07\/Bot%C3%A3o-Telefone-ADF.png\" alt=\"Bot\u00e3o - Telefone ADF\" width=\"432\" height=\"101\" \/><\/a><\/p>\n<p>&nbsp;<\/p>\n<p><span style=\"color: #000000;\">Se voc\u00ea n\u00e3o conseguir falar no telefone conosco,\u00a0<span style=\"color: #0000ff;\"><a style=\"color: #0000ff;\" href=\"https:\/\/adf.org.br\/velario\/problemas?origem=24271\" target=\"_blank\" rel=\"noopener\"><strong>CLIQUE AQUI<\/strong><\/a>\u00a0<\/span>ou na<strong>\u00a0<a href=\"https:\/\/adf.org.br\/velario\/problemas?origem=24271\" target=\"_blank\" rel=\"noopener\"><span style=\"color: #0000ff;\">imagem abaixo<\/span><\/a><\/strong> para acender a Vela virtual e registre suas preces para a Solu\u00e7\u00e3o dos Problemas Dif\u00edceis e Pedir Gra\u00e7as.<\/span><\/p>\n<p><a href=\"https:\/\/adf.org.br\/velario\/problemas?origem=24271\" target=\"_blank\" rel=\"noopener\"><img loading=\"lazy\" class=\"size-medium wp-image-68296 aligncenter\" src=\"https:\/\/www.adf.org.br\/home\/wp-content\/uploads\/2022\/05\/Vela-de-Nossa-Senhora-de-Fatima-300x175.jpg\" alt=\"\" width=\"300\" height=\"175\" srcset=\"https:\/\/www.adf.org.br\/home\/wp-content\/uploads\/2022\/05\/Vela-de-Nossa-Senhora-de-Fatima-300x175.jpg 300w, https:\/\/www.adf.org.br\/home\/wp-content\/uploads\/2022\/05\/Vela-de-Nossa-Senhora-de-Fatima.jpg 600w\" sizes=\"(max-width: 300px) 100vw, 300px\" \/><\/a><\/p>\n<div class=\"elementor-element elementor-element-391b865 elementor-widget elementor-widget-theme-post-content\" data-id=\"391b865\" data-element_type=\"widget\" data-widget_type=\"theme-post-content.default\">\n<div class=\"elementor-widget-container\">\n<p style=\"text-align: center;\"><span style=\"color: #800080;\"><em>\u201cDoce Cora\u00e7\u00e3o de Maria, sede a nossa salva\u00e7\u00e3o.\u201d<\/em><\/span><\/p>\n<\/div>\n<\/div>\n<div class=\"elementor-element elementor-element-32965d6 elementor-widget-divider--view-line elementor-widget elementor-widget-divider\" data-id=\"32965d6\" data-element_type=\"widget\" data-widget_type=\"divider.default\">\n<div class=\"elementor-widget-container\">\n<div class=\"elementor-divider\"><\/div>\n<\/div>\n<\/div>\n","protected":false},"excerpt":{"rendered":"<p>Ora\u00e7\u00e3o em Honra ao Nome de Maria Sant\u00edssima &nbsp; \u00d3 minha querida Maria, \u00f3 meu amado Jesus, fazei que vivam sempre em meu cora\u00e7\u00e3o, e no de todos,\u00a0 os Vossos dulc\u00edssimos nomes.\u00a0 Todos os mais se apaguem de minha mem\u00f3ria, para que ela s\u00f3 se recorde e s\u00f3 invoque Vossos nomes venerandos.\u00a0\u00a0 \u00d3 Jesus, meu [&hellip;]<\/p>\n","protected":false},"author":31,"featured_media":65714,"comment_status":"open","ping_status":"open","sticky":false,"template":"","format":"standard","meta":[],"categories":[20,56,14,2332],"tags":[139,57,142],"yoast_head":"<!-- This site is optimized with the Yoast SEO plugin v17.4 - https:\/\/yoast.com\/wordpress\/plugins\/seo\/ -->\n<title>Ora\u00e7\u00e3o em Honra ao Nome de Maria Sant\u00edssima - Reze Conosco!<\/title>\n<meta name=\"description\" content=\"Reze Conosco esta Ora\u00e7\u00e3o em Honra ao Nome de Maria Sant\u00edssima e pe\u00e7a a Virgem que o auxilie na solu\u00e7\u00e3o dos problemas dif\u00edceis.\" \/>\n<meta name=\"robots\" content=\"index, follow, max-snippet:-1, max-image-preview:large, max-video-preview:-1\" \/>\n<link rel=\"canonical\" href=\"https:\/\/www.adf.org.br\/home\/oracao-em-honra-ao-nome-de-maria-santissima\/\" \/>\n<meta property=\"og:locale\" content=\"pt_BR\" \/>\n<meta property=\"og:type\" content=\"article\" \/>\n<meta property=\"og:title\" content=\"Ora\u00e7\u00e3o em Honra ao Nome de Maria Sant\u00edssima - Reze Conosco!\" \/>\n<meta property=\"og:description\" content=\"Reze Conosco esta Ora\u00e7\u00e3o em Honra ao Nome de Maria Sant\u00edssima e pe\u00e7a a Virgem que o auxilie na solu\u00e7\u00e3o dos problemas dif\u00edceis.\" \/>\n<meta property=\"og:url\" content=\"https:\/\/www.adf.org.br\/home\/oracao-em-honra-ao-nome-de-maria-santissima\/\" \/>\n<meta property=\"og:site_name\" content=\"Associa\u00e7\u00e3o Devotos de F\u00e1tima\" \/>\n<meta property=\"article:published_time\" content=\"2022-07-27T03:00:43+00:00\" \/>\n<meta property=\"article:modified_time\" content=\"2022-07-28T17:44:48+00:00\" \/>\n<meta property=\"og:image\" content=\"https:\/\/www.adf.org.br\/home\/wp-content\/uploads\/2021\/09\/Fatima_sozinha.png\" \/>\n\t<meta property=\"og:image:width\" content=\"800\" \/>\n\t<meta property=\"og:image:height\" content=\"350\" \/>\n<meta name=\"twitter:card\" content=\"summary_large_image\" \/>\n<meta name=\"twitter:label1\" content=\"Escrito por\" \/>\n\t<meta name=\"twitter:data1\" content=\"Gabriel Barbosa\" \/>\n\t<meta name=\"twitter:label2\" content=\"Est. tempo de leitura\" \/>\n\t<meta name=\"twitter:data2\" content=\"1 minuto\" \/>\n<script type=\"application\/ld+json\" class=\"yoast-schema-graph\">{\"@context\":\"https:\/\/schema.org\",\"@graph\":[{\"@type\":\"WebSite\",\"@id\":\"https:\/\/www.adf.org.br\/home\/#website\",\"url\":\"https:\/\/www.adf.org.br\/home\/\",\"name\":\"Associa\\u00e7\\u00e3o Devotos de F\\u00e1tima\",\"description\":\"Associa\\u00e7\\u00e3o Devotos de F\\u00e1tima\",\"potentialAction\":[{\"@type\":\"SearchAction\",\"target\":{\"@type\":\"EntryPoint\",\"urlTemplate\":\"https:\/\/www.adf.org.br\/home\/?s={search_term_string}\"},\"query-input\":\"required name=search_term_string\"}],\"inLanguage\":\"pt-BR\"},{\"@type\":\"ImageObject\",\"@id\":\"https:\/\/www.adf.org.br\/home\/oracao-em-honra-ao-nome-de-maria-santissima\/#primaryimage\",\"inLanguage\":\"pt-BR\",\"url\":\"https:\/\/www.adf.org.br\/home\/wp-content\/uploads\/2021\/09\/Fatima_sozinha.png\",\"contentUrl\":\"https:\/\/www.adf.org.br\/home\/wp-content\/uploads\/2021\/09\/Fatima_sozinha.png\",\"width\":800,\"height\":350},{\"@type\":\"WebPage\",\"@id\":\"https:\/\/www.adf.org.br\/home\/oracao-em-honra-ao-nome-de-maria-santissima\/#webpage\",\"url\":\"https:\/\/www.adf.org.br\/home\/oracao-em-honra-ao-nome-de-maria-santissima\/\",\"name\":\"Ora\\u00e7\\u00e3o em Honra ao Nome de Maria Sant\\u00edssima - Reze Conosco!\",\"isPartOf\":{\"@id\":\"https:\/\/www.adf.org.br\/home\/#website\"},\"primaryImageOfPage\":{\"@id\":\"https:\/\/www.adf.org.br\/home\/oracao-em-honra-ao-nome-de-maria-santissima\/#primaryimage\"},\"datePublished\":\"2022-07-27T03:00:43+00:00\",\"dateModified\":\"2022-07-28T17:44:48+00:00\",\"author\":{\"@id\":\"https:\/\/www.adf.org.br\/home\/#\/schema\/person\/f35a5c5aa7728a3dedf4ea9aa1fc2753\"},\"description\":\"Reze Conosco esta Ora\\u00e7\\u00e3o em Honra ao Nome de Maria Sant\\u00edssima e pe\\u00e7a a Virgem que o auxilie na solu\\u00e7\\u00e3o dos problemas dif\\u00edceis.\",\"breadcrumb\":{\"@id\":\"https:\/\/www.adf.org.br\/home\/oracao-em-honra-ao-nome-de-maria-santissima\/#breadcrumb\"},\"inLanguage\":\"pt-BR\",\"potentialAction\":[{\"@type\":\"ReadAction\",\"target\":[\"https:\/\/www.adf.org.br\/home\/oracao-em-honra-ao-nome-de-maria-santissima\/\"]}]},{\"@type\":\"BreadcrumbList\",\"@id\":\"https:\/\/www.adf.org.br\/home\/oracao-em-honra-ao-nome-de-maria-santissima\/#breadcrumb\",\"itemListElement\":[{\"@type\":\"ListItem\",\"position\":1,\"name\":\"Home\",\"item\":\"https:\/\/www.adf.org.br\/home\/\"},{\"@type\":\"ListItem\",\"position\":2,\"name\":\"Ora\\u00e7\\u00e3o em Honra ao Nome de Maria Sant\\u00edssima &#8211; Reze Conosco!\"}]},{\"@type\":\"Person\",\"@id\":\"https:\/\/www.adf.org.br\/home\/#\/schema\/person\/f35a5c5aa7728a3dedf4ea9aa1fc2753\",\"name\":\"Gabriel Barbosa\",\"image\":{\"@type\":\"ImageObject\",\"@id\":\"https:\/\/www.adf.org.br\/home\/#personlogo\",\"inLanguage\":\"pt-BR\",\"url\":\"https:\/\/secure.gravatar.com\/avatar\/2b2cb2f4637682c5605e8d36818f51ef?s=96&d=mm&r=g\",\"contentUrl\":\"https:\/\/secure.gravatar.com\/avatar\/2b2cb2f4637682c5605e8d36818f51ef?s=96&d=mm&r=g\",\"caption\":\"Gabriel Barbosa\"},\"url\":\"https:\/\/www.adf.org.br\/home\/author\/gabrielpmk-com-br\/\"}]}<\/script>\n<!-- \/ Yoast SEO plugin. -->","yoast_head_json":{"title":"Ora\u00e7\u00e3o em Honra ao Nome de Maria Sant\u00edssima - Reze Conosco!","description":"Reze Conosco esta Ora\u00e7\u00e3o em Honra ao Nome de Maria Sant\u00edssima e pe\u00e7a a Virgem que o auxilie na solu\u00e7\u00e3o dos problemas dif\u00edceis.","robots":{"index":"index","follow":"follow","max-snippet":"max-snippet:-1","max-image-preview":"max-image-preview:large","max-video-preview":"max-video-preview:-1"},"canonical":"https:\/\/www.adf.org.br\/home\/oracao-em-honra-ao-nome-de-maria-santissima\/","og_locale":"pt_BR","og_type":"article","og_title":"Ora\u00e7\u00e3o em Honra ao Nome de Maria Sant\u00edssima - Reze Conosco!","og_description":"Reze Conosco esta Ora\u00e7\u00e3o em Honra ao Nome de Maria Sant\u00edssima e pe\u00e7a a Virgem que o auxilie na solu\u00e7\u00e3o dos problemas dif\u00edceis.","og_url":"https:\/\/www.adf.org.br\/home\/oracao-em-honra-ao-nome-de-maria-santissima\/","og_site_name":"Associa\u00e7\u00e3o Devotos de F\u00e1tima","article_published_time":"2022-07-27T03:00:43+00:00","article_modified_time":"2022-07-28T17:44:48+00:00","og_image":[{"width":800,"height":350,"url":"https:\/\/www.adf.org.br\/home\/wp-content\/uploads\/2021\/09\/Fatima_sozinha.png","type":"image\/png"}],"twitter_card":"summary_large_image","twitter_misc":{"Escrito por":"Gabriel Barbosa","Est. tempo de leitura":"1 minuto"},"schema":{"@context":"https:\/\/schema.org","@graph":[{"@type":"WebSite","@id":"https:\/\/www.adf.org.br\/home\/#website","url":"https:\/\/www.adf.org.br\/home\/","name":"Associa\u00e7\u00e3o Devotos de F\u00e1tima","description":"Associa\u00e7\u00e3o Devotos de F\u00e1tima","potentialAction":[{"@type":"SearchAction","target":{"@type":"EntryPoint","urlTemplate":"https:\/\/www.adf.org.br\/home\/?s={search_term_string}"},"query-input":"required name=search_term_string"}],"inLanguage":"pt-BR"},{"@type":"ImageObject","@id":"https:\/\/www.adf.org.br\/home\/oracao-em-honra-ao-nome-de-maria-santissima\/#primaryimage","inLanguage":"pt-BR","url":"https:\/\/www.adf.org.br\/home\/wp-content\/uploads\/2021\/09\/Fatima_sozinha.png","contentUrl":"https:\/\/www.adf.org.br\/home\/wp-content\/uploads\/2021\/09\/Fatima_sozinha.png","width":800,"height":350},{"@type":"WebPage","@id":"https:\/\/www.adf.org.br\/home\/oracao-em-honra-ao-nome-de-maria-santissima\/#webpage","url":"https:\/\/www.adf.org.br\/home\/oracao-em-honra-ao-nome-de-maria-santissima\/","name":"Ora\u00e7\u00e3o em Honra ao Nome de Maria Sant\u00edssima - Reze Conosco!","isPartOf":{"@id":"https:\/\/www.adf.org.br\/home\/#website"},"primaryImageOfPage":{"@id":"https:\/\/www.adf.org.br\/home\/oracao-em-honra-ao-nome-de-maria-santissima\/#primaryimage"},"datePublished":"2022-07-27T03:00:43+00:00","dateModified":"2022-07-28T17:44:48+00:00","author":{"@id":"https:\/\/www.adf.org.br\/home\/#\/schema\/person\/f35a5c5aa7728a3dedf4ea9aa1fc2753"},"description":"Reze Conosco esta Ora\u00e7\u00e3o em Honra ao Nome de Maria Sant\u00edssima e pe\u00e7a a Virgem que o auxilie na solu\u00e7\u00e3o dos problemas dif\u00edceis.","breadcrumb":{"@id":"https:\/\/www.adf.org.br\/home\/oracao-em-honra-ao-nome-de-maria-santissima\/#breadcrumb"},"inLanguage":"pt-BR","potentialAction":[{"@type":"ReadAction","target":["https:\/\/www.adf.org.br\/home\/oracao-em-honra-ao-nome-de-maria-santissima\/"]}]},{"@type":"BreadcrumbList","@id":"https:\/\/www.adf.org.br\/home\/oracao-em-honra-ao-nome-de-maria-santissima\/#breadcrumb","itemListElement":[{"@type":"ListItem","position":1,"name":"Home","item":"https:\/\/www.adf.org.br\/home\/"},{"@type":"ListItem","position":2,"name":"Ora\u00e7\u00e3o em Honra ao Nome de Maria Sant\u00edssima &#8211; Reze Conosco!"}]},{"@type":"Person","@id":"https:\/\/www.adf.org.br\/home\/#\/schema\/person\/f35a5c5aa7728a3dedf4ea9aa1fc2753","name":"Gabriel Barbosa","image":{"@type":"ImageObject","@id":"https:\/\/www.adf.org.br\/home\/#personlogo","inLanguage":"pt-BR","url":"https:\/\/secure.gravatar.com\/avatar\/2b2cb2f4637682c5605e8d36818f51ef?s=96&d=mm&r=g","contentUrl":"https:\/\/secure.gravatar.com\/avatar\/2b2cb2f4637682c5605e8d36818f51ef?s=96&d=mm&r=g","caption":"Gabriel Barbosa"},"url":"https:\/\/www.adf.org.br\/home\/author\/gabrielpmk-com-br\/"}]}},"_links":{"self":[{"href":"https:\/\/www.adf.org.br\/home\/wp-json\/wp\/v2\/posts\/69048"}],"collection":[{"href":"https:\/\/www.adf.org.br\/home\/wp-json\/wp\/v2\/posts"}],"about":[{"href":"https:\/\/www.adf.org.br\/home\/wp-json\/wp\/v2\/types\/post"}],"author":[{"embeddable":true,"href":"https:\/\/www.adf.org.br\/home\/wp-json\/wp\/v2\/users\/31"}],"replies":[{"embeddable":true,"href":"https:\/\/www.adf.org.br\/home\/wp-json\/wp\/v2\/comments?post=69048"}],"version-history":[{"count":12,"href":"https:\/\/www.adf.org.br\/home\/wp-json\/wp\/v2\/posts\/69048\/revisions"}],"predecessor-version":[{"id":69102,"href":"https:\/\/www.adf.org.br\/home\/wp-json\/wp\/v2\/posts\/69048\/revisions\/69102"}],"wp:featuredmedia":[{"embeddable":true,"href":"https:\/\/www.adf.org.br\/home\/wp-json\/wp\/v2\/media\/65714"}],"wp:attachment":[{"href":"https:\/\/www.adf.org.br\/home\/wp-json\/wp\/v2\/media?parent=69048"}],"wp:term":[{"taxonomy":"category","embeddable":true,"href":"https:\/\/www.adf.org.br\/home\/wp-json\/wp\/v2\/categories?post=69048"},{"taxonomy":"post_tag","embeddable":true,"href":"https:\/\/www.adf.org.br\/home\/wp-json\/wp\/v2\/tags?post=69048"}],"curies":[{"name":"wp","href":"https:\/\/api.w.org\/{rel}","templated":true}]}}