{"id":68958,"date":"2022-07-21T00:00:15","date_gmt":"2022-07-21T03:00:15","guid":{"rendered":"https:\/\/www.adf.org.br\/home\/?p=68958"},"modified":"2022-07-21T09:57:59","modified_gmt":"2022-07-21T12:57:59","slug":"conheca-quem-foi-bartolo-logo","status":"publish","type":"post","link":"https:\/\/www.adf.org.br\/home\/conheca-quem-foi-bartolo-logo\/","title":{"rendered":"Conhe\u00e7a quem foi B\u00e1rtolo Longo, o Grande Promotor do Santo Ros\u00e1rio"},"content":{"rendered":"<h2 style=\"text-align: center;\"><span style=\"color: #000000;\">Conhe\u00e7a quem foi B\u00e1rtolo Longo, o Grande Promotor do Santo Ros\u00e1rio<\/span><\/h2>\n<p>&nbsp;<\/p>\n<figure id=\"attachment_68959\" aria-describedby=\"caption-attachment-68959\" style=\"width: 693px\" class=\"wp-caption aligncenter\"><a href=\"https:\/\/adf.org.br\/velario\/gracasurgentes?origem=24182\" target=\"_blank\" rel=\"noopener\"><img loading=\"lazy\" class=\"wp-image-68959 size-medium\" src=\"https:\/\/www.adf.org.br\/home\/wp-content\/uploads\/2022\/07\/nossa_senhora_do_rosario_3-300x169.webp\" alt=\"\" width=\"693\" height=\"390\" srcset=\"https:\/\/www.adf.org.br\/home\/wp-content\/uploads\/2022\/07\/nossa_senhora_do_rosario_3-300x169.webp 300w, https:\/\/www.adf.org.br\/home\/wp-content\/uploads\/2022\/07\/nossa_senhora_do_rosario_3.webp 640w\" sizes=\"(max-width: 693px) 100vw, 693px\" \/><\/a><figcaption id=\"caption-attachment-68959\" class=\"wp-caption-text\"><center>Nossa Senhora do Ros\u00e1rio<\/center><\/figcaption><\/figure>\n<p><span style=\"color: #000000;\">\u201c<strong><span style=\"color: #800080; font-size: 32px;\">\u00d3<\/span><\/strong> <span style=\"color: #0000ff;\"><a style=\"color: #0000ff;\" href=\"https:\/\/adf.org.br\/velario\/gracasurgentes?origem=24182\" target=\"_blank\" rel=\"noopener\"><strong>Ros\u00e1rio bendito de Maria<\/strong><\/a><\/span>, doce cadeia que nos prende a Deus, v\u00ednculo de amor que nos une aos Anjos, torre de salva\u00e7\u00e3o contra os assaltos do inferno, porto seguro no naufr\u00e1gio geral, n\u00e3o te deixaremos nunca mais. <span style=\"color: #800080;\"><strong>Ser\u00e1s o nosso conforto na hora da agonia<\/strong><\/span>. <\/span><\/p>\n<p><span style=\"color: #000000;\">Seja para ti o \u00faltimo beijo da vida que se apaga. E a \u00faltima palavra dos nossos l\u00e1bios h\u00e1-de ser o vosso nome suave, <strong><span style=\"color: #800080;\">\u00f3 <a href=\"https:\/\/adf.org.br\/velario\/gracasurgentes?origem=24182\" target=\"_blank\" rel=\"noopener\"><span style=\"color: #0000ff;\">Rainha do Ros\u00e1rio de Pompeia<\/span><\/a><\/span><\/strong>, \u00f3 nossa M\u00e3e querida, \u00f3 Ref\u00fagio dos pecadores, <span style=\"color: #800080;\"><strong>\u00f3 Soberana consoladora dos tristes<\/strong><\/span>. Sede bendita em todo o lado, hoje e sempre, na terra e no c\u00e9u\u201d.\u00a0Beato B\u00e1rtolo Maria Longo<\/span><\/p>\n<h2><span style=\"color: #000000;\">Quem foi o Beato B\u00e1rtolo Maria Longo?<\/span><\/h2>\n<figure style=\"width: 205px\" class=\"wp-caption alignleft\"><a href=\"https:\/\/adf.org.br\/velario\/gracasurgentes?origem=24182\" target=\"_blank\" rel=\"noopener\"><img loading=\"lazy\" src=\"http:\/\/www.adf.org.br\/home\/wp-content\/uploads\/2011\/11\/Beato-B%C3%A1rtolo-Maria-Longo.jpg\" alt=\"\" width=\"205\" height=\"351\" \/><\/a><figcaption class=\"wp-caption-text\"><center>Beato B\u00e1rtolo Longo<\/center><\/figcaption><\/figure>\n<p><span style=\"color: #000000;\"><strong>B\u00e1rtolo Longo nasceu em 10 de fevereiro de 1841<\/strong>, em Latiano (It\u00e1lia), e foi batizado tr\u00eas dias depois. Desde muito pequeno, <strong>manifestou-se muito inteligente e decidido<\/strong>. Ele mesmo se definiu como \u201cum menino vivaz, impertinente, e quase travesso\u201d.<\/span><\/p>\n<p><span style=\"color: #000000;\">Ainda muito pequeno, quando ouvia o sino que anunciava o \u00e2ngelus, interrompia imediatamente qualquer brincadeira, e corria para rezar em companhia de sua m\u00e3e.<\/span><\/p>\n<p><strong><span style=\"color: #800080;\">Aos 18 anos de idade, foi estudar direito em N\u00e1poles. Naquela \u00e9poca, o racionalismo e anticlericalismo faziam devasta\u00e7\u00f5es no meio da juventude. Professores usavam as catedrais universit\u00e1rias para difundir filosofias ateias.<\/span><\/strong><\/p>\n<p><span style=\"color: #000000;\"><strong>B\u00e1rtolo dedicou-se com ardor aos estudos e \u00e0 musica, em especial o piano<\/strong>. Elegante por natureza, inteligente e de boas maneiras, vivia cercado de muitos amigos. N\u00e3o lhe sobrava tempo para a ora\u00e7\u00e3o\u2026 <strong>Da sua mem\u00f3ria foram se apagando a ideia de Deus da Virgem Maria<\/strong>.<\/span><\/p>\n<p><span style=\"color: #000000;\">Terminou o curso de direito, em 1864, inteiramente desorientado pelas<span style=\"color: #800080;\"><strong> teorias filos\u00f3ficas do materialismo e do racionalismo<\/strong><\/span>. Entretanto, como \u00e9 natural, a perda da f\u00e9 criou em sua alma um vazio que ele procurou preencher recorrendo ao espiritismo. <strong><span style=\"color: #800080;\">Fez, inclusive, a consagra\u00e7\u00e3o ao dem\u00f4nio<\/span><\/strong>. Chegou ao ponto de proferir palestras contra a Igreja.<\/span><\/p>\n<p><span style=\"color: #000000;\">Uma quest\u00e3o surpreendente e naturalmente inexplic\u00e1vel \u00e9 que, apesar disso tudo, mesmo durante esse tempo, <span style=\"color: #800080;\"><strong>ele n\u00e3o deixou de rezar diariamente o ros\u00e1rio e conservou perfeita a virtude da castidade<\/strong><\/span>. <\/span><\/p>\n<p><span style=\"color: #000000;\">Para essa incr\u00edvel preserva\u00e7\u00e3o foi instrumento de Deus um professor de nome<span style=\"color: #800080;\"><strong> Vicenzo Pepe<\/strong><\/span> que, numa hora oportuna, o admoestou severamente por sua p\u00e9ssima conduta. Mais tarde, o Beato B\u00e1rtolo se referiu a esse professor nos seguintes termos: <\/span><\/p>\n<blockquote><p><span style=\"color: #800080;\"><strong>\u201c\u00d3 amigo de minha alma, que o Senhor p\u00f4s a meu lado em todos os momentos cr\u00edticos e decisivos de minha vida\u201d.<\/strong><\/span><\/p><\/blockquote>\n<p><span style=\"color: #000000;\">Tocado pela gra\u00e7a, B\u00e1rtolo Longo, no dia da festa do <strong>Sagrado Cora\u00e7\u00e3o de Jesus<\/strong> do ano de 1865, estando com 24 anos, foi \u00e0 <strong>igreja do Ros\u00e1rio<\/strong>, em N\u00e1poles, e l\u00e1 foi se confessar com o Pe. Alberto Radante, dominicano.<\/span><\/p>\n<p><span style=\"color: #000000;\"><strong>Esse padre convenceu-se de seu arrependimento sincero, por\u00e9m o aconselhou durante um m\u00eas<\/strong>, e s\u00f3 depois desse tempo \u00e9 que lhe deu a absolvi\u00e7\u00e3o e ele p\u00f4de receber a sagrada comunh\u00e3o. Em seus escritos, relata: <\/span><\/p>\n<blockquote><p><span style=\"color: #800080;\"><strong>\u201cFoi como fazer de novo a primeira comunh\u00e3o, foi como se eu tivesse recebido um segundo batismo\u201d.<\/strong><\/span><\/p><\/blockquote>\n<h2><span style=\"color: #000000;\"><strong>A Grande Miss\u00e3o<\/strong><\/span><\/h2>\n<figure style=\"width: 439px\" class=\"wp-caption alignright\"><a href=\"https:\/\/adf.org.br\/velario\/suplicas?origem=24182\" target=\"_blank\" rel=\"noopener\"><img loading=\"lazy\" src=\"http:\/\/www.adf.org.br\/home\/wp-content\/uploads\/2011\/11\/vela-do-rosario.jpg\" alt=\"\" width=\"439\" height=\"265\" \/><\/a><figcaption class=\"wp-caption-text\"><center>Acenda agora uma vela para a Senhora do Ros\u00e1rio, Nossa Senhora de F\u00e1tima<\/center><\/figcaption><\/figure>\n<p><span style=\"color: #000000;\"><strong>B\u00e1rtolo Longo recusou vantajosas propostas de casamento<\/strong>, abandonou a carreira advocat\u00edcia e se dedicou ao estudo da religi\u00e3o. Por isso foi objeto de chacotas e deboches de seus antigos amigos.<\/span><\/p>\n<p><span style=\"color: #000000;\">Conheceu a condessa <strong>Mariana de Fusco<\/strong>, <strong>propriet\u00e1ria de terras no Vale de Pomp\u00e9ia<\/strong>. <\/span><\/p>\n<p><span style=\"color: #000000;\">Em 1872 tornou-se administrador das propriedades da condessa da Pomp\u00e9ia, e ficou impressionado com a ignor\u00e2ncia religiosa dos camponeses da regi\u00e3o. <\/span><\/p>\n<p><span style=\"color: #000000;\">Ent\u00e3o<span style=\"color: #800080;\"><strong> dedicou-se \u00e0 tarefa de catequizar particularmente crian\u00e7as e adolescentes, especialmente atrav\u00e9s da divulga\u00e7\u00e3o do santo ros\u00e1rio<\/strong><\/span>. Era a reconquista espiritual do Vale de Pomp\u00e9ia que se iniciava.<\/span><\/p>\n<p><span style=\"color: #000000;\">Um dia, caminhando sobre \u00e0s ru\u00ednas da antiga Pomp\u00e9ia, teve um profundo \u00eaxtase: <\/span><\/p>\n<blockquote><p><span style=\"color: #800080;\"><strong>\u201cenquanto refletia em minha condi\u00e7\u00e3o, experimentei o profundo sentimento de desespero e quase cometi suic\u00eddio. Ent\u00e3o ouvi um eco em meu ouvido e a voz de Frei Alberto repetindo as palavras da Sant\u00edssima Virgem Maria: \u2018Se voc\u00ea procura a salva\u00e7\u00e3o, difunda o ros\u00e1rio. Essa \u00e9 a promessa de Maria\u2019. Essas palavras iluminaram a minha alma, ca\u00ed de joelhos: se isso \u00e9 verdade\u2026 n\u00e3o deixarei este vale at\u00e9 ter propagado Vosso Ros\u00e1rio\u201d.<\/strong><\/span><\/p><\/blockquote>\n<p><span style=\"color: #000000;\">Devido \u00e0 sua prega\u00e7\u00e3o, no ano de 1876 foi colocada a pedra fundamental de uma igreja dedicada \u00e0 <a href=\"https:\/\/adf.org.br\/velario\/gracasurgentes?origem=24182\" target=\"_blank\" rel=\"noopener\"><span style=\"color: #0000ff;\"><strong>Nossa Senhora do Ros\u00e1rio<\/strong><\/span><\/a>. <strong>A nova igreja foi consagrada, em 1891<\/strong>, com o t\u00edtulo de <span style=\"color: #800080;\"><strong>Rainha das Vit\u00f3rias<\/strong><\/span>. Uma grande campanha de doa\u00e7\u00f5es teve inicio e de toda a It\u00e1lia, e de diversas partes do mundo vinham doa\u00e7\u00f5es para o santu\u00e1rio de <a href=\"https:\/\/adf.org.br\/velario\/gracasurgentes?origem=24182\" target=\"_blank\" rel=\"noopener\"><strong><span style=\"color: #0000ff;\">Nossa Senhora do Ros\u00e1rio de Pomp\u00e9ia<\/span><\/strong><\/a>.<\/span><\/p>\n<figure style=\"width: 434px\" class=\"wp-caption alignright\"><a href=\"https:\/\/adf.org.br\/velario\/gracasurgentes?origem=24182\" target=\"_blank\" rel=\"noopener\"><img loading=\"lazy\" src=\"https:\/\/img.cancaonova.com\/cnimages\/hotsites\/uploads\/sites\/2\/2017\/10\/A-festa-de-Nossa-Senhora-do-Ros%C3%A1rio.jpg\" alt=\"Conhe\u00e7a a devo\u00e7\u00e3o e a festa de Nossa Senhora do Ros\u00e1rio\" width=\"434\" height=\"217\" \/><\/a><figcaption class=\"wp-caption-text\"><center>Maria do Ros\u00e1rio, rogai por n\u00f3s<\/center><\/figcaption><\/figure>\n<p><span style=\"color: #000000;\"><strong>B\u00e1rtolo Longo, ap\u00f3s a convers\u00e3o, mudou seu nome para B\u00e1rtolo Maria Longo<\/strong>, casou-se com a condessa de Fusco, que ficara vi\u00fava. <\/span><\/p>\n<p><span style=\"color: #000000;\">Al\u00e9m do santu\u00e1rio em constru\u00e7\u00e3o e outras funda\u00e7\u00f5es, B\u00e1rtolo e sua esposa criaram um instituto das Filhas do <a href=\"https:\/\/adf.org.br\/velario\/gracasurgentes?origem=24182\" target=\"_blank\" rel=\"noopener\"><span style=\"color: #0000ff;\"><strong>Sagrado Ros\u00e1rio de Pomp\u00e9ia<\/strong><\/span><\/a> e a <strong>Ordem Terceira do Ros\u00e1rio<\/strong>.<\/span><\/p>\n<p><span style=\"color: #000000;\">B\u00e1rtolo Longo faleceu em 5 de outubro de 1926, aos 85 anos de idade, e sua obra j\u00e1 tinha atingido propor\u00e7\u00f5es grandiosas. <span style=\"color: #800080;\"><strong>O sant\u00edssimo tornara-se um centro internacional de propaga\u00e7\u00e3o do ros\u00e1rio e fora elevado a categoria de Bas\u00edlica Pontifica<\/strong>.<\/span><\/span><\/p>\n<p><span style=\"color: #000000;\">No ano de 2002, ano do ros\u00e1rio, Jo\u00e3o Paulo II fez refer\u00eancia ao beato B\u00e1rtolo Maria Longo como o \u201c<strong>Ap\u00f3stolo do Ros\u00e1rio<\/strong>\u201d.<\/span><\/p>\n<p><strong><span style=\"color: #000000;\">Louvemos ao Senhor pelas maravilhas operadas na alma de nosso beato B\u00e1rtolo Longo \u201co homem da Madona\u201d e \u201cap\u00f3stolo do ros\u00e1rio\u201d.<\/span><\/strong><\/p>\n<p style=\"text-align: center;\">***<\/p>\n<p><span style=\"color: #000000;\">Neste s\u00e1bado (23), ser\u00e1 celebrada a <span data-sheets-value=\"{&quot;1&quot;:2,&quot;2&quot;:&quot;Missa das Gra\u00e7as Urgentes&quot;}\" data-sheets-userformat=\"{&quot;2&quot;:513,&quot;3&quot;:{&quot;1&quot;:0},&quot;12&quot;:0}\"><span style=\"color: #000000;\"><strong>Missa das Gra\u00e7as Urgentes<\/strong><\/span>.<\/span><\/span><\/p>\n<p><span style=\"color: #000000;\">Esta \u00e9 uma oportunidade primordial para voc\u00ea pedir as suas inten\u00e7\u00f5es a Nossa Senhora de F\u00e1tima.\u00a0<\/span><\/p>\n<p><span style=\"color: #000000;\">Ent\u00e3o,\u00a0<span style=\"color: #0000ff;\"><a style=\"color: #0000ff;\" href=\"https:\/\/adf.org.br\/velario\/gracasurgentes?origem=24182\" target=\"_blank\" rel=\"noopener\"><strong>clique aqui<\/strong><\/a><\/span>\u00a0ou acenda a vela abaixo e inclua seus pedidos e s\u00faplicas.<\/span><\/p>\n<p><a href=\"https:\/\/adf.org.br\/velario\/gracasurgentes?origem=24182\" target=\"_blank\" rel=\"noopener\"><img loading=\"lazy\" class=\"size-medium wp-image-67122 aligncenter\" src=\"https:\/\/www.adf.org.br\/home\/wp-content\/uploads\/2022\/01\/vela-300x138.jpg\" sizes=\"(max-width: 300px) 100vw, 300px\" srcset=\"https:\/\/www.adf.org.br\/home\/wp-content\/uploads\/2022\/01\/vela-300x138.jpg 300w, https:\/\/www.adf.org.br\/home\/wp-content\/uploads\/2022\/01\/vela.jpg 600w\" alt=\"\" width=\"300\" height=\"138\" \/><\/a><\/p>\n","protected":false},"excerpt":{"rendered":"<p>Conhe\u00e7a quem foi B\u00e1rtolo Longo, o Grande Promotor do Santo Ros\u00e1rio &nbsp; \u201c\u00d3 Ros\u00e1rio bendito de Maria, doce cadeia que nos prende a Deus, v\u00ednculo de amor que nos une aos Anjos, torre de salva\u00e7\u00e3o contra os assaltos do inferno, porto seguro no naufr\u00e1gio geral, n\u00e3o te deixaremos nunca mais. Ser\u00e1s o nosso conforto na [&hellip;]<\/p>\n","protected":false},"author":31,"featured_media":68959,"comment_status":"open","ping_status":"open","sticky":false,"template":"","format":"standard","meta":[],"categories":[20,56,14,2510,2332],"tags":[1199,57,587,4827],"yoast_head":"<!-- This site is optimized with the Yoast SEO plugin v17.4 - https:\/\/yoast.com\/wordpress\/plugins\/seo\/ -->\n<title>Conhe\u00e7a quem foi B\u00e1rtolo Longo, o Grande Promotor do Santo Ros\u00e1rio<\/title>\n<meta name=\"description\" content=\"Conhe\u00e7a a hist\u00f3ria do Beato B\u00e1rtolo Longo e a Rela\u00e7\u00e3o com Nossa Senhora e o Ros\u00e1rio. Clique aqui para saber mais.\" \/>\n<meta name=\"robots\" content=\"index, follow, max-snippet:-1, max-image-preview:large, max-video-preview:-1\" \/>\n<link rel=\"canonical\" href=\"https:\/\/www.adf.org.br\/home\/conheca-quem-foi-bartolo-logo\/\" \/>\n<meta property=\"og:locale\" content=\"pt_BR\" \/>\n<meta property=\"og:type\" content=\"article\" \/>\n<meta property=\"og:title\" content=\"Conhe\u00e7a quem foi B\u00e1rtolo Longo, o Grande Promotor do Santo Ros\u00e1rio\" \/>\n<meta property=\"og:description\" content=\"Conhe\u00e7a a hist\u00f3ria do Beato B\u00e1rtolo Longo e a Rela\u00e7\u00e3o com Nossa Senhora e o Ros\u00e1rio. Clique aqui para saber mais.\" \/>\n<meta property=\"og:url\" content=\"https:\/\/www.adf.org.br\/home\/conheca-quem-foi-bartolo-logo\/\" \/>\n<meta property=\"og:site_name\" content=\"Associa\u00e7\u00e3o Devotos de F\u00e1tima\" \/>\n<meta property=\"article:published_time\" content=\"2022-07-21T03:00:15+00:00\" \/>\n<meta property=\"article:modified_time\" content=\"2022-07-21T12:57:59+00:00\" \/>\n<meta name=\"twitter:card\" content=\"summary_large_image\" \/>\n<meta name=\"twitter:image\" content=\"https:\/\/www.adf.org.br\/home\/wp-content\/uploads\/2022\/07\/nossa_senhora_do_rosario_3.webp\" \/>\n<meta name=\"twitter:label1\" content=\"Escrito por\" \/>\n\t<meta name=\"twitter:data1\" content=\"Gabriel Barbosa\" \/>\n\t<meta name=\"twitter:label2\" content=\"Est. tempo de leitura\" \/>\n\t<meta name=\"twitter:data2\" content=\"5 minutos\" \/>\n<script type=\"application\/ld+json\" class=\"yoast-schema-graph\">{\"@context\":\"https:\/\/schema.org\",\"@graph\":[{\"@type\":\"WebSite\",\"@id\":\"https:\/\/www.adf.org.br\/home\/#website\",\"url\":\"https:\/\/www.adf.org.br\/home\/\",\"name\":\"Associa\\u00e7\\u00e3o Devotos de F\\u00e1tima\",\"description\":\"Associa\\u00e7\\u00e3o Devotos de F\\u00e1tima\",\"potentialAction\":[{\"@type\":\"SearchAction\",\"target\":{\"@type\":\"EntryPoint\",\"urlTemplate\":\"https:\/\/www.adf.org.br\/home\/?s={search_term_string}\"},\"query-input\":\"required name=search_term_string\"}],\"inLanguage\":\"pt-BR\"},{\"@type\":\"ImageObject\",\"@id\":\"https:\/\/www.adf.org.br\/home\/conheca-quem-foi-bartolo-logo\/#primaryimage\",\"inLanguage\":\"pt-BR\",\"url\":\"https:\/\/www.adf.org.br\/home\/wp-content\/uploads\/2022\/07\/nossa_senhora_do_rosario_3.webp\",\"contentUrl\":\"https:\/\/www.adf.org.br\/home\/wp-content\/uploads\/2022\/07\/nossa_senhora_do_rosario_3.webp\",\"width\":640,\"height\":360},{\"@type\":\"WebPage\",\"@id\":\"https:\/\/www.adf.org.br\/home\/conheca-quem-foi-bartolo-logo\/#webpage\",\"url\":\"https:\/\/www.adf.org.br\/home\/conheca-quem-foi-bartolo-logo\/\",\"name\":\"Conhe\\u00e7a quem foi B\\u00e1rtolo Longo, o Grande Promotor do Santo Ros\\u00e1rio\",\"isPartOf\":{\"@id\":\"https:\/\/www.adf.org.br\/home\/#website\"},\"primaryImageOfPage\":{\"@id\":\"https:\/\/www.adf.org.br\/home\/conheca-quem-foi-bartolo-logo\/#primaryimage\"},\"datePublished\":\"2022-07-21T03:00:15+00:00\",\"dateModified\":\"2022-07-21T12:57:59+00:00\",\"author\":{\"@id\":\"https:\/\/www.adf.org.br\/home\/#\/schema\/person\/f35a5c5aa7728a3dedf4ea9aa1fc2753\"},\"description\":\"Conhe\\u00e7a a hist\\u00f3ria do Beato B\\u00e1rtolo Longo e a Rela\\u00e7\\u00e3o com Nossa Senhora e o Ros\\u00e1rio. Clique aqui para saber mais.\",\"breadcrumb\":{\"@id\":\"https:\/\/www.adf.org.br\/home\/conheca-quem-foi-bartolo-logo\/#breadcrumb\"},\"inLanguage\":\"pt-BR\",\"potentialAction\":[{\"@type\":\"ReadAction\",\"target\":[\"https:\/\/www.adf.org.br\/home\/conheca-quem-foi-bartolo-logo\/\"]}]},{\"@type\":\"BreadcrumbList\",\"@id\":\"https:\/\/www.adf.org.br\/home\/conheca-quem-foi-bartolo-logo\/#breadcrumb\",\"itemListElement\":[{\"@type\":\"ListItem\",\"position\":1,\"name\":\"Home\",\"item\":\"https:\/\/www.adf.org.br\/home\/\"},{\"@type\":\"ListItem\",\"position\":2,\"name\":\"Conhe\\u00e7a quem foi B\\u00e1rtolo Longo, o Grande Promotor do Santo Ros\\u00e1rio\"}]},{\"@type\":\"Person\",\"@id\":\"https:\/\/www.adf.org.br\/home\/#\/schema\/person\/f35a5c5aa7728a3dedf4ea9aa1fc2753\",\"name\":\"Gabriel Barbosa\",\"image\":{\"@type\":\"ImageObject\",\"@id\":\"https:\/\/www.adf.org.br\/home\/#personlogo\",\"inLanguage\":\"pt-BR\",\"url\":\"https:\/\/secure.gravatar.com\/avatar\/2b2cb2f4637682c5605e8d36818f51ef?s=96&d=mm&r=g\",\"contentUrl\":\"https:\/\/secure.gravatar.com\/avatar\/2b2cb2f4637682c5605e8d36818f51ef?s=96&d=mm&r=g\",\"caption\":\"Gabriel Barbosa\"},\"url\":\"https:\/\/www.adf.org.br\/home\/author\/gabrielpmk-com-br\/\"}]}<\/script>\n<!-- \/ Yoast SEO plugin. -->","yoast_head_json":{"title":"Conhe\u00e7a quem foi B\u00e1rtolo Longo, o Grande Promotor do Santo Ros\u00e1rio","description":"Conhe\u00e7a a hist\u00f3ria do Beato B\u00e1rtolo Longo e a Rela\u00e7\u00e3o com Nossa Senhora e o Ros\u00e1rio. Clique aqui para saber mais.","robots":{"index":"index","follow":"follow","max-snippet":"max-snippet:-1","max-image-preview":"max-image-preview:large","max-video-preview":"max-video-preview:-1"},"canonical":"https:\/\/www.adf.org.br\/home\/conheca-quem-foi-bartolo-logo\/","og_locale":"pt_BR","og_type":"article","og_title":"Conhe\u00e7a quem foi B\u00e1rtolo Longo, o Grande Promotor do Santo Ros\u00e1rio","og_description":"Conhe\u00e7a a hist\u00f3ria do Beato B\u00e1rtolo Longo e a Rela\u00e7\u00e3o com Nossa Senhora e o Ros\u00e1rio. Clique aqui para saber mais.","og_url":"https:\/\/www.adf.org.br\/home\/conheca-quem-foi-bartolo-logo\/","og_site_name":"Associa\u00e7\u00e3o Devotos de F\u00e1tima","article_published_time":"2022-07-21T03:00:15+00:00","article_modified_time":"2022-07-21T12:57:59+00:00","twitter_card":"summary_large_image","twitter_image":"https:\/\/www.adf.org.br\/home\/wp-content\/uploads\/2022\/07\/nossa_senhora_do_rosario_3.webp","twitter_misc":{"Escrito por":"Gabriel Barbosa","Est. tempo de leitura":"5 minutos"},"schema":{"@context":"https:\/\/schema.org","@graph":[{"@type":"WebSite","@id":"https:\/\/www.adf.org.br\/home\/#website","url":"https:\/\/www.adf.org.br\/home\/","name":"Associa\u00e7\u00e3o Devotos de F\u00e1tima","description":"Associa\u00e7\u00e3o Devotos de F\u00e1tima","potentialAction":[{"@type":"SearchAction","target":{"@type":"EntryPoint","urlTemplate":"https:\/\/www.adf.org.br\/home\/?s={search_term_string}"},"query-input":"required name=search_term_string"}],"inLanguage":"pt-BR"},{"@type":"ImageObject","@id":"https:\/\/www.adf.org.br\/home\/conheca-quem-foi-bartolo-logo\/#primaryimage","inLanguage":"pt-BR","url":"https:\/\/www.adf.org.br\/home\/wp-content\/uploads\/2022\/07\/nossa_senhora_do_rosario_3.webp","contentUrl":"https:\/\/www.adf.org.br\/home\/wp-content\/uploads\/2022\/07\/nossa_senhora_do_rosario_3.webp","width":640,"height":360},{"@type":"WebPage","@id":"https:\/\/www.adf.org.br\/home\/conheca-quem-foi-bartolo-logo\/#webpage","url":"https:\/\/www.adf.org.br\/home\/conheca-quem-foi-bartolo-logo\/","name":"Conhe\u00e7a quem foi B\u00e1rtolo Longo, o Grande Promotor do Santo Ros\u00e1rio","isPartOf":{"@id":"https:\/\/www.adf.org.br\/home\/#website"},"primaryImageOfPage":{"@id":"https:\/\/www.adf.org.br\/home\/conheca-quem-foi-bartolo-logo\/#primaryimage"},"datePublished":"2022-07-21T03:00:15+00:00","dateModified":"2022-07-21T12:57:59+00:00","author":{"@id":"https:\/\/www.adf.org.br\/home\/#\/schema\/person\/f35a5c5aa7728a3dedf4ea9aa1fc2753"},"description":"Conhe\u00e7a a hist\u00f3ria do Beato B\u00e1rtolo Longo e a Rela\u00e7\u00e3o com Nossa Senhora e o Ros\u00e1rio. Clique aqui para saber mais.","breadcrumb":{"@id":"https:\/\/www.adf.org.br\/home\/conheca-quem-foi-bartolo-logo\/#breadcrumb"},"inLanguage":"pt-BR","potentialAction":[{"@type":"ReadAction","target":["https:\/\/www.adf.org.br\/home\/conheca-quem-foi-bartolo-logo\/"]}]},{"@type":"BreadcrumbList","@id":"https:\/\/www.adf.org.br\/home\/conheca-quem-foi-bartolo-logo\/#breadcrumb","itemListElement":[{"@type":"ListItem","position":1,"name":"Home","item":"https:\/\/www.adf.org.br\/home\/"},{"@type":"ListItem","position":2,"name":"Conhe\u00e7a quem foi B\u00e1rtolo Longo, o Grande Promotor do Santo Ros\u00e1rio"}]},{"@type":"Person","@id":"https:\/\/www.adf.org.br\/home\/#\/schema\/person\/f35a5c5aa7728a3dedf4ea9aa1fc2753","name":"Gabriel Barbosa","image":{"@type":"ImageObject","@id":"https:\/\/www.adf.org.br\/home\/#personlogo","inLanguage":"pt-BR","url":"https:\/\/secure.gravatar.com\/avatar\/2b2cb2f4637682c5605e8d36818f51ef?s=96&d=mm&r=g","contentUrl":"https:\/\/secure.gravatar.com\/avatar\/2b2cb2f4637682c5605e8d36818f51ef?s=96&d=mm&r=g","caption":"Gabriel Barbosa"},"url":"https:\/\/www.adf.org.br\/home\/author\/gabrielpmk-com-br\/"}]}},"_links":{"self":[{"href":"https:\/\/www.adf.org.br\/home\/wp-json\/wp\/v2\/posts\/68958"}],"collection":[{"href":"https:\/\/www.adf.org.br\/home\/wp-json\/wp\/v2\/posts"}],"about":[{"href":"https:\/\/www.adf.org.br\/home\/wp-json\/wp\/v2\/types\/post"}],"author":[{"embeddable":true,"href":"https:\/\/www.adf.org.br\/home\/wp-json\/wp\/v2\/users\/31"}],"replies":[{"embeddable":true,"href":"https:\/\/www.adf.org.br\/home\/wp-json\/wp\/v2\/comments?post=68958"}],"version-history":[{"count":15,"href":"https:\/\/www.adf.org.br\/home\/wp-json\/wp\/v2\/posts\/68958\/revisions"}],"predecessor-version":[{"id":69024,"href":"https:\/\/www.adf.org.br\/home\/wp-json\/wp\/v2\/posts\/68958\/revisions\/69024"}],"wp:featuredmedia":[{"embeddable":true,"href":"https:\/\/www.adf.org.br\/home\/wp-json\/wp\/v2\/media\/68959"}],"wp:attachment":[{"href":"https:\/\/www.adf.org.br\/home\/wp-json\/wp\/v2\/media?parent=68958"}],"wp:term":[{"taxonomy":"category","embeddable":true,"href":"https:\/\/www.adf.org.br\/home\/wp-json\/wp\/v2\/categories?post=68958"},{"taxonomy":"post_tag","embeddable":true,"href":"https:\/\/www.adf.org.br\/home\/wp-json\/wp\/v2\/tags?post=68958"}],"curies":[{"name":"wp","href":"https:\/\/api.w.org\/{rel}","templated":true}]}}