{"id":68797,"date":"2022-07-12T00:00:42","date_gmt":"2022-07-12T03:00:42","guid":{"rendered":"https:\/\/www.adf.org.br\/home\/?p=68797"},"modified":"2022-07-11T17:25:12","modified_gmt":"2022-07-11T20:25:12","slug":"nossa-senhora-disse-que-francisco-so-iria-para-o-ceu-se-rezasse-muitos-tercos-por-que-oucamos-a-irma-lucia","status":"publish","type":"post","link":"https:\/\/www.adf.org.br\/home\/nossa-senhora-disse-que-francisco-so-iria-para-o-ceu-se-rezasse-muitos-tercos-por-que-oucamos-a-irma-lucia\/","title":{"rendered":"Nossa Senhora disse que Francisco s\u00f3 iria para o c\u00e9u se rezasse muitos ter\u00e7os. Por qu\u00ea? Ou\u00e7amos a Irm\u00e3 L\u00facia."},"content":{"rendered":"<h2 style=\"text-align: center;\"><span style=\"color: #000000;\"><b>Nossa Senhora disse que Francisco s\u00f3 iria para o c\u00e9u se rezasse muitos ter\u00e7os. Por qu\u00ea? Ou\u00e7amos a Irm\u00e3 L\u00facia.<\/b><\/span><\/h2>\n<figure id=\"attachment_68434\" aria-describedby=\"caption-attachment-68434\" style=\"width: 693px\" class=\"wp-caption aligncenter\"><a href=\"https:\/\/www.adf.org.br\/home\/pagina-de-cadastro\/?origem=24051\" target=\"_blank\" rel=\"noopener\"><img loading=\"lazy\" class=\"wp-image-68434 size-full\" src=\"https:\/\/www.adf.org.br\/home\/wp-content\/uploads\/2022\/06\/SaoFranciscoMArto_ImagemSantuariodeFatima.jpg\" alt=\"\" width=\"693\" height=\"390\" \/><\/a><figcaption id=\"caption-attachment-68434\" class=\"wp-caption-text\"><center>O pastorinho Francisco Marto, que viu Nossa Senhora em F\u00e1tima<\/center><\/figcaption><\/figure>\n<p><span style=\"font-weight: 400;\"><span style=\"color: #800080; font-size: 32px;\"><strong>C<\/strong><\/span><span style=\"color: #000000;\">onta L\u00facia nas suas mem\u00f3rias: <\/span><\/span><\/p>\n<p><span style=\"font-weight: 400; color: #000000;\">\u201c<em>Perguntei se tamb\u00e9m a mim me seria concedida a dita de ir para o C\u00e9u, ao que a Senhora respondeu: \u00abSim, vais\u00bb. \u00abE a Jacinta?\u00bb perguntei. \u00abTamb\u00e9m\u00bb \u2013\u00a0 responde<span style=\"color: #000000;\">u.\u00a0<\/span><\/em><\/span><span style=\"font-weight: 400;\"><em><span style=\"color: #000000;\">\u00abE o<\/span> <span style=\"color: #0000ff;\"><a style=\"color: #0000ff;\" href=\"https:\/\/www.adf.org.br\/home\/pagina-de-cadastro\/?origem=24051\" target=\"_blank\" rel=\"noopener\">Francisco<\/a><\/span><span style=\"color: #000000;\">?\u00bb \u2013 insisti. \u00abTamb\u00e9m, mas tem de rezar muitos ter\u00e7os\u00bb \u2013 respondeu.<\/span><\/em><span style=\"color: #000000;\">\u201d <\/span><\/span><\/p>\n<p><span style=\"color: #800080;\"><strong>N\u00e3o deixa de ser curioso o fato de a Senhora dizer que uma crian\u00e7a, pura e inocente como o Francisco, precisava de rezar muitos ter\u00e7os para ir para o C\u00e9u.\u00a0<\/strong><\/span><\/p>\n<p><span style=\"font-weight: 400; color: #000000;\">A Irm\u00e3 L\u00facia explica-o muito bem: \u201cPenso que esta\u00a0 recomenda\u00e7\u00e3o feita ao Francisco \u00e9 para todos n\u00f3s.\u00a0<\/span><\/p>\n<figure id=\"attachment_65800\" aria-describedby=\"caption-attachment-65800\" style=\"width: 222px\" class=\"wp-caption alignleft\"><a style=\"color: #000000;\" href=\"https:\/\/www.adf.org.br\/home\/pagina-de-cadastro\/?origem=24051\" target=\"_blank\" rel=\"noopener\"><img loading=\"lazy\" class=\"size-medium wp-image-65800\" src=\"https:\/\/www.adf.org.br\/home\/wp-content\/uploads\/2021\/09\/D0000100b_LB-222x300.jpg\" alt=\"\" width=\"222\" height=\"300\" srcset=\"https:\/\/www.adf.org.br\/home\/wp-content\/uploads\/2021\/09\/D0000100b_LB-222x300.jpg 222w, https:\/\/www.adf.org.br\/home\/wp-content\/uploads\/2021\/09\/D0000100b_LB.jpg 559w\" sizes=\"(max-width: 222px) 100vw, 222px\" \/><\/a><figcaption id=\"caption-attachment-65800\" class=\"wp-caption-text\"><\/span> <center><span style=\"color: #000000;\">S\u00e3o Francisco Marto<\/span><\/center><\/figcaption><\/figure>\n<p><span style=\"font-weight: 400; color: #000000;\">N\u00e3o \u00e9 que, para irmos para o C\u00e9u, seja condi\u00e7\u00e3o indispens\u00e1vel rezarmos muitos ter\u00e7os, propriamente ditos, mas sim fazermos ora\u00e7\u00e3o; <\/span><\/p>\n<p><span style=\"font-weight: 400;\"><span style=\"color: #000000;\">naturalmente, para aquelas pobres crian\u00e7as, o rezar diariamente o<\/span> <span style=\"color: #0000ff;\"><a style=\"color: #0000ff;\" href=\"https:\/\/www.adf.org.br\/home\/pagina-de-cadastro\/?origem=24051\" target=\"_blank\" rel=\"noopener\">ter\u00e7o<\/a><\/span> <span style=\"color: #000000;\">era a f\u00f3rmula de ora\u00e7\u00e3o mais acess\u00edvel, <strong>tal como o \u00e9 ainda hoje para a maior parte das pessoas, e n\u00e3o h\u00e1 d\u00favida de que dificilmente algu\u00e9m se salvar\u00e1 sem fazer ora\u00e7\u00e3o.\u00a0<\/strong><\/span><\/span><\/p>\n<p><span style=\"font-weight: 400; color: #000000;\">Sabemos bem o quanto somos fracos, resvalamos e ca\u00edmos. Sem o aux\u00edlio da gra\u00e7a, n\u00e3o conseguiremos levantar-nos nem vencer as tenta\u00e7\u00f5es.\u00a0<\/span><\/p>\n<p><span style=\"font-weight: 400;\"><span style=\"color: #800080;\"><strong>Ora<\/strong> <strong>esta for\u00e7a de que necessitamos e que nos vem com a gra\u00e7a, s\u00f3 a conseguiremos no encontro da nossa alma com Deus, por meio da ora\u00e7\u00e3o<\/strong><\/span>.\u201d <span style=\"color: #000000;\">(Apelos da Mensagem de F\u00e1tima).<\/span><\/span><\/p>\n<p><span style=\"font-weight: 400;\"><span style=\"color: #000000;\">O pedido que a<\/span> <span style=\"color: #0000ff;\"><a style=\"color: #0000ff;\" href=\"https:\/\/www.adf.org.br\/home\/pagina-de-cadastro\/?origem=24051\" target=\"_blank\" rel=\"noopener\">Senhora<\/a><\/span> <span style=\"color: #000000;\">faz aos Pastorinhos \u00e9, por isso, para todos n\u00f3s. Saibamos responder com prontid\u00e3o e generosidade ao pedido de uma m\u00e3e que quer o nosso maior bem e rezemos o ter\u00e7o com todo o carinho e devo\u00e7\u00e3o que formos capazes.<\/span><\/span><\/p>\n<h6 style=\"text-align: right;\"><span style=\"font-weight: 400; color: #000000;\">Fonte: \u201cBoletim da Serva de Deus Maria L\u00facia do Cora\u00e7\u00e3o Imaculado\u201d, n. 31, a. 10, out\/2018.<\/span><\/h6>\n<p style=\"text-align: center;\">***<\/p>\n<p><a href=\"https:\/\/www.adf.org.br\/home\/pagina-de-cadastro\/?origem=24051\" target=\"_blank\" rel=\"noopener\"><img loading=\"lazy\" class=\"wp-image-63380 aligncenter\" src=\"https:\/\/www.adf.org.br\/home\/wp-content\/uploads\/2021\/01\/boletim-adf-300x100.png\" alt=\"\" width=\"564\" height=\"188\" srcset=\"https:\/\/www.adf.org.br\/home\/wp-content\/uploads\/2021\/01\/boletim-adf-300x100.png 300w, https:\/\/www.adf.org.br\/home\/wp-content\/uploads\/2021\/01\/boletim-adf.png 600w\" sizes=\"(max-width: 564px) 100vw, 564px\" \/><\/a><\/p>\n","protected":false},"excerpt":{"rendered":"<p>Nossa Senhora disse que Francisco s\u00f3 iria para o c\u00e9u se rezasse muitos ter\u00e7os. Por qu\u00ea? Ou\u00e7amos a Irm\u00e3 L\u00facia. Conta L\u00facia nas suas mem\u00f3rias: \u201cPerguntei se tamb\u00e9m a mim me seria concedida a dita de ir para o C\u00e9u, ao que a Senhora respondeu: \u00abSim, vais\u00bb. \u00abE a Jacinta?\u00bb perguntei. \u00abTamb\u00e9m\u00bb \u2013\u00a0 respondeu.\u00a0\u00abE o [&hellip;]<\/p>\n","protected":false},"author":30,"featured_media":68434,"comment_status":"open","ping_status":"open","sticky":false,"template":"","format":"standard","meta":[],"categories":[9,20,4802,4707,56,2510],"tags":[1716,4666,2609,187,57,490,2668],"yoast_head":"<!-- This site is optimized with the Yoast SEO plugin v17.4 - https:\/\/yoast.com\/wordpress\/plugins\/seo\/ -->\n<title>Nossa Senhora disse que Francisco s\u00f3 iria para o c\u00e9u se rezasse muitos ter\u00e7os. Por qu\u00ea? Ou\u00e7amos a Irm\u00e3 L\u00facia.<\/title>\n<meta name=\"description\" content=\"Voc\u00ea com certeza quer se salvar, mas tem se empenhado nisso? S\u00e3o Francisco Marto precisou rezar muitos ter\u00e7os. Veja aqui porque \u00e9 importante rezar para nos salvarmos.\" \/>\n<meta name=\"robots\" content=\"index, follow, max-snippet:-1, max-image-preview:large, max-video-preview:-1\" \/>\n<link rel=\"canonical\" href=\"https:\/\/www.adf.org.br\/home\/nossa-senhora-disse-que-francisco-so-iria-para-o-ceu-se-rezasse-muitos-tercos-por-que-oucamos-a-irma-lucia\/\" \/>\n<meta property=\"og:locale\" content=\"pt_BR\" \/>\n<meta property=\"og:type\" content=\"article\" \/>\n<meta property=\"og:title\" content=\"Nossa Senhora disse que Francisco s\u00f3 iria para o c\u00e9u se rezasse muitos ter\u00e7os. Por qu\u00ea? Ou\u00e7amos a Irm\u00e3 L\u00facia.\" \/>\n<meta property=\"og:description\" content=\"Voc\u00ea com certeza quer se salvar, mas tem se empenhado nisso? S\u00e3o Francisco Marto precisou rezar muitos ter\u00e7os. Veja aqui porque \u00e9 importante rezar para nos salvarmos.\" \/>\n<meta property=\"og:url\" content=\"https:\/\/www.adf.org.br\/home\/nossa-senhora-disse-que-francisco-so-iria-para-o-ceu-se-rezasse-muitos-tercos-por-que-oucamos-a-irma-lucia\/\" \/>\n<meta property=\"og:site_name\" content=\"Associa\u00e7\u00e3o Devotos de F\u00e1tima\" \/>\n<meta property=\"article:published_time\" content=\"2022-07-12T03:00:42+00:00\" \/>\n<meta property=\"article:modified_time\" content=\"2022-07-11T20:25:12+00:00\" \/>\n<meta property=\"og:image\" content=\"https:\/\/www.adf.org.br\/home\/wp-content\/uploads\/2022\/06\/SaoFranciscoMArto_ImagemSantuariodeFatima.jpg\" \/>\n\t<meta property=\"og:image:width\" content=\"900\" \/>\n\t<meta property=\"og:image:height\" content=\"500\" \/>\n<meta name=\"twitter:card\" content=\"summary_large_image\" \/>\n<meta name=\"twitter:label1\" content=\"Escrito por\" \/>\n\t<meta name=\"twitter:data1\" content=\"Luiz Felipe\" \/>\n\t<meta name=\"twitter:label2\" content=\"Est. tempo de leitura\" \/>\n\t<meta name=\"twitter:data2\" content=\"2 minutos\" \/>\n<script type=\"application\/ld+json\" class=\"yoast-schema-graph\">{\"@context\":\"https:\/\/schema.org\",\"@graph\":[{\"@type\":\"WebSite\",\"@id\":\"https:\/\/www.adf.org.br\/home\/#website\",\"url\":\"https:\/\/www.adf.org.br\/home\/\",\"name\":\"Associa\\u00e7\\u00e3o Devotos de F\\u00e1tima\",\"description\":\"Associa\\u00e7\\u00e3o Devotos de F\\u00e1tima\",\"potentialAction\":[{\"@type\":\"SearchAction\",\"target\":{\"@type\":\"EntryPoint\",\"urlTemplate\":\"https:\/\/www.adf.org.br\/home\/?s={search_term_string}\"},\"query-input\":\"required name=search_term_string\"}],\"inLanguage\":\"pt-BR\"},{\"@type\":\"ImageObject\",\"@id\":\"https:\/\/www.adf.org.br\/home\/nossa-senhora-disse-que-francisco-so-iria-para-o-ceu-se-rezasse-muitos-tercos-por-que-oucamos-a-irma-lucia\/#primaryimage\",\"inLanguage\":\"pt-BR\",\"url\":\"https:\/\/www.adf.org.br\/home\/wp-content\/uploads\/2022\/06\/SaoFranciscoMArto_ImagemSantuariodeFatima.jpg\",\"contentUrl\":\"https:\/\/www.adf.org.br\/home\/wp-content\/uploads\/2022\/06\/SaoFranciscoMArto_ImagemSantuariodeFatima.jpg\",\"width\":900,\"height\":500},{\"@type\":\"WebPage\",\"@id\":\"https:\/\/www.adf.org.br\/home\/nossa-senhora-disse-que-francisco-so-iria-para-o-ceu-se-rezasse-muitos-tercos-por-que-oucamos-a-irma-lucia\/#webpage\",\"url\":\"https:\/\/www.adf.org.br\/home\/nossa-senhora-disse-que-francisco-so-iria-para-o-ceu-se-rezasse-muitos-tercos-por-que-oucamos-a-irma-lucia\/\",\"name\":\"Nossa Senhora disse que Francisco s\\u00f3 iria para o c\\u00e9u se rezasse muitos ter\\u00e7os. Por qu\\u00ea? Ou\\u00e7amos a Irm\\u00e3 L\\u00facia.\",\"isPartOf\":{\"@id\":\"https:\/\/www.adf.org.br\/home\/#website\"},\"primaryImageOfPage\":{\"@id\":\"https:\/\/www.adf.org.br\/home\/nossa-senhora-disse-que-francisco-so-iria-para-o-ceu-se-rezasse-muitos-tercos-por-que-oucamos-a-irma-lucia\/#primaryimage\"},\"datePublished\":\"2022-07-12T03:00:42+00:00\",\"dateModified\":\"2022-07-11T20:25:12+00:00\",\"author\":{\"@id\":\"https:\/\/www.adf.org.br\/home\/#\/schema\/person\/1ad877d1f255f4637ee020b3b16138ee\"},\"description\":\"Voc\\u00ea com certeza quer se salvar, mas tem se empenhado nisso? S\\u00e3o Francisco Marto precisou rezar muitos ter\\u00e7os. Veja aqui porque \\u00e9 importante rezar para nos salvarmos.\",\"breadcrumb\":{\"@id\":\"https:\/\/www.adf.org.br\/home\/nossa-senhora-disse-que-francisco-so-iria-para-o-ceu-se-rezasse-muitos-tercos-por-que-oucamos-a-irma-lucia\/#breadcrumb\"},\"inLanguage\":\"pt-BR\",\"potentialAction\":[{\"@type\":\"ReadAction\",\"target\":[\"https:\/\/www.adf.org.br\/home\/nossa-senhora-disse-que-francisco-so-iria-para-o-ceu-se-rezasse-muitos-tercos-por-que-oucamos-a-irma-lucia\/\"]}]},{\"@type\":\"BreadcrumbList\",\"@id\":\"https:\/\/www.adf.org.br\/home\/nossa-senhora-disse-que-francisco-so-iria-para-o-ceu-se-rezasse-muitos-tercos-por-que-oucamos-a-irma-lucia\/#breadcrumb\",\"itemListElement\":[{\"@type\":\"ListItem\",\"position\":1,\"name\":\"Home\",\"item\":\"https:\/\/www.adf.org.br\/home\/\"},{\"@type\":\"ListItem\",\"position\":2,\"name\":\"Nossa Senhora disse que Francisco s\\u00f3 iria para o c\\u00e9u se rezasse muitos ter\\u00e7os. Por qu\\u00ea? Ou\\u00e7amos a Irm\\u00e3 L\\u00facia.\"}]},{\"@type\":\"Person\",\"@id\":\"https:\/\/www.adf.org.br\/home\/#\/schema\/person\/1ad877d1f255f4637ee020b3b16138ee\",\"name\":\"Luiz Felipe\",\"image\":{\"@type\":\"ImageObject\",\"@id\":\"https:\/\/www.adf.org.br\/home\/#personlogo\",\"inLanguage\":\"pt-BR\",\"url\":\"https:\/\/secure.gravatar.com\/avatar\/f8f0a14d57a57f103e42363994b25ba9?s=96&d=mm&r=g\",\"contentUrl\":\"https:\/\/secure.gravatar.com\/avatar\/f8f0a14d57a57f103e42363994b25ba9?s=96&d=mm&r=g\",\"caption\":\"Luiz Felipe\"},\"url\":\"https:\/\/www.adf.org.br\/home\/author\/luiz-merencianopmk-com-br\/\"}]}<\/script>\n<!-- \/ Yoast SEO plugin. -->","yoast_head_json":{"title":"Nossa Senhora disse que Francisco s\u00f3 iria para o c\u00e9u se rezasse muitos ter\u00e7os. Por qu\u00ea? Ou\u00e7amos a Irm\u00e3 L\u00facia.","description":"Voc\u00ea com certeza quer se salvar, mas tem se empenhado nisso? S\u00e3o Francisco Marto precisou rezar muitos ter\u00e7os. Veja aqui porque \u00e9 importante rezar para nos salvarmos.","robots":{"index":"index","follow":"follow","max-snippet":"max-snippet:-1","max-image-preview":"max-image-preview:large","max-video-preview":"max-video-preview:-1"},"canonical":"https:\/\/www.adf.org.br\/home\/nossa-senhora-disse-que-francisco-so-iria-para-o-ceu-se-rezasse-muitos-tercos-por-que-oucamos-a-irma-lucia\/","og_locale":"pt_BR","og_type":"article","og_title":"Nossa Senhora disse que Francisco s\u00f3 iria para o c\u00e9u se rezasse muitos ter\u00e7os. Por qu\u00ea? Ou\u00e7amos a Irm\u00e3 L\u00facia.","og_description":"Voc\u00ea com certeza quer se salvar, mas tem se empenhado nisso? S\u00e3o Francisco Marto precisou rezar muitos ter\u00e7os. Veja aqui porque \u00e9 importante rezar para nos salvarmos.","og_url":"https:\/\/www.adf.org.br\/home\/nossa-senhora-disse-que-francisco-so-iria-para-o-ceu-se-rezasse-muitos-tercos-por-que-oucamos-a-irma-lucia\/","og_site_name":"Associa\u00e7\u00e3o Devotos de F\u00e1tima","article_published_time":"2022-07-12T03:00:42+00:00","article_modified_time":"2022-07-11T20:25:12+00:00","og_image":[{"width":900,"height":500,"url":"https:\/\/www.adf.org.br\/home\/wp-content\/uploads\/2022\/06\/SaoFranciscoMArto_ImagemSantuariodeFatima.jpg","type":"image\/jpeg"}],"twitter_card":"summary_large_image","twitter_misc":{"Escrito por":"Luiz Felipe","Est. tempo de leitura":"2 minutos"},"schema":{"@context":"https:\/\/schema.org","@graph":[{"@type":"WebSite","@id":"https:\/\/www.adf.org.br\/home\/#website","url":"https:\/\/www.adf.org.br\/home\/","name":"Associa\u00e7\u00e3o Devotos de F\u00e1tima","description":"Associa\u00e7\u00e3o Devotos de F\u00e1tima","potentialAction":[{"@type":"SearchAction","target":{"@type":"EntryPoint","urlTemplate":"https:\/\/www.adf.org.br\/home\/?s={search_term_string}"},"query-input":"required name=search_term_string"}],"inLanguage":"pt-BR"},{"@type":"ImageObject","@id":"https:\/\/www.adf.org.br\/home\/nossa-senhora-disse-que-francisco-so-iria-para-o-ceu-se-rezasse-muitos-tercos-por-que-oucamos-a-irma-lucia\/#primaryimage","inLanguage":"pt-BR","url":"https:\/\/www.adf.org.br\/home\/wp-content\/uploads\/2022\/06\/SaoFranciscoMArto_ImagemSantuariodeFatima.jpg","contentUrl":"https:\/\/www.adf.org.br\/home\/wp-content\/uploads\/2022\/06\/SaoFranciscoMArto_ImagemSantuariodeFatima.jpg","width":900,"height":500},{"@type":"WebPage","@id":"https:\/\/www.adf.org.br\/home\/nossa-senhora-disse-que-francisco-so-iria-para-o-ceu-se-rezasse-muitos-tercos-por-que-oucamos-a-irma-lucia\/#webpage","url":"https:\/\/www.adf.org.br\/home\/nossa-senhora-disse-que-francisco-so-iria-para-o-ceu-se-rezasse-muitos-tercos-por-que-oucamos-a-irma-lucia\/","name":"Nossa Senhora disse que Francisco s\u00f3 iria para o c\u00e9u se rezasse muitos ter\u00e7os. Por qu\u00ea? Ou\u00e7amos a Irm\u00e3 L\u00facia.","isPartOf":{"@id":"https:\/\/www.adf.org.br\/home\/#website"},"primaryImageOfPage":{"@id":"https:\/\/www.adf.org.br\/home\/nossa-senhora-disse-que-francisco-so-iria-para-o-ceu-se-rezasse-muitos-tercos-por-que-oucamos-a-irma-lucia\/#primaryimage"},"datePublished":"2022-07-12T03:00:42+00:00","dateModified":"2022-07-11T20:25:12+00:00","author":{"@id":"https:\/\/www.adf.org.br\/home\/#\/schema\/person\/1ad877d1f255f4637ee020b3b16138ee"},"description":"Voc\u00ea com certeza quer se salvar, mas tem se empenhado nisso? S\u00e3o Francisco Marto precisou rezar muitos ter\u00e7os. Veja aqui porque \u00e9 importante rezar para nos salvarmos.","breadcrumb":{"@id":"https:\/\/www.adf.org.br\/home\/nossa-senhora-disse-que-francisco-so-iria-para-o-ceu-se-rezasse-muitos-tercos-por-que-oucamos-a-irma-lucia\/#breadcrumb"},"inLanguage":"pt-BR","potentialAction":[{"@type":"ReadAction","target":["https:\/\/www.adf.org.br\/home\/nossa-senhora-disse-que-francisco-so-iria-para-o-ceu-se-rezasse-muitos-tercos-por-que-oucamos-a-irma-lucia\/"]}]},{"@type":"BreadcrumbList","@id":"https:\/\/www.adf.org.br\/home\/nossa-senhora-disse-que-francisco-so-iria-para-o-ceu-se-rezasse-muitos-tercos-por-que-oucamos-a-irma-lucia\/#breadcrumb","itemListElement":[{"@type":"ListItem","position":1,"name":"Home","item":"https:\/\/www.adf.org.br\/home\/"},{"@type":"ListItem","position":2,"name":"Nossa Senhora disse que Francisco s\u00f3 iria para o c\u00e9u se rezasse muitos ter\u00e7os. Por qu\u00ea? Ou\u00e7amos a Irm\u00e3 L\u00facia."}]},{"@type":"Person","@id":"https:\/\/www.adf.org.br\/home\/#\/schema\/person\/1ad877d1f255f4637ee020b3b16138ee","name":"Luiz Felipe","image":{"@type":"ImageObject","@id":"https:\/\/www.adf.org.br\/home\/#personlogo","inLanguage":"pt-BR","url":"https:\/\/secure.gravatar.com\/avatar\/f8f0a14d57a57f103e42363994b25ba9?s=96&d=mm&r=g","contentUrl":"https:\/\/secure.gravatar.com\/avatar\/f8f0a14d57a57f103e42363994b25ba9?s=96&d=mm&r=g","caption":"Luiz Felipe"},"url":"https:\/\/www.adf.org.br\/home\/author\/luiz-merencianopmk-com-br\/"}]}},"_links":{"self":[{"href":"https:\/\/www.adf.org.br\/home\/wp-json\/wp\/v2\/posts\/68797"}],"collection":[{"href":"https:\/\/www.adf.org.br\/home\/wp-json\/wp\/v2\/posts"}],"about":[{"href":"https:\/\/www.adf.org.br\/home\/wp-json\/wp\/v2\/types\/post"}],"author":[{"embeddable":true,"href":"https:\/\/www.adf.org.br\/home\/wp-json\/wp\/v2\/users\/30"}],"replies":[{"embeddable":true,"href":"https:\/\/www.adf.org.br\/home\/wp-json\/wp\/v2\/comments?post=68797"}],"version-history":[{"count":3,"href":"https:\/\/www.adf.org.br\/home\/wp-json\/wp\/v2\/posts\/68797\/revisions"}],"predecessor-version":[{"id":68800,"href":"https:\/\/www.adf.org.br\/home\/wp-json\/wp\/v2\/posts\/68797\/revisions\/68800"}],"wp:featuredmedia":[{"embeddable":true,"href":"https:\/\/www.adf.org.br\/home\/wp-json\/wp\/v2\/media\/68434"}],"wp:attachment":[{"href":"https:\/\/www.adf.org.br\/home\/wp-json\/wp\/v2\/media?parent=68797"}],"wp:term":[{"taxonomy":"category","embeddable":true,"href":"https:\/\/www.adf.org.br\/home\/wp-json\/wp\/v2\/categories?post=68797"},{"taxonomy":"post_tag","embeddable":true,"href":"https:\/\/www.adf.org.br\/home\/wp-json\/wp\/v2\/tags?post=68797"}],"curies":[{"name":"wp","href":"https:\/\/api.w.org\/{rel}","templated":true}]}}