{"id":68628,"date":"2022-06-29T10:38:14","date_gmt":"2022-06-29T13:38:14","guid":{"rendered":"https:\/\/www.adf.org.br\/home\/?p=68628"},"modified":"2022-06-29T10:38:14","modified_gmt":"2022-06-29T13:38:14","slug":"sao-pedro-e-sao-paulo-as-grandes-colunas-sobre-as-quais-foi-edificada-a-igreja-de-cristo","status":"publish","type":"post","link":"https:\/\/www.adf.org.br\/home\/sao-pedro-e-sao-paulo-as-grandes-colunas-sobre-as-quais-foi-edificada-a-igreja-de-cristo\/","title":{"rendered":"S\u00e3o Pedro e S\u00e3o Paulo: as grandes colunas sobre as quais foi edificada a Igreja de Cristo."},"content":{"rendered":"<h2 style=\"text-align: center;\"><span style=\"color: #000000;\"><strong>S\u00e3o Pedro e S\u00e3o Paulo: as grandes colunas sobre as quais foi edificada a Igreja de Cristo.<\/strong><\/span><\/h2>\n<p>&nbsp;<\/p>\n<p><a href=\"https:\/\/www.adf.org.br\/home\/pagina-de-cadastro\/?origem=23755\" target=\"_blank\" rel=\"noopener\"><img loading=\"lazy\" class=\"aligncenter wp-image-68631 size-full\" src=\"https:\/\/www.adf.org.br\/home\/wp-content\/uploads\/2022\/06\/Sao_Pedro_e_Sao_Paulo_Domingo.jpg\" alt=\"\" width=\"900\" height=\"500\" srcset=\"https:\/\/www.adf.org.br\/home\/wp-content\/uploads\/2022\/06\/Sao_Pedro_e_Sao_Paulo_Domingo.jpg 900w, https:\/\/www.adf.org.br\/home\/wp-content\/uploads\/2022\/06\/Sao_Pedro_e_Sao_Paulo_Domingo-300x167.jpg 300w, https:\/\/www.adf.org.br\/home\/wp-content\/uploads\/2022\/06\/Sao_Pedro_e_Sao_Paulo_Domingo-768x427.jpg 768w\" sizes=\"(max-width: 900px) 100vw, 900px\" \/><\/a><\/p>\n<p><span style=\"color: #000000;\"><strong><span style=\"color: #800080; font-size: 32px;\">D<\/span><\/strong>entre os primeiros ap\u00f3stolos, <span style=\"color: #0000ff;\"><strong><a style=\"color: #0000ff;\" href=\"https:\/\/www.adf.org.br\/home\/pagina-de-cadastro\/?origem=23755\" target=\"_blank\" rel=\"noopener\">S\u00e3o Pedro<\/a><\/strong><\/span> <strong>\u00e9 a figura principal por diversas raz\u00f5es. <span style=\"color: #800080;\">Em suas manifesta\u00e7\u00f5es de f\u00e9 em Jesus, vemos um cora\u00e7\u00e3o ardente e confiante n\u2019Aquele ao qual seguia.<\/span><\/strong><\/span><\/p>\n<p><span style=\"color: #000000;\">Depois, <strong>em suas nega\u00e7\u00f5es<\/strong>, tamb\u00e9m vemos a <span style=\"color: #0000ff;\"><strong><a style=\"color: #0000ff;\" href=\"https:\/\/www.adf.org.br\/home\/pagina-de-cadastro\/?origem=23755\" target=\"_blank\" rel=\"noopener\">fragilidade de Pedro<\/a><\/strong><\/span>, <strong>sua humanidade e seu caminho de reden\u00e7\u00e3o. <span style=\"color: #800080;\">Conhecemos seu primeiro chamado, ao consertar as redes, e tamb\u00e9m o segundo \u2013 o definitivo \u2013 ao pescar outra vez e ali reencontrar-se com o amor misericordioso de Jesus (Jo 21).<\/span><\/strong><\/span><\/p>\n<p><span style=\"color: #000000;\"><strong><span style=\"color: #0000ff;\"><a style=\"color: #0000ff;\" href=\"https:\/\/www.adf.org.br\/home\/pagina-de-cadastro\/?origem=23755\" target=\"_blank\" rel=\"noopener\">S\u00e3o Paulo<\/a><\/span><\/strong>, embora n\u00e3o tenha sido um dos doze ap\u00f3stolos iniciais, <span style=\"text-decoration: underline;\">tornou-se uma figura essencial<\/span>:<strong> o grande Ap\u00f3stolo dos gentios \u2013 aquele que, por seu conhecimento e por sua entrega na evangeliza\u00e7\u00e3o, alcan\u00e7ou os mais diversos povos.<\/strong><\/span><\/p>\n<figure id=\"attachment_68634\" aria-describedby=\"caption-attachment-68634\" style=\"width: 300px\" class=\"wp-caption alignleft\"><a href=\"https:\/\/www.adf.org.br\/home\/pagina-de-cadastro\/?origem=23755\" target=\"_blank\" rel=\"noopener\"><img loading=\"lazy\" class=\"wp-image-68634 size-medium\" src=\"https:\/\/www.adf.org.br\/home\/wp-content\/uploads\/2022\/06\/PRC_Estatua-de-Sao-Pedro-300x222.jpg\" alt=\"\" width=\"300\" height=\"222\" srcset=\"https:\/\/www.adf.org.br\/home\/wp-content\/uploads\/2022\/06\/PRC_Estatua-de-Sao-Pedro-300x222.jpg 300w, https:\/\/www.adf.org.br\/home\/wp-content\/uploads\/2022\/06\/PRC_Estatua-de-Sao-Pedro-1024x757.jpg 1024w, https:\/\/www.adf.org.br\/home\/wp-content\/uploads\/2022\/06\/PRC_Estatua-de-Sao-Pedro-768x567.jpg 768w, https:\/\/www.adf.org.br\/home\/wp-content\/uploads\/2022\/06\/PRC_Estatua-de-Sao-Pedro.jpg 1432w\" sizes=\"(max-width: 300px) 100vw, 300px\" \/><\/a><figcaption id=\"caption-attachment-68634\" class=\"wp-caption-text\"><center><span style=\"color: #000000;\">Est\u00e1tua de bronze do primeiro Papa, bas\u00edlica de S\u00e3o Pedro, Roma.<\/span><center><\/center><\/center><\/figcaption><\/figure>\n<p><span style=\"color: #000000;\"><span style=\"color: #800080;\"><strong>Juntos \u2013 S\u00e3o Pedro e S\u00e3o Paulo \u2013 <span style=\"color: #0000ff;\"><a style=\"color: #0000ff;\" href=\"https:\/\/www.adf.org.br\/home\/pagina-de-cadastro\/?origem=23755\" target=\"_blank\" rel=\"noopener\">fundaram a Igreja de Roma<\/a><\/span>, impulsionando seu crescimento pelo testemunho de seu mart\u00edrio.<\/strong><\/span><\/span><\/p>\n<p><span style=\"color: #000000;\">Ainda no s\u00e9culo I d. C., ambos entregaram-se, em momentos distintos, ao <span style=\"color: #0000ff;\"><strong><a style=\"color: #0000ff;\" href=\"https:\/\/www.adf.org.br\/home\/pagina-de-cadastro\/?origem=23755\" target=\"_blank\" rel=\"noopener\">sacrif\u00edcio em nome do Evangelho<\/a><\/strong><\/span>. <span style=\"color: #800080;\"><strong>Regaram a terra romana com seu sangue e ali frutificaram a Igreja que segue inabal\u00e1vel at\u00e9 hoje.<\/strong><\/span><\/span><\/p>\n<p><span style=\"color: #000000;\">Para o Papa Bento XVI, <strong>S\u00e3o Pedro e S\u00e3o Paulo foram essenciais porque tamb\u00e9m representam uma refigura\u00e7\u00e3o<\/strong>: <span style=\"text-decoration: underline;\">ambos tornaram-se ant\u00edteses de dois grandes epis\u00f3dios \u2013 um crime do Antigo Testamento e o mito fundacional de Roma.<\/span><\/span><\/p>\n<p><span style=\"color: #000000;\">Segundo o Papa, <span style=\"color: #800080;\"><strong>Pedro e Paulo podem ser vistos como uma reden\u00e7\u00e3o do crime cometido por Caim e Abel<\/strong><\/span>.<\/span><\/p>\n<p><a href=\"https:\/\/www.adf.org.br\/home\/pagina-de-cadastro\/?origem=23755\" target=\"_blank\" rel=\"noopener\"><img loading=\"lazy\" class=\"alignright wp-image-68637 size-medium\" style=\"color: #000000;\" src=\"https:\/\/www.adf.org.br\/home\/wp-content\/uploads\/2022\/06\/sao-pedro-e-sao-paulo-2-205x300.jpg\" alt=\"\" width=\"205\" height=\"300\" srcset=\"https:\/\/www.adf.org.br\/home\/wp-content\/uploads\/2022\/06\/sao-pedro-e-sao-paulo-2-205x300.jpg 205w, https:\/\/www.adf.org.br\/home\/wp-content\/uploads\/2022\/06\/sao-pedro-e-sao-paulo-2-701x1024.jpg 701w, https:\/\/www.adf.org.br\/home\/wp-content\/uploads\/2022\/06\/sao-pedro-e-sao-paulo-2.jpg 736w\" sizes=\"(max-width: 205px) 100vw, 205px\" \/><\/a><\/p>\n<p><span style=\"color: #000000;\">Enquanto Caim deixou-se dominar por suas m\u00e1s inclina\u00e7\u00f5es e manchou suas m\u00e3os com a morte, Pedro e Paulo, embora n\u00e3o fossem <span style=\"color: #0000ff;\"><a style=\"color: #0000ff;\" href=\"https:\/\/www.adf.org.br\/home\/pagina-de-cadastro\/?origem=23755\" target=\"_blank\" rel=\"noopener\"><strong>irm\u00e3os biol\u00f3gicos<\/strong><\/a><\/span>, <strong>tornaram-se irm\u00e3os de funda\u00e7\u00e3o da Igreja e de mart\u00edrio e, com isso,\u00a0converteram-se em um grande sinal de amor e irmandade.<\/strong><\/span><\/p>\n<p><span style=\"color: #000000;\">Por outro lado, a <span style=\"color: #0000ff;\"><a style=\"color: #0000ff;\" href=\"https:\/\/www.adf.org.br\/home\/pagina-de-cadastro\/?origem=23755\" target=\"_blank\" rel=\"noopener\"><strong>funda\u00e7\u00e3o da Igreja Romana<\/strong><\/a><\/span> feita pelos dois ap\u00f3stolos tamb\u00e9m atualiza e, em certa medida, refaz a <\/span><span style=\"color: #000000;\">funda\u00e7\u00e3o mitol\u00f3gica da cidade:<\/span><\/p>\n<h4><span style=\"color: #000000;\"><strong><span style=\"color: #800080;\">\u201cDe fato, a comunidade crist\u00e3 desta Cidade viu neles uma esp\u00e9cie de ant\u00edtese dos mitol\u00f3gicos R\u00f3mulo e Remo, o par de irm\u00e3os a quem se atribui a funda\u00e7\u00e3o de Roma\u201d<\/span><\/strong> (Papa Bento XVI, em sua homilia de 2012 na Solenidade de S\u00e3o Pedro e S\u00e3o Paulo).<\/span><\/h4>\n<p><strong><span style=\"color: #000000;\">Portanto, com estes dois ap\u00f3stolos, tudo se renova. Pela miseric\u00f3rdia e gra\u00e7a divina, podemos olh\u00e1-los e admir\u00e1-los como as <span style=\"color: #0000ff;\"><a style=\"color: #0000ff;\" href=\"https:\/\/www.adf.org.br\/home\/pagina-de-cadastro\/?origem=23755\" target=\"_blank\" rel=\"noopener\">grandes colunas<\/a><\/span> sobre as quais foi edificada a Igreja de Cristo.<\/span><\/strong><\/p>\n<h3 style=\"text-align: center;\"><span style=\"color: #000000;\">****<\/span><\/h3>\n<p><span style=\"color: #000000;\"><strong>Quer receber conte\u00fados de inspira\u00e7\u00e3o cat\u00f3lica para aumentar sua f\u00e9 e a sua devo\u00e7\u00e3o?<\/strong><\/span><\/p>\n<p><strong><span style=\"color: #0000ff;\"><a style=\"color: #0000ff;\" href=\"https:\/\/www.adf.org.br\/home\/pagina-de-cadastro\/?origem=23755\" target=\"_blank\" rel=\"noopener\">Clique aqui<\/a><\/span>\u00a0<\/strong><span style=\"color: #000000;\">ou na imagem abaixo e fa\u00e7a seu cadastro na nossa Newsletter:<\/span><\/p>\n<p><a href=\"https:\/\/www.adf.org.br\/home\/pagina-de-cadastro\/?origem=23755\" target=\"_blank\" rel=\"noopener\"><img loading=\"lazy\" class=\"wp-image-63380 aligncenter\" src=\"https:\/\/www.adf.org.br\/home\/wp-content\/uploads\/2021\/01\/boletim-adf-300x100.png\" sizes=\"(max-width: 417px) 100vw, 417px\" srcset=\"https:\/\/www.adf.org.br\/home\/wp-content\/uploads\/2021\/01\/boletim-adf-300x100.png 300w, https:\/\/www.adf.org.br\/home\/wp-content\/uploads\/2021\/01\/boletim-adf.png 600w\" alt=\"\" width=\"417\" height=\"139\" \/><\/a><\/p>\n","protected":false},"excerpt":{"rendered":"<p>S\u00e3o Pedro e S\u00e3o Paulo: as grandes colunas sobre as quais foi edificada a Igreja de Cristo. &nbsp; Dentre os primeiros ap\u00f3stolos, S\u00e3o Pedro \u00e9 a figura principal por diversas raz\u00f5es. Em suas manifesta\u00e7\u00f5es de f\u00e9 em Jesus, vemos um cora\u00e7\u00e3o ardente e confiante n\u2019Aquele ao qual seguia. Depois, em suas nega\u00e7\u00f5es, tamb\u00e9m vemos a [&hellip;]<\/p>\n","protected":false},"author":27,"featured_media":68631,"comment_status":"open","ping_status":"open","sticky":false,"template":"","format":"standard","meta":[],"categories":[20,56,2547],"tags":[4812,4811,4813,1931,57],"yoast_head":"<!-- This site is optimized with the Yoast SEO plugin v17.4 - https:\/\/yoast.com\/wordpress\/plugins\/seo\/ -->\n<title>S\u00e3o Pedro e S\u00e3o Paulo: as grandes colunas sobre as quais foi edificada a Igreja de Cristo.<\/title>\n<meta name=\"description\" content=\"Hoje comemoramos a festa de S\u00e3o Pedro e S\u00e3o Paulo, estes que regaram a terra romana com seu sangue e ali frutificaram a Igreja que segue inabal\u00e1vel at\u00e9 hoje. Clique aqui e saiba mais.\" \/>\n<meta name=\"robots\" content=\"index, follow, max-snippet:-1, max-image-preview:large, max-video-preview:-1\" \/>\n<link rel=\"canonical\" href=\"https:\/\/www.adf.org.br\/home\/sao-pedro-e-sao-paulo-as-grandes-colunas-sobre-as-quais-foi-edificada-a-igreja-de-cristo\/\" \/>\n<meta property=\"og:locale\" content=\"pt_BR\" \/>\n<meta property=\"og:type\" content=\"article\" \/>\n<meta property=\"og:title\" content=\"S\u00e3o Pedro e S\u00e3o Paulo: as grandes colunas sobre as quais foi edificada a Igreja de Cristo.\" \/>\n<meta property=\"og:description\" content=\"Hoje comemoramos a festa de S\u00e3o Pedro e S\u00e3o Paulo, estes que regaram a terra romana com seu sangue e ali frutificaram a Igreja que segue inabal\u00e1vel at\u00e9 hoje. Clique aqui e saiba mais.\" \/>\n<meta property=\"og:url\" content=\"https:\/\/www.adf.org.br\/home\/sao-pedro-e-sao-paulo-as-grandes-colunas-sobre-as-quais-foi-edificada-a-igreja-de-cristo\/\" \/>\n<meta property=\"og:site_name\" content=\"Associa\u00e7\u00e3o Devotos de F\u00e1tima\" \/>\n<meta property=\"article:published_time\" content=\"2022-06-29T13:38:14+00:00\" \/>\n<meta property=\"og:image\" content=\"https:\/\/www.adf.org.br\/home\/wp-content\/uploads\/2022\/06\/Sao_Pedro_e_Sao_Paulo_Domingo.jpg\" \/>\n\t<meta property=\"og:image:width\" content=\"900\" \/>\n\t<meta property=\"og:image:height\" content=\"500\" \/>\n<meta name=\"twitter:card\" content=\"summary_large_image\" \/>\n<meta name=\"twitter:label1\" content=\"Escrito por\" \/>\n\t<meta name=\"twitter:data1\" content=\"Gabriel Barbosa\" \/>\n\t<meta name=\"twitter:label2\" content=\"Est. tempo de leitura\" \/>\n\t<meta name=\"twitter:data2\" content=\"2 minutos\" \/>\n<script type=\"application\/ld+json\" class=\"yoast-schema-graph\">{\"@context\":\"https:\/\/schema.org\",\"@graph\":[{\"@type\":\"WebSite\",\"@id\":\"https:\/\/www.adf.org.br\/home\/#website\",\"url\":\"https:\/\/www.adf.org.br\/home\/\",\"name\":\"Associa\\u00e7\\u00e3o Devotos de F\\u00e1tima\",\"description\":\"Associa\\u00e7\\u00e3o Devotos de F\\u00e1tima\",\"potentialAction\":[{\"@type\":\"SearchAction\",\"target\":{\"@type\":\"EntryPoint\",\"urlTemplate\":\"https:\/\/www.adf.org.br\/home\/?s={search_term_string}\"},\"query-input\":\"required name=search_term_string\"}],\"inLanguage\":\"pt-BR\"},{\"@type\":\"ImageObject\",\"@id\":\"https:\/\/www.adf.org.br\/home\/sao-pedro-e-sao-paulo-as-grandes-colunas-sobre-as-quais-foi-edificada-a-igreja-de-cristo\/#primaryimage\",\"inLanguage\":\"pt-BR\",\"url\":\"https:\/\/www.adf.org.br\/home\/wp-content\/uploads\/2022\/06\/Sao_Pedro_e_Sao_Paulo_Domingo.jpg\",\"contentUrl\":\"https:\/\/www.adf.org.br\/home\/wp-content\/uploads\/2022\/06\/Sao_Pedro_e_Sao_Paulo_Domingo.jpg\",\"width\":900,\"height\":500},{\"@type\":\"WebPage\",\"@id\":\"https:\/\/www.adf.org.br\/home\/sao-pedro-e-sao-paulo-as-grandes-colunas-sobre-as-quais-foi-edificada-a-igreja-de-cristo\/#webpage\",\"url\":\"https:\/\/www.adf.org.br\/home\/sao-pedro-e-sao-paulo-as-grandes-colunas-sobre-as-quais-foi-edificada-a-igreja-de-cristo\/\",\"name\":\"S\\u00e3o Pedro e S\\u00e3o Paulo: as grandes colunas sobre as quais foi edificada a Igreja de Cristo.\",\"isPartOf\":{\"@id\":\"https:\/\/www.adf.org.br\/home\/#website\"},\"primaryImageOfPage\":{\"@id\":\"https:\/\/www.adf.org.br\/home\/sao-pedro-e-sao-paulo-as-grandes-colunas-sobre-as-quais-foi-edificada-a-igreja-de-cristo\/#primaryimage\"},\"datePublished\":\"2022-06-29T13:38:14+00:00\",\"dateModified\":\"2022-06-29T13:38:14+00:00\",\"author\":{\"@id\":\"https:\/\/www.adf.org.br\/home\/#\/schema\/person\/affa494ecf91434f3620f5392de44327\"},\"description\":\"Hoje comemoramos a festa de S\\u00e3o Pedro e S\\u00e3o Paulo, estes que regaram a terra romana com seu sangue e ali frutificaram a Igreja que segue inabal\\u00e1vel at\\u00e9 hoje. Clique aqui e saiba mais.\",\"breadcrumb\":{\"@id\":\"https:\/\/www.adf.org.br\/home\/sao-pedro-e-sao-paulo-as-grandes-colunas-sobre-as-quais-foi-edificada-a-igreja-de-cristo\/#breadcrumb\"},\"inLanguage\":\"pt-BR\",\"potentialAction\":[{\"@type\":\"ReadAction\",\"target\":[\"https:\/\/www.adf.org.br\/home\/sao-pedro-e-sao-paulo-as-grandes-colunas-sobre-as-quais-foi-edificada-a-igreja-de-cristo\/\"]}]},{\"@type\":\"BreadcrumbList\",\"@id\":\"https:\/\/www.adf.org.br\/home\/sao-pedro-e-sao-paulo-as-grandes-colunas-sobre-as-quais-foi-edificada-a-igreja-de-cristo\/#breadcrumb\",\"itemListElement\":[{\"@type\":\"ListItem\",\"position\":1,\"name\":\"Home\",\"item\":\"https:\/\/www.adf.org.br\/home\/\"},{\"@type\":\"ListItem\",\"position\":2,\"name\":\"S\\u00e3o Pedro e S\\u00e3o Paulo: as grandes colunas sobre as quais foi edificada a Igreja de Cristo.\"}]},{\"@type\":\"Person\",\"@id\":\"https:\/\/www.adf.org.br\/home\/#\/schema\/person\/affa494ecf91434f3620f5392de44327\",\"name\":\"Gabriel Barbosa\",\"image\":{\"@type\":\"ImageObject\",\"@id\":\"https:\/\/www.adf.org.br\/home\/#personlogo\",\"inLanguage\":\"pt-BR\",\"url\":\"https:\/\/secure.gravatar.com\/avatar\/ecf2eab02e30486a7038f8b2858de06a?s=96&d=mm&r=g\",\"contentUrl\":\"https:\/\/secure.gravatar.com\/avatar\/ecf2eab02e30486a7038f8b2858de06a?s=96&d=mm&r=g\",\"caption\":\"Gabriel Barbosa\"},\"url\":\"https:\/\/www.adf.org.br\/home\/author\/gabriel-aascj\/\"}]}<\/script>\n<!-- \/ Yoast SEO plugin. -->","yoast_head_json":{"title":"S\u00e3o Pedro e S\u00e3o Paulo: as grandes colunas sobre as quais foi edificada a Igreja de Cristo.","description":"Hoje comemoramos a festa de S\u00e3o Pedro e S\u00e3o Paulo, estes que regaram a terra romana com seu sangue e ali frutificaram a Igreja que segue inabal\u00e1vel at\u00e9 hoje. Clique aqui e saiba mais.","robots":{"index":"index","follow":"follow","max-snippet":"max-snippet:-1","max-image-preview":"max-image-preview:large","max-video-preview":"max-video-preview:-1"},"canonical":"https:\/\/www.adf.org.br\/home\/sao-pedro-e-sao-paulo-as-grandes-colunas-sobre-as-quais-foi-edificada-a-igreja-de-cristo\/","og_locale":"pt_BR","og_type":"article","og_title":"S\u00e3o Pedro e S\u00e3o Paulo: as grandes colunas sobre as quais foi edificada a Igreja de Cristo.","og_description":"Hoje comemoramos a festa de S\u00e3o Pedro e S\u00e3o Paulo, estes que regaram a terra romana com seu sangue e ali frutificaram a Igreja que segue inabal\u00e1vel at\u00e9 hoje. Clique aqui e saiba mais.","og_url":"https:\/\/www.adf.org.br\/home\/sao-pedro-e-sao-paulo-as-grandes-colunas-sobre-as-quais-foi-edificada-a-igreja-de-cristo\/","og_site_name":"Associa\u00e7\u00e3o Devotos de F\u00e1tima","article_published_time":"2022-06-29T13:38:14+00:00","og_image":[{"width":900,"height":500,"url":"https:\/\/www.adf.org.br\/home\/wp-content\/uploads\/2022\/06\/Sao_Pedro_e_Sao_Paulo_Domingo.jpg","type":"image\/jpeg"}],"twitter_card":"summary_large_image","twitter_misc":{"Escrito por":"Gabriel Barbosa","Est. tempo de leitura":"2 minutos"},"schema":{"@context":"https:\/\/schema.org","@graph":[{"@type":"WebSite","@id":"https:\/\/www.adf.org.br\/home\/#website","url":"https:\/\/www.adf.org.br\/home\/","name":"Associa\u00e7\u00e3o Devotos de F\u00e1tima","description":"Associa\u00e7\u00e3o Devotos de F\u00e1tima","potentialAction":[{"@type":"SearchAction","target":{"@type":"EntryPoint","urlTemplate":"https:\/\/www.adf.org.br\/home\/?s={search_term_string}"},"query-input":"required name=search_term_string"}],"inLanguage":"pt-BR"},{"@type":"ImageObject","@id":"https:\/\/www.adf.org.br\/home\/sao-pedro-e-sao-paulo-as-grandes-colunas-sobre-as-quais-foi-edificada-a-igreja-de-cristo\/#primaryimage","inLanguage":"pt-BR","url":"https:\/\/www.adf.org.br\/home\/wp-content\/uploads\/2022\/06\/Sao_Pedro_e_Sao_Paulo_Domingo.jpg","contentUrl":"https:\/\/www.adf.org.br\/home\/wp-content\/uploads\/2022\/06\/Sao_Pedro_e_Sao_Paulo_Domingo.jpg","width":900,"height":500},{"@type":"WebPage","@id":"https:\/\/www.adf.org.br\/home\/sao-pedro-e-sao-paulo-as-grandes-colunas-sobre-as-quais-foi-edificada-a-igreja-de-cristo\/#webpage","url":"https:\/\/www.adf.org.br\/home\/sao-pedro-e-sao-paulo-as-grandes-colunas-sobre-as-quais-foi-edificada-a-igreja-de-cristo\/","name":"S\u00e3o Pedro e S\u00e3o Paulo: as grandes colunas sobre as quais foi edificada a Igreja de Cristo.","isPartOf":{"@id":"https:\/\/www.adf.org.br\/home\/#website"},"primaryImageOfPage":{"@id":"https:\/\/www.adf.org.br\/home\/sao-pedro-e-sao-paulo-as-grandes-colunas-sobre-as-quais-foi-edificada-a-igreja-de-cristo\/#primaryimage"},"datePublished":"2022-06-29T13:38:14+00:00","dateModified":"2022-06-29T13:38:14+00:00","author":{"@id":"https:\/\/www.adf.org.br\/home\/#\/schema\/person\/affa494ecf91434f3620f5392de44327"},"description":"Hoje comemoramos a festa de S\u00e3o Pedro e S\u00e3o Paulo, estes que regaram a terra romana com seu sangue e ali frutificaram a Igreja que segue inabal\u00e1vel at\u00e9 hoje. Clique aqui e saiba mais.","breadcrumb":{"@id":"https:\/\/www.adf.org.br\/home\/sao-pedro-e-sao-paulo-as-grandes-colunas-sobre-as-quais-foi-edificada-a-igreja-de-cristo\/#breadcrumb"},"inLanguage":"pt-BR","potentialAction":[{"@type":"ReadAction","target":["https:\/\/www.adf.org.br\/home\/sao-pedro-e-sao-paulo-as-grandes-colunas-sobre-as-quais-foi-edificada-a-igreja-de-cristo\/"]}]},{"@type":"BreadcrumbList","@id":"https:\/\/www.adf.org.br\/home\/sao-pedro-e-sao-paulo-as-grandes-colunas-sobre-as-quais-foi-edificada-a-igreja-de-cristo\/#breadcrumb","itemListElement":[{"@type":"ListItem","position":1,"name":"Home","item":"https:\/\/www.adf.org.br\/home\/"},{"@type":"ListItem","position":2,"name":"S\u00e3o Pedro e S\u00e3o Paulo: as grandes colunas sobre as quais foi edificada a Igreja de Cristo."}]},{"@type":"Person","@id":"https:\/\/www.adf.org.br\/home\/#\/schema\/person\/affa494ecf91434f3620f5392de44327","name":"Gabriel Barbosa","image":{"@type":"ImageObject","@id":"https:\/\/www.adf.org.br\/home\/#personlogo","inLanguage":"pt-BR","url":"https:\/\/secure.gravatar.com\/avatar\/ecf2eab02e30486a7038f8b2858de06a?s=96&d=mm&r=g","contentUrl":"https:\/\/secure.gravatar.com\/avatar\/ecf2eab02e30486a7038f8b2858de06a?s=96&d=mm&r=g","caption":"Gabriel Barbosa"},"url":"https:\/\/www.adf.org.br\/home\/author\/gabriel-aascj\/"}]}},"_links":{"self":[{"href":"https:\/\/www.adf.org.br\/home\/wp-json\/wp\/v2\/posts\/68628"}],"collection":[{"href":"https:\/\/www.adf.org.br\/home\/wp-json\/wp\/v2\/posts"}],"about":[{"href":"https:\/\/www.adf.org.br\/home\/wp-json\/wp\/v2\/types\/post"}],"author":[{"embeddable":true,"href":"https:\/\/www.adf.org.br\/home\/wp-json\/wp\/v2\/users\/27"}],"replies":[{"embeddable":true,"href":"https:\/\/www.adf.org.br\/home\/wp-json\/wp\/v2\/comments?post=68628"}],"version-history":[{"count":11,"href":"https:\/\/www.adf.org.br\/home\/wp-json\/wp\/v2\/posts\/68628\/revisions"}],"predecessor-version":[{"id":68643,"href":"https:\/\/www.adf.org.br\/home\/wp-json\/wp\/v2\/posts\/68628\/revisions\/68643"}],"wp:featuredmedia":[{"embeddable":true,"href":"https:\/\/www.adf.org.br\/home\/wp-json\/wp\/v2\/media\/68631"}],"wp:attachment":[{"href":"https:\/\/www.adf.org.br\/home\/wp-json\/wp\/v2\/media?parent=68628"}],"wp:term":[{"taxonomy":"category","embeddable":true,"href":"https:\/\/www.adf.org.br\/home\/wp-json\/wp\/v2\/categories?post=68628"},{"taxonomy":"post_tag","embeddable":true,"href":"https:\/\/www.adf.org.br\/home\/wp-json\/wp\/v2\/tags?post=68628"}],"curies":[{"name":"wp","href":"https:\/\/api.w.org\/{rel}","templated":true}]}}