{"id":68579,"date":"2022-06-24T11:20:13","date_gmt":"2022-06-24T14:20:13","guid":{"rendered":"https:\/\/www.adf.org.br\/home\/?p=68579"},"modified":"2022-06-24T11:20:13","modified_gmt":"2022-06-24T14:20:13","slug":"oracao-ao-imaculado-coracao-de-maria-imagem-fiel-do-coracao-de-jesus-reze-conosco","status":"publish","type":"post","link":"https:\/\/www.adf.org.br\/home\/oracao-ao-imaculado-coracao-de-maria-imagem-fiel-do-coracao-de-jesus-reze-conosco\/","title":{"rendered":"Ora\u00e7\u00e3o ao Imaculado Cora\u00e7\u00e3o de Maria, Imagem fiel do Cora\u00e7\u00e3o de Jesus. Reze conosco!"},"content":{"rendered":"<h2 style=\"text-align: center;\"><span style=\"color: #000000;\"><strong>Ora\u00e7\u00e3o ao Imaculado Cora\u00e7\u00e3o de Maria, Imagem fiel do Cora\u00e7\u00e3o de Jesus. Reze conosco!<\/strong><\/span><\/h2>\n<p>&nbsp;<\/p>\n<p><a href=\"https:\/\/adf.org.br\/velario\/imaculadocoracaomaria?origem=23734\" target=\"_blank\" rel=\"noopener\"><img loading=\"lazy\" class=\"aligncenter wp-image-68583 size-full\" src=\"https:\/\/www.adf.org.br\/home\/wp-content\/uploads\/2022\/06\/imaculado-coracao-de-maria.jpg\" alt=\"\" width=\"1140\" height=\"684\" srcset=\"https:\/\/www.adf.org.br\/home\/wp-content\/uploads\/2022\/06\/imaculado-coracao-de-maria.jpg 1140w, https:\/\/www.adf.org.br\/home\/wp-content\/uploads\/2022\/06\/imaculado-coracao-de-maria-300x180.jpg 300w, https:\/\/www.adf.org.br\/home\/wp-content\/uploads\/2022\/06\/imaculado-coracao-de-maria-1024x614.jpg 1024w, https:\/\/www.adf.org.br\/home\/wp-content\/uploads\/2022\/06\/imaculado-coracao-de-maria-768x461.jpg 768w\" sizes=\"(max-width: 1140px) 100vw, 1140px\" \/><\/a><\/p>\n<p><span style=\"color: #000000;\"><strong><span style=\"color: #800080; font-size: 32PX;\">D<\/span><\/strong>epois da Encarna\u00e7\u00e3o do Verbo, <strong><span style=\"color: #800080;\">a ocupa\u00e7\u00e3o habitual de Maria Sant\u00edssima foi <span style=\"color: #0000ff;\"><a style=\"color: #0000ff;\" href=\"https:\/\/adf.org.br\/velario\/imaculadocoracaomaria?origem=23734\" target=\"_blank\" rel=\"noopener\">estudar o grande livro do Cora\u00e7\u00e3o amabil\u00edssimo de Jesus<\/a><\/span><\/span><\/strong> e nesta escola divina fez progressos t\u00e3o grandes, que se tornou uma imagem fiel de Jesus. <\/span><\/p>\n<p><strong><span style=\"color: #000000;\">Primeiramente,\u00a0 os dotes que nos dias anteriores contemplamos no Cora\u00e7\u00e3o do Filho, acham-se tamb\u00e9m, observadas as devidas propor\u00e7\u00f5es, no Cora\u00e7\u00e3o da M\u00e3e.<\/span><\/strong><\/p>\n<h4><span style=\"color: #000000;\"><strong><span style=\"color: #800080;\">\u201c<em>Sede meus imitadores, como eu o sou de Cristo<\/em>\u201d<\/span><\/strong>; \u00e9 o que, com mais raz\u00e3o do que <strong><span style=\"color: #0000ff;\"><a style=\"color: #0000ff;\" href=\"https:\/\/adf.org.br\/velario\/imaculadocoracaomaria?origem=23734\" target=\"_blank\" rel=\"noopener\">S\u00e3o Paulo<\/a><\/span><\/strong>, nos diz a divina M\u00e3e. <\/span><\/h4>\n<p><span style=\"color: #000000;\">Assim, se, pois, amas a Maria, deves, \u00e0 sua imita\u00e7\u00e3o, <span style=\"color: #800080;\"><strong>estudar continuamente no livro do Cora\u00e7\u00e3o de Jesus Cristo, afim de nele aprender todas as virtudes, especialmente as que te sejam mais necess\u00e1rias como, por exemplo, o desapego da terra, a humildade, a mansid\u00e3o, a resigna\u00e7\u00e3o e sobretudo o amor para com Deus e para com o pr\u00f3ximo. <\/strong><\/span><\/span><\/p>\n<p><span style=\"color: #000000;\">\u2013 <span style=\"text-decoration: underline;\">Entretanto, se n\u00e3o tens a coragem de estudar em t\u00e3o grande livro<\/span>, <strong><span style=\"color: #0000ff;\"><a style=\"color: #0000ff;\" href=\"https:\/\/adf.org.br\/velario\/imaculadocoracaomaria?origem=23734\" target=\"_blank\" rel=\"noopener\">pede-a \u00e0 divina M\u00e3e<\/a><\/span><\/strong>.<\/span><\/p>\n<blockquote><p><span style=\"color: #000000;\"><strong><span style=\"color: #0000ff;\"><a style=\"color: #0000ff;\" href=\"https:\/\/adf.org.br\/velario\/imaculadocoracaomaria?origem=23734\" target=\"_blank\" rel=\"noopener\">\u00d3 Cora\u00e7\u00e3o de Maria<\/a><\/span><\/strong>, <strong><span style=\"color: #800080;\">M\u00e3e de Deus e M\u00e3e nossa; Cora\u00e7\u00e3o amabil\u00edssimo, objeto da complac\u00eancia da ador\u00e1vel Trindade, de toda a venera\u00e7\u00e3o e amor dos anjos e dos homens; <\/span><\/strong><\/span><\/p>\n<p><span style=\"color: #000000;\"><strong>Este Cora\u00e7\u00e3o que \u00e9 mais semelhante ao de Jesus, do qual sois imagem perfeita; Cora\u00e7\u00e3o cheio de bondade e todo compassivo com as nossas mis\u00e9rias: dignai-vos tirar a frieza de nossos cora\u00e7\u00f5es e fazei que sejam transformados \u00e0 semelhan\u00e7a do Cora\u00e7\u00e3o do divino Salvador.<\/strong> <\/span><\/p>\n<h4><strong><span style=\"color: #800080;\">Infundi-lhes o amor a vossas virtudes; abrasai-os no fogo feliz, que est\u00e1 continuamente ardendo em vosso Cora\u00e7\u00e3o.<\/span><\/strong><\/h4>\n<p><span style=\"color: #000000;\">Abrangei a santa Igreja, guardai-a e sede-lhe sempre doce asilo e torre inexpugn\u00e1vel contra todos os assaltos dos seus inimigos. <\/span><\/p>\n<p><span style=\"color: #000000;\">No <strong><span style=\"color: #0000ff;\"><a style=\"color: #0000ff;\" href=\"https:\/\/adf.org.br\/velario\/imaculadocoracaomaria?origem=23734\" target=\"_blank\" rel=\"noopener\">caminho para irmos a Jesus<\/a><\/span><\/strong> , seja o canal pelo qual nos venham todas as gra\u00e7as necess\u00e1rias para nossa salva\u00e7\u00e3o. <\/span><\/p>\n<p><span style=\"color: #000000;\"><strong>Sede nosso socorro nas afli\u00e7\u00f5es, nosso conforto nas tenta\u00e7\u00f5es, nosso ref\u00fagio nas persegui\u00e7\u00f5es, nosso aux\u00edlio em todos os perigos, especialmente nos \u00faltimos combates de nossa vida na hora da morte, quando todo o inferno se desencadear contra n\u00f3s para roubar nossas almas, naquele momento terr\u00edvel do qual depende a eternidade.<\/strong> <\/span><\/p>\n<p><span style=\"color: #000000;\">Portanto, \u00d3 Virgem piedos\u00edssima, deixai-nos experimentar ent\u00e3o a <span style=\"color: #0000ff;\"><strong><a style=\"color: #0000ff;\" href=\"https:\/\/adf.org.br\/velario\/imaculadocoracaomaria?origem=23734\" target=\"_blank\" rel=\"noopener\">do\u00e7ura do vosso cora\u00e7\u00e3o maternal<\/a><\/strong><\/span> e a efic\u00e1cia do vosso poder para com o Cora\u00e7\u00e3o de Jesus, abrindo-nos nesta fonte mesma da miseric\u00f3rdia um abrigo seguro, no qual possamos um dia chegar a bendiz\u00ea-lo no para\u00edso por todos os s\u00e9culos dos s\u00e9culos.<\/span><\/p>\n<h4><span style=\"color: #800080;\"><strong>Conhecidos, louvados, benditos, amados, servidos e glorificados, sejam sempre e por toda parte o divin\u00edssimo Cora\u00e7\u00e3o de Jesus e o pur\u00edssimo Cora\u00e7\u00e3o de Maria.<\/strong><\/span><\/h4>\n<\/blockquote>\n<h5 style=\"text-align: right;\"><span style=\"color: #000000;\">Fonte: <strong><em>Medita\u00e7\u00f5es: Para todos os Dias e Festas do Ano,<\/em>\u00a0Santo Afonso<\/strong><\/span><\/h5>\n<h4 style=\"text-align: center;\"><strong><span style=\"color: #000000;\">****<\/span><\/strong><\/h4>\n<p><span style=\"color: #000000;\">Um dia depois da festa do Sagrado Cora\u00e7\u00e3o de Jesus \u00e9 celebrada<\/span>\u00a0<span style=\"color: #0000ff;\"><strong><a style=\"color: #0000ff;\" href=\"https:\/\/adf.org.br\/velario\/imaculadocoracaomaria?origem=23734\" target=\"_blank\" rel=\"noopener\">a Festa do Imaculado Cora\u00e7\u00e3o de Maria<\/a><\/strong><\/span>!<\/p>\n<h4><span style=\"color: #800080;\"><strong>A Igreja, ao aproximar esses dois mist\u00e9rios, quis mostrar como est\u00e3o intrinsecamente ligados, n\u00e3o podendo amar um sem amar o outro.<\/strong><\/span><\/h4>\n<p><span style=\"color: #000000;\">Pensando nisso,\u00a0<strong>neste s\u00e1bado<\/strong>,\u00a0<strong>dia 25<\/strong>, faremos celebrar\u00a0<\/span><span style=\"color: #0000ff;\"><strong><a style=\"color: #0000ff;\" href=\"https:\/\/adf.org.br\/velario\/imaculadocoracaomaria?origem=23734\" target=\"_blank\" rel=\"noopener\">a Santa Missa ao Imaculado Cora\u00e7\u00e3o de Maria<\/a><\/strong><\/span>, <span style=\"color: #000000;\">esta \u00e9 ocasi\u00e3o certa para pedir por sua intercess\u00e3o.<\/span><\/p>\n<p><span style=\"color: #000000;\"><strong>Por isso que voc\u00ea n\u00e3o pode deixar de incluir seu nome na Santa celebra\u00e7\u00e3o.<\/strong><\/span><\/p>\n<p><span style=\"color: #0000ff;\"><span style=\"color: #000000;\">Portanto,<\/span><a style=\"color: #0000ff;\" href=\"https:\/\/adf.org.br\/velario\/imaculadocoracaomaria?origem=23734\" target=\"_blank\" rel=\"noopener\"><strong> Clique aqui<\/strong><\/a><\/span>\u00a0<span style=\"color: #000000;\">ou acenda a vela abaixo e inclua seus pedidos e s\u00faplicas.<\/span><\/p>\n<p><a href=\"https:\/\/adf.org.br\/velario\/imaculadocoracaomaria?origem=23734\" target=\"_blank\" rel=\"noopener\"><img loading=\"lazy\" class=\" wp-image-65377 aligncenter\" src=\"https:\/\/www.adf.org.br\/home\/wp-content\/uploads\/2021\/08\/imaculado-cora%C3%A7%C3%A3o-300x96.png\" sizes=\"(max-width: 448px) 100vw, 448px\" srcset=\"https:\/\/www.adf.org.br\/home\/wp-content\/uploads\/2021\/08\/imaculado-cora\u00e7\u00e3o-300x96.png 300w, https:\/\/www.adf.org.br\/home\/wp-content\/uploads\/2021\/08\/imaculado-cora\u00e7\u00e3o.png 600w\" alt=\"\" width=\"448\" height=\"143\" \/><\/a><\/p>\n","protected":false},"excerpt":{"rendered":"<p>Ora\u00e7\u00e3o ao Imaculado Cora\u00e7\u00e3o de Maria, Imagem fiel do Cora\u00e7\u00e3o de Jesus. Reze conosco! &nbsp; Depois da Encarna\u00e7\u00e3o do Verbo, a ocupa\u00e7\u00e3o habitual de Maria Sant\u00edssima foi estudar o grande livro do Cora\u00e7\u00e3o amabil\u00edssimo de Jesus e nesta escola divina fez progressos t\u00e3o grandes, que se tornou uma imagem fiel de Jesus. Primeiramente,\u00a0 os dotes [&hellip;]<\/p>\n","protected":false},"author":27,"featured_media":68583,"comment_status":"open","ping_status":"open","sticky":false,"template":"","format":"standard","meta":[],"categories":[20,2473,60,2621,56,14],"tags":[3216,65,57,142],"yoast_head":"<!-- This site is optimized with the Yoast SEO plugin v17.4 - https:\/\/yoast.com\/wordpress\/plugins\/seo\/ -->\n<title>Ora\u00e7\u00e3o ao Imaculado Cora\u00e7\u00e3o de Maria, Imagem fiel do Cora\u00e7\u00e3o de Jesus. Reze conosco!<\/title>\n<meta name=\"description\" content=\"Todas as qualidades que contemplamos no Cora\u00e7\u00e3o de Jesus acham-se, com as devidas propor\u00e7\u00f5es, tamb\u00e9m no Cora\u00e7\u00e3o de Maria, sua M\u00e3e. Portanto, clique aqui e reze conosco.\" \/>\n<meta name=\"robots\" content=\"index, follow, max-snippet:-1, max-image-preview:large, max-video-preview:-1\" \/>\n<link rel=\"canonical\" href=\"https:\/\/www.adf.org.br\/home\/oracao-ao-imaculado-coracao-de-maria-imagem-fiel-do-coracao-de-jesus-reze-conosco\/\" \/>\n<meta property=\"og:locale\" content=\"pt_BR\" \/>\n<meta property=\"og:type\" content=\"article\" \/>\n<meta property=\"og:title\" content=\"Ora\u00e7\u00e3o ao Imaculado Cora\u00e7\u00e3o de Maria, Imagem fiel do Cora\u00e7\u00e3o de Jesus. Reze conosco!\" \/>\n<meta property=\"og:description\" content=\"Todas as qualidades que contemplamos no Cora\u00e7\u00e3o de Jesus acham-se, com as devidas propor\u00e7\u00f5es, tamb\u00e9m no Cora\u00e7\u00e3o de Maria, sua M\u00e3e. Portanto, clique aqui e reze conosco.\" \/>\n<meta property=\"og:url\" content=\"https:\/\/www.adf.org.br\/home\/oracao-ao-imaculado-coracao-de-maria-imagem-fiel-do-coracao-de-jesus-reze-conosco\/\" \/>\n<meta property=\"og:site_name\" content=\"Associa\u00e7\u00e3o Devotos de F\u00e1tima\" \/>\n<meta property=\"article:published_time\" content=\"2022-06-24T14:20:13+00:00\" \/>\n<meta property=\"og:image\" content=\"https:\/\/www.adf.org.br\/home\/wp-content\/uploads\/2022\/06\/imaculado-coracao-de-maria.jpg\" \/>\n\t<meta property=\"og:image:width\" content=\"1140\" \/>\n\t<meta property=\"og:image:height\" content=\"684\" \/>\n<meta name=\"twitter:card\" content=\"summary_large_image\" \/>\n<meta name=\"twitter:label1\" content=\"Escrito por\" \/>\n\t<meta name=\"twitter:data1\" content=\"Gabriel Barbosa\" \/>\n\t<meta name=\"twitter:label2\" content=\"Est. tempo de leitura\" \/>\n\t<meta name=\"twitter:data2\" content=\"3 minutos\" \/>\n<script type=\"application\/ld+json\" class=\"yoast-schema-graph\">{\"@context\":\"https:\/\/schema.org\",\"@graph\":[{\"@type\":\"WebSite\",\"@id\":\"https:\/\/www.adf.org.br\/home\/#website\",\"url\":\"https:\/\/www.adf.org.br\/home\/\",\"name\":\"Associa\\u00e7\\u00e3o Devotos de F\\u00e1tima\",\"description\":\"Associa\\u00e7\\u00e3o Devotos de F\\u00e1tima\",\"potentialAction\":[{\"@type\":\"SearchAction\",\"target\":{\"@type\":\"EntryPoint\",\"urlTemplate\":\"https:\/\/www.adf.org.br\/home\/?s={search_term_string}\"},\"query-input\":\"required name=search_term_string\"}],\"inLanguage\":\"pt-BR\"},{\"@type\":\"ImageObject\",\"@id\":\"https:\/\/www.adf.org.br\/home\/oracao-ao-imaculado-coracao-de-maria-imagem-fiel-do-coracao-de-jesus-reze-conosco\/#primaryimage\",\"inLanguage\":\"pt-BR\",\"url\":\"https:\/\/www.adf.org.br\/home\/wp-content\/uploads\/2022\/06\/imaculado-coracao-de-maria.jpg\",\"contentUrl\":\"https:\/\/www.adf.org.br\/home\/wp-content\/uploads\/2022\/06\/imaculado-coracao-de-maria.jpg\",\"width\":1140,\"height\":684},{\"@type\":\"WebPage\",\"@id\":\"https:\/\/www.adf.org.br\/home\/oracao-ao-imaculado-coracao-de-maria-imagem-fiel-do-coracao-de-jesus-reze-conosco\/#webpage\",\"url\":\"https:\/\/www.adf.org.br\/home\/oracao-ao-imaculado-coracao-de-maria-imagem-fiel-do-coracao-de-jesus-reze-conosco\/\",\"name\":\"Ora\\u00e7\\u00e3o ao Imaculado Cora\\u00e7\\u00e3o de Maria, Imagem fiel do Cora\\u00e7\\u00e3o de Jesus. Reze conosco!\",\"isPartOf\":{\"@id\":\"https:\/\/www.adf.org.br\/home\/#website\"},\"primaryImageOfPage\":{\"@id\":\"https:\/\/www.adf.org.br\/home\/oracao-ao-imaculado-coracao-de-maria-imagem-fiel-do-coracao-de-jesus-reze-conosco\/#primaryimage\"},\"datePublished\":\"2022-06-24T14:20:13+00:00\",\"dateModified\":\"2022-06-24T14:20:13+00:00\",\"author\":{\"@id\":\"https:\/\/www.adf.org.br\/home\/#\/schema\/person\/affa494ecf91434f3620f5392de44327\"},\"description\":\"Todas as qualidades que contemplamos no Cora\\u00e7\\u00e3o de Jesus acham-se, com as devidas propor\\u00e7\\u00f5es, tamb\\u00e9m no Cora\\u00e7\\u00e3o de Maria, sua M\\u00e3e. Portanto, clique aqui e reze conosco.\",\"breadcrumb\":{\"@id\":\"https:\/\/www.adf.org.br\/home\/oracao-ao-imaculado-coracao-de-maria-imagem-fiel-do-coracao-de-jesus-reze-conosco\/#breadcrumb\"},\"inLanguage\":\"pt-BR\",\"potentialAction\":[{\"@type\":\"ReadAction\",\"target\":[\"https:\/\/www.adf.org.br\/home\/oracao-ao-imaculado-coracao-de-maria-imagem-fiel-do-coracao-de-jesus-reze-conosco\/\"]}]},{\"@type\":\"BreadcrumbList\",\"@id\":\"https:\/\/www.adf.org.br\/home\/oracao-ao-imaculado-coracao-de-maria-imagem-fiel-do-coracao-de-jesus-reze-conosco\/#breadcrumb\",\"itemListElement\":[{\"@type\":\"ListItem\",\"position\":1,\"name\":\"Home\",\"item\":\"https:\/\/www.adf.org.br\/home\/\"},{\"@type\":\"ListItem\",\"position\":2,\"name\":\"Ora\\u00e7\\u00e3o ao Imaculado Cora\\u00e7\\u00e3o de Maria, Imagem fiel do Cora\\u00e7\\u00e3o de Jesus. Reze conosco!\"}]},{\"@type\":\"Person\",\"@id\":\"https:\/\/www.adf.org.br\/home\/#\/schema\/person\/affa494ecf91434f3620f5392de44327\",\"name\":\"Gabriel Barbosa\",\"image\":{\"@type\":\"ImageObject\",\"@id\":\"https:\/\/www.adf.org.br\/home\/#personlogo\",\"inLanguage\":\"pt-BR\",\"url\":\"https:\/\/secure.gravatar.com\/avatar\/ecf2eab02e30486a7038f8b2858de06a?s=96&d=mm&r=g\",\"contentUrl\":\"https:\/\/secure.gravatar.com\/avatar\/ecf2eab02e30486a7038f8b2858de06a?s=96&d=mm&r=g\",\"caption\":\"Gabriel Barbosa\"},\"url\":\"https:\/\/www.adf.org.br\/home\/author\/gabriel-aascj\/\"}]}<\/script>\n<!-- \/ Yoast SEO plugin. -->","yoast_head_json":{"title":"Ora\u00e7\u00e3o ao Imaculado Cora\u00e7\u00e3o de Maria, Imagem fiel do Cora\u00e7\u00e3o de Jesus. Reze conosco!","description":"Todas as qualidades que contemplamos no Cora\u00e7\u00e3o de Jesus acham-se, com as devidas propor\u00e7\u00f5es, tamb\u00e9m no Cora\u00e7\u00e3o de Maria, sua M\u00e3e. Portanto, clique aqui e reze conosco.","robots":{"index":"index","follow":"follow","max-snippet":"max-snippet:-1","max-image-preview":"max-image-preview:large","max-video-preview":"max-video-preview:-1"},"canonical":"https:\/\/www.adf.org.br\/home\/oracao-ao-imaculado-coracao-de-maria-imagem-fiel-do-coracao-de-jesus-reze-conosco\/","og_locale":"pt_BR","og_type":"article","og_title":"Ora\u00e7\u00e3o ao Imaculado Cora\u00e7\u00e3o de Maria, Imagem fiel do Cora\u00e7\u00e3o de Jesus. Reze conosco!","og_description":"Todas as qualidades que contemplamos no Cora\u00e7\u00e3o de Jesus acham-se, com as devidas propor\u00e7\u00f5es, tamb\u00e9m no Cora\u00e7\u00e3o de Maria, sua M\u00e3e. Portanto, clique aqui e reze conosco.","og_url":"https:\/\/www.adf.org.br\/home\/oracao-ao-imaculado-coracao-de-maria-imagem-fiel-do-coracao-de-jesus-reze-conosco\/","og_site_name":"Associa\u00e7\u00e3o Devotos de F\u00e1tima","article_published_time":"2022-06-24T14:20:13+00:00","og_image":[{"width":1140,"height":684,"url":"https:\/\/www.adf.org.br\/home\/wp-content\/uploads\/2022\/06\/imaculado-coracao-de-maria.jpg","type":"image\/jpeg"}],"twitter_card":"summary_large_image","twitter_misc":{"Escrito por":"Gabriel Barbosa","Est. tempo de leitura":"3 minutos"},"schema":{"@context":"https:\/\/schema.org","@graph":[{"@type":"WebSite","@id":"https:\/\/www.adf.org.br\/home\/#website","url":"https:\/\/www.adf.org.br\/home\/","name":"Associa\u00e7\u00e3o Devotos de F\u00e1tima","description":"Associa\u00e7\u00e3o Devotos de F\u00e1tima","potentialAction":[{"@type":"SearchAction","target":{"@type":"EntryPoint","urlTemplate":"https:\/\/www.adf.org.br\/home\/?s={search_term_string}"},"query-input":"required name=search_term_string"}],"inLanguage":"pt-BR"},{"@type":"ImageObject","@id":"https:\/\/www.adf.org.br\/home\/oracao-ao-imaculado-coracao-de-maria-imagem-fiel-do-coracao-de-jesus-reze-conosco\/#primaryimage","inLanguage":"pt-BR","url":"https:\/\/www.adf.org.br\/home\/wp-content\/uploads\/2022\/06\/imaculado-coracao-de-maria.jpg","contentUrl":"https:\/\/www.adf.org.br\/home\/wp-content\/uploads\/2022\/06\/imaculado-coracao-de-maria.jpg","width":1140,"height":684},{"@type":"WebPage","@id":"https:\/\/www.adf.org.br\/home\/oracao-ao-imaculado-coracao-de-maria-imagem-fiel-do-coracao-de-jesus-reze-conosco\/#webpage","url":"https:\/\/www.adf.org.br\/home\/oracao-ao-imaculado-coracao-de-maria-imagem-fiel-do-coracao-de-jesus-reze-conosco\/","name":"Ora\u00e7\u00e3o ao Imaculado Cora\u00e7\u00e3o de Maria, Imagem fiel do Cora\u00e7\u00e3o de Jesus. Reze conosco!","isPartOf":{"@id":"https:\/\/www.adf.org.br\/home\/#website"},"primaryImageOfPage":{"@id":"https:\/\/www.adf.org.br\/home\/oracao-ao-imaculado-coracao-de-maria-imagem-fiel-do-coracao-de-jesus-reze-conosco\/#primaryimage"},"datePublished":"2022-06-24T14:20:13+00:00","dateModified":"2022-06-24T14:20:13+00:00","author":{"@id":"https:\/\/www.adf.org.br\/home\/#\/schema\/person\/affa494ecf91434f3620f5392de44327"},"description":"Todas as qualidades que contemplamos no Cora\u00e7\u00e3o de Jesus acham-se, com as devidas propor\u00e7\u00f5es, tamb\u00e9m no Cora\u00e7\u00e3o de Maria, sua M\u00e3e. Portanto, clique aqui e reze conosco.","breadcrumb":{"@id":"https:\/\/www.adf.org.br\/home\/oracao-ao-imaculado-coracao-de-maria-imagem-fiel-do-coracao-de-jesus-reze-conosco\/#breadcrumb"},"inLanguage":"pt-BR","potentialAction":[{"@type":"ReadAction","target":["https:\/\/www.adf.org.br\/home\/oracao-ao-imaculado-coracao-de-maria-imagem-fiel-do-coracao-de-jesus-reze-conosco\/"]}]},{"@type":"BreadcrumbList","@id":"https:\/\/www.adf.org.br\/home\/oracao-ao-imaculado-coracao-de-maria-imagem-fiel-do-coracao-de-jesus-reze-conosco\/#breadcrumb","itemListElement":[{"@type":"ListItem","position":1,"name":"Home","item":"https:\/\/www.adf.org.br\/home\/"},{"@type":"ListItem","position":2,"name":"Ora\u00e7\u00e3o ao Imaculado Cora\u00e7\u00e3o de Maria, Imagem fiel do Cora\u00e7\u00e3o de Jesus. Reze conosco!"}]},{"@type":"Person","@id":"https:\/\/www.adf.org.br\/home\/#\/schema\/person\/affa494ecf91434f3620f5392de44327","name":"Gabriel Barbosa","image":{"@type":"ImageObject","@id":"https:\/\/www.adf.org.br\/home\/#personlogo","inLanguage":"pt-BR","url":"https:\/\/secure.gravatar.com\/avatar\/ecf2eab02e30486a7038f8b2858de06a?s=96&d=mm&r=g","contentUrl":"https:\/\/secure.gravatar.com\/avatar\/ecf2eab02e30486a7038f8b2858de06a?s=96&d=mm&r=g","caption":"Gabriel Barbosa"},"url":"https:\/\/www.adf.org.br\/home\/author\/gabriel-aascj\/"}]}},"_links":{"self":[{"href":"https:\/\/www.adf.org.br\/home\/wp-json\/wp\/v2\/posts\/68579"}],"collection":[{"href":"https:\/\/www.adf.org.br\/home\/wp-json\/wp\/v2\/posts"}],"about":[{"href":"https:\/\/www.adf.org.br\/home\/wp-json\/wp\/v2\/types\/post"}],"author":[{"embeddable":true,"href":"https:\/\/www.adf.org.br\/home\/wp-json\/wp\/v2\/users\/27"}],"replies":[{"embeddable":true,"href":"https:\/\/www.adf.org.br\/home\/wp-json\/wp\/v2\/comments?post=68579"}],"version-history":[{"count":9,"href":"https:\/\/www.adf.org.br\/home\/wp-json\/wp\/v2\/posts\/68579\/revisions"}],"predecessor-version":[{"id":68589,"href":"https:\/\/www.adf.org.br\/home\/wp-json\/wp\/v2\/posts\/68579\/revisions\/68589"}],"wp:featuredmedia":[{"embeddable":true,"href":"https:\/\/www.adf.org.br\/home\/wp-json\/wp\/v2\/media\/68583"}],"wp:attachment":[{"href":"https:\/\/www.adf.org.br\/home\/wp-json\/wp\/v2\/media?parent=68579"}],"wp:term":[{"taxonomy":"category","embeddable":true,"href":"https:\/\/www.adf.org.br\/home\/wp-json\/wp\/v2\/categories?post=68579"},{"taxonomy":"post_tag","embeddable":true,"href":"https:\/\/www.adf.org.br\/home\/wp-json\/wp\/v2\/tags?post=68579"}],"curies":[{"name":"wp","href":"https:\/\/api.w.org\/{rel}","templated":true}]}}