{"id":68570,"date":"2022-06-23T10:41:36","date_gmt":"2022-06-23T13:41:36","guid":{"rendered":"https:\/\/www.adf.org.br\/home\/?p=68570"},"modified":"2022-06-23T10:41:36","modified_gmt":"2022-06-23T13:41:36","slug":"missa-do-imaculado-coracao-de-maria-inclua-suas-intencoes-e-alcance-muitas-gracas","status":"publish","type":"post","link":"https:\/\/www.adf.org.br\/home\/missa-do-imaculado-coracao-de-maria-inclua-suas-intencoes-e-alcance-muitas-gracas\/","title":{"rendered":"Missa do Imaculado Cora\u00e7\u00e3o de Maria. Inclua suas inten\u00e7\u00f5es e alcance muitas gra\u00e7as."},"content":{"rendered":"<h2 style=\"text-align: center;\"><span style=\"color: #000000;\"><strong>Missa do Imaculado Cora\u00e7\u00e3o de Maria. Inclua suas inten\u00e7\u00f5es e alcance muitas gra\u00e7as.<\/strong><\/span><\/h2>\n<p>&nbsp;<\/p>\n<p><a href=\"https:\/\/adf.org.br\/velario\/imaculadocoracaomaria?origem=23718\" target=\"_blank\" rel=\"noopener\"><img loading=\"lazy\" class=\"aligncenter wp-image-68573 size-full\" src=\"https:\/\/www.adf.org.br\/home\/wp-content\/uploads\/2022\/06\/unnamed-62.jpg\" alt=\"\" width=\"800\" height=\"350\" srcset=\"https:\/\/www.adf.org.br\/home\/wp-content\/uploads\/2022\/06\/unnamed-62.jpg 800w, https:\/\/www.adf.org.br\/home\/wp-content\/uploads\/2022\/06\/unnamed-62-300x131.jpg 300w, https:\/\/www.adf.org.br\/home\/wp-content\/uploads\/2022\/06\/unnamed-62-768x336.jpg 768w\" sizes=\"(max-width: 800px) 100vw, 800px\" \/><\/a><\/p>\n<p><span style=\"color: #000000;\"><strong><span style=\"color: #800080; font-size: 32px;\">U<\/span><\/strong>m dia depois da festa do Sagrado Cora\u00e7\u00e3o de Jesus \u00e9 celebrada <strong><span style=\"color: #0000ff;\"><a style=\"color: #0000ff;\" href=\"https:\/\/adf.org.br\/velario\/imaculadocoracaomaria?origem=23718\" target=\"_blank\" rel=\"noopener\">a Festa do Imaculado Cora\u00e7\u00e3o de Maria<\/a><\/span><\/strong>!<\/span><\/p>\n<p><strong><span style=\"color: #800080;\">A Igreja, ao aproximar esses dois mist\u00e9rios, quis mostrar como est\u00e3o intrinsecamente ligados, n\u00e3o podendo amar um sem amar o outro.<\/span><\/strong><\/p>\n<p><strong><span style=\"color: #000000;\">Como n\u00e3o se aproximar de um cora\u00e7\u00e3o de uma M\u00e3e toda pura e imaculada, que zela por n\u00f3s a todo instante?<\/span><\/strong><\/p>\n<p><span style=\"color: #000000;\">Pensando nisso, <strong>neste s\u00e1bado<\/strong>, <strong>dia 25<\/strong>, faremos celebrar <strong><span style=\"color: #0000ff;\"><a style=\"color: #0000ff;\" href=\"https:\/\/adf.org.br\/velario\/imaculadocoracaomaria?origem=23718\" target=\"_blank\" rel=\"noopener\">a Santa Missa ao Imaculado Cora\u00e7\u00e3o de Maria<\/a><\/span><\/strong>, esta \u00e9 ocasi\u00e3o certa para pedir por sua intercess\u00e3o.<\/span><\/p>\n<p><strong><span style=\"color: #000000;\">Por isso que voc\u00ea n\u00e3o pode deixar de incluir seu nome na Santa celebra\u00e7\u00e3o.<\/span><\/strong><\/p>\n<p><span style=\"color: #000000;\">Para incluir suas inten\u00e7\u00f5es, basta ligar, gratuitamente, no:<\/span><\/p>\n<p><a href=\"tel:08006082128\" target=\"_blank\" rel=\"noopener\"><img loading=\"lazy\" class=\"wp-image-65375 size-full aligncenter\" src=\"https:\/\/www.adf.org.br\/home\/wp-content\/uploads\/2021\/08\/Bot%C3%A3o-Telefone-ADF.png\" sizes=\"(max-width: 482px) 100vw, 482px\" srcset=\"https:\/\/www.adf.org.br\/home\/wp-content\/uploads\/2021\/08\/Bot\u00e3o-Telefone-ADF.png 482w, https:\/\/www.adf.org.br\/home\/wp-content\/uploads\/2021\/08\/Bot\u00e3o-Telefone-ADF-300x70.png 300w\" alt=\"\" width=\"482\" height=\"113\" \/><\/a><\/p>\n<p><span style=\"color: #000000;\">Certamente,\u00a0<b>se voc\u00ea pedir gra\u00e7as ao Imaculado Cora\u00e7\u00e3o de Maria, alcan\u00e7ar\u00e1. Tenha f\u00e9<\/b>.<\/span><\/p>\n<p><strong><span style=\"color: #800080;\">\u00d3 Maria concebida sem pecado, rogai por n\u00f3s que recorremos a V\u00f3s!<\/span><\/strong><\/p>\n<p><span style=\"color: #000000;\"><strong>N\u00e3o conseguiu falar conosco pelo telefone?<\/strong> Ent\u00e3o,<\/span>\u00a0<span style=\"color: #0000ff;\"><a style=\"color: #0000ff;\" href=\"https:\/\/adf.org.br\/velario\/imaculadocoracaomaria?origem=23718\" target=\"_blank\" rel=\"noopener\"><strong>clique aqui<\/strong><\/a><\/span>\u00a0<span style=\"color: #000000;\">ou acenda a vela abaixo e inclua seus pedidos e s\u00faplicas.<\/span><\/p>\n<p><a href=\"https:\/\/adf.org.br\/velario\/imaculadocoracaomaria?origem=23718\" target=\"_blank\" rel=\"noopener\"><img loading=\"lazy\" class=\" wp-image-65377 aligncenter\" src=\"https:\/\/www.adf.org.br\/home\/wp-content\/uploads\/2021\/08\/imaculado-cora\u00e7\u00e3o-300x96.png\" alt=\"\" width=\"448\" height=\"143\" srcset=\"https:\/\/www.adf.org.br\/home\/wp-content\/uploads\/2021\/08\/imaculado-cora\u00e7\u00e3o-300x96.png 300w, https:\/\/www.adf.org.br\/home\/wp-content\/uploads\/2021\/08\/imaculado-cora\u00e7\u00e3o.png 600w\" sizes=\"(max-width: 448px) 100vw, 448px\" \/><\/a><\/p>\n<p>&nbsp;<\/p>\n","protected":false},"excerpt":{"rendered":"<p>Missa do Imaculado Cora\u00e7\u00e3o de Maria. Inclua suas inten\u00e7\u00f5es e alcance muitas gra\u00e7as. &nbsp; Um dia depois da festa do Sagrado Cora\u00e7\u00e3o de Jesus \u00e9 celebrada a Festa do Imaculado Cora\u00e7\u00e3o de Maria! A Igreja, ao aproximar esses dois mist\u00e9rios, quis mostrar como est\u00e3o intrinsecamente ligados, n\u00e3o podendo amar um sem amar o outro. Como [&hellip;]<\/p>\n","protected":false},"author":27,"featured_media":68573,"comment_status":"open","ping_status":"open","sticky":false,"template":"","format":"standard","meta":[],"categories":[20,2473,60,2621,56],"tags":[65,57,26],"yoast_head":"<!-- This site is optimized with the Yoast SEO plugin v17.4 - https:\/\/yoast.com\/wordpress\/plugins\/seo\/ -->\n<title>Missa do Imaculado Cora\u00e7\u00e3o de Maria. Inclua suas inten\u00e7\u00f5es e alcance muitas gra\u00e7as.<\/title>\n<meta name=\"description\" content=\"Neste s\u00e1bado \u00e9 Festa do Imaculado Cora\u00e7\u00e3o de Maria e faremos celebrar uma Missa especial. \u00c9 uma ocasi\u00e3o de muitas gra\u00e7as e b\u00ean\u00e7\u00e3os, pois tudo que pedimos passa por esse Cora\u00e7\u00e3o. Clique aqui e n\u00e3o deixe de incluir suas inten\u00e7\u00f5es.\" \/>\n<meta name=\"robots\" content=\"index, follow, max-snippet:-1, max-image-preview:large, max-video-preview:-1\" \/>\n<link rel=\"canonical\" href=\"https:\/\/www.adf.org.br\/home\/missa-do-imaculado-coracao-de-maria-inclua-suas-intencoes-e-alcance-muitas-gracas\/\" \/>\n<meta property=\"og:locale\" content=\"pt_BR\" \/>\n<meta property=\"og:type\" content=\"article\" \/>\n<meta property=\"og:title\" content=\"Missa do Imaculado Cora\u00e7\u00e3o de Maria. Inclua suas inten\u00e7\u00f5es e alcance muitas gra\u00e7as.\" \/>\n<meta property=\"og:description\" content=\"Neste s\u00e1bado \u00e9 Festa do Imaculado Cora\u00e7\u00e3o de Maria e faremos celebrar uma Missa especial. \u00c9 uma ocasi\u00e3o de muitas gra\u00e7as e b\u00ean\u00e7\u00e3os, pois tudo que pedimos passa por esse Cora\u00e7\u00e3o. Clique aqui e n\u00e3o deixe de incluir suas inten\u00e7\u00f5es.\" \/>\n<meta property=\"og:url\" content=\"https:\/\/www.adf.org.br\/home\/missa-do-imaculado-coracao-de-maria-inclua-suas-intencoes-e-alcance-muitas-gracas\/\" \/>\n<meta property=\"og:site_name\" content=\"Associa\u00e7\u00e3o Devotos de F\u00e1tima\" \/>\n<meta property=\"article:published_time\" content=\"2022-06-23T13:41:36+00:00\" \/>\n<meta property=\"og:image\" content=\"https:\/\/www.adf.org.br\/home\/wp-content\/uploads\/2022\/06\/unnamed-62.jpg\" \/>\n\t<meta property=\"og:image:width\" content=\"800\" \/>\n\t<meta property=\"og:image:height\" content=\"350\" \/>\n<meta name=\"twitter:card\" content=\"summary_large_image\" \/>\n<meta name=\"twitter:label1\" content=\"Escrito por\" \/>\n\t<meta name=\"twitter:data1\" content=\"Gabriel Barbosa\" \/>\n\t<meta name=\"twitter:label2\" content=\"Est. tempo de leitura\" \/>\n\t<meta name=\"twitter:data2\" content=\"1 minuto\" \/>\n<script type=\"application\/ld+json\" class=\"yoast-schema-graph\">{\"@context\":\"https:\/\/schema.org\",\"@graph\":[{\"@type\":\"WebSite\",\"@id\":\"https:\/\/www.adf.org.br\/home\/#website\",\"url\":\"https:\/\/www.adf.org.br\/home\/\",\"name\":\"Associa\\u00e7\\u00e3o Devotos de F\\u00e1tima\",\"description\":\"Associa\\u00e7\\u00e3o Devotos de F\\u00e1tima\",\"potentialAction\":[{\"@type\":\"SearchAction\",\"target\":{\"@type\":\"EntryPoint\",\"urlTemplate\":\"https:\/\/www.adf.org.br\/home\/?s={search_term_string}\"},\"query-input\":\"required name=search_term_string\"}],\"inLanguage\":\"pt-BR\"},{\"@type\":\"ImageObject\",\"@id\":\"https:\/\/www.adf.org.br\/home\/missa-do-imaculado-coracao-de-maria-inclua-suas-intencoes-e-alcance-muitas-gracas\/#primaryimage\",\"inLanguage\":\"pt-BR\",\"url\":\"https:\/\/www.adf.org.br\/home\/wp-content\/uploads\/2022\/06\/unnamed-62.jpg\",\"contentUrl\":\"https:\/\/www.adf.org.br\/home\/wp-content\/uploads\/2022\/06\/unnamed-62.jpg\",\"width\":800,\"height\":350},{\"@type\":\"WebPage\",\"@id\":\"https:\/\/www.adf.org.br\/home\/missa-do-imaculado-coracao-de-maria-inclua-suas-intencoes-e-alcance-muitas-gracas\/#webpage\",\"url\":\"https:\/\/www.adf.org.br\/home\/missa-do-imaculado-coracao-de-maria-inclua-suas-intencoes-e-alcance-muitas-gracas\/\",\"name\":\"Missa do Imaculado Cora\\u00e7\\u00e3o de Maria. Inclua suas inten\\u00e7\\u00f5es e alcance muitas gra\\u00e7as.\",\"isPartOf\":{\"@id\":\"https:\/\/www.adf.org.br\/home\/#website\"},\"primaryImageOfPage\":{\"@id\":\"https:\/\/www.adf.org.br\/home\/missa-do-imaculado-coracao-de-maria-inclua-suas-intencoes-e-alcance-muitas-gracas\/#primaryimage\"},\"datePublished\":\"2022-06-23T13:41:36+00:00\",\"dateModified\":\"2022-06-23T13:41:36+00:00\",\"author\":{\"@id\":\"https:\/\/www.adf.org.br\/home\/#\/schema\/person\/affa494ecf91434f3620f5392de44327\"},\"description\":\"Neste s\\u00e1bado \\u00e9 Festa do Imaculado Cora\\u00e7\\u00e3o de Maria e faremos celebrar uma Missa especial. \\u00c9 uma ocasi\\u00e3o de muitas gra\\u00e7as e b\\u00ean\\u00e7\\u00e3os, pois tudo que pedimos passa por esse Cora\\u00e7\\u00e3o. Clique aqui e n\\u00e3o deixe de incluir suas inten\\u00e7\\u00f5es.\",\"breadcrumb\":{\"@id\":\"https:\/\/www.adf.org.br\/home\/missa-do-imaculado-coracao-de-maria-inclua-suas-intencoes-e-alcance-muitas-gracas\/#breadcrumb\"},\"inLanguage\":\"pt-BR\",\"potentialAction\":[{\"@type\":\"ReadAction\",\"target\":[\"https:\/\/www.adf.org.br\/home\/missa-do-imaculado-coracao-de-maria-inclua-suas-intencoes-e-alcance-muitas-gracas\/\"]}]},{\"@type\":\"BreadcrumbList\",\"@id\":\"https:\/\/www.adf.org.br\/home\/missa-do-imaculado-coracao-de-maria-inclua-suas-intencoes-e-alcance-muitas-gracas\/#breadcrumb\",\"itemListElement\":[{\"@type\":\"ListItem\",\"position\":1,\"name\":\"Home\",\"item\":\"https:\/\/www.adf.org.br\/home\/\"},{\"@type\":\"ListItem\",\"position\":2,\"name\":\"Missa do Imaculado Cora\\u00e7\\u00e3o de Maria. Inclua suas inten\\u00e7\\u00f5es e alcance muitas gra\\u00e7as.\"}]},{\"@type\":\"Person\",\"@id\":\"https:\/\/www.adf.org.br\/home\/#\/schema\/person\/affa494ecf91434f3620f5392de44327\",\"name\":\"Gabriel Barbosa\",\"image\":{\"@type\":\"ImageObject\",\"@id\":\"https:\/\/www.adf.org.br\/home\/#personlogo\",\"inLanguage\":\"pt-BR\",\"url\":\"https:\/\/secure.gravatar.com\/avatar\/ecf2eab02e30486a7038f8b2858de06a?s=96&d=mm&r=g\",\"contentUrl\":\"https:\/\/secure.gravatar.com\/avatar\/ecf2eab02e30486a7038f8b2858de06a?s=96&d=mm&r=g\",\"caption\":\"Gabriel Barbosa\"},\"url\":\"https:\/\/www.adf.org.br\/home\/author\/gabriel-aascj\/\"}]}<\/script>\n<!-- \/ Yoast SEO plugin. -->","yoast_head_json":{"title":"Missa do Imaculado Cora\u00e7\u00e3o de Maria. Inclua suas inten\u00e7\u00f5es e alcance muitas gra\u00e7as.","description":"Neste s\u00e1bado \u00e9 Festa do Imaculado Cora\u00e7\u00e3o de Maria e faremos celebrar uma Missa especial. \u00c9 uma ocasi\u00e3o de muitas gra\u00e7as e b\u00ean\u00e7\u00e3os, pois tudo que pedimos passa por esse Cora\u00e7\u00e3o. Clique aqui e n\u00e3o deixe de incluir suas inten\u00e7\u00f5es.","robots":{"index":"index","follow":"follow","max-snippet":"max-snippet:-1","max-image-preview":"max-image-preview:large","max-video-preview":"max-video-preview:-1"},"canonical":"https:\/\/www.adf.org.br\/home\/missa-do-imaculado-coracao-de-maria-inclua-suas-intencoes-e-alcance-muitas-gracas\/","og_locale":"pt_BR","og_type":"article","og_title":"Missa do Imaculado Cora\u00e7\u00e3o de Maria. Inclua suas inten\u00e7\u00f5es e alcance muitas gra\u00e7as.","og_description":"Neste s\u00e1bado \u00e9 Festa do Imaculado Cora\u00e7\u00e3o de Maria e faremos celebrar uma Missa especial. \u00c9 uma ocasi\u00e3o de muitas gra\u00e7as e b\u00ean\u00e7\u00e3os, pois tudo que pedimos passa por esse Cora\u00e7\u00e3o. Clique aqui e n\u00e3o deixe de incluir suas inten\u00e7\u00f5es.","og_url":"https:\/\/www.adf.org.br\/home\/missa-do-imaculado-coracao-de-maria-inclua-suas-intencoes-e-alcance-muitas-gracas\/","og_site_name":"Associa\u00e7\u00e3o Devotos de F\u00e1tima","article_published_time":"2022-06-23T13:41:36+00:00","og_image":[{"width":800,"height":350,"url":"https:\/\/www.adf.org.br\/home\/wp-content\/uploads\/2022\/06\/unnamed-62.jpg","type":"image\/jpeg"}],"twitter_card":"summary_large_image","twitter_misc":{"Escrito por":"Gabriel Barbosa","Est. tempo de leitura":"1 minuto"},"schema":{"@context":"https:\/\/schema.org","@graph":[{"@type":"WebSite","@id":"https:\/\/www.adf.org.br\/home\/#website","url":"https:\/\/www.adf.org.br\/home\/","name":"Associa\u00e7\u00e3o Devotos de F\u00e1tima","description":"Associa\u00e7\u00e3o Devotos de F\u00e1tima","potentialAction":[{"@type":"SearchAction","target":{"@type":"EntryPoint","urlTemplate":"https:\/\/www.adf.org.br\/home\/?s={search_term_string}"},"query-input":"required name=search_term_string"}],"inLanguage":"pt-BR"},{"@type":"ImageObject","@id":"https:\/\/www.adf.org.br\/home\/missa-do-imaculado-coracao-de-maria-inclua-suas-intencoes-e-alcance-muitas-gracas\/#primaryimage","inLanguage":"pt-BR","url":"https:\/\/www.adf.org.br\/home\/wp-content\/uploads\/2022\/06\/unnamed-62.jpg","contentUrl":"https:\/\/www.adf.org.br\/home\/wp-content\/uploads\/2022\/06\/unnamed-62.jpg","width":800,"height":350},{"@type":"WebPage","@id":"https:\/\/www.adf.org.br\/home\/missa-do-imaculado-coracao-de-maria-inclua-suas-intencoes-e-alcance-muitas-gracas\/#webpage","url":"https:\/\/www.adf.org.br\/home\/missa-do-imaculado-coracao-de-maria-inclua-suas-intencoes-e-alcance-muitas-gracas\/","name":"Missa do Imaculado Cora\u00e7\u00e3o de Maria. Inclua suas inten\u00e7\u00f5es e alcance muitas gra\u00e7as.","isPartOf":{"@id":"https:\/\/www.adf.org.br\/home\/#website"},"primaryImageOfPage":{"@id":"https:\/\/www.adf.org.br\/home\/missa-do-imaculado-coracao-de-maria-inclua-suas-intencoes-e-alcance-muitas-gracas\/#primaryimage"},"datePublished":"2022-06-23T13:41:36+00:00","dateModified":"2022-06-23T13:41:36+00:00","author":{"@id":"https:\/\/www.adf.org.br\/home\/#\/schema\/person\/affa494ecf91434f3620f5392de44327"},"description":"Neste s\u00e1bado \u00e9 Festa do Imaculado Cora\u00e7\u00e3o de Maria e faremos celebrar uma Missa especial. \u00c9 uma ocasi\u00e3o de muitas gra\u00e7as e b\u00ean\u00e7\u00e3os, pois tudo que pedimos passa por esse Cora\u00e7\u00e3o. Clique aqui e n\u00e3o deixe de incluir suas inten\u00e7\u00f5es.","breadcrumb":{"@id":"https:\/\/www.adf.org.br\/home\/missa-do-imaculado-coracao-de-maria-inclua-suas-intencoes-e-alcance-muitas-gracas\/#breadcrumb"},"inLanguage":"pt-BR","potentialAction":[{"@type":"ReadAction","target":["https:\/\/www.adf.org.br\/home\/missa-do-imaculado-coracao-de-maria-inclua-suas-intencoes-e-alcance-muitas-gracas\/"]}]},{"@type":"BreadcrumbList","@id":"https:\/\/www.adf.org.br\/home\/missa-do-imaculado-coracao-de-maria-inclua-suas-intencoes-e-alcance-muitas-gracas\/#breadcrumb","itemListElement":[{"@type":"ListItem","position":1,"name":"Home","item":"https:\/\/www.adf.org.br\/home\/"},{"@type":"ListItem","position":2,"name":"Missa do Imaculado Cora\u00e7\u00e3o de Maria. Inclua suas inten\u00e7\u00f5es e alcance muitas gra\u00e7as."}]},{"@type":"Person","@id":"https:\/\/www.adf.org.br\/home\/#\/schema\/person\/affa494ecf91434f3620f5392de44327","name":"Gabriel Barbosa","image":{"@type":"ImageObject","@id":"https:\/\/www.adf.org.br\/home\/#personlogo","inLanguage":"pt-BR","url":"https:\/\/secure.gravatar.com\/avatar\/ecf2eab02e30486a7038f8b2858de06a?s=96&d=mm&r=g","contentUrl":"https:\/\/secure.gravatar.com\/avatar\/ecf2eab02e30486a7038f8b2858de06a?s=96&d=mm&r=g","caption":"Gabriel Barbosa"},"url":"https:\/\/www.adf.org.br\/home\/author\/gabriel-aascj\/"}]}},"_links":{"self":[{"href":"https:\/\/www.adf.org.br\/home\/wp-json\/wp\/v2\/posts\/68570"}],"collection":[{"href":"https:\/\/www.adf.org.br\/home\/wp-json\/wp\/v2\/posts"}],"about":[{"href":"https:\/\/www.adf.org.br\/home\/wp-json\/wp\/v2\/types\/post"}],"author":[{"embeddable":true,"href":"https:\/\/www.adf.org.br\/home\/wp-json\/wp\/v2\/users\/27"}],"replies":[{"embeddable":true,"href":"https:\/\/www.adf.org.br\/home\/wp-json\/wp\/v2\/comments?post=68570"}],"version-history":[{"count":7,"href":"https:\/\/www.adf.org.br\/home\/wp-json\/wp\/v2\/posts\/68570\/revisions"}],"predecessor-version":[{"id":68578,"href":"https:\/\/www.adf.org.br\/home\/wp-json\/wp\/v2\/posts\/68570\/revisions\/68578"}],"wp:featuredmedia":[{"embeddable":true,"href":"https:\/\/www.adf.org.br\/home\/wp-json\/wp\/v2\/media\/68573"}],"wp:attachment":[{"href":"https:\/\/www.adf.org.br\/home\/wp-json\/wp\/v2\/media?parent=68570"}],"wp:term":[{"taxonomy":"category","embeddable":true,"href":"https:\/\/www.adf.org.br\/home\/wp-json\/wp\/v2\/categories?post=68570"},{"taxonomy":"post_tag","embeddable":true,"href":"https:\/\/www.adf.org.br\/home\/wp-json\/wp\/v2\/tags?post=68570"}],"curies":[{"name":"wp","href":"https:\/\/api.w.org\/{rel}","templated":true}]}}