{"id":68406,"date":"2022-06-03T00:03:57","date_gmt":"2022-06-03T03:03:57","guid":{"rendered":"https:\/\/www.adf.org.br\/home\/?p=68406"},"modified":"2022-06-02T16:55:15","modified_gmt":"2022-06-02T19:55:15","slug":"oracao-ao-espirito-santo-respirai-em-mim-reze-conosco","status":"publish","type":"post","link":"https:\/\/www.adf.org.br\/home\/oracao-ao-espirito-santo-respirai-em-mim-reze-conosco\/","title":{"rendered":"Ora\u00e7\u00e3o ao Esp\u00edrito Santo: respirai em mim. Reze conosco."},"content":{"rendered":"<h2 style=\"text-align: center;\"><span style=\"color: #000000;\"><strong>Ora\u00e7\u00e3o ao Esp\u00edrito Santo: respirai em mim. Reze conosco.<\/strong><\/span><\/h2>\n<figure id=\"attachment_68407\" aria-describedby=\"caption-attachment-68407\" style=\"width: 700px\" class=\"wp-caption aligncenter\"><a href=\"https:\/\/www.adf.org.br\/home\/pagina-de-cadastro\/?origem=23555\" target=\"_blank\" rel=\"noopener\"><img loading=\"lazy\" class=\"wp-image-68407 \" src=\"https:\/\/www.adf.org.br\/home\/wp-content\/uploads\/2022\/06\/WEB3-HOLY-SPIRIT-DOVE-OLIVE-Shutterstock_477272275.webp\" alt=\"\" width=\"700\" height=\"350\" srcset=\"https:\/\/www.adf.org.br\/home\/wp-content\/uploads\/2022\/06\/WEB3-HOLY-SPIRIT-DOVE-OLIVE-Shutterstock_477272275.webp 640w, https:\/\/www.adf.org.br\/home\/wp-content\/uploads\/2022\/06\/WEB3-HOLY-SPIRIT-DOVE-OLIVE-Shutterstock_477272275-300x150.webp 300w\" sizes=\"(max-width: 700px) 100vw, 700px\" \/><\/a><figcaption id=\"caption-attachment-68407\" class=\"wp-caption-text\"><center><span style=\"color: #000000;\">Uma das mais belas ora\u00e7\u00f5es ao Esp\u00edrito Santo atribu\u00edda a Santo Agostinho.<\/span><center><\/center><\/center><\/figcaption><\/figure>\n<p><span style=\"color: #000000;\"><strong><span style=\"color: #800080; font-size: 32PX;\">E<\/span><\/strong>sta \u00e9 a ora\u00e7\u00e3o chamada \u201c<strong>Respirai em mim<\/strong>\u201d, <strong><span style=\"color: #800080;\">uma das mais belas atribu\u00eddas a Santo Agostinho<\/span><\/strong>. <strong>Reze sempre que poss\u00edvel para<\/strong> <span style=\"color: #0000ff;\"><strong><a style=\"color: #0000ff;\" href=\"https:\/\/www.adf.org.br\/home\/pagina-de-cadastro\/?origem=23555\" target=\"_blank\" rel=\"noopener\">invocar o Esp\u00edrito Santo<\/a><\/strong><\/span>.<\/span><\/p>\n<p><strong><span style=\"color: #800080;\">Respirai em mim, \u00f3 Esp\u00edrito Santo, para que todos os meus pensamentos possam ser santos.<\/span><\/strong><\/p>\n<p><strong><span style=\"color: #000000;\">Agi em mim, <span style=\"color: #0000ff;\"><a style=\"color: #0000ff;\" href=\"https:\/\/www.adf.org.br\/home\/pagina-de-cadastro\/?origem=23555\" target=\"_blank\" rel=\"noopener\">\u00f3 Esp\u00edrito Santo<\/a><\/span>, para que meu trabalho tamb\u00e9m possa ser santo.<\/span><\/strong><\/p>\n<p><span style=\"color: #800080;\"><strong>Aproximai-vos do meu cora\u00e7\u00e3o, \u00f3 Esp\u00edrito Santo, para que eu s\u00f3 ame o que for santo.<\/strong><\/span><\/p>\n<p><strong><span style=\"color: #000000;\">Fortalecei-me, \u00f3 Esp\u00edrito Santo, para que eu defenda tudo o que for santo.<\/span><\/strong><\/p>\n<p><span style=\"color: #800080;\"><strong>Guardai-me, pois, \u00f3 Esp\u00edrito Santo, para que eu <span style=\"color: #0000ff;\"><a style=\"color: #0000ff;\" href=\"https:\/\/www.adf.org.br\/home\/pagina-de-cadastro\/?origem=23555\" target=\"_blank\" rel=\"noopener\">sempre possa ser santo<\/a><\/span>.<\/strong><\/span><\/p>\n<p><span style=\"color: #000000;\">Am\u00e9m.<\/span><\/p>\n<h5><span style=\"color: #000000;\"><cite><em>ORA\u00c7\u00c3O ATRIBU\u00cdDA A SANTO AGOSTINHO DE HIPONA<\/em><\/cite><\/span><\/h5>\n<h5 style=\"text-align: right;\"><span style=\"color: #000000;\">Fonte: Aleteia.<\/span><\/h5>\n<h3 style=\"text-align: center;\"><span style=\"color: #000000;\">****<\/span><\/h3>\n<p><span style=\"color: #000000;\"><strong>Quer receber conte\u00fados de inspira\u00e7\u00e3o cat\u00f3lica para aumentar sua f\u00e9 e a sua devo\u00e7\u00e3o?<\/strong><\/span><\/p>\n<p><strong><span style=\"color: #0000ff;\"><a style=\"color: #0000ff;\" href=\"https:\/\/www.adf.org.br\/home\/pagina-de-cadastro\/?origem=23555\" target=\"_blank\" rel=\"noopener\">Clique aqui<\/a><\/span>\u00a0<\/strong><span style=\"color: #000000;\">ou na imagem abaixo e fa\u00e7a seu cadastro na nossa Newsletter:<\/span><\/p>\n<p><a href=\"https:\/\/www.adf.org.br\/home\/pagina-de-cadastro\/?origem=23555\" target=\"_blank\" rel=\"noopener\"><img loading=\"lazy\" class=\"wp-image-63380 aligncenter\" src=\"https:\/\/www.adf.org.br\/home\/wp-content\/uploads\/2021\/01\/boletim-adf-300x100.png\" sizes=\"(max-width: 417px) 100vw, 417px\" srcset=\"https:\/\/www.adf.org.br\/home\/wp-content\/uploads\/2021\/01\/boletim-adf-300x100.png 300w, https:\/\/www.adf.org.br\/home\/wp-content\/uploads\/2021\/01\/boletim-adf.png 600w\" alt=\"\" width=\"417\" height=\"139\" \/><\/a><\/p>\n","protected":false},"excerpt":{"rendered":"<p>Ora\u00e7\u00e3o ao Esp\u00edrito Santo: respirai em mim. Reze conosco. Esta \u00e9 a ora\u00e7\u00e3o chamada \u201cRespirai em mim\u201d, uma das mais belas atribu\u00eddas a Santo Agostinho. Reze sempre que poss\u00edvel para invocar o Esp\u00edrito Santo. Respirai em mim, \u00f3 Esp\u00edrito Santo, para que todos os meus pensamentos possam ser santos. Agi em mim, \u00f3 Esp\u00edrito Santo, [&hellip;]<\/p>\n","protected":false},"author":27,"featured_media":68407,"comment_status":"open","ping_status":"open","sticky":false,"template":"","format":"standard","meta":[],"categories":[20,56,14],"tags":[1099,57,142,1877],"yoast_head":"<!-- This site is optimized with the Yoast SEO plugin v17.4 - https:\/\/yoast.com\/wordpress\/plugins\/seo\/ -->\n<title>Ora\u00e7\u00e3o ao Esp\u00edrito Santo: respirai em mim. Reze conosco.<\/title>\n<meta name=\"description\" content=\"Conhe\u00e7a uma das mais belas ora\u00e7\u00f5es ao Esp\u00edrito Santo atribu\u00edda a Santo Agostinho. Reze conosco.\" \/>\n<meta name=\"robots\" content=\"index, follow, max-snippet:-1, max-image-preview:large, max-video-preview:-1\" \/>\n<link rel=\"canonical\" href=\"https:\/\/www.adf.org.br\/home\/oracao-ao-espirito-santo-respirai-em-mim-reze-conosco\/\" \/>\n<meta property=\"og:locale\" content=\"pt_BR\" \/>\n<meta property=\"og:type\" content=\"article\" \/>\n<meta property=\"og:title\" content=\"Ora\u00e7\u00e3o ao Esp\u00edrito Santo: respirai em mim. Reze conosco.\" \/>\n<meta property=\"og:description\" content=\"Conhe\u00e7a uma das mais belas ora\u00e7\u00f5es ao Esp\u00edrito Santo atribu\u00edda a Santo Agostinho. Reze conosco.\" \/>\n<meta property=\"og:url\" content=\"https:\/\/www.adf.org.br\/home\/oracao-ao-espirito-santo-respirai-em-mim-reze-conosco\/\" \/>\n<meta property=\"og:site_name\" content=\"Associa\u00e7\u00e3o Devotos de F\u00e1tima\" \/>\n<meta property=\"article:published_time\" content=\"2022-06-03T03:03:57+00:00\" \/>\n<meta property=\"article:modified_time\" content=\"2022-06-02T19:55:15+00:00\" \/>\n<meta name=\"twitter:card\" content=\"summary_large_image\" \/>\n<meta name=\"twitter:image\" content=\"https:\/\/www.adf.org.br\/home\/wp-content\/uploads\/2022\/06\/WEB3-HOLY-SPIRIT-DOVE-OLIVE-Shutterstock_477272275.webp\" \/>\n<meta name=\"twitter:label1\" content=\"Escrito por\" \/>\n\t<meta name=\"twitter:data1\" content=\"Gabriel Barbosa\" \/>\n\t<meta name=\"twitter:label2\" content=\"Est. tempo de leitura\" \/>\n\t<meta name=\"twitter:data2\" content=\"1 minuto\" \/>\n<script type=\"application\/ld+json\" class=\"yoast-schema-graph\">{\"@context\":\"https:\/\/schema.org\",\"@graph\":[{\"@type\":\"WebSite\",\"@id\":\"https:\/\/www.adf.org.br\/home\/#website\",\"url\":\"https:\/\/www.adf.org.br\/home\/\",\"name\":\"Associa\\u00e7\\u00e3o Devotos de F\\u00e1tima\",\"description\":\"Associa\\u00e7\\u00e3o Devotos de F\\u00e1tima\",\"potentialAction\":[{\"@type\":\"SearchAction\",\"target\":{\"@type\":\"EntryPoint\",\"urlTemplate\":\"https:\/\/www.adf.org.br\/home\/?s={search_term_string}\"},\"query-input\":\"required name=search_term_string\"}],\"inLanguage\":\"pt-BR\"},{\"@type\":\"ImageObject\",\"@id\":\"https:\/\/www.adf.org.br\/home\/oracao-ao-espirito-santo-respirai-em-mim-reze-conosco\/#primaryimage\",\"inLanguage\":\"pt-BR\",\"url\":\"https:\/\/www.adf.org.br\/home\/wp-content\/uploads\/2022\/06\/WEB3-HOLY-SPIRIT-DOVE-OLIVE-Shutterstock_477272275.webp\",\"contentUrl\":\"https:\/\/www.adf.org.br\/home\/wp-content\/uploads\/2022\/06\/WEB3-HOLY-SPIRIT-DOVE-OLIVE-Shutterstock_477272275.webp\",\"width\":640,\"height\":320},{\"@type\":\"WebPage\",\"@id\":\"https:\/\/www.adf.org.br\/home\/oracao-ao-espirito-santo-respirai-em-mim-reze-conosco\/#webpage\",\"url\":\"https:\/\/www.adf.org.br\/home\/oracao-ao-espirito-santo-respirai-em-mim-reze-conosco\/\",\"name\":\"Ora\\u00e7\\u00e3o ao Esp\\u00edrito Santo: respirai em mim. Reze conosco.\",\"isPartOf\":{\"@id\":\"https:\/\/www.adf.org.br\/home\/#website\"},\"primaryImageOfPage\":{\"@id\":\"https:\/\/www.adf.org.br\/home\/oracao-ao-espirito-santo-respirai-em-mim-reze-conosco\/#primaryimage\"},\"datePublished\":\"2022-06-03T03:03:57+00:00\",\"dateModified\":\"2022-06-02T19:55:15+00:00\",\"author\":{\"@id\":\"https:\/\/www.adf.org.br\/home\/#\/schema\/person\/affa494ecf91434f3620f5392de44327\"},\"description\":\"Conhe\\u00e7a uma das mais belas ora\\u00e7\\u00f5es ao Esp\\u00edrito Santo atribu\\u00edda a Santo Agostinho. Reze conosco.\",\"breadcrumb\":{\"@id\":\"https:\/\/www.adf.org.br\/home\/oracao-ao-espirito-santo-respirai-em-mim-reze-conosco\/#breadcrumb\"},\"inLanguage\":\"pt-BR\",\"potentialAction\":[{\"@type\":\"ReadAction\",\"target\":[\"https:\/\/www.adf.org.br\/home\/oracao-ao-espirito-santo-respirai-em-mim-reze-conosco\/\"]}]},{\"@type\":\"BreadcrumbList\",\"@id\":\"https:\/\/www.adf.org.br\/home\/oracao-ao-espirito-santo-respirai-em-mim-reze-conosco\/#breadcrumb\",\"itemListElement\":[{\"@type\":\"ListItem\",\"position\":1,\"name\":\"Home\",\"item\":\"https:\/\/www.adf.org.br\/home\/\"},{\"@type\":\"ListItem\",\"position\":2,\"name\":\"Ora\\u00e7\\u00e3o ao Esp\\u00edrito Santo: respirai em mim. Reze conosco.\"}]},{\"@type\":\"Person\",\"@id\":\"https:\/\/www.adf.org.br\/home\/#\/schema\/person\/affa494ecf91434f3620f5392de44327\",\"name\":\"Gabriel Barbosa\",\"image\":{\"@type\":\"ImageObject\",\"@id\":\"https:\/\/www.adf.org.br\/home\/#personlogo\",\"inLanguage\":\"pt-BR\",\"url\":\"https:\/\/secure.gravatar.com\/avatar\/ecf2eab02e30486a7038f8b2858de06a?s=96&d=mm&r=g\",\"contentUrl\":\"https:\/\/secure.gravatar.com\/avatar\/ecf2eab02e30486a7038f8b2858de06a?s=96&d=mm&r=g\",\"caption\":\"Gabriel Barbosa\"},\"url\":\"https:\/\/www.adf.org.br\/home\/author\/gabriel-aascj\/\"}]}<\/script>\n<!-- \/ Yoast SEO plugin. -->","yoast_head_json":{"title":"Ora\u00e7\u00e3o ao Esp\u00edrito Santo: respirai em mim. Reze conosco.","description":"Conhe\u00e7a uma das mais belas ora\u00e7\u00f5es ao Esp\u00edrito Santo atribu\u00edda a Santo Agostinho. Reze conosco.","robots":{"index":"index","follow":"follow","max-snippet":"max-snippet:-1","max-image-preview":"max-image-preview:large","max-video-preview":"max-video-preview:-1"},"canonical":"https:\/\/www.adf.org.br\/home\/oracao-ao-espirito-santo-respirai-em-mim-reze-conosco\/","og_locale":"pt_BR","og_type":"article","og_title":"Ora\u00e7\u00e3o ao Esp\u00edrito Santo: respirai em mim. Reze conosco.","og_description":"Conhe\u00e7a uma das mais belas ora\u00e7\u00f5es ao Esp\u00edrito Santo atribu\u00edda a Santo Agostinho. Reze conosco.","og_url":"https:\/\/www.adf.org.br\/home\/oracao-ao-espirito-santo-respirai-em-mim-reze-conosco\/","og_site_name":"Associa\u00e7\u00e3o Devotos de F\u00e1tima","article_published_time":"2022-06-03T03:03:57+00:00","article_modified_time":"2022-06-02T19:55:15+00:00","twitter_card":"summary_large_image","twitter_image":"https:\/\/www.adf.org.br\/home\/wp-content\/uploads\/2022\/06\/WEB3-HOLY-SPIRIT-DOVE-OLIVE-Shutterstock_477272275.webp","twitter_misc":{"Escrito por":"Gabriel Barbosa","Est. tempo de leitura":"1 minuto"},"schema":{"@context":"https:\/\/schema.org","@graph":[{"@type":"WebSite","@id":"https:\/\/www.adf.org.br\/home\/#website","url":"https:\/\/www.adf.org.br\/home\/","name":"Associa\u00e7\u00e3o Devotos de F\u00e1tima","description":"Associa\u00e7\u00e3o Devotos de F\u00e1tima","potentialAction":[{"@type":"SearchAction","target":{"@type":"EntryPoint","urlTemplate":"https:\/\/www.adf.org.br\/home\/?s={search_term_string}"},"query-input":"required name=search_term_string"}],"inLanguage":"pt-BR"},{"@type":"ImageObject","@id":"https:\/\/www.adf.org.br\/home\/oracao-ao-espirito-santo-respirai-em-mim-reze-conosco\/#primaryimage","inLanguage":"pt-BR","url":"https:\/\/www.adf.org.br\/home\/wp-content\/uploads\/2022\/06\/WEB3-HOLY-SPIRIT-DOVE-OLIVE-Shutterstock_477272275.webp","contentUrl":"https:\/\/www.adf.org.br\/home\/wp-content\/uploads\/2022\/06\/WEB3-HOLY-SPIRIT-DOVE-OLIVE-Shutterstock_477272275.webp","width":640,"height":320},{"@type":"WebPage","@id":"https:\/\/www.adf.org.br\/home\/oracao-ao-espirito-santo-respirai-em-mim-reze-conosco\/#webpage","url":"https:\/\/www.adf.org.br\/home\/oracao-ao-espirito-santo-respirai-em-mim-reze-conosco\/","name":"Ora\u00e7\u00e3o ao Esp\u00edrito Santo: respirai em mim. Reze conosco.","isPartOf":{"@id":"https:\/\/www.adf.org.br\/home\/#website"},"primaryImageOfPage":{"@id":"https:\/\/www.adf.org.br\/home\/oracao-ao-espirito-santo-respirai-em-mim-reze-conosco\/#primaryimage"},"datePublished":"2022-06-03T03:03:57+00:00","dateModified":"2022-06-02T19:55:15+00:00","author":{"@id":"https:\/\/www.adf.org.br\/home\/#\/schema\/person\/affa494ecf91434f3620f5392de44327"},"description":"Conhe\u00e7a uma das mais belas ora\u00e7\u00f5es ao Esp\u00edrito Santo atribu\u00edda a Santo Agostinho. Reze conosco.","breadcrumb":{"@id":"https:\/\/www.adf.org.br\/home\/oracao-ao-espirito-santo-respirai-em-mim-reze-conosco\/#breadcrumb"},"inLanguage":"pt-BR","potentialAction":[{"@type":"ReadAction","target":["https:\/\/www.adf.org.br\/home\/oracao-ao-espirito-santo-respirai-em-mim-reze-conosco\/"]}]},{"@type":"BreadcrumbList","@id":"https:\/\/www.adf.org.br\/home\/oracao-ao-espirito-santo-respirai-em-mim-reze-conosco\/#breadcrumb","itemListElement":[{"@type":"ListItem","position":1,"name":"Home","item":"https:\/\/www.adf.org.br\/home\/"},{"@type":"ListItem","position":2,"name":"Ora\u00e7\u00e3o ao Esp\u00edrito Santo: respirai em mim. Reze conosco."}]},{"@type":"Person","@id":"https:\/\/www.adf.org.br\/home\/#\/schema\/person\/affa494ecf91434f3620f5392de44327","name":"Gabriel Barbosa","image":{"@type":"ImageObject","@id":"https:\/\/www.adf.org.br\/home\/#personlogo","inLanguage":"pt-BR","url":"https:\/\/secure.gravatar.com\/avatar\/ecf2eab02e30486a7038f8b2858de06a?s=96&d=mm&r=g","contentUrl":"https:\/\/secure.gravatar.com\/avatar\/ecf2eab02e30486a7038f8b2858de06a?s=96&d=mm&r=g","caption":"Gabriel Barbosa"},"url":"https:\/\/www.adf.org.br\/home\/author\/gabriel-aascj\/"}]}},"_links":{"self":[{"href":"https:\/\/www.adf.org.br\/home\/wp-json\/wp\/v2\/posts\/68406"}],"collection":[{"href":"https:\/\/www.adf.org.br\/home\/wp-json\/wp\/v2\/posts"}],"about":[{"href":"https:\/\/www.adf.org.br\/home\/wp-json\/wp\/v2\/types\/post"}],"author":[{"embeddable":true,"href":"https:\/\/www.adf.org.br\/home\/wp-json\/wp\/v2\/users\/27"}],"replies":[{"embeddable":true,"href":"https:\/\/www.adf.org.br\/home\/wp-json\/wp\/v2\/comments?post=68406"}],"version-history":[{"count":4,"href":"https:\/\/www.adf.org.br\/home\/wp-json\/wp\/v2\/posts\/68406\/revisions"}],"predecessor-version":[{"id":68411,"href":"https:\/\/www.adf.org.br\/home\/wp-json\/wp\/v2\/posts\/68406\/revisions\/68411"}],"wp:featuredmedia":[{"embeddable":true,"href":"https:\/\/www.adf.org.br\/home\/wp-json\/wp\/v2\/media\/68407"}],"wp:attachment":[{"href":"https:\/\/www.adf.org.br\/home\/wp-json\/wp\/v2\/media?parent=68406"}],"wp:term":[{"taxonomy":"category","embeddable":true,"href":"https:\/\/www.adf.org.br\/home\/wp-json\/wp\/v2\/categories?post=68406"},{"taxonomy":"post_tag","embeddable":true,"href":"https:\/\/www.adf.org.br\/home\/wp-json\/wp\/v2\/tags?post=68406"}],"curies":[{"name":"wp","href":"https:\/\/api.w.org\/{rel}","templated":true}]}}