{"id":68371,"date":"2022-05-31T10:57:25","date_gmt":"2022-05-31T13:57:25","guid":{"rendered":"https:\/\/www.adf.org.br\/home\/?p=68371"},"modified":"2022-05-31T11:01:04","modified_gmt":"2022-05-31T14:01:04","slug":"31-de-maio-festa-da-visitacao","status":"publish","type":"post","link":"https:\/\/www.adf.org.br\/home\/31-de-maio-festa-da-visitacao\/","title":{"rendered":"31 de Maio &#8211; Festa da Visita\u00e7\u00e3o."},"content":{"rendered":"<h2 style=\"text-align: center;\"><span style=\"color: #000000;\"><strong>31 de Maio &#8211; Festa da Visita\u00e7\u00e3o.<\/strong><\/span><\/h2>\n<p><a href=\"https:\/\/adf.org.br\/velario\/anjosdaguarda?origem=23544\" target=\"_blank\" rel=\"noopener\"><img loading=\"lazy\" class=\"aligncenter wp-image-68373 size-full\" src=\"https:\/\/www.adf.org.br\/home\/wp-content\/uploads\/2022\/05\/maxresdefault-2022-05-31T102931.501.jpg\" alt=\"\" width=\"1280\" height=\"720\" srcset=\"https:\/\/www.adf.org.br\/home\/wp-content\/uploads\/2022\/05\/maxresdefault-2022-05-31T102931.501.jpg 1280w, https:\/\/www.adf.org.br\/home\/wp-content\/uploads\/2022\/05\/maxresdefault-2022-05-31T102931.501-300x169.jpg 300w, https:\/\/www.adf.org.br\/home\/wp-content\/uploads\/2022\/05\/maxresdefault-2022-05-31T102931.501-1024x576.jpg 1024w, https:\/\/www.adf.org.br\/home\/wp-content\/uploads\/2022\/05\/maxresdefault-2022-05-31T102931.501-768x432.jpg 768w\" sizes=\"(max-width: 1280px) 100vw, 1280px\" \/><\/a><\/p>\n<p><span style=\"font-weight: 400; color: #000000;\"><strong><span style=\"color: #800080; font-size: 32px;\">A<\/span><\/strong>o longo do ano, <strong>a Igreja celebra com alegria as festas em honra da Sant\u00edssima Virgem<\/strong>.\u00a0<\/span><\/p>\n<p><span style=\"font-weight: 400; color: #000000;\">Nesse m\u00eas <span style=\"color: #0000ff;\"><strong><a style=\"color: #0000ff;\" href=\"https:\/\/adf.org.br\/velario\/anjosdaguarda?origem=23544\" target=\"_blank\" rel=\"noopener\">devemos refor\u00e7ar a nossa devo\u00e7\u00e3o a Nossa Senhora<\/a><\/strong><\/span> <span style=\"text-decoration: underline;\">honrando-A de modo especial<\/span>:\u00a0<\/span><\/p>\n<p><strong><span style=\"color: #800080;\">venerando Suas imagens e adornando Seus altares com flores, visitando Seus santu\u00e1rios, rezando o ter\u00e7o meditado, enfim, a cada dia podemos ter um detalhe de amor a Nossa Senhora.<\/span><\/strong><\/p>\n<p><span style=\"font-weight: 400; color: #000000;\">De acordo com a <strong><span style=\"color: #0000ff;\"><a style=\"color: #0000ff;\" href=\"https:\/\/adf.org.br\/velario\/anjosdaguarda?origem=23544\" target=\"_blank\" rel=\"noopener\">Exorta\u00e7\u00e3o Apost\u00f3lica Marialis Cultus<\/a><\/span><\/strong> <strong>do Santo Padre Paulo VI para a reta Ordena\u00e7\u00e3o e Desenvolvimento do Culto \u00e0 Bem-Aventurada Virgem Maria<\/strong>:<\/span><\/p>\n<p><span style=\"color: #800080;\"><strong>\u00a0\u201c<i>Na Virgem Maria, de fato, tudo \u00e9 relativo a Cristo e dependente d&#8217;Ele: foi em vista d&#8217;Ele que Deus Pai, desde toda a eternidade, A escolheu M\u00e3e toda Santa e A plenificou com dons do Esp\u00edrito a ningu\u00e9m mais concedidos.\u201d\u00a0<\/i><\/strong><\/span><\/p>\n<p><span style=\"font-weight: 400; color: #000000;\">No dia<strong> 31 de maio<\/strong> comemoramos <strong><span style=\"color: #0000ff;\"><a style=\"color: #0000ff;\" href=\"https:\/\/adf.org.br\/velario\/anjosdaguarda?origem=23544\" target=\"_blank\" rel=\"noopener\">a Festa da Visita\u00e7\u00e3o de Nossa Senhora<\/a><\/span><\/strong>, <strong>o segundo mist\u00e9rio gozoso do Ros\u00e1rio<\/strong>.\u00a0<\/span><\/p>\n<p><span style=\"font-weight: 400; color: #000000;\">Iniciada por <strong><span style=\"color: #0000ff;\"><a style=\"color: #0000ff;\" href=\"https:\/\/adf.org.br\/velario\/anjosdaguarda?origem=23544\" target=\"_blank\" rel=\"noopener\">S\u00e3o Boaventura<\/a><\/span><\/strong> entre os franciscanos, em 1263 d.C., <strong><span style=\"color: #800080;\">tornou-se uma festa universal em 1389, durante o pontificado de Urbano VI para promover, com a intercess\u00e3o de Maria, a paz e a unidade dos crist\u00e3os divididos pelo grande cisma do Ocidente.<\/span><\/strong><\/span><\/p>\n<p><span style=\"font-weight: 400; color: #000000;\">Nessa data, <strong><span style=\"color: #0000ff;\"><a style=\"color: #0000ff;\" href=\"https:\/\/adf.org.br\/velario\/anjosdaguarda?origem=23544\" target=\"_blank\" rel=\"noopener\">comemora-se a visita de Nossa Senhora a sua prima Isabel<\/a><\/span><\/strong>, <strong>quando soube, no momento da Anuncia\u00e7\u00e3o do Arcanjo Gabriel que Isabel estava gr\u00e1vida:<\/strong><\/span><\/p>\n<blockquote><p><span style=\"color: #000000;\"><i><span style=\"font-weight: 400;\"><strong><span style=\"color: #800080;\">Naqueles dias, Maria se levantou e foi \u00e0s pressas \u00e0s montanhas, a uma cidade de Jud\u00e1. Entrou em casa de Zacarias e saudou Isabel. Ora, apenas Isabel ouviu a sauda\u00e7\u00e3o de Maria, a crian\u00e7a estremeceu no seu seio; e Isabel ficou cheia do Esp\u00edrito Santo<\/span><\/strong>.\u00a0<\/span><\/i><\/span><\/p><\/blockquote>\n<p><span style=\"color: #000000;\"><i><span style=\"font-weight: 400;\"><span style=\"text-decoration: underline;\">E exclamou em alta voz<\/span><strong>:<\/strong> <strong>Bendita \u00e9s tu entre as mulheres e bendito \u00e9 o fruto do teu ventre. Donde me vem esta honra de vir a mim a m\u00e3e de meu Senhor?\u00a0<\/strong><\/span><\/i><\/span><\/p>\n<blockquote>\n<h4><span style=\"font-weight: 400; color: #000000;\"><strong><span style=\"color: #800080;\">&#8220;&#8230;<\/span><span style=\"color: #800080;\">a visita da Virgem Maria a Isabel teve por objetivo n\u00e3o apenas santificar Jo\u00e3o Batista por meio do Verbo encarnado &#8211; Jesus &#8211; que Maria trazia em Seu ventre, mas tamb\u00e9m, demonstrar Sua atitude em servir.&#8221;<\/span><\/strong><\/span><\/h4>\n<\/blockquote>\n<p><strong><span style=\"color: #000000;\">Em Lc 1,38, podemos notar que Maria, ao se declarar serva do Senhor, <span style=\"color: #0000ff;\"><a style=\"color: #0000ff;\" href=\"https:\/\/adf.org.br\/velario\/anjosdaguarda?origem=23544\" target=\"_blank\" rel=\"noopener\">aceita sua miss\u00e3o de Co-redentora da humanidade<\/a><\/span>, pois se coloca \u00e0 disposi\u00e7\u00e3o da a\u00e7\u00e3o de DEUS e por isso canta o seu Magnificat.\u00a0<\/span><\/strong><\/p>\n<p><strong><span style=\"color: #000000;\">Maria, modelo de caridade que todos n\u00f3s devemos imitar.\u00a0<\/span><\/strong><\/p>\n<p><span style=\"font-weight: 400; color: #000000;\">Nas palavras de <strong><span style=\"color: #0000ff;\"><a style=\"color: #0000ff;\" href=\"https:\/\/adf.org.br\/velario\/anjosdaguarda?origem=23544\" target=\"_blank\" rel=\"noopener\">S\u00e3o Jo\u00e3o Paulo II<\/a><\/span><\/strong>, <span style=\"text-decoration: underline;\">conforme sua homilia na missa no dia da Visita\u00e7\u00e3o de Maria em 31 de maio de 2001<\/span>:<\/span><\/p>\n<h4><strong><span style=\"color: #800080;\">\u201c<i>Onde est\u00e1 Maria, est\u00e1 Cristo; e onde est\u00e1 Cristo, est\u00e1 seu Esp\u00edrito Santo, que procede do Pai e Dele no mist\u00e9rio sacrossanto da vida trinit\u00e1ria.<\/i>\u201d<\/span><\/strong><\/h4>\n<p><span style=\"font-weight: 400; color: #000000;\">Tudo em Maria \u00e9 dom de Deus. Portanto, podemos concluir que a <strong><span style=\"color: #0000ff;\"><a style=\"color: #0000ff;\" href=\"https:\/\/adf.org.br\/velario\/anjosdaguarda?origem=23544\" target=\"_blank\" rel=\"noopener\">Visita\u00e7\u00e3o representa um pre\u00e2mbulo de Pentecostes<\/a><\/span><\/strong>, uma apresenta\u00e7\u00e3o sucinta do projeto salv\u00edfico de Deus.<\/span><\/p>\n<p><span style=\"color: #800080;\"><strong>Pe\u00e7amos a Maria, Templo da Sant\u00edssima Trindade, que nos ensine a levar a Boa Nova do Seu filho Jesus \u00e0s outras pessoas e a servir ao pr\u00f3ximo.<\/strong><\/span><\/p>\n<p><span style=\"color: #000000;\"><b>Nossa Senhora da Visita\u00e7\u00e3o, rogai por n\u00f3s!<\/b><\/span><\/p>\n<h5 style=\"text-align: right;\"><span style=\"color: #000000;\">Fonte: A12.<\/span><\/h5>\n<h4 style=\"text-align: center;\"><span style=\"color: #000000;\"><strong>****<\/strong><\/span><\/h4>\n<p><span style=\"color: #000000;\">A\u00a0<strong>Santa Missa desta semana ser\u00e1 dedicada a um ser celestial\u00a0<\/strong>que est\u00e1 sempre conosco, que acompanha nossos passos, mas principalmente, que foi designado por\u00a0<strong>Deus<\/strong>\u00a0para ser nosso protetor.<\/span><\/p>\n<p><span style=\"color: #800080;\"><strong>A prote\u00e7\u00e3o do\u00a0<span class=\"il\">Anjo<\/span>\u00a0<span class=\"il\">da<\/span>\u00a0<span class=\"il\">Guarda<\/span>\u00a0\u00e9 a melhor e mais eficaz que podemos contar!<\/strong><\/span><\/p>\n<div>\n<p><span style=\"color: #000000;\">Por isso,\u00a0gostar\u00edamos\u00a0de lhe convidar a\u00a0<\/span><span style=\"color: #0000ff;\"><a style=\"color: #0000ff;\" href=\"https:\/\/adf.org.br\/velario\/anjosdaguarda?origem=23544\" target=\"_blank\" rel=\"noopener\"><strong>acender a Vela do Anjo da Guarda<\/strong><\/a><\/span>\u00a0<span style=\"color: #000000;\">e\u00a0incluir todos os seus pedidos necess\u00e1rios.<\/span><\/p>\n<p><span style=\"color: #000000;\">Ent\u00e3o, clique <span style=\"color: #0000ff;\"><strong><a style=\"color: #0000ff;\" href=\"https:\/\/adf.org.br\/velario\/anjosdaguarda?origem=23544\" target=\"_blank\" rel=\"noopener\">aqui<\/a><\/strong><\/span> ou acenda a vela abaixo e inclua seus pedidos e s\u00faplicas nesta celebra\u00e7\u00e3o.<\/span><\/p>\n<p><a href=\"https:\/\/adf.org.br\/velario\/anjosdaguarda?origem=23544\" target=\"_blank\" rel=\"noopener\"><img loading=\"lazy\" class=\"size-medium wp-image-68378 aligncenter\" src=\"https:\/\/www.adf.org.br\/home\/wp-content\/uploads\/2022\/05\/unnamed-50-300x214.jpg\" alt=\"\" width=\"300\" height=\"214\" srcset=\"https:\/\/www.adf.org.br\/home\/wp-content\/uploads\/2022\/05\/unnamed-50-300x214.jpg 300w, https:\/\/www.adf.org.br\/home\/wp-content\/uploads\/2022\/05\/unnamed-50.jpg 600w\" sizes=\"(max-width: 300px) 100vw, 300px\" \/><\/a><\/p>\n<\/div>\n","protected":false},"excerpt":{"rendered":"<p>31 de Maio &#8211; Festa da Visita\u00e7\u00e3o. Ao longo do ano, a Igreja celebra com alegria as festas em honra da Sant\u00edssima Virgem.\u00a0 Nesse m\u00eas devemos refor\u00e7ar a nossa devo\u00e7\u00e3o a Nossa Senhora honrando-A de modo especial:\u00a0 venerando Suas imagens e adornando Seus altares com flores, visitando Seus santu\u00e1rios, rezando o ter\u00e7o meditado, enfim, a [&hellip;]<\/p>\n","protected":false},"author":27,"featured_media":68373,"comment_status":"open","ping_status":"open","sticky":false,"template":"","format":"standard","meta":[],"categories":[20,56,2547,2332],"tags":[4798,57],"yoast_head":"<!-- This site is optimized with the Yoast SEO plugin v17.4 - https:\/\/yoast.com\/wordpress\/plugins\/seo\/ -->\n<title>31 de Maio - Festa da Visita\u00e7\u00e3o.<\/title>\n<meta name=\"description\" content=\"Celebramos hoje a festa da Visita\u00e7\u00e3o de Nossa Senhora. Entre as inumer\u00e1veis p\u00e9rolas que poder\u00edamos admirar enfeixadas neste dia, merece a pena destacar as palavras de Santa Isabel. Clique aqui e veja.\" \/>\n<meta name=\"robots\" content=\"index, follow, max-snippet:-1, max-image-preview:large, max-video-preview:-1\" \/>\n<link rel=\"canonical\" href=\"https:\/\/www.adf.org.br\/home\/31-de-maio-festa-da-visitacao\/\" \/>\n<meta property=\"og:locale\" content=\"pt_BR\" \/>\n<meta property=\"og:type\" content=\"article\" \/>\n<meta property=\"og:title\" content=\"31 de Maio - Festa da Visita\u00e7\u00e3o.\" \/>\n<meta property=\"og:description\" content=\"Celebramos hoje a festa da Visita\u00e7\u00e3o de Nossa Senhora. Entre as inumer\u00e1veis p\u00e9rolas que poder\u00edamos admirar enfeixadas neste dia, merece a pena destacar as palavras de Santa Isabel. Clique aqui e veja.\" \/>\n<meta property=\"og:url\" content=\"https:\/\/www.adf.org.br\/home\/31-de-maio-festa-da-visitacao\/\" \/>\n<meta property=\"og:site_name\" content=\"Associa\u00e7\u00e3o Devotos de F\u00e1tima\" \/>\n<meta property=\"article:published_time\" content=\"2022-05-31T13:57:25+00:00\" \/>\n<meta property=\"article:modified_time\" content=\"2022-05-31T14:01:04+00:00\" \/>\n<meta property=\"og:image\" content=\"https:\/\/www.adf.org.br\/home\/wp-content\/uploads\/2022\/05\/maxresdefault-2022-05-31T102931.501.jpg\" \/>\n\t<meta property=\"og:image:width\" content=\"1280\" \/>\n\t<meta property=\"og:image:height\" content=\"720\" \/>\n<meta name=\"twitter:card\" content=\"summary_large_image\" \/>\n<meta name=\"twitter:label1\" content=\"Escrito por\" \/>\n\t<meta name=\"twitter:data1\" content=\"Gabriel Barbosa\" \/>\n\t<meta name=\"twitter:label2\" content=\"Est. tempo de leitura\" \/>\n\t<meta name=\"twitter:data2\" content=\"3 minutos\" \/>\n<script type=\"application\/ld+json\" class=\"yoast-schema-graph\">{\"@context\":\"https:\/\/schema.org\",\"@graph\":[{\"@type\":\"WebSite\",\"@id\":\"https:\/\/www.adf.org.br\/home\/#website\",\"url\":\"https:\/\/www.adf.org.br\/home\/\",\"name\":\"Associa\\u00e7\\u00e3o Devotos de F\\u00e1tima\",\"description\":\"Associa\\u00e7\\u00e3o Devotos de F\\u00e1tima\",\"potentialAction\":[{\"@type\":\"SearchAction\",\"target\":{\"@type\":\"EntryPoint\",\"urlTemplate\":\"https:\/\/www.adf.org.br\/home\/?s={search_term_string}\"},\"query-input\":\"required name=search_term_string\"}],\"inLanguage\":\"pt-BR\"},{\"@type\":\"ImageObject\",\"@id\":\"https:\/\/www.adf.org.br\/home\/31-de-maio-festa-da-visitacao\/#primaryimage\",\"inLanguage\":\"pt-BR\",\"url\":\"https:\/\/www.adf.org.br\/home\/wp-content\/uploads\/2022\/05\/maxresdefault-2022-05-31T102931.501.jpg\",\"contentUrl\":\"https:\/\/www.adf.org.br\/home\/wp-content\/uploads\/2022\/05\/maxresdefault-2022-05-31T102931.501.jpg\",\"width\":1280,\"height\":720},{\"@type\":\"WebPage\",\"@id\":\"https:\/\/www.adf.org.br\/home\/31-de-maio-festa-da-visitacao\/#webpage\",\"url\":\"https:\/\/www.adf.org.br\/home\/31-de-maio-festa-da-visitacao\/\",\"name\":\"31 de Maio - Festa da Visita\\u00e7\\u00e3o.\",\"isPartOf\":{\"@id\":\"https:\/\/www.adf.org.br\/home\/#website\"},\"primaryImageOfPage\":{\"@id\":\"https:\/\/www.adf.org.br\/home\/31-de-maio-festa-da-visitacao\/#primaryimage\"},\"datePublished\":\"2022-05-31T13:57:25+00:00\",\"dateModified\":\"2022-05-31T14:01:04+00:00\",\"author\":{\"@id\":\"https:\/\/www.adf.org.br\/home\/#\/schema\/person\/affa494ecf91434f3620f5392de44327\"},\"description\":\"Celebramos hoje a festa da Visita\\u00e7\\u00e3o de Nossa Senhora. Entre as inumer\\u00e1veis p\\u00e9rolas que poder\\u00edamos admirar enfeixadas neste dia, merece a pena destacar as palavras de Santa Isabel. Clique aqui e veja.\",\"breadcrumb\":{\"@id\":\"https:\/\/www.adf.org.br\/home\/31-de-maio-festa-da-visitacao\/#breadcrumb\"},\"inLanguage\":\"pt-BR\",\"potentialAction\":[{\"@type\":\"ReadAction\",\"target\":[\"https:\/\/www.adf.org.br\/home\/31-de-maio-festa-da-visitacao\/\"]}]},{\"@type\":\"BreadcrumbList\",\"@id\":\"https:\/\/www.adf.org.br\/home\/31-de-maio-festa-da-visitacao\/#breadcrumb\",\"itemListElement\":[{\"@type\":\"ListItem\",\"position\":1,\"name\":\"Home\",\"item\":\"https:\/\/www.adf.org.br\/home\/\"},{\"@type\":\"ListItem\",\"position\":2,\"name\":\"31 de Maio &#8211; Festa da Visita\\u00e7\\u00e3o.\"}]},{\"@type\":\"Person\",\"@id\":\"https:\/\/www.adf.org.br\/home\/#\/schema\/person\/affa494ecf91434f3620f5392de44327\",\"name\":\"Gabriel Barbosa\",\"image\":{\"@type\":\"ImageObject\",\"@id\":\"https:\/\/www.adf.org.br\/home\/#personlogo\",\"inLanguage\":\"pt-BR\",\"url\":\"https:\/\/secure.gravatar.com\/avatar\/ecf2eab02e30486a7038f8b2858de06a?s=96&d=mm&r=g\",\"contentUrl\":\"https:\/\/secure.gravatar.com\/avatar\/ecf2eab02e30486a7038f8b2858de06a?s=96&d=mm&r=g\",\"caption\":\"Gabriel Barbosa\"},\"url\":\"https:\/\/www.adf.org.br\/home\/author\/gabriel-aascj\/\"}]}<\/script>\n<!-- \/ Yoast SEO plugin. -->","yoast_head_json":{"title":"31 de Maio - Festa da Visita\u00e7\u00e3o.","description":"Celebramos hoje a festa da Visita\u00e7\u00e3o de Nossa Senhora. Entre as inumer\u00e1veis p\u00e9rolas que poder\u00edamos admirar enfeixadas neste dia, merece a pena destacar as palavras de Santa Isabel. Clique aqui e veja.","robots":{"index":"index","follow":"follow","max-snippet":"max-snippet:-1","max-image-preview":"max-image-preview:large","max-video-preview":"max-video-preview:-1"},"canonical":"https:\/\/www.adf.org.br\/home\/31-de-maio-festa-da-visitacao\/","og_locale":"pt_BR","og_type":"article","og_title":"31 de Maio - Festa da Visita\u00e7\u00e3o.","og_description":"Celebramos hoje a festa da Visita\u00e7\u00e3o de Nossa Senhora. Entre as inumer\u00e1veis p\u00e9rolas que poder\u00edamos admirar enfeixadas neste dia, merece a pena destacar as palavras de Santa Isabel. Clique aqui e veja.","og_url":"https:\/\/www.adf.org.br\/home\/31-de-maio-festa-da-visitacao\/","og_site_name":"Associa\u00e7\u00e3o Devotos de F\u00e1tima","article_published_time":"2022-05-31T13:57:25+00:00","article_modified_time":"2022-05-31T14:01:04+00:00","og_image":[{"width":1280,"height":720,"url":"https:\/\/www.adf.org.br\/home\/wp-content\/uploads\/2022\/05\/maxresdefault-2022-05-31T102931.501.jpg","type":"image\/jpeg"}],"twitter_card":"summary_large_image","twitter_misc":{"Escrito por":"Gabriel Barbosa","Est. tempo de leitura":"3 minutos"},"schema":{"@context":"https:\/\/schema.org","@graph":[{"@type":"WebSite","@id":"https:\/\/www.adf.org.br\/home\/#website","url":"https:\/\/www.adf.org.br\/home\/","name":"Associa\u00e7\u00e3o Devotos de F\u00e1tima","description":"Associa\u00e7\u00e3o Devotos de F\u00e1tima","potentialAction":[{"@type":"SearchAction","target":{"@type":"EntryPoint","urlTemplate":"https:\/\/www.adf.org.br\/home\/?s={search_term_string}"},"query-input":"required name=search_term_string"}],"inLanguage":"pt-BR"},{"@type":"ImageObject","@id":"https:\/\/www.adf.org.br\/home\/31-de-maio-festa-da-visitacao\/#primaryimage","inLanguage":"pt-BR","url":"https:\/\/www.adf.org.br\/home\/wp-content\/uploads\/2022\/05\/maxresdefault-2022-05-31T102931.501.jpg","contentUrl":"https:\/\/www.adf.org.br\/home\/wp-content\/uploads\/2022\/05\/maxresdefault-2022-05-31T102931.501.jpg","width":1280,"height":720},{"@type":"WebPage","@id":"https:\/\/www.adf.org.br\/home\/31-de-maio-festa-da-visitacao\/#webpage","url":"https:\/\/www.adf.org.br\/home\/31-de-maio-festa-da-visitacao\/","name":"31 de Maio - Festa da Visita\u00e7\u00e3o.","isPartOf":{"@id":"https:\/\/www.adf.org.br\/home\/#website"},"primaryImageOfPage":{"@id":"https:\/\/www.adf.org.br\/home\/31-de-maio-festa-da-visitacao\/#primaryimage"},"datePublished":"2022-05-31T13:57:25+00:00","dateModified":"2022-05-31T14:01:04+00:00","author":{"@id":"https:\/\/www.adf.org.br\/home\/#\/schema\/person\/affa494ecf91434f3620f5392de44327"},"description":"Celebramos hoje a festa da Visita\u00e7\u00e3o de Nossa Senhora. Entre as inumer\u00e1veis p\u00e9rolas que poder\u00edamos admirar enfeixadas neste dia, merece a pena destacar as palavras de Santa Isabel. Clique aqui e veja.","breadcrumb":{"@id":"https:\/\/www.adf.org.br\/home\/31-de-maio-festa-da-visitacao\/#breadcrumb"},"inLanguage":"pt-BR","potentialAction":[{"@type":"ReadAction","target":["https:\/\/www.adf.org.br\/home\/31-de-maio-festa-da-visitacao\/"]}]},{"@type":"BreadcrumbList","@id":"https:\/\/www.adf.org.br\/home\/31-de-maio-festa-da-visitacao\/#breadcrumb","itemListElement":[{"@type":"ListItem","position":1,"name":"Home","item":"https:\/\/www.adf.org.br\/home\/"},{"@type":"ListItem","position":2,"name":"31 de Maio &#8211; Festa da Visita\u00e7\u00e3o."}]},{"@type":"Person","@id":"https:\/\/www.adf.org.br\/home\/#\/schema\/person\/affa494ecf91434f3620f5392de44327","name":"Gabriel Barbosa","image":{"@type":"ImageObject","@id":"https:\/\/www.adf.org.br\/home\/#personlogo","inLanguage":"pt-BR","url":"https:\/\/secure.gravatar.com\/avatar\/ecf2eab02e30486a7038f8b2858de06a?s=96&d=mm&r=g","contentUrl":"https:\/\/secure.gravatar.com\/avatar\/ecf2eab02e30486a7038f8b2858de06a?s=96&d=mm&r=g","caption":"Gabriel Barbosa"},"url":"https:\/\/www.adf.org.br\/home\/author\/gabriel-aascj\/"}]}},"_links":{"self":[{"href":"https:\/\/www.adf.org.br\/home\/wp-json\/wp\/v2\/posts\/68371"}],"collection":[{"href":"https:\/\/www.adf.org.br\/home\/wp-json\/wp\/v2\/posts"}],"about":[{"href":"https:\/\/www.adf.org.br\/home\/wp-json\/wp\/v2\/types\/post"}],"author":[{"embeddable":true,"href":"https:\/\/www.adf.org.br\/home\/wp-json\/wp\/v2\/users\/27"}],"replies":[{"embeddable":true,"href":"https:\/\/www.adf.org.br\/home\/wp-json\/wp\/v2\/comments?post=68371"}],"version-history":[{"count":10,"href":"https:\/\/www.adf.org.br\/home\/wp-json\/wp\/v2\/posts\/68371\/revisions"}],"predecessor-version":[{"id":68383,"href":"https:\/\/www.adf.org.br\/home\/wp-json\/wp\/v2\/posts\/68371\/revisions\/68383"}],"wp:featuredmedia":[{"embeddable":true,"href":"https:\/\/www.adf.org.br\/home\/wp-json\/wp\/v2\/media\/68373"}],"wp:attachment":[{"href":"https:\/\/www.adf.org.br\/home\/wp-json\/wp\/v2\/media?parent=68371"}],"wp:term":[{"taxonomy":"category","embeddable":true,"href":"https:\/\/www.adf.org.br\/home\/wp-json\/wp\/v2\/categories?post=68371"},{"taxonomy":"post_tag","embeddable":true,"href":"https:\/\/www.adf.org.br\/home\/wp-json\/wp\/v2\/tags?post=68371"}],"curies":[{"name":"wp","href":"https:\/\/api.w.org\/{rel}","templated":true}]}}