{"id":68363,"date":"2022-05-30T10:14:38","date_gmt":"2022-05-30T13:14:38","guid":{"rendered":"https:\/\/www.adf.org.br\/home\/?p=68363"},"modified":"2022-07-06T10:03:59","modified_gmt":"2022-07-06T13:03:59","slug":"oracao-de-sao-joao-paulo-ii-a-nossa-senhora-pela-ucrania","status":"publish","type":"post","link":"https:\/\/www.adf.org.br\/home\/oracao-de-sao-joao-paulo-ii-a-nossa-senhora-pela-ucrania\/","title":{"rendered":"Ora\u00e7\u00e3o de Jo\u00e3o Paulo II a Nossa Senhora, pela Ucr\u00e2nia."},"content":{"rendered":"<h2 style=\"text-align: center;\"><span style=\"color: #000000;\"><strong>Ora\u00e7\u00e3o de Jo\u00e3o Paulo II a Nossa Senhora, pela Ucr\u00e2nia.\u00a0<\/strong><\/span><\/h2>\n<figure id=\"attachment_68364\" aria-describedby=\"caption-attachment-68364\" style=\"width: 640px\" class=\"wp-caption aligncenter\"><a href=\"https:\/\/www.adf.org.br\/home\/pagina-de-cadastro\/?origem=23540\" target=\"_blank\" rel=\"noopener\"><img loading=\"lazy\" class=\"wp-image-68364 size-full\" src=\"https:\/\/www.adf.org.br\/home\/wp-content\/uploads\/2022\/05\/zarvanytsia-icon-e1645990156506.webp\" alt=\"\" width=\"640\" height=\"425\" srcset=\"https:\/\/www.adf.org.br\/home\/wp-content\/uploads\/2022\/05\/zarvanytsia-icon-e1645990156506.webp 640w, https:\/\/www.adf.org.br\/home\/wp-content\/uploads\/2022\/05\/zarvanytsia-icon-e1645990156506-300x199.webp 300w\" sizes=\"(max-width: 640px) 100vw, 640px\" \/><\/a><figcaption id=\"caption-attachment-68364\" class=\"wp-caption-text\"><center><span style=\"color: #000000;\">S\u00e3o Jo\u00e3o Paulo II usou esta ora\u00e7\u00e3o para pedir que o manto de Nossa Senhora cobrisse todo o povo da Ucr\u00e2nia.<\/span><\/center><\/figcaption><\/figure>\n<p><span style=\"color: #000000;\"><strong><span style=\"color: #800080; font-size: 32PX;\">Q<\/span><\/strong>uando<strong><span style=\"color: #0000ff;\"><a style=\"color: #0000ff;\" href=\"https:\/\/www.adf.org.br\/home\/pagina-de-cadastro\/?origem=23540\" target=\"_blank\" rel=\"noopener\"> S\u00e3o Jo\u00e3o Paulo II<\/a><\/span><\/strong> <strong>visitou a Ucr\u00e2nia<\/strong>, em 2001, <strong>ele come\u00e7ou sua peregrina\u00e7\u00e3o apost\u00f3lica com uma <span style=\"color: #0000ff;\"><a style=\"color: #0000ff;\" href=\"https:\/\/www.adf.org.br\/home\/pagina-de-cadastro\/?origem=23540\" target=\"_blank\" rel=\"noopener\">ora\u00e7\u00e3o a Nossa Senhora de Zarvanytsia<\/a><\/span>, pedindo sua intercess\u00e3o por toda a Ucr\u00e2nia.<\/strong><\/span><\/p>\n<p><strong><span style=\"color: #800080;\">Assim, ele rezou a ora\u00e7\u00e3o na Igreja Greco-Cat\u00f3lica de S\u00e3o Nicolau, em Kiev, e pediu que o \u00edcone da M\u00e3e de Deus fosse levado para a ocasi\u00e3o.<\/span><\/strong><\/p>\n<p><span style=\"color: #000000;\">Portanto, aqui est\u00e1 a ora\u00e7\u00e3o na qual ele<\/span>\u00a0<span style=\"color: #0000ff;\"><strong><a style=\"color: #0000ff;\" href=\"https:\/\/www.adf.org.br\/home\/pagina-de-cadastro\/?origem=23540\" target=\"_blank\" rel=\"noopener\">invocou a ajuda de Nossa Senhora para<\/a><\/strong><\/span>\u00a0<span style=\"color: #000000;\">cobrir a Ucr\u00e2nia com seu seu manto. Rezemos neste momento t\u00e3o delicado para o pa\u00eds:<\/span><\/p>\n<p><span style=\"color: #000000;\">\u201c<strong><span style=\"color: #800080;\">\u00d3 bem-aventurada Virgem Maria, Senhora de Zarvanytsia, <\/span><\/strong><\/span><strong><span style=\"color: #800080;\">dou-te gra\u00e7as pelo dom de me encontrar na Rus\u2019 de Kiev, <\/span><\/strong><strong><span style=\"color: #800080;\">de onde foi espalhada em toda a regi\u00e3o a luz do Evangelho. <\/span><\/strong><\/p>\n<p><span style=\"color: #000000;\">Frente ao teu <strong><span style=\"color: #0000ff;\"><a style=\"color: #0000ff;\" href=\"https:\/\/www.adf.org.br\/home\/pagina-de-cadastro\/?origem=23540\" target=\"_blank\" rel=\"noopener\">\u00edcone miraculoso<\/a><\/span><\/strong>, <\/span><span style=\"color: #000000;\"><strong>guardado nesta igreja de S\u00e3o Nicolau<\/strong>, <\/span><strong><span style=\"color: #000000;\">A Ti, M\u00e3e de Deus e M\u00e3e da Igreja, <\/span><\/strong><strong><span style=\"color: #000000;\">confio a minha viagem apost\u00f3lica \u00e0 Ucr\u00e2nia.<\/span><\/strong><\/p>\n<p><strong><span style=\"color: #800080;\">Santa M\u00e3e de Deus, estende o teu <span style=\"color: #0000ff;\"><a style=\"color: #0000ff;\" href=\"https:\/\/www.adf.org.br\/home\/pagina-de-cadastro\/?origem=23540\" target=\"_blank\" rel=\"noopener\">manto maternal<\/a><\/span> sobre todos os crist\u00e3os e sobre todos os homens e mulheres de boa vontade, que vivem nesta grande Na\u00e7\u00e3o.<\/span><\/strong><\/p>\n<p><strong><span style=\"color: #000000;\">Guia-os para o teu Filho Jesus, <\/span><span style=\"color: #000000;\">que \u00e9 para todos caminho, verdade e vida\u201d.<\/span><\/strong><\/p>\n<h5 style=\"text-align: right;\"><span style=\"color: #000000;\">Fonte: Aleteia<\/span><\/h5>\n<h3 style=\"text-align: center;\"><span style=\"color: #000000;\">****<\/span><\/h3>\n<p><span style=\"color: #000000;\"><strong>Quer receber conte\u00fados de inspira\u00e7\u00e3o cat\u00f3lica para aumentar sua f\u00e9 e a sua devo\u00e7\u00e3o?<\/strong><\/span><\/p>\n<p><strong><span style=\"color: #0000ff;\"><a style=\"color: #0000ff;\" href=\"https:\/\/www.adf.org.br\/home\/pagina-de-cadastro\/?origem=23540\" target=\"_blank\" rel=\"noopener\">Clique aqui<\/a><\/span>\u00a0<\/strong><span style=\"color: #000000;\">ou na imagem abaixo e fa\u00e7a seu cadastro na nossa Newsletter:<\/span><\/p>\n<p><a href=\"https:\/\/www.adf.org.br\/home\/pagina-de-cadastro\/?origem=23540\" target=\"_blank\" rel=\"noopener\"><img loading=\"lazy\" class=\"wp-image-63380 aligncenter\" src=\"https:\/\/www.adf.org.br\/home\/wp-content\/uploads\/2021\/01\/boletim-adf-300x100.png\" sizes=\"(max-width: 417px) 100vw, 417px\" srcset=\"https:\/\/www.adf.org.br\/home\/wp-content\/uploads\/2021\/01\/boletim-adf-300x100.png 300w, https:\/\/www.adf.org.br\/home\/wp-content\/uploads\/2021\/01\/boletim-adf.png 600w\" alt=\"\" width=\"417\" height=\"139\" \/><\/a><\/p>\n","protected":false},"excerpt":{"rendered":"<p>Ora\u00e7\u00e3o de Jo\u00e3o Paulo II a Nossa Senhora, pela Ucr\u00e2nia.\u00a0 Quando S\u00e3o Jo\u00e3o Paulo II visitou a Ucr\u00e2nia, em 2001, ele come\u00e7ou sua peregrina\u00e7\u00e3o apost\u00f3lica com uma ora\u00e7\u00e3o a Nossa Senhora de Zarvanytsia, pedindo sua intercess\u00e3o por toda a Ucr\u00e2nia. Assim, ele rezou a ora\u00e7\u00e3o na Igreja Greco-Cat\u00f3lica de S\u00e3o Nicolau, em Kiev, e pediu [&hellip;]<\/p>\n","protected":false},"author":27,"featured_media":68364,"comment_status":"open","ping_status":"open","sticky":false,"template":"","format":"standard","meta":[],"categories":[20,56,14],"tags":[57,142,4797,4796],"yoast_head":"<!-- This site is optimized with the Yoast SEO plugin v17.4 - https:\/\/yoast.com\/wordpress\/plugins\/seo\/ -->\n<title>Ora\u00e7\u00e3o de S\u00e3o Jo\u00e3o Paulo II a Nossa Senhora, pela Ucr\u00e2nia.<\/title>\n<meta name=\"description\" content=\"Quando S\u00e3o Jo\u00e3o Paulo II visitou a Ucr\u00e2nia ele come\u00e7ou sua peregrina\u00e7\u00e3o apost\u00f3lica com uma ora\u00e7\u00e3o a Nossa Senhora de Zarvanytsia. Clique aqui conhe\u00e7a e reze conosco esta ora\u00e7\u00e3o\" \/>\n<meta name=\"robots\" content=\"index, follow, max-snippet:-1, max-image-preview:large, max-video-preview:-1\" \/>\n<link rel=\"canonical\" href=\"https:\/\/www.adf.org.br\/home\/oracao-de-sao-joao-paulo-ii-a-nossa-senhora-pela-ucrania\/\" \/>\n<meta property=\"og:locale\" content=\"pt_BR\" \/>\n<meta property=\"og:type\" content=\"article\" \/>\n<meta property=\"og:title\" content=\"Ora\u00e7\u00e3o de S\u00e3o Jo\u00e3o Paulo II a Nossa Senhora, pela Ucr\u00e2nia.\" \/>\n<meta property=\"og:description\" content=\"Quando S\u00e3o Jo\u00e3o Paulo II visitou a Ucr\u00e2nia ele come\u00e7ou sua peregrina\u00e7\u00e3o apost\u00f3lica com uma ora\u00e7\u00e3o a Nossa Senhora de Zarvanytsia. Clique aqui conhe\u00e7a e reze conosco esta ora\u00e7\u00e3o\" \/>\n<meta property=\"og:url\" content=\"https:\/\/www.adf.org.br\/home\/oracao-de-sao-joao-paulo-ii-a-nossa-senhora-pela-ucrania\/\" \/>\n<meta property=\"og:site_name\" content=\"Associa\u00e7\u00e3o Devotos de F\u00e1tima\" \/>\n<meta property=\"article:published_time\" content=\"2022-05-30T13:14:38+00:00\" \/>\n<meta property=\"article:modified_time\" content=\"2022-07-06T13:03:59+00:00\" \/>\n<meta name=\"twitter:card\" content=\"summary_large_image\" \/>\n<meta name=\"twitter:image\" content=\"https:\/\/www.adf.org.br\/home\/wp-content\/uploads\/2022\/05\/zarvanytsia-icon-e1645990156506.webp\" \/>\n<meta name=\"twitter:label1\" content=\"Escrito por\" \/>\n\t<meta name=\"twitter:data1\" content=\"Gabriel Barbosa\" \/>\n\t<meta name=\"twitter:label2\" content=\"Est. tempo de leitura\" \/>\n\t<meta name=\"twitter:data2\" content=\"2 minutos\" \/>\n<script type=\"application\/ld+json\" class=\"yoast-schema-graph\">{\"@context\":\"https:\/\/schema.org\",\"@graph\":[{\"@type\":\"WebSite\",\"@id\":\"https:\/\/www.adf.org.br\/home\/#website\",\"url\":\"https:\/\/www.adf.org.br\/home\/\",\"name\":\"Associa\\u00e7\\u00e3o Devotos de F\\u00e1tima\",\"description\":\"Associa\\u00e7\\u00e3o Devotos de F\\u00e1tima\",\"potentialAction\":[{\"@type\":\"SearchAction\",\"target\":{\"@type\":\"EntryPoint\",\"urlTemplate\":\"https:\/\/www.adf.org.br\/home\/?s={search_term_string}\"},\"query-input\":\"required name=search_term_string\"}],\"inLanguage\":\"pt-BR\"},{\"@type\":\"ImageObject\",\"@id\":\"https:\/\/www.adf.org.br\/home\/oracao-de-sao-joao-paulo-ii-a-nossa-senhora-pela-ucrania\/#primaryimage\",\"inLanguage\":\"pt-BR\",\"url\":\"https:\/\/www.adf.org.br\/home\/wp-content\/uploads\/2022\/05\/zarvanytsia-icon-e1645990156506.webp\",\"contentUrl\":\"https:\/\/www.adf.org.br\/home\/wp-content\/uploads\/2022\/05\/zarvanytsia-icon-e1645990156506.webp\",\"width\":640,\"height\":425},{\"@type\":\"WebPage\",\"@id\":\"https:\/\/www.adf.org.br\/home\/oracao-de-sao-joao-paulo-ii-a-nossa-senhora-pela-ucrania\/#webpage\",\"url\":\"https:\/\/www.adf.org.br\/home\/oracao-de-sao-joao-paulo-ii-a-nossa-senhora-pela-ucrania\/\",\"name\":\"Ora\\u00e7\\u00e3o de S\\u00e3o Jo\\u00e3o Paulo II a Nossa Senhora, pela Ucr\\u00e2nia.\",\"isPartOf\":{\"@id\":\"https:\/\/www.adf.org.br\/home\/#website\"},\"primaryImageOfPage\":{\"@id\":\"https:\/\/www.adf.org.br\/home\/oracao-de-sao-joao-paulo-ii-a-nossa-senhora-pela-ucrania\/#primaryimage\"},\"datePublished\":\"2022-05-30T13:14:38+00:00\",\"dateModified\":\"2022-07-06T13:03:59+00:00\",\"author\":{\"@id\":\"https:\/\/www.adf.org.br\/home\/#\/schema\/person\/affa494ecf91434f3620f5392de44327\"},\"description\":\"Quando S\\u00e3o Jo\\u00e3o Paulo II visitou a Ucr\\u00e2nia ele come\\u00e7ou sua peregrina\\u00e7\\u00e3o apost\\u00f3lica com uma ora\\u00e7\\u00e3o a Nossa Senhora de Zarvanytsia. Clique aqui conhe\\u00e7a e reze conosco esta ora\\u00e7\\u00e3o\",\"breadcrumb\":{\"@id\":\"https:\/\/www.adf.org.br\/home\/oracao-de-sao-joao-paulo-ii-a-nossa-senhora-pela-ucrania\/#breadcrumb\"},\"inLanguage\":\"pt-BR\",\"potentialAction\":[{\"@type\":\"ReadAction\",\"target\":[\"https:\/\/www.adf.org.br\/home\/oracao-de-sao-joao-paulo-ii-a-nossa-senhora-pela-ucrania\/\"]}]},{\"@type\":\"BreadcrumbList\",\"@id\":\"https:\/\/www.adf.org.br\/home\/oracao-de-sao-joao-paulo-ii-a-nossa-senhora-pela-ucrania\/#breadcrumb\",\"itemListElement\":[{\"@type\":\"ListItem\",\"position\":1,\"name\":\"Home\",\"item\":\"https:\/\/www.adf.org.br\/home\/\"},{\"@type\":\"ListItem\",\"position\":2,\"name\":\"Ora\\u00e7\\u00e3o de Jo\\u00e3o Paulo II a Nossa Senhora, pela Ucr\\u00e2nia.\"}]},{\"@type\":\"Person\",\"@id\":\"https:\/\/www.adf.org.br\/home\/#\/schema\/person\/affa494ecf91434f3620f5392de44327\",\"name\":\"Gabriel Barbosa\",\"image\":{\"@type\":\"ImageObject\",\"@id\":\"https:\/\/www.adf.org.br\/home\/#personlogo\",\"inLanguage\":\"pt-BR\",\"url\":\"https:\/\/secure.gravatar.com\/avatar\/ecf2eab02e30486a7038f8b2858de06a?s=96&d=mm&r=g\",\"contentUrl\":\"https:\/\/secure.gravatar.com\/avatar\/ecf2eab02e30486a7038f8b2858de06a?s=96&d=mm&r=g\",\"caption\":\"Gabriel Barbosa\"},\"url\":\"https:\/\/www.adf.org.br\/home\/author\/gabriel-aascj\/\"}]}<\/script>\n<!-- \/ Yoast SEO plugin. -->","yoast_head_json":{"title":"Ora\u00e7\u00e3o de S\u00e3o Jo\u00e3o Paulo II a Nossa Senhora, pela Ucr\u00e2nia.","description":"Quando S\u00e3o Jo\u00e3o Paulo II visitou a Ucr\u00e2nia ele come\u00e7ou sua peregrina\u00e7\u00e3o apost\u00f3lica com uma ora\u00e7\u00e3o a Nossa Senhora de Zarvanytsia. Clique aqui conhe\u00e7a e reze conosco esta ora\u00e7\u00e3o","robots":{"index":"index","follow":"follow","max-snippet":"max-snippet:-1","max-image-preview":"max-image-preview:large","max-video-preview":"max-video-preview:-1"},"canonical":"https:\/\/www.adf.org.br\/home\/oracao-de-sao-joao-paulo-ii-a-nossa-senhora-pela-ucrania\/","og_locale":"pt_BR","og_type":"article","og_title":"Ora\u00e7\u00e3o de S\u00e3o Jo\u00e3o Paulo II a Nossa Senhora, pela Ucr\u00e2nia.","og_description":"Quando S\u00e3o Jo\u00e3o Paulo II visitou a Ucr\u00e2nia ele come\u00e7ou sua peregrina\u00e7\u00e3o apost\u00f3lica com uma ora\u00e7\u00e3o a Nossa Senhora de Zarvanytsia. Clique aqui conhe\u00e7a e reze conosco esta ora\u00e7\u00e3o","og_url":"https:\/\/www.adf.org.br\/home\/oracao-de-sao-joao-paulo-ii-a-nossa-senhora-pela-ucrania\/","og_site_name":"Associa\u00e7\u00e3o Devotos de F\u00e1tima","article_published_time":"2022-05-30T13:14:38+00:00","article_modified_time":"2022-07-06T13:03:59+00:00","twitter_card":"summary_large_image","twitter_image":"https:\/\/www.adf.org.br\/home\/wp-content\/uploads\/2022\/05\/zarvanytsia-icon-e1645990156506.webp","twitter_misc":{"Escrito por":"Gabriel Barbosa","Est. tempo de leitura":"2 minutos"},"schema":{"@context":"https:\/\/schema.org","@graph":[{"@type":"WebSite","@id":"https:\/\/www.adf.org.br\/home\/#website","url":"https:\/\/www.adf.org.br\/home\/","name":"Associa\u00e7\u00e3o Devotos de F\u00e1tima","description":"Associa\u00e7\u00e3o Devotos de F\u00e1tima","potentialAction":[{"@type":"SearchAction","target":{"@type":"EntryPoint","urlTemplate":"https:\/\/www.adf.org.br\/home\/?s={search_term_string}"},"query-input":"required name=search_term_string"}],"inLanguage":"pt-BR"},{"@type":"ImageObject","@id":"https:\/\/www.adf.org.br\/home\/oracao-de-sao-joao-paulo-ii-a-nossa-senhora-pela-ucrania\/#primaryimage","inLanguage":"pt-BR","url":"https:\/\/www.adf.org.br\/home\/wp-content\/uploads\/2022\/05\/zarvanytsia-icon-e1645990156506.webp","contentUrl":"https:\/\/www.adf.org.br\/home\/wp-content\/uploads\/2022\/05\/zarvanytsia-icon-e1645990156506.webp","width":640,"height":425},{"@type":"WebPage","@id":"https:\/\/www.adf.org.br\/home\/oracao-de-sao-joao-paulo-ii-a-nossa-senhora-pela-ucrania\/#webpage","url":"https:\/\/www.adf.org.br\/home\/oracao-de-sao-joao-paulo-ii-a-nossa-senhora-pela-ucrania\/","name":"Ora\u00e7\u00e3o de S\u00e3o Jo\u00e3o Paulo II a Nossa Senhora, pela Ucr\u00e2nia.","isPartOf":{"@id":"https:\/\/www.adf.org.br\/home\/#website"},"primaryImageOfPage":{"@id":"https:\/\/www.adf.org.br\/home\/oracao-de-sao-joao-paulo-ii-a-nossa-senhora-pela-ucrania\/#primaryimage"},"datePublished":"2022-05-30T13:14:38+00:00","dateModified":"2022-07-06T13:03:59+00:00","author":{"@id":"https:\/\/www.adf.org.br\/home\/#\/schema\/person\/affa494ecf91434f3620f5392de44327"},"description":"Quando S\u00e3o Jo\u00e3o Paulo II visitou a Ucr\u00e2nia ele come\u00e7ou sua peregrina\u00e7\u00e3o apost\u00f3lica com uma ora\u00e7\u00e3o a Nossa Senhora de Zarvanytsia. Clique aqui conhe\u00e7a e reze conosco esta ora\u00e7\u00e3o","breadcrumb":{"@id":"https:\/\/www.adf.org.br\/home\/oracao-de-sao-joao-paulo-ii-a-nossa-senhora-pela-ucrania\/#breadcrumb"},"inLanguage":"pt-BR","potentialAction":[{"@type":"ReadAction","target":["https:\/\/www.adf.org.br\/home\/oracao-de-sao-joao-paulo-ii-a-nossa-senhora-pela-ucrania\/"]}]},{"@type":"BreadcrumbList","@id":"https:\/\/www.adf.org.br\/home\/oracao-de-sao-joao-paulo-ii-a-nossa-senhora-pela-ucrania\/#breadcrumb","itemListElement":[{"@type":"ListItem","position":1,"name":"Home","item":"https:\/\/www.adf.org.br\/home\/"},{"@type":"ListItem","position":2,"name":"Ora\u00e7\u00e3o de Jo\u00e3o Paulo II a Nossa Senhora, pela Ucr\u00e2nia."}]},{"@type":"Person","@id":"https:\/\/www.adf.org.br\/home\/#\/schema\/person\/affa494ecf91434f3620f5392de44327","name":"Gabriel Barbosa","image":{"@type":"ImageObject","@id":"https:\/\/www.adf.org.br\/home\/#personlogo","inLanguage":"pt-BR","url":"https:\/\/secure.gravatar.com\/avatar\/ecf2eab02e30486a7038f8b2858de06a?s=96&d=mm&r=g","contentUrl":"https:\/\/secure.gravatar.com\/avatar\/ecf2eab02e30486a7038f8b2858de06a?s=96&d=mm&r=g","caption":"Gabriel Barbosa"},"url":"https:\/\/www.adf.org.br\/home\/author\/gabriel-aascj\/"}]}},"_links":{"self":[{"href":"https:\/\/www.adf.org.br\/home\/wp-json\/wp\/v2\/posts\/68363"}],"collection":[{"href":"https:\/\/www.adf.org.br\/home\/wp-json\/wp\/v2\/posts"}],"about":[{"href":"https:\/\/www.adf.org.br\/home\/wp-json\/wp\/v2\/types\/post"}],"author":[{"embeddable":true,"href":"https:\/\/www.adf.org.br\/home\/wp-json\/wp\/v2\/users\/27"}],"replies":[{"embeddable":true,"href":"https:\/\/www.adf.org.br\/home\/wp-json\/wp\/v2\/comments?post=68363"}],"version-history":[{"count":7,"href":"https:\/\/www.adf.org.br\/home\/wp-json\/wp\/v2\/posts\/68363\/revisions"}],"predecessor-version":[{"id":68701,"href":"https:\/\/www.adf.org.br\/home\/wp-json\/wp\/v2\/posts\/68363\/revisions\/68701"}],"wp:featuredmedia":[{"embeddable":true,"href":"https:\/\/www.adf.org.br\/home\/wp-json\/wp\/v2\/media\/68364"}],"wp:attachment":[{"href":"https:\/\/www.adf.org.br\/home\/wp-json\/wp\/v2\/media?parent=68363"}],"wp:term":[{"taxonomy":"category","embeddable":true,"href":"https:\/\/www.adf.org.br\/home\/wp-json\/wp\/v2\/categories?post=68363"},{"taxonomy":"post_tag","embeddable":true,"href":"https:\/\/www.adf.org.br\/home\/wp-json\/wp\/v2\/tags?post=68363"}],"curies":[{"name":"wp","href":"https:\/\/api.w.org\/{rel}","templated":true}]}}