{"id":68316,"date":"2022-05-25T12:26:25","date_gmt":"2022-05-25T15:26:25","guid":{"rendered":"https:\/\/www.adf.org.br\/home\/?p=68316"},"modified":"2022-05-25T12:26:25","modified_gmt":"2022-05-25T15:26:25","slug":"nossa-senhora-quer-iluminar-sua-vida-inclua-suas-suplicas-na-santa-missa-desta-semana","status":"publish","type":"post","link":"https:\/\/www.adf.org.br\/home\/nossa-senhora-quer-iluminar-sua-vida-inclua-suas-suplicas-na-santa-missa-desta-semana\/","title":{"rendered":"Nossa Senhora quer iluminar sua vida. Inclua suas s\u00faplicas na Santa Missa desta semana."},"content":{"rendered":"<h2 style=\"text-align: center;\"><span style=\"color: #000000;\"><strong>Nossa Senhora quer iluminar sua vida. Inclua suas s\u00faplicas na Santa Missa desta semana.<\/strong><\/span><\/h2>\n<p>&nbsp;<\/p>\n<figure id=\"attachment_68318\" aria-describedby=\"caption-attachment-68318\" style=\"width: 800px\" class=\"wp-caption aligncenter\"><a href=\"https:\/\/adf.org.br\/velario\/suplicas?origem=23516\" target=\"_blank\" rel=\"noopener\"><img loading=\"lazy\" class=\"wp-image-68318 size-full\" src=\"https:\/\/www.adf.org.br\/home\/wp-content\/uploads\/2022\/05\/unnamed-47.jpg\" alt=\"\" width=\"800\" height=\"350\" srcset=\"https:\/\/www.adf.org.br\/home\/wp-content\/uploads\/2022\/05\/unnamed-47.jpg 800w, https:\/\/www.adf.org.br\/home\/wp-content\/uploads\/2022\/05\/unnamed-47-300x131.jpg 300w, https:\/\/www.adf.org.br\/home\/wp-content\/uploads\/2022\/05\/unnamed-47-768x336.jpg 768w\" sizes=\"(max-width: 800px) 100vw, 800px\" \/><\/a><figcaption id=\"caption-attachment-68318\" class=\"wp-caption-text\"><center><span style=\"color: #000000;\">Nossa Senhora de F\u00e1tima, rogai por n\u00f3s!<\/span><center><\/center><\/center><\/figcaption><\/figure>\n<p><span style=\"font-weight: 400; color: #000000;\"><strong><span style=\"color: #800080; font-size: 32PX;\">S<\/span><span style=\"color: #0000ff;\"><a style=\"color: #0000ff;\" href=\"https:\/\/adf.org.br\/velario\/suplicas?origem=23516\" target=\"_blank\" rel=\"noopener\">\u00e3o Jo\u00e3o Bosco<\/a><\/span><\/strong> disse que <strong>apenas duas coisas nos salvariam em uma hora muito grave<\/strong>: <strong><span style=\"color: #800080;\">a devo\u00e7\u00e3o a Nossa Senhora e a comunh\u00e3o frequente<\/span><\/strong>.\u00a0<\/span><\/p>\n<p><strong><span style=\"color: #000000;\">Nossa Senhora est\u00e1 sempre olhando por cada um de n\u00f3s. Como M\u00e3e, Ela quer o bem de todos os seus filhos.<\/span><\/strong><\/p>\n<p><span style=\"font-weight: 400; color: #000000;\"><span style=\"text-decoration: underline;\">Em nossas vidas passamos por muitos desafios, dificuldades<\/span>&#8230; <strong>Mas, se em algum momento pensarmos em desistir<\/strong> &#8211; <span style=\"color: #0000ff;\"><strong><a style=\"color: #0000ff;\" href=\"https:\/\/adf.org.br\/velario\/suplicas?origem=23516\" target=\"_blank\" rel=\"noopener\">devemos olhar e suplicar a Virgem Sant\u00edssima<\/a><\/strong><\/span> &#8211; <strong><span style=\"color: #800080;\">Ela \u00e9 a \u00fanica que pode iluminar nossa vida.<\/span><\/strong><\/span><\/p>\n<p><span style=\"font-weight: 400; color: #000000;\">Neste s\u00e1bado, <strong>dia 28\/05<\/strong>, faremos celebrar a <strong><span style=\"color: #0000ff;\"><a style=\"color: #0000ff;\" href=\"https:\/\/adf.org.br\/velario\/suplicas?origem=23516\" target=\"_blank\" rel=\"noopener\">Santa Missa de S\u00faplicas a Nossa Senhora de F\u00e1tima<\/a><\/span><\/strong>. <strong>Este \u00e9 o momento certo para o aux\u00edlio de Nossa Senhora.<\/strong><\/span><\/p>\n<p><span style=\"font-weight: 400; color: #000000;\">Para incluir suas inten\u00e7\u00f5es, basta ligar, gratuitamente, no:<\/span><\/p>\n<p><a href=\"tel:08006082128\" target=\"_blank\" rel=\"noopener\"><img loading=\"lazy\" class=\"wp-image-65375 size-full aligncenter\" src=\"https:\/\/www.adf.org.br\/home\/wp-content\/uploads\/2021\/08\/Bot%C3%A3o-Telefone-ADF.png\" sizes=\"(max-width: 482px) 100vw, 482px\" srcset=\"https:\/\/www.adf.org.br\/home\/wp-content\/uploads\/2021\/08\/Bot\u00e3o-Telefone-ADF.png 482w, https:\/\/www.adf.org.br\/home\/wp-content\/uploads\/2021\/08\/Bot\u00e3o-Telefone-ADF-300x70.png 300w\" alt=\"\" width=\"482\" height=\"113\" \/><\/a><span style=\"color: #000000;\">Em todas as circunst\u00e2ncias, <strong>principalmente as mais dif\u00edceis<\/strong>, <span style=\"text-decoration: underline;\">\u00e9 para a Sant\u00edssima Virgem que devemos suplicar<\/span>.<\/span><\/p>\n<blockquote><p><strong><span style=\"color: #800080;\">&#8220;\u00d3 Virgem Maria, M\u00e3e de Deus, Redentora dos Pecadores, confio em ti meus pedidos e gra\u00e7as que mais necessito. Pe\u00e7o com f\u00e9 pois V\u00f3s intercede pelos necessitados. Am\u00e9m!&#8221;<\/span><\/strong><\/p><\/blockquote>\n<p><span style=\"color: #000000;\">N\u00e3o conseguiu falar conosco pelo telefone? Ent\u00e3o,<\/span>\u00a0<span style=\"color: #0000ff;\"><a style=\"color: #0000ff;\" href=\"https:\/\/adf.org.br\/velario\/suplicas?origem=23516\" target=\"_blank\" rel=\"noopener\"><strong>clique aqui<\/strong><\/a><\/span>\u00a0<span style=\"color: #000000;\">ou acenda a vela abaixo e inclua seus pedidos e s\u00faplicas.<\/span><\/p>\n<p><a href=\"https:\/\/adf.org.br\/velario\/suplicas?origem=23516\" target=\"_blank\" rel=\"noopener\"><img loading=\"lazy\" class=\"size-medium wp-image-68317 aligncenter\" src=\"https:\/\/www.adf.org.br\/home\/wp-content\/uploads\/2022\/05\/Vela-de-Nossa-Senhora-de-Fatima-1-300x175.jpg\" alt=\"\" width=\"300\" height=\"175\" srcset=\"https:\/\/www.adf.org.br\/home\/wp-content\/uploads\/2022\/05\/Vela-de-Nossa-Senhora-de-Fatima-1-300x175.jpg 300w, https:\/\/www.adf.org.br\/home\/wp-content\/uploads\/2022\/05\/Vela-de-Nossa-Senhora-de-Fatima-1.jpg 600w\" sizes=\"(max-width: 300px) 100vw, 300px\" \/><\/a><\/p>\n","protected":false},"excerpt":{"rendered":"<p>Nossa Senhora quer iluminar sua vida. Inclua suas s\u00faplicas na Santa Missa desta semana. &nbsp; S\u00e3o Jo\u00e3o Bosco disse que apenas duas coisas nos salvariam em uma hora muito grave: a devo\u00e7\u00e3o a Nossa Senhora e a comunh\u00e3o frequente.\u00a0 Nossa Senhora est\u00e1 sempre olhando por cada um de n\u00f3s. Como M\u00e3e, Ela quer o bem [&hellip;]<\/p>\n","protected":false},"author":27,"featured_media":68318,"comment_status":"open","ping_status":"open","sticky":false,"template":"","format":"standard","meta":[],"categories":[20,2473,60,56,2332],"tags":[814,57,2996,4204],"yoast_head":"<!-- This site is optimized with the Yoast SEO plugin v17.4 - https:\/\/yoast.com\/wordpress\/plugins\/seo\/ -->\n<title>Nossa Senhora quer iluminar sua vida. Inclua suas s\u00faplicas na Santa Missa desta semana.<\/title>\n<meta name=\"description\" content=\"Quando tudo come\u00e7a a dar errado em nossas vidas, parece que muitas luzes se apagam... Mas, Nossa Senhora \u00e9 a Luz que nunca apagar\u00e1. Clique aqui e deixe suas s\u00faplicas a Virgem Sant\u00edssima.\" \/>\n<meta name=\"robots\" content=\"index, follow, max-snippet:-1, max-image-preview:large, max-video-preview:-1\" \/>\n<link rel=\"canonical\" href=\"https:\/\/www.adf.org.br\/home\/nossa-senhora-quer-iluminar-sua-vida-inclua-suas-suplicas-na-santa-missa-desta-semana\/\" \/>\n<meta property=\"og:locale\" content=\"pt_BR\" \/>\n<meta property=\"og:type\" content=\"article\" \/>\n<meta property=\"og:title\" content=\"Nossa Senhora quer iluminar sua vida. Inclua suas s\u00faplicas na Santa Missa desta semana.\" \/>\n<meta property=\"og:description\" content=\"Quando tudo come\u00e7a a dar errado em nossas vidas, parece que muitas luzes se apagam... Mas, Nossa Senhora \u00e9 a Luz que nunca apagar\u00e1. Clique aqui e deixe suas s\u00faplicas a Virgem Sant\u00edssima.\" \/>\n<meta property=\"og:url\" content=\"https:\/\/www.adf.org.br\/home\/nossa-senhora-quer-iluminar-sua-vida-inclua-suas-suplicas-na-santa-missa-desta-semana\/\" \/>\n<meta property=\"og:site_name\" content=\"Associa\u00e7\u00e3o Devotos de F\u00e1tima\" \/>\n<meta property=\"article:published_time\" content=\"2022-05-25T15:26:25+00:00\" \/>\n<meta property=\"og:image\" content=\"https:\/\/www.adf.org.br\/home\/wp-content\/uploads\/2022\/05\/unnamed-47.jpg\" \/>\n\t<meta property=\"og:image:width\" content=\"800\" \/>\n\t<meta property=\"og:image:height\" content=\"350\" \/>\n<meta name=\"twitter:card\" content=\"summary_large_image\" \/>\n<meta name=\"twitter:label1\" content=\"Escrito por\" \/>\n\t<meta name=\"twitter:data1\" content=\"Gabriel Barbosa\" \/>\n\t<meta name=\"twitter:label2\" content=\"Est. tempo de leitura\" \/>\n\t<meta name=\"twitter:data2\" content=\"2 minutos\" \/>\n<script type=\"application\/ld+json\" class=\"yoast-schema-graph\">{\"@context\":\"https:\/\/schema.org\",\"@graph\":[{\"@type\":\"WebSite\",\"@id\":\"https:\/\/www.adf.org.br\/home\/#website\",\"url\":\"https:\/\/www.adf.org.br\/home\/\",\"name\":\"Associa\\u00e7\\u00e3o Devotos de F\\u00e1tima\",\"description\":\"Associa\\u00e7\\u00e3o Devotos de F\\u00e1tima\",\"potentialAction\":[{\"@type\":\"SearchAction\",\"target\":{\"@type\":\"EntryPoint\",\"urlTemplate\":\"https:\/\/www.adf.org.br\/home\/?s={search_term_string}\"},\"query-input\":\"required name=search_term_string\"}],\"inLanguage\":\"pt-BR\"},{\"@type\":\"ImageObject\",\"@id\":\"https:\/\/www.adf.org.br\/home\/nossa-senhora-quer-iluminar-sua-vida-inclua-suas-suplicas-na-santa-missa-desta-semana\/#primaryimage\",\"inLanguage\":\"pt-BR\",\"url\":\"https:\/\/www.adf.org.br\/home\/wp-content\/uploads\/2022\/05\/unnamed-47.jpg\",\"contentUrl\":\"https:\/\/www.adf.org.br\/home\/wp-content\/uploads\/2022\/05\/unnamed-47.jpg\",\"width\":800,\"height\":350},{\"@type\":\"WebPage\",\"@id\":\"https:\/\/www.adf.org.br\/home\/nossa-senhora-quer-iluminar-sua-vida-inclua-suas-suplicas-na-santa-missa-desta-semana\/#webpage\",\"url\":\"https:\/\/www.adf.org.br\/home\/nossa-senhora-quer-iluminar-sua-vida-inclua-suas-suplicas-na-santa-missa-desta-semana\/\",\"name\":\"Nossa Senhora quer iluminar sua vida. Inclua suas s\\u00faplicas na Santa Missa desta semana.\",\"isPartOf\":{\"@id\":\"https:\/\/www.adf.org.br\/home\/#website\"},\"primaryImageOfPage\":{\"@id\":\"https:\/\/www.adf.org.br\/home\/nossa-senhora-quer-iluminar-sua-vida-inclua-suas-suplicas-na-santa-missa-desta-semana\/#primaryimage\"},\"datePublished\":\"2022-05-25T15:26:25+00:00\",\"dateModified\":\"2022-05-25T15:26:25+00:00\",\"author\":{\"@id\":\"https:\/\/www.adf.org.br\/home\/#\/schema\/person\/affa494ecf91434f3620f5392de44327\"},\"description\":\"Quando tudo come\\u00e7a a dar errado em nossas vidas, parece que muitas luzes se apagam... Mas, Nossa Senhora \\u00e9 a Luz que nunca apagar\\u00e1. Clique aqui e deixe suas s\\u00faplicas a Virgem Sant\\u00edssima.\",\"breadcrumb\":{\"@id\":\"https:\/\/www.adf.org.br\/home\/nossa-senhora-quer-iluminar-sua-vida-inclua-suas-suplicas-na-santa-missa-desta-semana\/#breadcrumb\"},\"inLanguage\":\"pt-BR\",\"potentialAction\":[{\"@type\":\"ReadAction\",\"target\":[\"https:\/\/www.adf.org.br\/home\/nossa-senhora-quer-iluminar-sua-vida-inclua-suas-suplicas-na-santa-missa-desta-semana\/\"]}]},{\"@type\":\"BreadcrumbList\",\"@id\":\"https:\/\/www.adf.org.br\/home\/nossa-senhora-quer-iluminar-sua-vida-inclua-suas-suplicas-na-santa-missa-desta-semana\/#breadcrumb\",\"itemListElement\":[{\"@type\":\"ListItem\",\"position\":1,\"name\":\"Home\",\"item\":\"https:\/\/www.adf.org.br\/home\/\"},{\"@type\":\"ListItem\",\"position\":2,\"name\":\"Nossa Senhora quer iluminar sua vida. Inclua suas s\\u00faplicas na Santa Missa desta semana.\"}]},{\"@type\":\"Person\",\"@id\":\"https:\/\/www.adf.org.br\/home\/#\/schema\/person\/affa494ecf91434f3620f5392de44327\",\"name\":\"Gabriel Barbosa\",\"image\":{\"@type\":\"ImageObject\",\"@id\":\"https:\/\/www.adf.org.br\/home\/#personlogo\",\"inLanguage\":\"pt-BR\",\"url\":\"https:\/\/secure.gravatar.com\/avatar\/ecf2eab02e30486a7038f8b2858de06a?s=96&d=mm&r=g\",\"contentUrl\":\"https:\/\/secure.gravatar.com\/avatar\/ecf2eab02e30486a7038f8b2858de06a?s=96&d=mm&r=g\",\"caption\":\"Gabriel Barbosa\"},\"url\":\"https:\/\/www.adf.org.br\/home\/author\/gabriel-aascj\/\"}]}<\/script>\n<!-- \/ Yoast SEO plugin. -->","yoast_head_json":{"title":"Nossa Senhora quer iluminar sua vida. Inclua suas s\u00faplicas na Santa Missa desta semana.","description":"Quando tudo come\u00e7a a dar errado em nossas vidas, parece que muitas luzes se apagam... Mas, Nossa Senhora \u00e9 a Luz que nunca apagar\u00e1. Clique aqui e deixe suas s\u00faplicas a Virgem Sant\u00edssima.","robots":{"index":"index","follow":"follow","max-snippet":"max-snippet:-1","max-image-preview":"max-image-preview:large","max-video-preview":"max-video-preview:-1"},"canonical":"https:\/\/www.adf.org.br\/home\/nossa-senhora-quer-iluminar-sua-vida-inclua-suas-suplicas-na-santa-missa-desta-semana\/","og_locale":"pt_BR","og_type":"article","og_title":"Nossa Senhora quer iluminar sua vida. Inclua suas s\u00faplicas na Santa Missa desta semana.","og_description":"Quando tudo come\u00e7a a dar errado em nossas vidas, parece que muitas luzes se apagam... Mas, Nossa Senhora \u00e9 a Luz que nunca apagar\u00e1. Clique aqui e deixe suas s\u00faplicas a Virgem Sant\u00edssima.","og_url":"https:\/\/www.adf.org.br\/home\/nossa-senhora-quer-iluminar-sua-vida-inclua-suas-suplicas-na-santa-missa-desta-semana\/","og_site_name":"Associa\u00e7\u00e3o Devotos de F\u00e1tima","article_published_time":"2022-05-25T15:26:25+00:00","og_image":[{"width":800,"height":350,"url":"https:\/\/www.adf.org.br\/home\/wp-content\/uploads\/2022\/05\/unnamed-47.jpg","type":"image\/jpeg"}],"twitter_card":"summary_large_image","twitter_misc":{"Escrito por":"Gabriel Barbosa","Est. tempo de leitura":"2 minutos"},"schema":{"@context":"https:\/\/schema.org","@graph":[{"@type":"WebSite","@id":"https:\/\/www.adf.org.br\/home\/#website","url":"https:\/\/www.adf.org.br\/home\/","name":"Associa\u00e7\u00e3o Devotos de F\u00e1tima","description":"Associa\u00e7\u00e3o Devotos de F\u00e1tima","potentialAction":[{"@type":"SearchAction","target":{"@type":"EntryPoint","urlTemplate":"https:\/\/www.adf.org.br\/home\/?s={search_term_string}"},"query-input":"required name=search_term_string"}],"inLanguage":"pt-BR"},{"@type":"ImageObject","@id":"https:\/\/www.adf.org.br\/home\/nossa-senhora-quer-iluminar-sua-vida-inclua-suas-suplicas-na-santa-missa-desta-semana\/#primaryimage","inLanguage":"pt-BR","url":"https:\/\/www.adf.org.br\/home\/wp-content\/uploads\/2022\/05\/unnamed-47.jpg","contentUrl":"https:\/\/www.adf.org.br\/home\/wp-content\/uploads\/2022\/05\/unnamed-47.jpg","width":800,"height":350},{"@type":"WebPage","@id":"https:\/\/www.adf.org.br\/home\/nossa-senhora-quer-iluminar-sua-vida-inclua-suas-suplicas-na-santa-missa-desta-semana\/#webpage","url":"https:\/\/www.adf.org.br\/home\/nossa-senhora-quer-iluminar-sua-vida-inclua-suas-suplicas-na-santa-missa-desta-semana\/","name":"Nossa Senhora quer iluminar sua vida. Inclua suas s\u00faplicas na Santa Missa desta semana.","isPartOf":{"@id":"https:\/\/www.adf.org.br\/home\/#website"},"primaryImageOfPage":{"@id":"https:\/\/www.adf.org.br\/home\/nossa-senhora-quer-iluminar-sua-vida-inclua-suas-suplicas-na-santa-missa-desta-semana\/#primaryimage"},"datePublished":"2022-05-25T15:26:25+00:00","dateModified":"2022-05-25T15:26:25+00:00","author":{"@id":"https:\/\/www.adf.org.br\/home\/#\/schema\/person\/affa494ecf91434f3620f5392de44327"},"description":"Quando tudo come\u00e7a a dar errado em nossas vidas, parece que muitas luzes se apagam... Mas, Nossa Senhora \u00e9 a Luz que nunca apagar\u00e1. Clique aqui e deixe suas s\u00faplicas a Virgem Sant\u00edssima.","breadcrumb":{"@id":"https:\/\/www.adf.org.br\/home\/nossa-senhora-quer-iluminar-sua-vida-inclua-suas-suplicas-na-santa-missa-desta-semana\/#breadcrumb"},"inLanguage":"pt-BR","potentialAction":[{"@type":"ReadAction","target":["https:\/\/www.adf.org.br\/home\/nossa-senhora-quer-iluminar-sua-vida-inclua-suas-suplicas-na-santa-missa-desta-semana\/"]}]},{"@type":"BreadcrumbList","@id":"https:\/\/www.adf.org.br\/home\/nossa-senhora-quer-iluminar-sua-vida-inclua-suas-suplicas-na-santa-missa-desta-semana\/#breadcrumb","itemListElement":[{"@type":"ListItem","position":1,"name":"Home","item":"https:\/\/www.adf.org.br\/home\/"},{"@type":"ListItem","position":2,"name":"Nossa Senhora quer iluminar sua vida. Inclua suas s\u00faplicas na Santa Missa desta semana."}]},{"@type":"Person","@id":"https:\/\/www.adf.org.br\/home\/#\/schema\/person\/affa494ecf91434f3620f5392de44327","name":"Gabriel Barbosa","image":{"@type":"ImageObject","@id":"https:\/\/www.adf.org.br\/home\/#personlogo","inLanguage":"pt-BR","url":"https:\/\/secure.gravatar.com\/avatar\/ecf2eab02e30486a7038f8b2858de06a?s=96&d=mm&r=g","contentUrl":"https:\/\/secure.gravatar.com\/avatar\/ecf2eab02e30486a7038f8b2858de06a?s=96&d=mm&r=g","caption":"Gabriel Barbosa"},"url":"https:\/\/www.adf.org.br\/home\/author\/gabriel-aascj\/"}]}},"_links":{"self":[{"href":"https:\/\/www.adf.org.br\/home\/wp-json\/wp\/v2\/posts\/68316"}],"collection":[{"href":"https:\/\/www.adf.org.br\/home\/wp-json\/wp\/v2\/posts"}],"about":[{"href":"https:\/\/www.adf.org.br\/home\/wp-json\/wp\/v2\/types\/post"}],"author":[{"embeddable":true,"href":"https:\/\/www.adf.org.br\/home\/wp-json\/wp\/v2\/users\/27"}],"replies":[{"embeddable":true,"href":"https:\/\/www.adf.org.br\/home\/wp-json\/wp\/v2\/comments?post=68316"}],"version-history":[{"count":6,"href":"https:\/\/www.adf.org.br\/home\/wp-json\/wp\/v2\/posts\/68316\/revisions"}],"predecessor-version":[{"id":68324,"href":"https:\/\/www.adf.org.br\/home\/wp-json\/wp\/v2\/posts\/68316\/revisions\/68324"}],"wp:featuredmedia":[{"embeddable":true,"href":"https:\/\/www.adf.org.br\/home\/wp-json\/wp\/v2\/media\/68318"}],"wp:attachment":[{"href":"https:\/\/www.adf.org.br\/home\/wp-json\/wp\/v2\/media?parent=68316"}],"wp:term":[{"taxonomy":"category","embeddable":true,"href":"https:\/\/www.adf.org.br\/home\/wp-json\/wp\/v2\/categories?post=68316"},{"taxonomy":"post_tag","embeddable":true,"href":"https:\/\/www.adf.org.br\/home\/wp-json\/wp\/v2\/tags?post=68316"}],"curies":[{"name":"wp","href":"https:\/\/api.w.org\/{rel}","templated":true}]}}