{"id":67922,"date":"2022-04-25T09:55:12","date_gmt":"2022-04-25T12:55:12","guid":{"rendered":"https:\/\/www.adf.org.br\/home\/?p=67922"},"modified":"2022-04-25T09:55:12","modified_gmt":"2022-04-25T12:55:12","slug":"oracao-da-irma-lucia-para-pedir-a-deus-pela-nacao-peca-a-intercessao-de-deus-pelo-brasil","status":"publish","type":"post","link":"https:\/\/www.adf.org.br\/home\/oracao-da-irma-lucia-para-pedir-a-deus-pela-nacao-peca-a-intercessao-de-deus-pelo-brasil\/","title":{"rendered":"Ora\u00e7\u00e3o da Irm\u00e3 L\u00facia para pedir a Deus pela Na\u00e7\u00e3o. Pe\u00e7a a intercess\u00e3o de Deus pelo Brasil"},"content":{"rendered":"<h2 style=\"text-align: center;\"><span style=\"color: #000000;\"><strong>Ora\u00e7\u00e3o da Irm\u00e3 L\u00facia para pedir a Deus pela Na\u00e7\u00e3o. Pe\u00e7a a intercess\u00e3o de Deus pelo Brasil.<\/strong><\/span><\/h2>\n<figure id=\"attachment_4498\" aria-describedby=\"caption-attachment-4498\" style=\"width: 400px\" class=\"wp-caption aligncenter\"><a href=\"https:\/\/www.adf.org.br\/home\/pagina-de-cadastro\/?origem=23322\" target=\"_blank\" rel=\"noopener\"><img loading=\"lazy\" class=\"wp-image-4498 size-full\" src=\"https:\/\/www.adf.org.br\/home\/wp-content\/uploads\/2010\/05\/Irm\u00e3-Lucia1.jpg\" alt=\"\" width=\"400\" height=\"321\" srcset=\"https:\/\/www.adf.org.br\/home\/wp-content\/uploads\/2010\/05\/Irm\u00e3-Lucia1.jpg 400w, https:\/\/www.adf.org.br\/home\/wp-content\/uploads\/2010\/05\/Irm\u00e3-Lucia1-300x241.jpg 300w\" sizes=\"(max-width: 400px) 100vw, 400px\" \/><\/a><figcaption id=\"caption-attachment-4498\" class=\"wp-caption-text\"><center><span style=\"color: #000000;\">Irm\u00e3 Lucia.<\/span><center><\/center><\/center><\/figcaption><\/figure>\n<p><span style=\"color: #000000;\"><span style=\"color: #993366; font-size: 32px;\"><strong>E<\/strong><\/span>m meados de 1917 a humanidade estava sobre o caos gerado pela primeira guerra Mundial. Eram milhares os mortos, desde jovens aos mais velhos.<\/span><\/p>\n<p><span style=\"color: #000000;\">N\u00e3o apenas isso, mas os pecados na \u00e9poca eram cometidos em massa<\/span><\/p>\n<p><span style=\"color: #000000;\"><span style=\"color: #993366;\"><strong>Diante desse cen\u00e1rio que aparece uma luz para o mundo dominado pela escurid\u00e3o<\/strong>:<\/span> <\/span><\/p>\n<p><span style=\"color: #000000;\">E agora, vivemos um tempo bem parecido. H\u00e1 um grande mal invis\u00edvel fazendo milhares de v\u00edtimas por dia.\u00a0<\/span><\/p>\n<p><span style=\"color: #000000;\">Al\u00e9m disso, nosso pa\u00eds, como sempre, est\u00e1 diante de crises grav\u00edssimas.<\/span><\/p>\n<p><span style=\"color: #000000;\">Por isso devemos<strong><span style=\"color: #0000ff;\"><a style=\"color: #0000ff;\" href=\"https:\/\/www.adf.org.br\/home\/pagina-de-cadastro\/?origem=23322\" target=\"_blank\" rel=\"noopener\"> recorrer a Nossa Senhora de F\u00e1tima<\/a><\/span><\/strong>. E logo abaixo est\u00e1 uma <strong><span style=\"color: #800080;\">ora\u00e7\u00e3o que a Irma L\u00facia para pedir a intercess\u00e3o de Nossa Senhora de F\u00e1tima pelo Brasil<\/span><\/strong>.<\/span><\/p>\n<h3><span style=\"color: #000000;\">Ent\u00e3o, reze-a com fervor:<\/span><\/h3>\n<blockquote><p><span style=\"color: #000000;\"><strong>M<\/strong>ajestade Divina, Senhor da vida e da morte, dos que Vos amam e dos que Vos perseguem! <\/span><\/p>\n<p><strong><span style=\"color: #000000;\">Por intercess\u00e3o da Sant\u00edssima Virgem de F\u00e1tima, Rainha da Paz e nossa M\u00e3e, Vos pedimos que n\u00e3o deixeis que a nossa P\u00e1tria, <\/span><span style=\"color: #000000;\">onde Maria ergueu o seu trono, venha a ser dominada e destru\u00edda por obra dos Vossos inimigos.<\/span><\/strong><\/p>\n<p><strong><span style=\"color: #800080;\">Enviai os Vossos Santos Anjos a todos os locais da nossa terra e permiti que eles possam desenvolver as suas pot\u00eancias em todos os seus recantos, para que o inimigo n\u00e3o venha a triunfar na nossa P\u00e1tria.<\/span><\/strong><\/p>\n<p><strong><span style=\"color: #000000;\">N\u00f3s queremos formar um ex\u00e9rcito de almas que rezam para que V\u00f3s, Deus Uno e Trino, <\/span><\/strong><br \/>\n<strong><span style=\"color: #000000;\">estendais a Vossa M\u00e3o poderosa sobre este povo que \u00e9 de Maria, Vossa M\u00e3e.<\/span><\/strong><\/p>\n<p><strong><span style=\"color: #800080;\">Permiti, \u00f3 Deus, que as nuvens tempestuosas que pairam sobre a humanidade e tendem a espalhar-se e a submergir a nossa P\u00e1tria sejam afastadas.<\/span><\/strong><\/p>\n<p><span style=\"color: #000000;\">S\u00f3 V\u00f3s podeis salvar-nos!<\/span><\/p>\n<p><span style=\"color: #000000;\">Pela Vossa gra\u00e7a e <strong><span style=\"color: #0000ff;\"><a style=\"color: #0000ff;\" href=\"https:\/\/www.adf.org.br\/home\/pagina-de-cadastro\/?origem=23322\" target=\"_blank\" rel=\"noopener\">especial prote\u00e7\u00e3o<\/a><\/span><\/strong> da nossa Padroeira, Maria Imaculada, e do Anjo Cust\u00f3dio de Portugal [e\/ou do pa\u00eds pelo qual cada um estiver rezando], <strong>permiti, \u00f3 Deus, que a nossa terra nunca seja aniquilada pelo inimigo.<\/strong><\/span><\/p>\n<p><strong><span style=\"color: #800080;\">Deus Santo, Deus Forte, Deus Todo-Poderoso, Deus Imortal: em uni\u00e3o com todos os Santos Anjos, pedimo-Vos aux\u00edlio e b\u00ean\u00e7\u00e3o para a nossa P\u00e1tria, por Jesus Cristo, nosso Senhor. <\/span><\/strong><br \/>\n<strong><span style=\"color: #800080;\">Am\u00e9m!<\/span><\/strong><\/p><\/blockquote>\n<p><span style=\"color: #000000;\">Embora essa ora\u00e7\u00e3o foi composta pela pastorinha de F\u00e1tima originalmente por Portugal, ela \u00e9 v\u00e1lida para outra qualquer na<\/span><span style=\"color: #000000;\">\u00e7\u00e3o e assim como Ela dizia: <strong>&#8220;Nossa Senhora interceder\u00e1!&#8221;<\/strong><\/span><\/p>\n<p><strong><span style=\"color: #000000;\">Portanto, reze com fervor e com confian\u00e7a. Nossa Senhora pode nos ajudar!<\/span><\/strong><\/p>\n<h3 style=\"text-align: center;\"><span style=\"color: #000000;\">****<\/span><\/h3>\n<p><span style=\"color: #000000;\"><strong>Quer receber conte\u00fados de inspira\u00e7\u00e3o cat\u00f3lica para aumentar sua f\u00e9 e a sua devo\u00e7\u00e3o?<\/strong><\/span><\/p>\n<p><strong><span style=\"color: #0000ff;\"><a style=\"color: #0000ff;\" href=\"https:\/\/www.adf.org.br\/home\/pagina-de-cadastro\/?origem=23322\" target=\"_blank\" rel=\"noopener\">Clique aqui<\/a><\/span>\u00a0<\/strong><span style=\"color: #000000;\">ou na imagem abaixo e fa\u00e7a seu cadastro na nossa Newsletter:<\/span><\/p>\n<p><a href=\"https:\/\/www.adf.org.br\/home\/pagina-de-cadastro\/?origem=23322\" target=\"_blank\" rel=\"noopener\"><img loading=\"lazy\" class=\"wp-image-63380 aligncenter\" src=\"https:\/\/www.adf.org.br\/home\/wp-content\/uploads\/2021\/01\/boletim-adf-300x100.png\" sizes=\"(max-width: 417px) 100vw, 417px\" srcset=\"https:\/\/www.adf.org.br\/home\/wp-content\/uploads\/2021\/01\/boletim-adf-300x100.png 300w, https:\/\/www.adf.org.br\/home\/wp-content\/uploads\/2021\/01\/boletim-adf.png 600w\" alt=\"\" width=\"417\" height=\"139\" \/><\/a><\/p>\n","protected":false},"excerpt":{"rendered":"<p>Ora\u00e7\u00e3o da Irm\u00e3 L\u00facia para pedir a Deus pela Na\u00e7\u00e3o. Pe\u00e7a a intercess\u00e3o de Deus pelo Brasil. Em meados de 1917 a humanidade estava sobre o caos gerado pela primeira guerra Mundial. Eram milhares os mortos, desde jovens aos mais velhos. N\u00e3o apenas isso, mas os pecados na \u00e9poca eram cometidos em massa Diante desse [&hellip;]<\/p>\n","protected":false},"author":27,"featured_media":4493,"comment_status":"open","ping_status":"open","sticky":false,"template":"","format":"standard","meta":[],"categories":[20,4707,56,14],"tags":[4772,198,57,142],"yoast_head":"<!-- This site is optimized with the Yoast SEO plugin v17.4 - https:\/\/yoast.com\/wordpress\/plugins\/seo\/ -->\n<title>Ora\u00e7\u00e3o da Irm\u00e3 L\u00facia para pedir a Deus pela Na\u00e7\u00e3o. Pe\u00e7a a intercess\u00e3o de Deus pelo Brasil<\/title>\n<meta name=\"description\" content=\"A Irm\u00e3 L\u00facia, vidente de Nossa Senhora de F\u00e1tima, comp\u00f4s uma Ora\u00e7\u00e3o para pedir a Deus a intercess\u00e3o DEle pela na\u00e7\u00e3o. Reze e pe\u00e7a pelo Brasil.\" \/>\n<meta name=\"robots\" content=\"index, follow, max-snippet:-1, max-image-preview:large, max-video-preview:-1\" \/>\n<link rel=\"canonical\" href=\"https:\/\/www.adf.org.br\/home\/oracao-da-irma-lucia-para-pedir-a-deus-pela-nacao-peca-a-intercessao-de-deus-pelo-brasil\/\" \/>\n<meta property=\"og:locale\" content=\"pt_BR\" \/>\n<meta property=\"og:type\" content=\"article\" \/>\n<meta property=\"og:title\" content=\"Ora\u00e7\u00e3o da Irm\u00e3 L\u00facia para pedir a Deus pela Na\u00e7\u00e3o. Pe\u00e7a a intercess\u00e3o de Deus pelo Brasil\" \/>\n<meta property=\"og:description\" content=\"A Irm\u00e3 L\u00facia, vidente de Nossa Senhora de F\u00e1tima, comp\u00f4s uma Ora\u00e7\u00e3o para pedir a Deus a intercess\u00e3o DEle pela na\u00e7\u00e3o. Reze e pe\u00e7a pelo Brasil.\" \/>\n<meta property=\"og:url\" content=\"https:\/\/www.adf.org.br\/home\/oracao-da-irma-lucia-para-pedir-a-deus-pela-nacao-peca-a-intercessao-de-deus-pelo-brasil\/\" \/>\n<meta property=\"og:site_name\" content=\"Associa\u00e7\u00e3o Devotos de F\u00e1tima\" \/>\n<meta property=\"article:published_time\" content=\"2022-04-25T12:55:12+00:00\" \/>\n<meta property=\"og:image\" content=\"https:\/\/www.adf.org.br\/home\/wp-content\/uploads\/2010\/05\/Irm\u00e3-Lucia.jpg\" \/>\n\t<meta property=\"og:image:width\" content=\"400\" \/>\n\t<meta property=\"og:image:height\" content=\"321\" \/>\n<meta name=\"twitter:card\" content=\"summary_large_image\" \/>\n<meta name=\"twitter:label1\" content=\"Escrito por\" \/>\n\t<meta name=\"twitter:data1\" content=\"Gabriel Barbosa\" \/>\n\t<meta name=\"twitter:label2\" content=\"Est. tempo de leitura\" \/>\n\t<meta name=\"twitter:data2\" content=\"2 minutos\" \/>\n<script type=\"application\/ld+json\" class=\"yoast-schema-graph\">{\"@context\":\"https:\/\/schema.org\",\"@graph\":[{\"@type\":\"WebSite\",\"@id\":\"https:\/\/www.adf.org.br\/home\/#website\",\"url\":\"https:\/\/www.adf.org.br\/home\/\",\"name\":\"Associa\\u00e7\\u00e3o Devotos de F\\u00e1tima\",\"description\":\"Associa\\u00e7\\u00e3o Devotos de F\\u00e1tima\",\"potentialAction\":[{\"@type\":\"SearchAction\",\"target\":{\"@type\":\"EntryPoint\",\"urlTemplate\":\"https:\/\/www.adf.org.br\/home\/?s={search_term_string}\"},\"query-input\":\"required name=search_term_string\"}],\"inLanguage\":\"pt-BR\"},{\"@type\":\"ImageObject\",\"@id\":\"https:\/\/www.adf.org.br\/home\/oracao-da-irma-lucia-para-pedir-a-deus-pela-nacao-peca-a-intercessao-de-deus-pelo-brasil\/#primaryimage\",\"inLanguage\":\"pt-BR\",\"url\":\"https:\/\/www.adf.org.br\/home\/wp-content\/uploads\/2010\/05\/Irm\\u00e3-Lucia.jpg\",\"contentUrl\":\"https:\/\/www.adf.org.br\/home\/wp-content\/uploads\/2010\/05\/Irm\\u00e3-Lucia.jpg\",\"width\":400,\"height\":321,\"caption\":\"Irm\\u00e3 Lucia\"},{\"@type\":\"WebPage\",\"@id\":\"https:\/\/www.adf.org.br\/home\/oracao-da-irma-lucia-para-pedir-a-deus-pela-nacao-peca-a-intercessao-de-deus-pelo-brasil\/#webpage\",\"url\":\"https:\/\/www.adf.org.br\/home\/oracao-da-irma-lucia-para-pedir-a-deus-pela-nacao-peca-a-intercessao-de-deus-pelo-brasil\/\",\"name\":\"Ora\\u00e7\\u00e3o da Irm\\u00e3 L\\u00facia para pedir a Deus pela Na\\u00e7\\u00e3o. Pe\\u00e7a a intercess\\u00e3o de Deus pelo Brasil\",\"isPartOf\":{\"@id\":\"https:\/\/www.adf.org.br\/home\/#website\"},\"primaryImageOfPage\":{\"@id\":\"https:\/\/www.adf.org.br\/home\/oracao-da-irma-lucia-para-pedir-a-deus-pela-nacao-peca-a-intercessao-de-deus-pelo-brasil\/#primaryimage\"},\"datePublished\":\"2022-04-25T12:55:12+00:00\",\"dateModified\":\"2022-04-25T12:55:12+00:00\",\"author\":{\"@id\":\"https:\/\/www.adf.org.br\/home\/#\/schema\/person\/affa494ecf91434f3620f5392de44327\"},\"description\":\"A Irm\\u00e3 L\\u00facia, vidente de Nossa Senhora de F\\u00e1tima, comp\\u00f4s uma Ora\\u00e7\\u00e3o para pedir a Deus a intercess\\u00e3o DEle pela na\\u00e7\\u00e3o. Reze e pe\\u00e7a pelo Brasil.\",\"breadcrumb\":{\"@id\":\"https:\/\/www.adf.org.br\/home\/oracao-da-irma-lucia-para-pedir-a-deus-pela-nacao-peca-a-intercessao-de-deus-pelo-brasil\/#breadcrumb\"},\"inLanguage\":\"pt-BR\",\"potentialAction\":[{\"@type\":\"ReadAction\",\"target\":[\"https:\/\/www.adf.org.br\/home\/oracao-da-irma-lucia-para-pedir-a-deus-pela-nacao-peca-a-intercessao-de-deus-pelo-brasil\/\"]}]},{\"@type\":\"BreadcrumbList\",\"@id\":\"https:\/\/www.adf.org.br\/home\/oracao-da-irma-lucia-para-pedir-a-deus-pela-nacao-peca-a-intercessao-de-deus-pelo-brasil\/#breadcrumb\",\"itemListElement\":[{\"@type\":\"ListItem\",\"position\":1,\"name\":\"Home\",\"item\":\"https:\/\/www.adf.org.br\/home\/\"},{\"@type\":\"ListItem\",\"position\":2,\"name\":\"Ora\\u00e7\\u00e3o da Irm\\u00e3 L\\u00facia para pedir a Deus pela Na\\u00e7\\u00e3o. Pe\\u00e7a a intercess\\u00e3o de Deus pelo Brasil\"}]},{\"@type\":\"Person\",\"@id\":\"https:\/\/www.adf.org.br\/home\/#\/schema\/person\/affa494ecf91434f3620f5392de44327\",\"name\":\"Gabriel Barbosa\",\"image\":{\"@type\":\"ImageObject\",\"@id\":\"https:\/\/www.adf.org.br\/home\/#personlogo\",\"inLanguage\":\"pt-BR\",\"url\":\"https:\/\/secure.gravatar.com\/avatar\/ecf2eab02e30486a7038f8b2858de06a?s=96&d=mm&r=g\",\"contentUrl\":\"https:\/\/secure.gravatar.com\/avatar\/ecf2eab02e30486a7038f8b2858de06a?s=96&d=mm&r=g\",\"caption\":\"Gabriel Barbosa\"},\"url\":\"https:\/\/www.adf.org.br\/home\/author\/gabriel-aascj\/\"}]}<\/script>\n<!-- \/ Yoast SEO plugin. -->","yoast_head_json":{"title":"Ora\u00e7\u00e3o da Irm\u00e3 L\u00facia para pedir a Deus pela Na\u00e7\u00e3o. Pe\u00e7a a intercess\u00e3o de Deus pelo Brasil","description":"A Irm\u00e3 L\u00facia, vidente de Nossa Senhora de F\u00e1tima, comp\u00f4s uma Ora\u00e7\u00e3o para pedir a Deus a intercess\u00e3o DEle pela na\u00e7\u00e3o. Reze e pe\u00e7a pelo Brasil.","robots":{"index":"index","follow":"follow","max-snippet":"max-snippet:-1","max-image-preview":"max-image-preview:large","max-video-preview":"max-video-preview:-1"},"canonical":"https:\/\/www.adf.org.br\/home\/oracao-da-irma-lucia-para-pedir-a-deus-pela-nacao-peca-a-intercessao-de-deus-pelo-brasil\/","og_locale":"pt_BR","og_type":"article","og_title":"Ora\u00e7\u00e3o da Irm\u00e3 L\u00facia para pedir a Deus pela Na\u00e7\u00e3o. Pe\u00e7a a intercess\u00e3o de Deus pelo Brasil","og_description":"A Irm\u00e3 L\u00facia, vidente de Nossa Senhora de F\u00e1tima, comp\u00f4s uma Ora\u00e7\u00e3o para pedir a Deus a intercess\u00e3o DEle pela na\u00e7\u00e3o. Reze e pe\u00e7a pelo Brasil.","og_url":"https:\/\/www.adf.org.br\/home\/oracao-da-irma-lucia-para-pedir-a-deus-pela-nacao-peca-a-intercessao-de-deus-pelo-brasil\/","og_site_name":"Associa\u00e7\u00e3o Devotos de F\u00e1tima","article_published_time":"2022-04-25T12:55:12+00:00","og_image":[{"width":400,"height":321,"url":"https:\/\/www.adf.org.br\/home\/wp-content\/uploads\/2010\/05\/Irm\u00e3-Lucia.jpg","type":"image\/jpeg"}],"twitter_card":"summary_large_image","twitter_misc":{"Escrito por":"Gabriel Barbosa","Est. tempo de leitura":"2 minutos"},"schema":{"@context":"https:\/\/schema.org","@graph":[{"@type":"WebSite","@id":"https:\/\/www.adf.org.br\/home\/#website","url":"https:\/\/www.adf.org.br\/home\/","name":"Associa\u00e7\u00e3o Devotos de F\u00e1tima","description":"Associa\u00e7\u00e3o Devotos de F\u00e1tima","potentialAction":[{"@type":"SearchAction","target":{"@type":"EntryPoint","urlTemplate":"https:\/\/www.adf.org.br\/home\/?s={search_term_string}"},"query-input":"required name=search_term_string"}],"inLanguage":"pt-BR"},{"@type":"ImageObject","@id":"https:\/\/www.adf.org.br\/home\/oracao-da-irma-lucia-para-pedir-a-deus-pela-nacao-peca-a-intercessao-de-deus-pelo-brasil\/#primaryimage","inLanguage":"pt-BR","url":"https:\/\/www.adf.org.br\/home\/wp-content\/uploads\/2010\/05\/Irm\u00e3-Lucia.jpg","contentUrl":"https:\/\/www.adf.org.br\/home\/wp-content\/uploads\/2010\/05\/Irm\u00e3-Lucia.jpg","width":400,"height":321,"caption":"Irm\u00e3 Lucia"},{"@type":"WebPage","@id":"https:\/\/www.adf.org.br\/home\/oracao-da-irma-lucia-para-pedir-a-deus-pela-nacao-peca-a-intercessao-de-deus-pelo-brasil\/#webpage","url":"https:\/\/www.adf.org.br\/home\/oracao-da-irma-lucia-para-pedir-a-deus-pela-nacao-peca-a-intercessao-de-deus-pelo-brasil\/","name":"Ora\u00e7\u00e3o da Irm\u00e3 L\u00facia para pedir a Deus pela Na\u00e7\u00e3o. Pe\u00e7a a intercess\u00e3o de Deus pelo Brasil","isPartOf":{"@id":"https:\/\/www.adf.org.br\/home\/#website"},"primaryImageOfPage":{"@id":"https:\/\/www.adf.org.br\/home\/oracao-da-irma-lucia-para-pedir-a-deus-pela-nacao-peca-a-intercessao-de-deus-pelo-brasil\/#primaryimage"},"datePublished":"2022-04-25T12:55:12+00:00","dateModified":"2022-04-25T12:55:12+00:00","author":{"@id":"https:\/\/www.adf.org.br\/home\/#\/schema\/person\/affa494ecf91434f3620f5392de44327"},"description":"A Irm\u00e3 L\u00facia, vidente de Nossa Senhora de F\u00e1tima, comp\u00f4s uma Ora\u00e7\u00e3o para pedir a Deus a intercess\u00e3o DEle pela na\u00e7\u00e3o. Reze e pe\u00e7a pelo Brasil.","breadcrumb":{"@id":"https:\/\/www.adf.org.br\/home\/oracao-da-irma-lucia-para-pedir-a-deus-pela-nacao-peca-a-intercessao-de-deus-pelo-brasil\/#breadcrumb"},"inLanguage":"pt-BR","potentialAction":[{"@type":"ReadAction","target":["https:\/\/www.adf.org.br\/home\/oracao-da-irma-lucia-para-pedir-a-deus-pela-nacao-peca-a-intercessao-de-deus-pelo-brasil\/"]}]},{"@type":"BreadcrumbList","@id":"https:\/\/www.adf.org.br\/home\/oracao-da-irma-lucia-para-pedir-a-deus-pela-nacao-peca-a-intercessao-de-deus-pelo-brasil\/#breadcrumb","itemListElement":[{"@type":"ListItem","position":1,"name":"Home","item":"https:\/\/www.adf.org.br\/home\/"},{"@type":"ListItem","position":2,"name":"Ora\u00e7\u00e3o da Irm\u00e3 L\u00facia para pedir a Deus pela Na\u00e7\u00e3o. Pe\u00e7a a intercess\u00e3o de Deus pelo Brasil"}]},{"@type":"Person","@id":"https:\/\/www.adf.org.br\/home\/#\/schema\/person\/affa494ecf91434f3620f5392de44327","name":"Gabriel Barbosa","image":{"@type":"ImageObject","@id":"https:\/\/www.adf.org.br\/home\/#personlogo","inLanguage":"pt-BR","url":"https:\/\/secure.gravatar.com\/avatar\/ecf2eab02e30486a7038f8b2858de06a?s=96&d=mm&r=g","contentUrl":"https:\/\/secure.gravatar.com\/avatar\/ecf2eab02e30486a7038f8b2858de06a?s=96&d=mm&r=g","caption":"Gabriel Barbosa"},"url":"https:\/\/www.adf.org.br\/home\/author\/gabriel-aascj\/"}]}},"_links":{"self":[{"href":"https:\/\/www.adf.org.br\/home\/wp-json\/wp\/v2\/posts\/67922"}],"collection":[{"href":"https:\/\/www.adf.org.br\/home\/wp-json\/wp\/v2\/posts"}],"about":[{"href":"https:\/\/www.adf.org.br\/home\/wp-json\/wp\/v2\/types\/post"}],"author":[{"embeddable":true,"href":"https:\/\/www.adf.org.br\/home\/wp-json\/wp\/v2\/users\/27"}],"replies":[{"embeddable":true,"href":"https:\/\/www.adf.org.br\/home\/wp-json\/wp\/v2\/comments?post=67922"}],"version-history":[{"count":6,"href":"https:\/\/www.adf.org.br\/home\/wp-json\/wp\/v2\/posts\/67922\/revisions"}],"predecessor-version":[{"id":67928,"href":"https:\/\/www.adf.org.br\/home\/wp-json\/wp\/v2\/posts\/67922\/revisions\/67928"}],"wp:featuredmedia":[{"embeddable":true,"href":"https:\/\/www.adf.org.br\/home\/wp-json\/wp\/v2\/media\/4493"}],"wp:attachment":[{"href":"https:\/\/www.adf.org.br\/home\/wp-json\/wp\/v2\/media?parent=67922"}],"wp:term":[{"taxonomy":"category","embeddable":true,"href":"https:\/\/www.adf.org.br\/home\/wp-json\/wp\/v2\/categories?post=67922"},{"taxonomy":"post_tag","embeddable":true,"href":"https:\/\/www.adf.org.br\/home\/wp-json\/wp\/v2\/tags?post=67922"}],"curies":[{"name":"wp","href":"https:\/\/api.w.org\/{rel}","templated":true}]}}