{"id":67751,"date":"2022-04-06T00:03:59","date_gmt":"2022-04-06T03:03:59","guid":{"rendered":"https:\/\/www.adf.org.br\/home\/?p=67751"},"modified":"2022-04-05T11:09:48","modified_gmt":"2022-04-05T14:09:48","slug":"aquela-senhora-ajuda-nos-sempre-e-tao-nossa-amiga-saiba-mais","status":"publish","type":"post","link":"https:\/\/www.adf.org.br\/home\/aquela-senhora-ajuda-nos-sempre-e-tao-nossa-amiga-saiba-mais\/","title":{"rendered":"&#8220;Aquela Senhora ajuda-nos sempre, \u00e9 t\u00e3o nossa amiga!&#8221; Saiba mais."},"content":{"rendered":"<h2 style=\"text-align: center;\"><span style=\"color: #000000;\"><strong>&#8220;Aquela Senhora ajuda-nos sempre, \u00e9 t\u00e3o nossa amiga!&#8221; Saiba mais.<\/strong><\/span><\/h2>\n<p>&nbsp;<\/p>\n<p><a href=\"https:\/\/www.adf.org.br\/home\/pagina-de-cadastro\/?origem=23195\" target=\"_blank\" rel=\"noopener\"><img loading=\"lazy\" class=\"aligncenter wp-image-64647 size-full\" src=\"https:\/\/www.adf.org.br\/home\/wp-content\/uploads\/2021\/05\/Nossa-Senhora-de-F\u00e1tima-no-C\u00e9u.jpg\" alt=\"\" width=\"620\" height=\"393\" srcset=\"https:\/\/www.adf.org.br\/home\/wp-content\/uploads\/2021\/05\/Nossa-Senhora-de-F\u00e1tima-no-C\u00e9u.jpg 620w, https:\/\/www.adf.org.br\/home\/wp-content\/uploads\/2021\/05\/Nossa-Senhora-de-F\u00e1tima-no-C\u00e9u-300x190.jpg 300w\" sizes=\"(max-width: 620px) 100vw, 620px\" \/><\/a><\/p>\n<p><span style=\"color: #000000;\"><strong><span style=\"color: #800080; font-size: 32PX;\">I<\/span><\/strong>rm\u00e3 Lucia narra:<\/span><\/p>\n<p><span style=\"color: #000000;\"><strong>A not\u00edcia dos acontecimentos tinha-se espalhado. Minha m\u00e3e come\u00e7ava a afligir-se e queria, a todo o custo, que eu\u00a0 assumisse que tudo era mentira. N\u00e3o poupou , para isso, carinhos, amea\u00e7as, nem mesmo o cabo da vassoura.<\/strong>\u00a0<\/span><\/p>\n<p><span style=\"color: #000000;\">N\u00e3o conseguindo obter outra resposta que um mudo sil\u00eancio ou a confirma\u00e7\u00e3o do que j\u00e1 tinha dito, mandou-me,\u00a0 que pensasse bem, pois nunca tinha consentido uma mentira nos seus filhos, muito menos consentia agora uma daquela esp\u00e9cie;<\/span><\/p>\n<p><span style=\"color: #000000;\"><strong><span style=\"color: #800080;\">Acrescenta que me obrigaria a ir junto daquelas pessoas a quem tinha enganado, confessar que tinha mentido, e pedir perd\u00e3o<\/span><\/strong>.<\/span><\/p>\n<p><strong><span style=\"color: #000000;\">Continua Irm\u00e3 L\u00facia:<\/span><\/strong><\/p>\n<figure id=\"attachment_66434\" aria-describedby=\"caption-attachment-66434\" style=\"width: 300px\" class=\"wp-caption alignleft\"><a href=\"https:\/\/www.adf.org.br\/home\/pagina-de-cadastro\/?origem=23195\" target=\"_blank\" rel=\"noopener\"><img loading=\"lazy\" class=\"wp-image-66434 size-medium\" src=\"https:\/\/www.adf.org.br\/home\/wp-content\/uploads\/2021\/11\/Lucia-de-Fatima-300x165.jpg\" alt=\"\" width=\"300\" height=\"165\" srcset=\"https:\/\/www.adf.org.br\/home\/wp-content\/uploads\/2021\/11\/Lucia-de-Fatima-300x165.jpg 300w, https:\/\/www.adf.org.br\/home\/wp-content\/uploads\/2021\/11\/Lucia-de-Fatima.jpg 600w\" sizes=\"(max-width: 300px) 100vw, 300px\" \/><\/a><figcaption id=\"caption-attachment-66434\" class=\"wp-caption-text\"><center><span style=\"color: #000000;\">Irm\u00e3 L\u00facia de F\u00e1tima.<\/span><center><\/center><\/center><\/figcaption><\/figure>\n<p><span style=\"color: #000000;\">L\u00e1 fui eu com as minhas ovelhinhas. e, nesse dia, <strong>j\u00e1 os meus companheiros me esperavam<\/strong>. <span style=\"text-decoration: underline;\">Ao verem-me chorar, correram a perguntar-me a causa<\/span>. Contei-lhes o que tinha passado, e acrescentei:<\/span><\/p>\n<p><span style=\"color: #000000;\">&#8211;<strong>Agora, digam-me como vou fazer?! Minha m\u00e3e quer, a todo custo, que diga que menti; e, como vou a diz\u00ea-lo?!<\/strong><\/span><\/p>\n<p><span style=\"color: #000000;\">Ent\u00e3o, Francisco diz para a Jacinta:<\/span><\/p>\n<p><span style=\"color: #000000;\">&#8211;<strong><span style=\"color: #800080;\">V\u00eas?! Tu \u00e9 que tens culpa! Para que o foste a dizer?!<\/span><\/strong><\/span><\/p>\n<p><span style=\"color: #000000;\"><strong>A pobre crian\u00e7a, chorando, p\u00f5e-se de joelhos, com as m\u00e3os postas, a pedir-nos perd\u00e3o<\/strong>:<\/span><\/p>\n<p><span style=\"color: #000000;\">-Fiz mal; -dizia, chorando; &#8211; mas eu nunca mais digo nada a ningu\u00e9m!<\/span><\/p>\n<p><strong><span style=\"color: #000000;\">Irm\u00e3 L\u00facia impressionada diz:<\/span><\/strong><\/p>\n<p><span style=\"color: #000000;\">Agora digo eu quem lhe ensinou a fazer esse ato de humildade?! &#8211; N\u00e3o sei. Talvez por ver seus irm\u00e3ozinhos pedir perd\u00e3o a seus pais&#8230; ou porque <strong><span style=\"color: #0000ff;\"><a style=\"color: #0000ff;\" href=\"https:\/\/www.adf.org.br\/home\/pagina-de-cadastro\/?origem=23195\" target=\"_blank\" rel=\"noopener\">Jacinta<\/a><\/span><\/strong> foi, segundo me parece, aquela a quem <strong><span style=\"color: #0000ff;\"><a style=\"color: #0000ff;\" href=\"https:\/\/www.adf.org.br\/home\/pagina-de-cadastro\/?origem=23195\" target=\"_blank\" rel=\"noopener\">a Sant\u00edssima Virgem<\/a><\/span> <span style=\"color: #800080;\">comunicou maior abund\u00e2ncia de gra\u00e7as e conhecimento de Deus e da virtude<\/span><\/strong>.\u00a0<\/span><\/p>\n<figure id=\"attachment_66435\" aria-describedby=\"caption-attachment-66435\" style=\"width: 286px\" class=\"wp-caption alignright\"><a href=\"https:\/\/www.adf.org.br\/home\/pagina-de-cadastro\/?origem=23195\" target=\"_blank\" rel=\"noopener\"><img loading=\"lazy\" class=\"wp-image-66435 size-medium\" src=\"https:\/\/www.adf.org.br\/home\/wp-content\/uploads\/2021\/11\/Lucia-e-Francisco-286x300.jpg\" alt=\"\" width=\"286\" height=\"300\" srcset=\"https:\/\/www.adf.org.br\/home\/wp-content\/uploads\/2021\/11\/Lucia-e-Francisco-286x300.jpg 286w, https:\/\/www.adf.org.br\/home\/wp-content\/uploads\/2021\/11\/Lucia-e-Francisco.jpg 427w\" sizes=\"(max-width: 286px) 100vw, 286px\" \/><\/a><figcaption id=\"caption-attachment-66435\" class=\"wp-caption-text\"><center><span style=\"color: #000000;\">Santa Jacinta e S\u00e3o Francisco Marto.<\/span><center><\/center><\/center><\/figcaption><\/figure>\n<p><span style=\"color: #000000;\">Quando, algum tempo depois, o Senhor Prior nos mandou chamar para nos interrogar, <strong>a Jacinta baixou a cabe\u00e7a e a custo conseguiram obter dela apenas duas ou tr\u00eas palavras<\/strong>. Quando viemos embora, perguntei-lhe:<\/span><\/p>\n<p><span style=\"color: #000000;\">&#8211;<strong>Por que n\u00e3o querias responder ao Senhor Prior?<\/strong><\/span><\/p>\n<p><span style=\"color: #000000;\">&#8211;<strong><span style=\"color: #800080;\">Porque te prometi n\u00e3o dizer mais nada a ningu\u00e9m!<\/span><\/strong><\/span><\/p>\n<p><span style=\"color: #000000;\"><span style=\"text-decoration: underline;\">A m\u00e3e de L\u00facia afligia-se cada vez mais com o progresso dos acontecimentos<\/span>. <strong>Empregou, por isso, mais um esfor\u00e7o para me obrigar a confessar que tinha mentido<\/strong>.<\/span><\/p>\n<p><span style=\"color: #000000;\">Um dia disse que me levaria para conversar com o Prior. <span style=\"text-decoration: underline;\">Ao encontrar <strong><span style=\"color: #0000ff; text-decoration: underline;\"><a style=\"color: #0000ff; text-decoration: underline;\" href=\"https:\/\/www.adf.org.br\/home\/pagina-de-cadastro\/?origem=23195\" target=\"_blank\" rel=\"noopener\">Jacinta<\/a><\/span><\/strong>, no caminho, aproveitei a ocasi\u00e3o para contar a Jacinta o que se passava<\/span>.<\/span><\/p>\n<p><span style=\"color: #000000;\">Ao ver-me aflita,\u00a0 deixou cair algumas l\u00e1grimas, e disse-me: <strong><span style=\"color: #800080;\">&#8220;Vou me j\u00e1 levantar e vou chamar o Francisco. Vamos para o teu po\u00e7o rezar. Quando voltares, vai l\u00e1 ter&#8221;<\/span><\/strong>.\u00a0<\/span><\/p>\n<p><span style=\"color: #000000;\"><strong>\u00c0 volta corri ao po\u00e7o, e l\u00e1 estavam os dois, de joelhos, a rezar<\/strong>.\u00a0<\/span><\/p>\n<p><span style=\"color: #000000;\">Logo que me viram, a <strong><span style=\"color: #0000ff;\"><a style=\"color: #0000ff;\" href=\"https:\/\/www.adf.org.br\/home\/pagina-de-cadastro\/?origem=23195\" target=\"_blank\" rel=\"noopener\">Jacinta<\/a><\/span><\/strong> correu a abra\u00e7ar-me e a perguntar como tinha feito. Contei-lhes. Depois, disse-me: <\/span><\/p>\n<p><span style=\"color: #000000;\"><strong><span style=\"color: #800080;\">&#8220;V\u00eas! N\u00e3o devemos ter medo de nada! Aquela Senhora ajuda-nos sempre, \u00e9 t\u00e3o nossa amiga!&#8221;<\/span><\/strong><\/span><\/p>\n<p><span style=\"color: #000000;\">Desde que <strong><span style=\"color: #0000ff;\"><a style=\"color: #0000ff;\" href=\"https:\/\/www.adf.org.br\/home\/pagina-de-cadastro\/?origem=23195\" target=\"_blank\" rel=\"noopener\">Nossa Senhora<\/a><\/span><\/strong> <strong>nos ensinou a oferecer a Jesus os nossos sacrif\u00edcios, sempre que combin\u00e1vamos fazer algum, a Jacinta perguntava: <span style=\"color: #800080;\">&#8220;J\u00e1 disseste a Jesus que \u00e9 por seu amor?&#8221;<\/span><\/strong> Se lhe dizia que n\u00e3o&#8230; &#8211; &#8220;Ent\u00e3o digo-lhe eu&#8221;<\/span><\/p>\n<p><span style=\"color: #000000;\">&#8211; <strong>e punha as m\u00e3ozinhas, levantava os olhos ao C\u00e9u, e dizia<\/strong>: <span style=\"color: #800080;\"><strong>&#8220;\u00d3 Jesus! \u00c9 por Vosso amor e pela convers\u00e3o dos pecadores.&#8221;<\/strong><\/span><\/span><\/p>\n<h3 style=\"text-align: center;\"><span style=\"color: #000000;\">****<\/span><\/h3>\n<p><span style=\"color: #000000;\"><strong>Quer receber conte\u00fados de inspira\u00e7\u00e3o cat\u00f3lica para aumentar sua f\u00e9 e a sua devo\u00e7\u00e3o?<\/strong><\/span><\/p>\n<p><strong><span style=\"color: #0000ff;\"><a style=\"color: #0000ff;\" href=\"https:\/\/www.adf.org.br\/home\/pagina-de-cadastro\/?origem=23195\" target=\"_blank\" rel=\"noopener\">Clique aqui<\/a><\/span>\u00a0<\/strong><span style=\"color: #000000;\">ou na imagem abaixo e fa\u00e7a seu cadastro na nossa Newsletter:<\/span><\/p>\n<p><a href=\"https:\/\/www.adf.org.br\/home\/pagina-de-cadastro\/?origem=23195\" target=\"_blank\" rel=\"noopener\"><img loading=\"lazy\" class=\"wp-image-63380 aligncenter\" src=\"https:\/\/www.adf.org.br\/home\/wp-content\/uploads\/2021\/01\/boletim-adf-300x100.png\" sizes=\"(max-width: 417px) 100vw, 417px\" srcset=\"https:\/\/www.adf.org.br\/home\/wp-content\/uploads\/2021\/01\/boletim-adf-300x100.png 300w, https:\/\/www.adf.org.br\/home\/wp-content\/uploads\/2021\/01\/boletim-adf.png 600w\" alt=\"\" width=\"417\" height=\"139\" \/><\/a><\/p>\n","protected":false},"excerpt":{"rendered":"<p>&#8220;Aquela Senhora ajuda-nos sempre, \u00e9 t\u00e3o nossa amiga!&#8221; Saiba mais. &nbsp; Irm\u00e3 Lucia narra: A not\u00edcia dos acontecimentos tinha-se espalhado. Minha m\u00e3e come\u00e7ava a afligir-se e queria, a todo o custo, que eu\u00a0 assumisse que tudo era mentira. N\u00e3o poupou , para isso, carinhos, amea\u00e7as, nem mesmo o cabo da vassoura.\u00a0 N\u00e3o conseguindo obter outra [&hellip;]<\/p>\n","protected":false},"author":27,"featured_media":5043,"comment_status":"open","ping_status":"open","sticky":false,"template":"","format":"standard","meta":[],"categories":[9,20,4707,118,56],"tags":[4665,57,166,4682],"yoast_head":"<!-- This site is optimized with the Yoast SEO plugin v17.4 - https:\/\/yoast.com\/wordpress\/plugins\/seo\/ -->\n<title>&quot;Aquela Senhora ajuda-nos sempre, \u00e9 t\u00e3o nossa amiga!&quot; Saiba mais.<\/title>\n<meta name=\"description\" content=\"Nossa Senhora comunicou a Santa Jacinta maiores abund\u00e2ncias de gra\u00e7as e conhecimentos das virtudes... Clique aqui e saiba mais.\" \/>\n<meta name=\"robots\" content=\"index, follow, max-snippet:-1, max-image-preview:large, max-video-preview:-1\" \/>\n<link rel=\"canonical\" href=\"https:\/\/www.adf.org.br\/home\/aquela-senhora-ajuda-nos-sempre-e-tao-nossa-amiga-saiba-mais\/\" \/>\n<meta property=\"og:locale\" content=\"pt_BR\" \/>\n<meta property=\"og:type\" content=\"article\" \/>\n<meta property=\"og:title\" content=\"&quot;Aquela Senhora ajuda-nos sempre, \u00e9 t\u00e3o nossa amiga!&quot; Saiba mais.\" \/>\n<meta property=\"og:description\" content=\"Nossa Senhora comunicou a Santa Jacinta maiores abund\u00e2ncias de gra\u00e7as e conhecimentos das virtudes... Clique aqui e saiba mais.\" \/>\n<meta property=\"og:url\" content=\"https:\/\/www.adf.org.br\/home\/aquela-senhora-ajuda-nos-sempre-e-tao-nossa-amiga-saiba-mais\/\" \/>\n<meta property=\"og:site_name\" content=\"Associa\u00e7\u00e3o Devotos de F\u00e1tima\" \/>\n<meta property=\"article:published_time\" content=\"2022-04-06T03:03:59+00:00\" \/>\n<meta property=\"article:modified_time\" content=\"2022-04-05T14:09:48+00:00\" \/>\n<meta property=\"og:image\" content=\"https:\/\/www.adf.org.br\/home\/wp-content\/uploads\/2010\/06\/USA-20.jpg\" \/>\n\t<meta property=\"og:image:width\" content=\"768\" \/>\n\t<meta property=\"og:image:height\" content=\"972\" \/>\n<meta name=\"twitter:card\" content=\"summary_large_image\" \/>\n<meta name=\"twitter:label1\" content=\"Escrito por\" \/>\n\t<meta name=\"twitter:data1\" content=\"Gabriel Barbosa\" \/>\n\t<meta name=\"twitter:label2\" content=\"Est. tempo de leitura\" \/>\n\t<meta name=\"twitter:data2\" content=\"3 minutos\" \/>\n<script type=\"application\/ld+json\" class=\"yoast-schema-graph\">{\"@context\":\"https:\/\/schema.org\",\"@graph\":[{\"@type\":\"WebSite\",\"@id\":\"https:\/\/www.adf.org.br\/home\/#website\",\"url\":\"https:\/\/www.adf.org.br\/home\/\",\"name\":\"Associa\\u00e7\\u00e3o Devotos de F\\u00e1tima\",\"description\":\"Associa\\u00e7\\u00e3o Devotos de F\\u00e1tima\",\"potentialAction\":[{\"@type\":\"SearchAction\",\"target\":{\"@type\":\"EntryPoint\",\"urlTemplate\":\"https:\/\/www.adf.org.br\/home\/?s={search_term_string}\"},\"query-input\":\"required name=search_term_string\"}],\"inLanguage\":\"pt-BR\"},{\"@type\":\"ImageObject\",\"@id\":\"https:\/\/www.adf.org.br\/home\/aquela-senhora-ajuda-nos-sempre-e-tao-nossa-amiga-saiba-mais\/#primaryimage\",\"inLanguage\":\"pt-BR\",\"url\":\"https:\/\/www.adf.org.br\/home\/wp-content\/uploads\/2010\/06\/USA-20.jpg\",\"contentUrl\":\"https:\/\/www.adf.org.br\/home\/wp-content\/uploads\/2010\/06\/USA-20.jpg\",\"width\":768,\"height\":972},{\"@type\":\"WebPage\",\"@id\":\"https:\/\/www.adf.org.br\/home\/aquela-senhora-ajuda-nos-sempre-e-tao-nossa-amiga-saiba-mais\/#webpage\",\"url\":\"https:\/\/www.adf.org.br\/home\/aquela-senhora-ajuda-nos-sempre-e-tao-nossa-amiga-saiba-mais\/\",\"name\":\"\\\"Aquela Senhora ajuda-nos sempre, \\u00e9 t\\u00e3o nossa amiga!\\\" Saiba mais.\",\"isPartOf\":{\"@id\":\"https:\/\/www.adf.org.br\/home\/#website\"},\"primaryImageOfPage\":{\"@id\":\"https:\/\/www.adf.org.br\/home\/aquela-senhora-ajuda-nos-sempre-e-tao-nossa-amiga-saiba-mais\/#primaryimage\"},\"datePublished\":\"2022-04-06T03:03:59+00:00\",\"dateModified\":\"2022-04-05T14:09:48+00:00\",\"author\":{\"@id\":\"https:\/\/www.adf.org.br\/home\/#\/schema\/person\/affa494ecf91434f3620f5392de44327\"},\"description\":\"Nossa Senhora comunicou a Santa Jacinta maiores abund\\u00e2ncias de gra\\u00e7as e conhecimentos das virtudes... Clique aqui e saiba mais.\",\"breadcrumb\":{\"@id\":\"https:\/\/www.adf.org.br\/home\/aquela-senhora-ajuda-nos-sempre-e-tao-nossa-amiga-saiba-mais\/#breadcrumb\"},\"inLanguage\":\"pt-BR\",\"potentialAction\":[{\"@type\":\"ReadAction\",\"target\":[\"https:\/\/www.adf.org.br\/home\/aquela-senhora-ajuda-nos-sempre-e-tao-nossa-amiga-saiba-mais\/\"]}]},{\"@type\":\"BreadcrumbList\",\"@id\":\"https:\/\/www.adf.org.br\/home\/aquela-senhora-ajuda-nos-sempre-e-tao-nossa-amiga-saiba-mais\/#breadcrumb\",\"itemListElement\":[{\"@type\":\"ListItem\",\"position\":1,\"name\":\"Home\",\"item\":\"https:\/\/www.adf.org.br\/home\/\"},{\"@type\":\"ListItem\",\"position\":2,\"name\":\"&#8220;Aquela Senhora ajuda-nos sempre, \\u00e9 t\\u00e3o nossa amiga!&#8221; Saiba mais.\"}]},{\"@type\":\"Person\",\"@id\":\"https:\/\/www.adf.org.br\/home\/#\/schema\/person\/affa494ecf91434f3620f5392de44327\",\"name\":\"Gabriel Barbosa\",\"image\":{\"@type\":\"ImageObject\",\"@id\":\"https:\/\/www.adf.org.br\/home\/#personlogo\",\"inLanguage\":\"pt-BR\",\"url\":\"https:\/\/secure.gravatar.com\/avatar\/ecf2eab02e30486a7038f8b2858de06a?s=96&d=mm&r=g\",\"contentUrl\":\"https:\/\/secure.gravatar.com\/avatar\/ecf2eab02e30486a7038f8b2858de06a?s=96&d=mm&r=g\",\"caption\":\"Gabriel Barbosa\"},\"url\":\"https:\/\/www.adf.org.br\/home\/author\/gabriel-aascj\/\"}]}<\/script>\n<!-- \/ Yoast SEO plugin. -->","yoast_head_json":{"title":"\"Aquela Senhora ajuda-nos sempre, \u00e9 t\u00e3o nossa amiga!\" Saiba mais.","description":"Nossa Senhora comunicou a Santa Jacinta maiores abund\u00e2ncias de gra\u00e7as e conhecimentos das virtudes... Clique aqui e saiba mais.","robots":{"index":"index","follow":"follow","max-snippet":"max-snippet:-1","max-image-preview":"max-image-preview:large","max-video-preview":"max-video-preview:-1"},"canonical":"https:\/\/www.adf.org.br\/home\/aquela-senhora-ajuda-nos-sempre-e-tao-nossa-amiga-saiba-mais\/","og_locale":"pt_BR","og_type":"article","og_title":"\"Aquela Senhora ajuda-nos sempre, \u00e9 t\u00e3o nossa amiga!\" Saiba mais.","og_description":"Nossa Senhora comunicou a Santa Jacinta maiores abund\u00e2ncias de gra\u00e7as e conhecimentos das virtudes... Clique aqui e saiba mais.","og_url":"https:\/\/www.adf.org.br\/home\/aquela-senhora-ajuda-nos-sempre-e-tao-nossa-amiga-saiba-mais\/","og_site_name":"Associa\u00e7\u00e3o Devotos de F\u00e1tima","article_published_time":"2022-04-06T03:03:59+00:00","article_modified_time":"2022-04-05T14:09:48+00:00","og_image":[{"width":768,"height":972,"url":"https:\/\/www.adf.org.br\/home\/wp-content\/uploads\/2010\/06\/USA-20.jpg","type":"image\/jpeg"}],"twitter_card":"summary_large_image","twitter_misc":{"Escrito por":"Gabriel Barbosa","Est. tempo de leitura":"3 minutos"},"schema":{"@context":"https:\/\/schema.org","@graph":[{"@type":"WebSite","@id":"https:\/\/www.adf.org.br\/home\/#website","url":"https:\/\/www.adf.org.br\/home\/","name":"Associa\u00e7\u00e3o Devotos de F\u00e1tima","description":"Associa\u00e7\u00e3o Devotos de F\u00e1tima","potentialAction":[{"@type":"SearchAction","target":{"@type":"EntryPoint","urlTemplate":"https:\/\/www.adf.org.br\/home\/?s={search_term_string}"},"query-input":"required name=search_term_string"}],"inLanguage":"pt-BR"},{"@type":"ImageObject","@id":"https:\/\/www.adf.org.br\/home\/aquela-senhora-ajuda-nos-sempre-e-tao-nossa-amiga-saiba-mais\/#primaryimage","inLanguage":"pt-BR","url":"https:\/\/www.adf.org.br\/home\/wp-content\/uploads\/2010\/06\/USA-20.jpg","contentUrl":"https:\/\/www.adf.org.br\/home\/wp-content\/uploads\/2010\/06\/USA-20.jpg","width":768,"height":972},{"@type":"WebPage","@id":"https:\/\/www.adf.org.br\/home\/aquela-senhora-ajuda-nos-sempre-e-tao-nossa-amiga-saiba-mais\/#webpage","url":"https:\/\/www.adf.org.br\/home\/aquela-senhora-ajuda-nos-sempre-e-tao-nossa-amiga-saiba-mais\/","name":"\"Aquela Senhora ajuda-nos sempre, \u00e9 t\u00e3o nossa amiga!\" Saiba mais.","isPartOf":{"@id":"https:\/\/www.adf.org.br\/home\/#website"},"primaryImageOfPage":{"@id":"https:\/\/www.adf.org.br\/home\/aquela-senhora-ajuda-nos-sempre-e-tao-nossa-amiga-saiba-mais\/#primaryimage"},"datePublished":"2022-04-06T03:03:59+00:00","dateModified":"2022-04-05T14:09:48+00:00","author":{"@id":"https:\/\/www.adf.org.br\/home\/#\/schema\/person\/affa494ecf91434f3620f5392de44327"},"description":"Nossa Senhora comunicou a Santa Jacinta maiores abund\u00e2ncias de gra\u00e7as e conhecimentos das virtudes... Clique aqui e saiba mais.","breadcrumb":{"@id":"https:\/\/www.adf.org.br\/home\/aquela-senhora-ajuda-nos-sempre-e-tao-nossa-amiga-saiba-mais\/#breadcrumb"},"inLanguage":"pt-BR","potentialAction":[{"@type":"ReadAction","target":["https:\/\/www.adf.org.br\/home\/aquela-senhora-ajuda-nos-sempre-e-tao-nossa-amiga-saiba-mais\/"]}]},{"@type":"BreadcrumbList","@id":"https:\/\/www.adf.org.br\/home\/aquela-senhora-ajuda-nos-sempre-e-tao-nossa-amiga-saiba-mais\/#breadcrumb","itemListElement":[{"@type":"ListItem","position":1,"name":"Home","item":"https:\/\/www.adf.org.br\/home\/"},{"@type":"ListItem","position":2,"name":"&#8220;Aquela Senhora ajuda-nos sempre, \u00e9 t\u00e3o nossa amiga!&#8221; Saiba mais."}]},{"@type":"Person","@id":"https:\/\/www.adf.org.br\/home\/#\/schema\/person\/affa494ecf91434f3620f5392de44327","name":"Gabriel Barbosa","image":{"@type":"ImageObject","@id":"https:\/\/www.adf.org.br\/home\/#personlogo","inLanguage":"pt-BR","url":"https:\/\/secure.gravatar.com\/avatar\/ecf2eab02e30486a7038f8b2858de06a?s=96&d=mm&r=g","contentUrl":"https:\/\/secure.gravatar.com\/avatar\/ecf2eab02e30486a7038f8b2858de06a?s=96&d=mm&r=g","caption":"Gabriel Barbosa"},"url":"https:\/\/www.adf.org.br\/home\/author\/gabriel-aascj\/"}]}},"_links":{"self":[{"href":"https:\/\/www.adf.org.br\/home\/wp-json\/wp\/v2\/posts\/67751"}],"collection":[{"href":"https:\/\/www.adf.org.br\/home\/wp-json\/wp\/v2\/posts"}],"about":[{"href":"https:\/\/www.adf.org.br\/home\/wp-json\/wp\/v2\/types\/post"}],"author":[{"embeddable":true,"href":"https:\/\/www.adf.org.br\/home\/wp-json\/wp\/v2\/users\/27"}],"replies":[{"embeddable":true,"href":"https:\/\/www.adf.org.br\/home\/wp-json\/wp\/v2\/comments?post=67751"}],"version-history":[{"count":11,"href":"https:\/\/www.adf.org.br\/home\/wp-json\/wp\/v2\/posts\/67751\/revisions"}],"predecessor-version":[{"id":67762,"href":"https:\/\/www.adf.org.br\/home\/wp-json\/wp\/v2\/posts\/67751\/revisions\/67762"}],"wp:featuredmedia":[{"embeddable":true,"href":"https:\/\/www.adf.org.br\/home\/wp-json\/wp\/v2\/media\/5043"}],"wp:attachment":[{"href":"https:\/\/www.adf.org.br\/home\/wp-json\/wp\/v2\/media?parent=67751"}],"wp:term":[{"taxonomy":"category","embeddable":true,"href":"https:\/\/www.adf.org.br\/home\/wp-json\/wp\/v2\/categories?post=67751"},{"taxonomy":"post_tag","embeddable":true,"href":"https:\/\/www.adf.org.br\/home\/wp-json\/wp\/v2\/tags?post=67751"}],"curies":[{"name":"wp","href":"https:\/\/api.w.org\/{rel}","templated":true}]}}