{"id":67326,"date":"2022-02-13T00:03:55","date_gmt":"2022-02-13T03:03:55","guid":{"rendered":"https:\/\/www.adf.org.br\/home\/?p=67326"},"modified":"2022-02-11T16:49:50","modified_gmt":"2022-02-11T19:49:50","slug":"conheca-esta-poderosa-oracao-a-nossa-senhora-de-lourdes","status":"publish","type":"post","link":"https:\/\/www.adf.org.br\/home\/conheca-esta-poderosa-oracao-a-nossa-senhora-de-lourdes\/","title":{"rendered":"Conhe\u00e7a esta poderosa ora\u00e7\u00e3o \u00e0 Nossa Senhora de Lourdes."},"content":{"rendered":"<h2 style=\"text-align: center;\"><span style=\"color: #000000;\"><strong>Conhe\u00e7a esta poderosa ora\u00e7\u00e3o \u00e0 Nossa Senhora de Lourdes.<\/strong><\/span><\/h2>\n<p><a href=\"https:\/\/www.adf.org.br\/home\/pagina-de-cadastro\/?origem=22800\" target=\"_blank\" rel=\"noopener\"><img loading=\"lazy\" class=\"aligncenter wp-image-67327 size-full\" src=\"https:\/\/www.adf.org.br\/home\/wp-content\/uploads\/2022\/02\/imagem-nossa-senhora-de-lourdes-1140x1140-1.jpg\" alt=\"\" width=\"1140\" height=\"1140\" srcset=\"https:\/\/www.adf.org.br\/home\/wp-content\/uploads\/2022\/02\/imagem-nossa-senhora-de-lourdes-1140x1140-1.jpg 1140w, https:\/\/www.adf.org.br\/home\/wp-content\/uploads\/2022\/02\/imagem-nossa-senhora-de-lourdes-1140x1140-1-300x300.jpg 300w, https:\/\/www.adf.org.br\/home\/wp-content\/uploads\/2022\/02\/imagem-nossa-senhora-de-lourdes-1140x1140-1-1024x1024.jpg 1024w, https:\/\/www.adf.org.br\/home\/wp-content\/uploads\/2022\/02\/imagem-nossa-senhora-de-lourdes-1140x1140-1-150x150.jpg 150w, https:\/\/www.adf.org.br\/home\/wp-content\/uploads\/2022\/02\/imagem-nossa-senhora-de-lourdes-1140x1140-1-768x768.jpg 768w\" sizes=\"(max-width: 1140px) 100vw, 1140px\" \/><\/a><\/p>\n<p><span style=\"color: #000000;\"><strong><span style=\"color: #800080; font-size: 32px;\">B<\/span><\/strong>endita sejais v\u00f3s, <strong><span style=\"color: #0000ff;\"><a style=\"color: #0000ff;\" href=\"https:\/\/www.adf.org.br\/home\/pagina-de-cadastro\/?origem=22800\" target=\"_blank\" rel=\"noopener\">\u00f3 Pur\u00edssima Virgem<\/a><\/span><\/strong> que dignastes aparecer <strong>at\u00e9 dezoito vezes resplandecente de Luz<\/strong>, de do\u00e7ura, de beleza, na <strong><span style=\"color: #0000ff;\"><a style=\"color: #0000ff;\" href=\"https:\/\/www.adf.org.br\/home\/pagina-de-cadastro\/?origem=22800\" target=\"_blank\" rel=\"noopener\">gruta de Lourdes<\/a><\/span> <span style=\"color: #800080;\">e dizer \u00e0 humilde e inocente menina que, no \u00eaxtase, vos contemplava<\/span><\/strong>. <\/span><\/p>\n<p><strong><span style=\"color: #000000;\">Eu sou a <span style=\"color: #0000ff;\"><a style=\"color: #0000ff;\" href=\"https:\/\/www.adf.org.br\/home\/pagina-de-cadastro\/?origem=22800\" target=\"_blank\" rel=\"noopener\">Imaculada Concei\u00e7\u00e3o<\/a><\/span>. Bendita sejais v\u00f3s, pelas gra\u00e7as extraordin\u00e1rias que n\u00e3o cessais de derramar por estes lugares.<\/span><\/strong><\/p>\n<p><span style=\"color: #000000;\"><strong><span style=\"color: #800080;\">Por vosso cora\u00e7\u00e3o de M\u00e3e, \u00d3 Maria! e pela gra\u00e7a que vos deu a Santa Igreja, n\u00f3s vos conjuramos de rogar pelo soberano Pont\u00edfice para que se realize as esperan\u00e7as de paz que originou a proclama\u00e7\u00e3o do dogma da vossa <span style=\"color: #0000ff;\"><a style=\"color: #0000ff;\" href=\"https:\/\/www.adf.org.br\/home\/pagina-de-cadastro\/?origem=22800\" target=\"_blank\" rel=\"noopener\">Imaculada Concei\u00e7\u00e3o<\/a><\/span><\/span><\/strong>.<\/span><\/p>\n<p><span style=\"color: #000000;\"><strong>\u00d3 Maria que concebeu sem pecado, rogai por n\u00f3s, que a v\u00f3s recorremos<\/strong>.<\/span><\/p>\n<p><span style=\"color: #000000;\"><span style=\"text-decoration: underline;\">Assim seja<\/span>.<\/span><\/p>\n<h5 style=\"text-align: right;\"><span style=\"color: #000000;\">Fonte: Novas Horas Marianas ou Of\u00edcio da SS. Virgem Maria, J. I. Roquette, 1888.<\/span><\/h5>\n<h3 style=\"text-align: center;\">****<\/h3>\n<p><span style=\"color: #000000;\"><strong>Quer receber conte\u00fados de inspira\u00e7\u00e3o cat\u00f3lica para aumentar sua f\u00e9 e a sua devo\u00e7\u00e3o?<\/strong><\/span><\/p>\n<p><strong><a href=\"https:\/\/www.adf.org.br\/home\/pagina-de-cadastro\/?origem=22800\" target=\"_blank\" rel=\"noopener\"><span style=\"color: #0000ff;\">Clique aqui<\/span><\/a>\u00a0<\/strong><span style=\"color: #000000;\">ou na imagem abaixo e fa\u00e7a seu cadastro na nossa Newsletter:<\/span><\/p>\n<p><a href=\"https:\/\/www.adf.org.br\/home\/pagina-de-cadastro\/?origem=22800\" target=\"_blank\" rel=\"noopener\"><img loading=\"lazy\" class=\"wp-image-63380 aligncenter\" src=\"https:\/\/www.adf.org.br\/home\/wp-content\/uploads\/2021\/01\/boletim-adf-300x100.png\" sizes=\"(max-width: 417px) 100vw, 417px\" srcset=\"https:\/\/www.adf.org.br\/home\/wp-content\/uploads\/2021\/01\/boletim-adf-300x100.png 300w, https:\/\/www.adf.org.br\/home\/wp-content\/uploads\/2021\/01\/boletim-adf.png 600w\" alt=\"\" width=\"417\" height=\"139\" \/><\/a><\/p>\n","protected":false},"excerpt":{"rendered":"<p>Conhe\u00e7a esta poderosa ora\u00e7\u00e3o \u00e0 Nossa Senhora de Lourdes. Bendita sejais v\u00f3s, \u00f3 Pur\u00edssima Virgem que dignastes aparecer at\u00e9 dezoito vezes resplandecente de Luz, de do\u00e7ura, de beleza, na gruta de Lourdes e dizer \u00e0 humilde e inocente menina que, no \u00eaxtase, vos contemplava. Eu sou a Imaculada Concei\u00e7\u00e3o. Bendita sejais v\u00f3s, pelas gra\u00e7as extraordin\u00e1rias [&hellip;]<\/p>\n","protected":false},"author":27,"featured_media":67277,"comment_status":"open","ping_status":"open","sticky":false,"template":"","format":"standard","meta":[],"categories":[20,2460,14],"tags":[54,142],"yoast_head":"<!-- This site is optimized with the Yoast SEO plugin v17.4 - https:\/\/yoast.com\/wordpress\/plugins\/seo\/ -->\n<title>Conhe\u00e7a esta poderosa ora\u00e7\u00e3o \u00e0 Nossa Senhora de Lourdes.<\/title>\n<meta name=\"description\" content=\"Reze conosco esta poderosa ora\u00e7\u00e3o \u00e0 Nossa Senhora de Lourdes. Clique aqui e n\u00e3o deixe de rezar.\" \/>\n<meta name=\"robots\" content=\"index, follow, max-snippet:-1, max-image-preview:large, max-video-preview:-1\" \/>\n<link rel=\"canonical\" href=\"https:\/\/www.adf.org.br\/home\/conheca-esta-poderosa-oracao-a-nossa-senhora-de-lourdes\/\" \/>\n<meta property=\"og:locale\" content=\"pt_BR\" \/>\n<meta property=\"og:type\" content=\"article\" \/>\n<meta property=\"og:title\" content=\"Conhe\u00e7a esta poderosa ora\u00e7\u00e3o \u00e0 Nossa Senhora de Lourdes.\" \/>\n<meta property=\"og:description\" content=\"Reze conosco esta poderosa ora\u00e7\u00e3o \u00e0 Nossa Senhora de Lourdes. Clique aqui e n\u00e3o deixe de rezar.\" \/>\n<meta property=\"og:url\" content=\"https:\/\/www.adf.org.br\/home\/conheca-esta-poderosa-oracao-a-nossa-senhora-de-lourdes\/\" \/>\n<meta property=\"og:site_name\" content=\"Associa\u00e7\u00e3o Devotos de F\u00e1tima\" \/>\n<meta property=\"article:published_time\" content=\"2022-02-13T03:03:55+00:00\" \/>\n<meta property=\"article:modified_time\" content=\"2022-02-11T19:49:50+00:00\" \/>\n<meta property=\"og:image\" content=\"https:\/\/www.adf.org.br\/home\/wp-content\/uploads\/2022\/02\/Lourdes-Gruta-10-1024x685-2.jpg\" \/>\n\t<meta property=\"og:image:width\" content=\"1024\" \/>\n\t<meta property=\"og:image:height\" content=\"685\" \/>\n<meta name=\"twitter:card\" content=\"summary_large_image\" \/>\n<meta name=\"twitter:label1\" content=\"Escrito por\" \/>\n\t<meta name=\"twitter:data1\" content=\"Gabriel Barbosa\" \/>\n\t<meta name=\"twitter:label2\" content=\"Est. tempo de leitura\" \/>\n\t<meta name=\"twitter:data2\" content=\"2 minutos\" \/>\n<script type=\"application\/ld+json\" class=\"yoast-schema-graph\">{\"@context\":\"https:\/\/schema.org\",\"@graph\":[{\"@type\":\"WebSite\",\"@id\":\"https:\/\/www.adf.org.br\/home\/#website\",\"url\":\"https:\/\/www.adf.org.br\/home\/\",\"name\":\"Associa\\u00e7\\u00e3o Devotos de F\\u00e1tima\",\"description\":\"Associa\\u00e7\\u00e3o Devotos de F\\u00e1tima\",\"potentialAction\":[{\"@type\":\"SearchAction\",\"target\":{\"@type\":\"EntryPoint\",\"urlTemplate\":\"https:\/\/www.adf.org.br\/home\/?s={search_term_string}\"},\"query-input\":\"required name=search_term_string\"}],\"inLanguage\":\"pt-BR\"},{\"@type\":\"ImageObject\",\"@id\":\"https:\/\/www.adf.org.br\/home\/conheca-esta-poderosa-oracao-a-nossa-senhora-de-lourdes\/#primaryimage\",\"inLanguage\":\"pt-BR\",\"url\":\"https:\/\/www.adf.org.br\/home\/wp-content\/uploads\/2022\/02\/Lourdes-Gruta-10-1024x685-2.jpg\",\"contentUrl\":\"https:\/\/www.adf.org.br\/home\/wp-content\/uploads\/2022\/02\/Lourdes-Gruta-10-1024x685-2.jpg\",\"width\":1024,\"height\":685},{\"@type\":\"WebPage\",\"@id\":\"https:\/\/www.adf.org.br\/home\/conheca-esta-poderosa-oracao-a-nossa-senhora-de-lourdes\/#webpage\",\"url\":\"https:\/\/www.adf.org.br\/home\/conheca-esta-poderosa-oracao-a-nossa-senhora-de-lourdes\/\",\"name\":\"Conhe\\u00e7a esta poderosa ora\\u00e7\\u00e3o \\u00e0 Nossa Senhora de Lourdes.\",\"isPartOf\":{\"@id\":\"https:\/\/www.adf.org.br\/home\/#website\"},\"primaryImageOfPage\":{\"@id\":\"https:\/\/www.adf.org.br\/home\/conheca-esta-poderosa-oracao-a-nossa-senhora-de-lourdes\/#primaryimage\"},\"datePublished\":\"2022-02-13T03:03:55+00:00\",\"dateModified\":\"2022-02-11T19:49:50+00:00\",\"author\":{\"@id\":\"https:\/\/www.adf.org.br\/home\/#\/schema\/person\/affa494ecf91434f3620f5392de44327\"},\"description\":\"Reze conosco esta poderosa ora\\u00e7\\u00e3o \\u00e0 Nossa Senhora de Lourdes. Clique aqui e n\\u00e3o deixe de rezar.\",\"breadcrumb\":{\"@id\":\"https:\/\/www.adf.org.br\/home\/conheca-esta-poderosa-oracao-a-nossa-senhora-de-lourdes\/#breadcrumb\"},\"inLanguage\":\"pt-BR\",\"potentialAction\":[{\"@type\":\"ReadAction\",\"target\":[\"https:\/\/www.adf.org.br\/home\/conheca-esta-poderosa-oracao-a-nossa-senhora-de-lourdes\/\"]}]},{\"@type\":\"BreadcrumbList\",\"@id\":\"https:\/\/www.adf.org.br\/home\/conheca-esta-poderosa-oracao-a-nossa-senhora-de-lourdes\/#breadcrumb\",\"itemListElement\":[{\"@type\":\"ListItem\",\"position\":1,\"name\":\"Home\",\"item\":\"https:\/\/www.adf.org.br\/home\/\"},{\"@type\":\"ListItem\",\"position\":2,\"name\":\"Conhe\\u00e7a esta poderosa ora\\u00e7\\u00e3o \\u00e0 Nossa Senhora de Lourdes.\"}]},{\"@type\":\"Person\",\"@id\":\"https:\/\/www.adf.org.br\/home\/#\/schema\/person\/affa494ecf91434f3620f5392de44327\",\"name\":\"Gabriel Barbosa\",\"image\":{\"@type\":\"ImageObject\",\"@id\":\"https:\/\/www.adf.org.br\/home\/#personlogo\",\"inLanguage\":\"pt-BR\",\"url\":\"https:\/\/secure.gravatar.com\/avatar\/ecf2eab02e30486a7038f8b2858de06a?s=96&d=mm&r=g\",\"contentUrl\":\"https:\/\/secure.gravatar.com\/avatar\/ecf2eab02e30486a7038f8b2858de06a?s=96&d=mm&r=g\",\"caption\":\"Gabriel Barbosa\"},\"url\":\"https:\/\/www.adf.org.br\/home\/author\/gabriel-aascj\/\"}]}<\/script>\n<!-- \/ Yoast SEO plugin. -->","yoast_head_json":{"title":"Conhe\u00e7a esta poderosa ora\u00e7\u00e3o \u00e0 Nossa Senhora de Lourdes.","description":"Reze conosco esta poderosa ora\u00e7\u00e3o \u00e0 Nossa Senhora de Lourdes. Clique aqui e n\u00e3o deixe de rezar.","robots":{"index":"index","follow":"follow","max-snippet":"max-snippet:-1","max-image-preview":"max-image-preview:large","max-video-preview":"max-video-preview:-1"},"canonical":"https:\/\/www.adf.org.br\/home\/conheca-esta-poderosa-oracao-a-nossa-senhora-de-lourdes\/","og_locale":"pt_BR","og_type":"article","og_title":"Conhe\u00e7a esta poderosa ora\u00e7\u00e3o \u00e0 Nossa Senhora de Lourdes.","og_description":"Reze conosco esta poderosa ora\u00e7\u00e3o \u00e0 Nossa Senhora de Lourdes. Clique aqui e n\u00e3o deixe de rezar.","og_url":"https:\/\/www.adf.org.br\/home\/conheca-esta-poderosa-oracao-a-nossa-senhora-de-lourdes\/","og_site_name":"Associa\u00e7\u00e3o Devotos de F\u00e1tima","article_published_time":"2022-02-13T03:03:55+00:00","article_modified_time":"2022-02-11T19:49:50+00:00","og_image":[{"width":1024,"height":685,"url":"https:\/\/www.adf.org.br\/home\/wp-content\/uploads\/2022\/02\/Lourdes-Gruta-10-1024x685-2.jpg","type":"image\/jpeg"}],"twitter_card":"summary_large_image","twitter_misc":{"Escrito por":"Gabriel Barbosa","Est. tempo de leitura":"2 minutos"},"schema":{"@context":"https:\/\/schema.org","@graph":[{"@type":"WebSite","@id":"https:\/\/www.adf.org.br\/home\/#website","url":"https:\/\/www.adf.org.br\/home\/","name":"Associa\u00e7\u00e3o Devotos de F\u00e1tima","description":"Associa\u00e7\u00e3o Devotos de F\u00e1tima","potentialAction":[{"@type":"SearchAction","target":{"@type":"EntryPoint","urlTemplate":"https:\/\/www.adf.org.br\/home\/?s={search_term_string}"},"query-input":"required name=search_term_string"}],"inLanguage":"pt-BR"},{"@type":"ImageObject","@id":"https:\/\/www.adf.org.br\/home\/conheca-esta-poderosa-oracao-a-nossa-senhora-de-lourdes\/#primaryimage","inLanguage":"pt-BR","url":"https:\/\/www.adf.org.br\/home\/wp-content\/uploads\/2022\/02\/Lourdes-Gruta-10-1024x685-2.jpg","contentUrl":"https:\/\/www.adf.org.br\/home\/wp-content\/uploads\/2022\/02\/Lourdes-Gruta-10-1024x685-2.jpg","width":1024,"height":685},{"@type":"WebPage","@id":"https:\/\/www.adf.org.br\/home\/conheca-esta-poderosa-oracao-a-nossa-senhora-de-lourdes\/#webpage","url":"https:\/\/www.adf.org.br\/home\/conheca-esta-poderosa-oracao-a-nossa-senhora-de-lourdes\/","name":"Conhe\u00e7a esta poderosa ora\u00e7\u00e3o \u00e0 Nossa Senhora de Lourdes.","isPartOf":{"@id":"https:\/\/www.adf.org.br\/home\/#website"},"primaryImageOfPage":{"@id":"https:\/\/www.adf.org.br\/home\/conheca-esta-poderosa-oracao-a-nossa-senhora-de-lourdes\/#primaryimage"},"datePublished":"2022-02-13T03:03:55+00:00","dateModified":"2022-02-11T19:49:50+00:00","author":{"@id":"https:\/\/www.adf.org.br\/home\/#\/schema\/person\/affa494ecf91434f3620f5392de44327"},"description":"Reze conosco esta poderosa ora\u00e7\u00e3o \u00e0 Nossa Senhora de Lourdes. Clique aqui e n\u00e3o deixe de rezar.","breadcrumb":{"@id":"https:\/\/www.adf.org.br\/home\/conheca-esta-poderosa-oracao-a-nossa-senhora-de-lourdes\/#breadcrumb"},"inLanguage":"pt-BR","potentialAction":[{"@type":"ReadAction","target":["https:\/\/www.adf.org.br\/home\/conheca-esta-poderosa-oracao-a-nossa-senhora-de-lourdes\/"]}]},{"@type":"BreadcrumbList","@id":"https:\/\/www.adf.org.br\/home\/conheca-esta-poderosa-oracao-a-nossa-senhora-de-lourdes\/#breadcrumb","itemListElement":[{"@type":"ListItem","position":1,"name":"Home","item":"https:\/\/www.adf.org.br\/home\/"},{"@type":"ListItem","position":2,"name":"Conhe\u00e7a esta poderosa ora\u00e7\u00e3o \u00e0 Nossa Senhora de Lourdes."}]},{"@type":"Person","@id":"https:\/\/www.adf.org.br\/home\/#\/schema\/person\/affa494ecf91434f3620f5392de44327","name":"Gabriel Barbosa","image":{"@type":"ImageObject","@id":"https:\/\/www.adf.org.br\/home\/#personlogo","inLanguage":"pt-BR","url":"https:\/\/secure.gravatar.com\/avatar\/ecf2eab02e30486a7038f8b2858de06a?s=96&d=mm&r=g","contentUrl":"https:\/\/secure.gravatar.com\/avatar\/ecf2eab02e30486a7038f8b2858de06a?s=96&d=mm&r=g","caption":"Gabriel Barbosa"},"url":"https:\/\/www.adf.org.br\/home\/author\/gabriel-aascj\/"}]}},"_links":{"self":[{"href":"https:\/\/www.adf.org.br\/home\/wp-json\/wp\/v2\/posts\/67326"}],"collection":[{"href":"https:\/\/www.adf.org.br\/home\/wp-json\/wp\/v2\/posts"}],"about":[{"href":"https:\/\/www.adf.org.br\/home\/wp-json\/wp\/v2\/types\/post"}],"author":[{"embeddable":true,"href":"https:\/\/www.adf.org.br\/home\/wp-json\/wp\/v2\/users\/27"}],"replies":[{"embeddable":true,"href":"https:\/\/www.adf.org.br\/home\/wp-json\/wp\/v2\/comments?post=67326"}],"version-history":[{"count":3,"href":"https:\/\/www.adf.org.br\/home\/wp-json\/wp\/v2\/posts\/67326\/revisions"}],"predecessor-version":[{"id":67330,"href":"https:\/\/www.adf.org.br\/home\/wp-json\/wp\/v2\/posts\/67326\/revisions\/67330"}],"wp:featuredmedia":[{"embeddable":true,"href":"https:\/\/www.adf.org.br\/home\/wp-json\/wp\/v2\/media\/67277"}],"wp:attachment":[{"href":"https:\/\/www.adf.org.br\/home\/wp-json\/wp\/v2\/media?parent=67326"}],"wp:term":[{"taxonomy":"category","embeddable":true,"href":"https:\/\/www.adf.org.br\/home\/wp-json\/wp\/v2\/categories?post=67326"},{"taxonomy":"post_tag","embeddable":true,"href":"https:\/\/www.adf.org.br\/home\/wp-json\/wp\/v2\/tags?post=67326"}],"curies":[{"name":"wp","href":"https:\/\/api.w.org\/{rel}","templated":true}]}}