{"id":67088,"date":"2026-01-28T08:00:45","date_gmt":"2026-01-28T11:00:45","guid":{"rendered":"https:\/\/www.adf.org.br\/home\/?p=67088"},"modified":"2025-12-05T13:54:47","modified_gmt":"2025-12-05T16:54:47","slug":"santo-tomas-de-aquino-o-doutor-angelico-conheca-mais","status":"publish","type":"post","link":"https:\/\/www.adf.org.br\/home\/santo-tomas-de-aquino-o-doutor-angelico-conheca-mais\/","title":{"rendered":"Santo Tom\u00e1s de Aquino, o Doutor Ang\u00e9lico. Conhe\u00e7a mais!"},"content":{"rendered":"<h2 style=\"text-align: center;\"><span style=\"color: #000000;\"><strong>Santo Tom\u00e1s de Aquino, o Doutor Ang\u00e9lico. Conhe\u00e7a mais!<\/strong><\/span><\/h2>\n<p>&nbsp;<\/p>\n<figure id=\"attachment_67089\" aria-describedby=\"caption-attachment-67089\" style=\"width: 740px\" class=\"wp-caption aligncenter\"><a href=\"https:\/\/adf.org.br\/velario\/?origem=22658\" target=\"_blank\" rel=\"noopener\"><img loading=\"lazy\" class=\"wp-image-67089\" src=\"https:\/\/www.adf.org.br\/home\/wp-content\/uploads\/2022\/01\/Santo-tomas-1024x576.jpg\" alt=\"\" width=\"740\" height=\"416\" srcset=\"https:\/\/www.adf.org.br\/home\/wp-content\/uploads\/2022\/01\/Santo-tomas-1024x576.jpg 1024w, https:\/\/www.adf.org.br\/home\/wp-content\/uploads\/2022\/01\/Santo-tomas-300x169.jpg 300w, https:\/\/www.adf.org.br\/home\/wp-content\/uploads\/2022\/01\/Santo-tomas-768x432.jpg 768w, https:\/\/www.adf.org.br\/home\/wp-content\/uploads\/2022\/01\/Santo-tomas.jpg 1280w\" sizes=\"(max-width: 740px) 100vw, 740px\" \/><\/a><figcaption id=\"caption-attachment-67089\" class=\"wp-caption-text\"><center>Santo Tomas, o Doutor Ang\u00e9lico<\/center><\/figcaption><\/figure>\n<p><span style=\"color: #000000;\"><span style=\"color: #800080; font-size: 32px;\"><strong>\u201cV<\/strong><\/span>oc\u00eas o chamam de boi mudo! Ao inv\u00e9s, eu lhes digo que este boi vai berrar t\u00e3o alto, que seu berro vai ecoar no mundo inteiro\u201d. <\/span><\/p>\n<p><span style=\"color: #000000;\">\u00c9 o que afirmava Santo Alberto Magno, seu professor, e n\u00e3o se enganava ao defend\u00ea-lo perante seus colegas, que, por causa do seu car\u00e1ter taciturno e, aparentemente, opaco, lhe haviam dado o apelido de \u201cboi mudo\u201d.<\/span><\/p>\n<h3><span style=\"color: #000000;\">Seus familiares o prenderam por ter-se tornado frade Pregador<\/span><\/h3>\n<figure id=\"attachment_67090\" aria-describedby=\"caption-attachment-67090\" style=\"width: 196px\" class=\"wp-caption alignleft\"><a href=\"https:\/\/adf.org.br\/velario\/?origem=22658\" target=\"_blank\" rel=\"noopener\"><img loading=\"lazy\" class=\"wp-image-67090 size-full\" src=\"https:\/\/www.adf.org.br\/home\/wp-content\/uploads\/2022\/01\/Sto-Tomas.jpg\" alt=\"\" width=\"196\" height=\"257\" \/><\/a><figcaption id=\"caption-attachment-67090\" class=\"wp-caption-text\"><center>Santo Tom\u00e1s de Aquino<\/center><\/figcaption><\/figure>\n<p>Tom\u00e1s nasc<span style=\"color: #000000;\">eu em uma fam\u00edlia de Condes, Aquino, no castelo de Roccasecca, no sul do L\u00e1cio, unidos, por v\u00ednculos de parentela ao imperador Federico II. <\/span><\/p>\n<p><span style=\"color: #800080;\"><strong>Seu pai, Landolfo, queria que ele fosse abade do mosteiro de Montecassino, pensando ser compat\u00edvel com a natureza t\u00edmida e gentil do filho e com seus des\u00edgnios pol\u00edticos. <\/strong><\/span><\/p>\n<p><span style=\"color: #000000;\">Mas, em N\u00e1poles, <\/span>Tom\u00e1s <span style=\"color: #000000;\">quis tornar-se frade Dominicano, rejeitando toda e qualquer ambi\u00e7\u00e3o e escolhendo apenas uma Ordem mendicante.<\/span><\/p>\n<p><strong><span style=\"color: #000000;\">Esta sua escolha chocou toda a fam\u00edlia, tanto que, dois de seus irm\u00e3os, o mandaram prender. Foi colocado em uma cela, proverbial pela sua disposi\u00e7\u00e3o pac\u00edfica. <\/span><\/strong><\/p>\n<p><span style=\"color: #000000;\">No entanto, ele ficou muito irritado quando mandaram uma prostituta entrar na sua cela, para que desistisse da sua voca\u00e7\u00e3o. Mas, ele a afugentou com uma brasa ardente. <\/span><\/p>\n<p><span style=\"color: #800080;\"><strong>Em suma, parece que ele tenha conseguido escapar da cadeia, com a ajuda de duas irm\u00e3s, que o fizeram descer da janela com uma grande cesta.<\/strong><\/span><\/p>\n<h3><span style=\"color: #000000;\">Um intelectual apaixonado por Deus<\/span><\/h3>\n<figure id=\"attachment_67091\" aria-describedby=\"caption-attachment-67091\" style=\"width: 224px\" class=\"wp-caption alignright\"><a href=\"https:\/\/adf.org.br\/velario\/?origem=22658\" target=\"_blank\" rel=\"noopener\"><img loading=\"lazy\" class=\"wp-image-67091 size-medium\" src=\"https:\/\/www.adf.org.br\/home\/wp-content\/uploads\/2022\/01\/Tomas_aquino-224x300.jpeg\" alt=\"\" width=\"224\" height=\"300\" srcset=\"https:\/\/www.adf.org.br\/home\/wp-content\/uploads\/2022\/01\/Tomas_aquino-224x300.jpeg 224w, https:\/\/www.adf.org.br\/home\/wp-content\/uploads\/2022\/01\/Tomas_aquino.jpeg 522w\" sizes=\"(max-width: 224px) 100vw, 224px\" \/><\/a><figcaption id=\"caption-attachment-67091\" class=\"wp-caption-text\"><center>Santo Tom\u00e1s de Aquino<\/center><\/figcaption><\/figure>\n<p><span style=\"color: #000000;\">Tom\u00e1s\u00a0foi mandado para Col\u00f4nia, onde aprofundou a tese sobre o aristotelismo, com Santo Alberto Magno; depois, em Paris, lecionou na Universidade, apesar da incompatibilidade com o clero secular.<\/span><\/p>\n<p>Ao regressar para a It\u00e1lia, intensificou seus estudos sobre Arist\u00f3teles, gra\u00e7as \u00e0 tradu\u00e7\u00e3o de um confrade, e comp\u00f4s o famoso Hino \u201c<em>Pange lingua<\/em>\u201d, para a festa de Corpus Christi.<\/p>\n<p><strong><span style=\"color: #800080;\">Come\u00e7ou a escrever sua \u201cobra-prima\u201d, \u201c<em>Summa theologiae<\/em>\u201d, dividida em cinco partes, para demonstrar a exist\u00eancia de Deus. <\/span><\/strong><\/p>\n<p><span style=\"color: #000000;\">O centro da sua obra \u00e9 a confian\u00e7a na raz\u00e3o e nos sentidos; a filosofia \u00e9 a serva da teologia, mas a f\u00e9 n\u00e3o anula a raz\u00e3o. <\/span><\/p>\n<p><span style=\"color: #000000;\">Ele gostava muito de estudar e n\u00e3o \u00e9 dif\u00edcil imaginar que a sua vasta produ\u00e7\u00e3o filos\u00f3fico-teol\u00f3gica tenha causado estupor entre os te\u00f3logos contempor\u00e2neos.<\/span><\/p>\n<p><strong><span style=\"color: #000000;\">Certo dia, em 6 de dezembro de 1273, Tom\u00e1s disse ao coirm\u00e3o Reginaldo que n\u00e3o ia escrever mais nada: \u201cN\u00e3o posso, porque tudo o que escrevi \u00e9 como palha para mim, em compara\u00e7\u00e3o ao que me foi revelado\u201d. <\/span><\/strong><\/p>\n<p><span style=\"color: #000000;\">Segundo alguns bi\u00f3grafos, esta decis\u00e3o foi precedida por uma conversa m\u00edstica com Jesus.<\/span><\/p>\n<figure id=\"attachment_67092\" aria-describedby=\"caption-attachment-67092\" style=\"width: 199px\" class=\"wp-caption alignleft\"><a href=\"https:\/\/adf.org.br\/velario\/?origem=22658\" target=\"_blank\" rel=\"noopener\"><img loading=\"lazy\" class=\"wp-image-67092 size-medium\" src=\"https:\/\/www.adf.org.br\/home\/wp-content\/uploads\/2022\/01\/tomas-199x300.jpg\" alt=\"\" width=\"199\" height=\"300\" srcset=\"https:\/\/www.adf.org.br\/home\/wp-content\/uploads\/2022\/01\/tomas-199x300.jpg 199w, https:\/\/www.adf.org.br\/home\/wp-content\/uploads\/2022\/01\/tomas.jpg 210w\" sizes=\"(max-width: 199px) 100vw, 199px\" \/><\/a><figcaption id=\"caption-attachment-67092\" class=\"wp-caption-text\"><center>Santo Tom\u00e1s de Aquino<\/center><\/figcaption><\/figure>\n<p><span style=\"color: #000000;\">Por fim, Tom\u00e1s adoeceu. Em 1274, durante uma viagem a Lyon, para participar do Conc\u00edlio, a pedido do Papa Beato Greg\u00f3rio X, faleceu na abadia de Fossanova, com apenas 49 anos.<\/span><\/p>\n<h3><span style=\"color: #000000;\">Santo Tom\u00e1s, segundo Chesterton: reconcilia\u00e7\u00e3o-f\u00e9-raz\u00e3o<\/span><\/h3>\n<p><span style=\"color: #000000;\">O famoso escritor ingl\u00eas, G. K. Chesterton, dedicou-lhe, com acuidade, um ensaio famoso.<\/span><\/p>\n<blockquote><p><strong><span style=\"color: #800080;\"> \u201cTom\u00e1s reconciliou a religi\u00e3o com a raz\u00e3o, estendendo-a ao campo da ci\u00eancia experimental, na qual afirmava que os sentidos eram as janelas da alma e o intelecto tinha o direito de se nutrir de fatos concretos\u201d.<\/span><\/strong><\/p><\/blockquote>\n<p><span style=\"color: #000000;\">Para Chesterton, Santo Tom\u00e1s e S\u00e3o Francisco foram os iniciadores de uma grande renova\u00e7\u00e3o do cristianismo, a partir de dentro, e a Encarna\u00e7\u00e3o era central: \u201cEles se tornaram mais ortodoxos quando come\u00e7aram a ser mais racionalistas ou mais pr\u00f3ximos da natureza\u201d.<\/span><\/p>\n<p style=\"text-align: right;\"><span style=\"color: #800080; font-size: 12px;\"><span style=\"color: #000000;\">Fonte:<\/span> <span style=\"color: #0000ff;\"><a style=\"color: #0000ff;\" href=\"https:\/\/www.vaticannews.va\/pt\/santo-do-dia\/01\/28\/s--tomas-de-aquino--presbitero-dominicano--doutor-de-igreja--pad.html\">VaticanNews<\/a><\/span><\/span><\/p>\n<h3 style=\"text-align: center;\">****<\/h3>\n","protected":false},"excerpt":{"rendered":"<p>Santo Tom\u00e1s de Aquino, o Doutor Ang\u00e9lico. Conhe\u00e7a mais! &nbsp; \u201cVoc\u00eas o chamam de boi mudo! Ao inv\u00e9s, eu lhes digo que este boi vai berrar t\u00e3o alto, que seu berro vai ecoar no mundo inteiro\u201d. \u00c9 o que afirmava Santo Alberto Magno, seu professor, e n\u00e3o se enganava ao defend\u00ea-lo perante seus colegas, que, [&hellip;]<\/p>\n","protected":false},"author":30,"featured_media":67089,"comment_status":"open","ping_status":"open","sticky":false,"template":"","format":"standard","meta":[],"categories":[20,2547,2332],"tags":[1193,2595,2408],"yoast_head":"<!-- This site is optimized with the Yoast SEO plugin v17.4 - https:\/\/yoast.com\/wordpress\/plugins\/seo\/ -->\n<title>Santo Tom\u00e1s de Aquino, o Doutor Ang\u00e9lico. Conhe\u00e7a mais!<\/title>\n<meta name=\"description\" content=\"Houve um santo na Igreja cujo conhecimento era t\u00e3o profundo que foi comparado ao dos anjos e por isso chamado Doutor Ang\u00e9lico. Conhe\u00e7a mais sobre ele clicando aqui.\" \/>\n<meta name=\"robots\" content=\"index, follow, max-snippet:-1, max-image-preview:large, max-video-preview:-1\" \/>\n<link rel=\"canonical\" href=\"https:\/\/www.adf.org.br\/home\/santo-tomas-de-aquino-o-doutor-angelico-conheca-mais\/\" \/>\n<meta property=\"og:locale\" content=\"pt_BR\" \/>\n<meta property=\"og:type\" content=\"article\" \/>\n<meta property=\"og:title\" content=\"Santo Tom\u00e1s de Aquino, o Doutor Ang\u00e9lico. Conhe\u00e7a mais!\" \/>\n<meta property=\"og:description\" content=\"Houve um santo na Igreja cujo conhecimento era t\u00e3o profundo que foi comparado ao dos anjos e por isso chamado Doutor Ang\u00e9lico. Conhe\u00e7a mais sobre ele clicando aqui.\" \/>\n<meta property=\"og:url\" content=\"https:\/\/www.adf.org.br\/home\/santo-tomas-de-aquino-o-doutor-angelico-conheca-mais\/\" \/>\n<meta property=\"og:site_name\" content=\"Associa\u00e7\u00e3o Devotos de F\u00e1tima\" \/>\n<meta property=\"article:published_time\" content=\"2026-01-28T11:00:45+00:00\" \/>\n<meta property=\"article:modified_time\" content=\"2025-12-05T16:54:47+00:00\" \/>\n<meta property=\"og:image\" content=\"https:\/\/www.adf.org.br\/home\/wp-content\/uploads\/2022\/01\/Santo-tomas.jpg\" \/>\n\t<meta property=\"og:image:width\" content=\"1280\" \/>\n\t<meta property=\"og:image:height\" content=\"720\" \/>\n<meta name=\"twitter:card\" content=\"summary_large_image\" \/>\n<meta name=\"twitter:label1\" content=\"Escrito por\" \/>\n\t<meta name=\"twitter:data1\" content=\"Luiz Felipe\" \/>\n\t<meta name=\"twitter:label2\" content=\"Est. tempo de leitura\" \/>\n\t<meta name=\"twitter:data2\" content=\"4 minutos\" \/>\n<script type=\"application\/ld+json\" class=\"yoast-schema-graph\">{\"@context\":\"https:\/\/schema.org\",\"@graph\":[{\"@type\":\"WebSite\",\"@id\":\"https:\/\/www.adf.org.br\/home\/#website\",\"url\":\"https:\/\/www.adf.org.br\/home\/\",\"name\":\"Associa\\u00e7\\u00e3o Devotos de F\\u00e1tima\",\"description\":\"Associa\\u00e7\\u00e3o Devotos de F\\u00e1tima\",\"potentialAction\":[{\"@type\":\"SearchAction\",\"target\":{\"@type\":\"EntryPoint\",\"urlTemplate\":\"https:\/\/www.adf.org.br\/home\/?s={search_term_string}\"},\"query-input\":\"required name=search_term_string\"}],\"inLanguage\":\"pt-BR\"},{\"@type\":\"ImageObject\",\"@id\":\"https:\/\/www.adf.org.br\/home\/santo-tomas-de-aquino-o-doutor-angelico-conheca-mais\/#primaryimage\",\"inLanguage\":\"pt-BR\",\"url\":\"https:\/\/www.adf.org.br\/home\/wp-content\/uploads\/2022\/01\/Santo-tomas.jpg\",\"contentUrl\":\"https:\/\/www.adf.org.br\/home\/wp-content\/uploads\/2022\/01\/Santo-tomas.jpg\",\"width\":1280,\"height\":720},{\"@type\":\"WebPage\",\"@id\":\"https:\/\/www.adf.org.br\/home\/santo-tomas-de-aquino-o-doutor-angelico-conheca-mais\/#webpage\",\"url\":\"https:\/\/www.adf.org.br\/home\/santo-tomas-de-aquino-o-doutor-angelico-conheca-mais\/\",\"name\":\"Santo Tom\\u00e1s de Aquino, o Doutor Ang\\u00e9lico. Conhe\\u00e7a mais!\",\"isPartOf\":{\"@id\":\"https:\/\/www.adf.org.br\/home\/#website\"},\"primaryImageOfPage\":{\"@id\":\"https:\/\/www.adf.org.br\/home\/santo-tomas-de-aquino-o-doutor-angelico-conheca-mais\/#primaryimage\"},\"datePublished\":\"2026-01-28T11:00:45+00:00\",\"dateModified\":\"2025-12-05T16:54:47+00:00\",\"author\":{\"@id\":\"https:\/\/www.adf.org.br\/home\/#\/schema\/person\/1ad877d1f255f4637ee020b3b16138ee\"},\"description\":\"Houve um santo na Igreja cujo conhecimento era t\\u00e3o profundo que foi comparado ao dos anjos e por isso chamado Doutor Ang\\u00e9lico. Conhe\\u00e7a mais sobre ele clicando aqui.\",\"breadcrumb\":{\"@id\":\"https:\/\/www.adf.org.br\/home\/santo-tomas-de-aquino-o-doutor-angelico-conheca-mais\/#breadcrumb\"},\"inLanguage\":\"pt-BR\",\"potentialAction\":[{\"@type\":\"ReadAction\",\"target\":[\"https:\/\/www.adf.org.br\/home\/santo-tomas-de-aquino-o-doutor-angelico-conheca-mais\/\"]}]},{\"@type\":\"BreadcrumbList\",\"@id\":\"https:\/\/www.adf.org.br\/home\/santo-tomas-de-aquino-o-doutor-angelico-conheca-mais\/#breadcrumb\",\"itemListElement\":[{\"@type\":\"ListItem\",\"position\":1,\"name\":\"Home\",\"item\":\"https:\/\/www.adf.org.br\/home\/\"},{\"@type\":\"ListItem\",\"position\":2,\"name\":\"Santo Tom\\u00e1s de Aquino, o Doutor Ang\\u00e9lico. Conhe\\u00e7a mais!\"}]},{\"@type\":\"Person\",\"@id\":\"https:\/\/www.adf.org.br\/home\/#\/schema\/person\/1ad877d1f255f4637ee020b3b16138ee\",\"name\":\"Luiz Felipe\",\"image\":{\"@type\":\"ImageObject\",\"@id\":\"https:\/\/www.adf.org.br\/home\/#personlogo\",\"inLanguage\":\"pt-BR\",\"url\":\"https:\/\/secure.gravatar.com\/avatar\/f8f0a14d57a57f103e42363994b25ba9?s=96&d=mm&r=g\",\"contentUrl\":\"https:\/\/secure.gravatar.com\/avatar\/f8f0a14d57a57f103e42363994b25ba9?s=96&d=mm&r=g\",\"caption\":\"Luiz Felipe\"},\"url\":\"https:\/\/www.adf.org.br\/home\/author\/luiz-merencianopmk-com-br\/\"}]}<\/script>\n<!-- \/ Yoast SEO plugin. -->","yoast_head_json":{"title":"Santo Tom\u00e1s de Aquino, o Doutor Ang\u00e9lico. Conhe\u00e7a mais!","description":"Houve um santo na Igreja cujo conhecimento era t\u00e3o profundo que foi comparado ao dos anjos e por isso chamado Doutor Ang\u00e9lico. Conhe\u00e7a mais sobre ele clicando aqui.","robots":{"index":"index","follow":"follow","max-snippet":"max-snippet:-1","max-image-preview":"max-image-preview:large","max-video-preview":"max-video-preview:-1"},"canonical":"https:\/\/www.adf.org.br\/home\/santo-tomas-de-aquino-o-doutor-angelico-conheca-mais\/","og_locale":"pt_BR","og_type":"article","og_title":"Santo Tom\u00e1s de Aquino, o Doutor Ang\u00e9lico. Conhe\u00e7a mais!","og_description":"Houve um santo na Igreja cujo conhecimento era t\u00e3o profundo que foi comparado ao dos anjos e por isso chamado Doutor Ang\u00e9lico. Conhe\u00e7a mais sobre ele clicando aqui.","og_url":"https:\/\/www.adf.org.br\/home\/santo-tomas-de-aquino-o-doutor-angelico-conheca-mais\/","og_site_name":"Associa\u00e7\u00e3o Devotos de F\u00e1tima","article_published_time":"2026-01-28T11:00:45+00:00","article_modified_time":"2025-12-05T16:54:47+00:00","og_image":[{"width":1280,"height":720,"url":"https:\/\/www.adf.org.br\/home\/wp-content\/uploads\/2022\/01\/Santo-tomas.jpg","type":"image\/jpeg"}],"twitter_card":"summary_large_image","twitter_misc":{"Escrito por":"Luiz Felipe","Est. tempo de leitura":"4 minutos"},"schema":{"@context":"https:\/\/schema.org","@graph":[{"@type":"WebSite","@id":"https:\/\/www.adf.org.br\/home\/#website","url":"https:\/\/www.adf.org.br\/home\/","name":"Associa\u00e7\u00e3o Devotos de F\u00e1tima","description":"Associa\u00e7\u00e3o Devotos de F\u00e1tima","potentialAction":[{"@type":"SearchAction","target":{"@type":"EntryPoint","urlTemplate":"https:\/\/www.adf.org.br\/home\/?s={search_term_string}"},"query-input":"required name=search_term_string"}],"inLanguage":"pt-BR"},{"@type":"ImageObject","@id":"https:\/\/www.adf.org.br\/home\/santo-tomas-de-aquino-o-doutor-angelico-conheca-mais\/#primaryimage","inLanguage":"pt-BR","url":"https:\/\/www.adf.org.br\/home\/wp-content\/uploads\/2022\/01\/Santo-tomas.jpg","contentUrl":"https:\/\/www.adf.org.br\/home\/wp-content\/uploads\/2022\/01\/Santo-tomas.jpg","width":1280,"height":720},{"@type":"WebPage","@id":"https:\/\/www.adf.org.br\/home\/santo-tomas-de-aquino-o-doutor-angelico-conheca-mais\/#webpage","url":"https:\/\/www.adf.org.br\/home\/santo-tomas-de-aquino-o-doutor-angelico-conheca-mais\/","name":"Santo Tom\u00e1s de Aquino, o Doutor Ang\u00e9lico. Conhe\u00e7a mais!","isPartOf":{"@id":"https:\/\/www.adf.org.br\/home\/#website"},"primaryImageOfPage":{"@id":"https:\/\/www.adf.org.br\/home\/santo-tomas-de-aquino-o-doutor-angelico-conheca-mais\/#primaryimage"},"datePublished":"2026-01-28T11:00:45+00:00","dateModified":"2025-12-05T16:54:47+00:00","author":{"@id":"https:\/\/www.adf.org.br\/home\/#\/schema\/person\/1ad877d1f255f4637ee020b3b16138ee"},"description":"Houve um santo na Igreja cujo conhecimento era t\u00e3o profundo que foi comparado ao dos anjos e por isso chamado Doutor Ang\u00e9lico. Conhe\u00e7a mais sobre ele clicando aqui.","breadcrumb":{"@id":"https:\/\/www.adf.org.br\/home\/santo-tomas-de-aquino-o-doutor-angelico-conheca-mais\/#breadcrumb"},"inLanguage":"pt-BR","potentialAction":[{"@type":"ReadAction","target":["https:\/\/www.adf.org.br\/home\/santo-tomas-de-aquino-o-doutor-angelico-conheca-mais\/"]}]},{"@type":"BreadcrumbList","@id":"https:\/\/www.adf.org.br\/home\/santo-tomas-de-aquino-o-doutor-angelico-conheca-mais\/#breadcrumb","itemListElement":[{"@type":"ListItem","position":1,"name":"Home","item":"https:\/\/www.adf.org.br\/home\/"},{"@type":"ListItem","position":2,"name":"Santo Tom\u00e1s de Aquino, o Doutor Ang\u00e9lico. Conhe\u00e7a mais!"}]},{"@type":"Person","@id":"https:\/\/www.adf.org.br\/home\/#\/schema\/person\/1ad877d1f255f4637ee020b3b16138ee","name":"Luiz Felipe","image":{"@type":"ImageObject","@id":"https:\/\/www.adf.org.br\/home\/#personlogo","inLanguage":"pt-BR","url":"https:\/\/secure.gravatar.com\/avatar\/f8f0a14d57a57f103e42363994b25ba9?s=96&d=mm&r=g","contentUrl":"https:\/\/secure.gravatar.com\/avatar\/f8f0a14d57a57f103e42363994b25ba9?s=96&d=mm&r=g","caption":"Luiz Felipe"},"url":"https:\/\/www.adf.org.br\/home\/author\/luiz-merencianopmk-com-br\/"}]}},"_links":{"self":[{"href":"https:\/\/www.adf.org.br\/home\/wp-json\/wp\/v2\/posts\/67088"}],"collection":[{"href":"https:\/\/www.adf.org.br\/home\/wp-json\/wp\/v2\/posts"}],"about":[{"href":"https:\/\/www.adf.org.br\/home\/wp-json\/wp\/v2\/types\/post"}],"author":[{"embeddable":true,"href":"https:\/\/www.adf.org.br\/home\/wp-json\/wp\/v2\/users\/30"}],"replies":[{"embeddable":true,"href":"https:\/\/www.adf.org.br\/home\/wp-json\/wp\/v2\/comments?post=67088"}],"version-history":[{"count":3,"href":"https:\/\/www.adf.org.br\/home\/wp-json\/wp\/v2\/posts\/67088\/revisions"}],"predecessor-version":[{"id":79910,"href":"https:\/\/www.adf.org.br\/home\/wp-json\/wp\/v2\/posts\/67088\/revisions\/79910"}],"wp:featuredmedia":[{"embeddable":true,"href":"https:\/\/www.adf.org.br\/home\/wp-json\/wp\/v2\/media\/67089"}],"wp:attachment":[{"href":"https:\/\/www.adf.org.br\/home\/wp-json\/wp\/v2\/media?parent=67088"}],"wp:term":[{"taxonomy":"category","embeddable":true,"href":"https:\/\/www.adf.org.br\/home\/wp-json\/wp\/v2\/categories?post=67088"},{"taxonomy":"post_tag","embeddable":true,"href":"https:\/\/www.adf.org.br\/home\/wp-json\/wp\/v2\/tags?post=67088"}],"curies":[{"name":"wp","href":"https:\/\/api.w.org\/{rel}","templated":true}]}}