{"id":67035,"date":"2022-01-23T00:06:56","date_gmt":"2022-01-23T03:06:56","guid":{"rendered":"https:\/\/www.adf.org.br\/home\/?p=67035"},"modified":"2022-01-18T10:43:38","modified_gmt":"2022-01-18T13:43:38","slug":"em-fatima-maria-mostra-o-inferno-e-indica-o-terco-como-caminho-de-salvacao","status":"publish","type":"post","link":"https:\/\/www.adf.org.br\/home\/em-fatima-maria-mostra-o-inferno-e-indica-o-terco-como-caminho-de-salvacao\/","title":{"rendered":"Em F\u00e1tima, Maria mostra o inferno e indica o ter\u00e7o como caminho de salva\u00e7\u00e3o!"},"content":{"rendered":"<h2 style=\"text-align: center;\"><span style=\"color: #000000;\">Em F\u00e1tima, Maria mostra o inferno e indica o ter\u00e7o como caminho de salva\u00e7\u00e3o!<\/span><\/h2>\n<p>&nbsp;<\/p>\n<figure id=\"attachment_66477\" aria-describedby=\"caption-attachment-66477\" style=\"width: 600px\" class=\"wp-caption aligncenter\"><a href=\"https:\/\/t.me\/devotosdefatima\" target=\"_blank\" rel=\"noopener\"><img loading=\"lazy\" class=\"wp-image-66477 size-full\" src=\"https:\/\/www.adf.org.br\/home\/wp-content\/uploads\/2021\/11\/pastorinhos-de-fatima.png\" alt=\"\" width=\"600\" height=\"338\" srcset=\"https:\/\/www.adf.org.br\/home\/wp-content\/uploads\/2021\/11\/pastorinhos-de-fatima.png 600w, https:\/\/www.adf.org.br\/home\/wp-content\/uploads\/2021\/11\/pastorinhos-de-fatima-300x169.png 300w\" sizes=\"(max-width: 600px) 100vw, 600px\" \/><\/a><figcaption id=\"caption-attachment-66477\" class=\"wp-caption-text\"><center>Pastorinhos de F\u00e1tima<\/center><\/figcaption><\/figure>\n<p><span style=\"color: #000000;\"><span style=\"color: #800080; font-size: 32px;\"><strong>Q<\/strong><\/span>uando <span style=\"color: #0000ff;\"><a style=\"color: #0000ff;\" href=\"https:\/\/t.me\/devotosdefatima\" target=\"_blank\" rel=\"noopener\">Nossa Senhora<\/a> <\/span>apareceu aos tr\u00eas pastorzinhos em F\u00e1tima, em 1917, ela permitiu que eles tivessem uma vis\u00e3o do inferno que assustaria qualquer crian\u00e7a (ou adulto). Eles viram um \u201cvasto mar de fogo\u201d e, dentro dele, muitas almas sendo atormentadas.<\/span><\/p>\n<p><span style=\"color: #000000;\">Acima de tudo, uma imagem terr\u00edvel, sobre qual Irm\u00e3 L\u00facia falou: <\/span><\/p>\n<p style=\"padding-left: 40px;\"><span style=\"color: #800080;\"><em>\u201cEssa vis\u00e3o s\u00f3 durou um momento, gra\u00e7as \u00e0 nossa boa M\u00e3e Celestial, que na primeira apari\u00e7\u00e3o prometeu levar-nos ao c\u00e9u. Sem isso, acho que ter\u00edamos morrido de terror e medo.\u201d<\/em><\/span><\/p>\n<h4><span style=\"color: #000000;\">O Catecismo da Igreja Cat\u00f3lica confirma a exist\u00eancia do inferno, mas fala sobre uma puni\u00e7\u00e3o mais severa do que ser banido da eternidade.<\/span><\/h4>\n<figure id=\"attachment_67036\" aria-describedby=\"caption-attachment-67036\" style=\"width: 203px\" class=\"wp-caption alignleft\"><a href=\"https:\/\/t.me\/devotosdefatima\" target=\"_blank\" rel=\"noopener\"><img loading=\"lazy\" class=\"wp-image-67036 \" src=\"https:\/\/www.adf.org.br\/home\/wp-content\/uploads\/2022\/01\/Inferno-215x300.jpg\" alt=\"\" width=\"203\" height=\"283\" srcset=\"https:\/\/www.adf.org.br\/home\/wp-content\/uploads\/2022\/01\/Inferno-215x300.jpg 215w, https:\/\/www.adf.org.br\/home\/wp-content\/uploads\/2022\/01\/Inferno-735x1024.jpg 735w, https:\/\/www.adf.org.br\/home\/wp-content\/uploads\/2022\/01\/Inferno-768x1069.jpg 768w, https:\/\/www.adf.org.br\/home\/wp-content\/uploads\/2022\/01\/Inferno-1103x1536.jpg 1103w, https:\/\/www.adf.org.br\/home\/wp-content\/uploads\/2022\/01\/Inferno.jpg 1149w\" sizes=\"(max-width: 203px) 100vw, 203px\" \/><\/a><figcaption id=\"caption-attachment-67036\" class=\"wp-caption-text\"><center>O Inferno (conforme representa\u00e7\u00e3o do Catecismo Ilustrado de 1910)<\/center><\/figcaption><\/figure>\n<p style=\"padding-left: 40px;\"><span style=\"color: #000000;\"><em>O ensinamento da Igreja afirma a exist\u00eancia e a eternidade do inferno. As almas dos que morrem em estado de pecado mortal descem imediatamente ap\u00f3s a morte aos infernos, onde sofrem as penas do Inferno, \u201co fogo eterno\u201d. A pena principal do Inferno consiste na separa\u00e7\u00e3o eterna de Deus, o \u00danico em quem o homem pode ter a vida e a felicidade para as quais foi criado e \u00e0s quais aspira<\/em>. (\u00a7 1035)<\/span><\/p>\n<p style=\"text-align: center;\"><span style=\"color: #000000;\"><em>(Canto\u00a0XXXIV).<\/em><\/span><\/p>\n<p><span style=\"color: #000000;\">Em vez de um lugar de fogo perp\u00e9tuo, \u00e9 visto como um lugar de escurid\u00e3o, frio e desespero. A imagem de Dante do inferno destaca a realidade da separa\u00e7\u00e3o eterna de Deus, algo terr\u00edvel e extremamente solit\u00e1rio. <\/span><\/p>\n<p><strong><span style=\"color: #000000;\">Ou seja, na interpreta\u00e7\u00e3o dele, o inferno \u00e9 um lugar onde voc\u00ea clama, mas ningu\u00e9m ouve seus gritos; um lugar onde voc\u00ea deseja estar ao lado de algu\u00e9m, mas nunca pode se mover.<\/span><\/strong><\/p>\n<p><span style=\"color: #000000;\"><span style=\"text-decoration: underline;\">A boa not\u00edcia \u00e9 que <span style=\"color: #0000ff;\"><a style=\"color: #0000ff; text-decoration: underline;\" href=\"https:\/\/t.me\/devotosdefatima\" target=\"_blank\" rel=\"noopener\">Nossa Senhora<\/a><\/span> n\u00e3o quis mostrar essa vis\u00e3o \u00e0s crian\u00e7as para assust\u00e1-las.<\/span> <span style=\"text-decoration: underline;\">Ela queria que elas soubessem o motivo pelo qual devemos nos esfor\u00e7ar para evitar o inferno<\/span> e que devemos fazer tudo o que pudermos para corrermos para o c\u00e9u, trazendo conosco aqueles que conhecemos.<\/span><\/p>\n<h4><span style=\"color: #000000;\">Ela tamb\u00e9m ofereceu um caminho que levaria as almas ao abra\u00e7o celestial:<\/span><\/h4>\n<p style=\"padding-left: 40px;\"><span style=\"color: #800080;\"><em>Voc\u00eas viram que o inferno \u00e9 para onde v\u00e3o as almas dos pobres pecadores. Para salv\u00e1-los, Deus deseja estabelecer no mundo a devo\u00e7\u00e3o ao meu Cora\u00e7\u00e3o Imaculado.<\/em><\/span><\/p>\n<figure id=\"attachment_67037\" aria-describedby=\"caption-attachment-67037\" style=\"width: 205px\" class=\"wp-caption alignright\"><a href=\"https:\/\/t.me\/devotosdefatima\" target=\"_blank\" rel=\"noopener\"><img loading=\"lazy\" class=\"wp-image-67037 \" src=\"https:\/\/www.adf.org.br\/home\/wp-content\/uploads\/2022\/01\/Nossa-Senhora-do-Terco-215x300.jpg\" alt=\"\" width=\"205\" height=\"286\" srcset=\"https:\/\/www.adf.org.br\/home\/wp-content\/uploads\/2022\/01\/Nossa-Senhora-do-Terco-215x300.jpg 215w, https:\/\/www.adf.org.br\/home\/wp-content\/uploads\/2022\/01\/Nossa-Senhora-do-Terco-735x1024.jpg 735w, https:\/\/www.adf.org.br\/home\/wp-content\/uploads\/2022\/01\/Nossa-Senhora-do-Terco-768x1070.jpg 768w, https:\/\/www.adf.org.br\/home\/wp-content\/uploads\/2022\/01\/Nossa-Senhora-do-Terco.jpg 775w\" sizes=\"(max-width: 205px) 100vw, 205px\" \/><\/a><figcaption id=\"caption-attachment-67037\" class=\"wp-caption-text\"><center>Nossa Senhora com o ter\u00e7o<\/center><\/figcaption><\/figure>\n<p><span style=\"color: #000000;\"><span style=\"color: #0000ff;\"><a style=\"color: #0000ff;\" href=\"https:\/\/t.me\/devotosdefatima\" target=\"_blank\" rel=\"noopener\">Nossa Senhora<\/a><\/span> ensinou as crian\u00e7as a se aproximarem de seu Cora\u00e7\u00e3o Imaculado para impedir que suas almas se afastem de Deus. <span style=\"text-decoration: underline;\">Ela recomendou praticar as devo\u00e7\u00f5es do Primeiro S\u00e1bado, oferecendo sacrif\u00edcios pessoais e tamb\u00e9m rezando uma ora\u00e7\u00e3o adicional durante o ter\u00e7o e o ros\u00e1rio:<\/span><\/span><\/p>\n<p style=\"padding-left: 40px;\"><span style=\"color: #800080;\"><em>Quando voc\u00eas rezarem o ter\u00e7o, digam depois de cada mist\u00e9rio: \u201cOh, meu Jesus, perdoai-nos e livrai-nos do fogo do inferno. Levai as almas todas para o C\u00e9u e socorrei principalmente aquelas que mais precisarem.\u201d<\/em><\/span><\/p>\n<h4><span style=\"color: #000000;\">A ora\u00e7\u00e3o resume a nossa vida crist\u00e3, reconhecendo a nossa necessidade do perd\u00e3o, mas tamb\u00e9m dirigindo nossos esfor\u00e7os para ajudar aqueles que est\u00e3o ao nosso lado a alcan\u00e7arem o c\u00e9u. <\/span><\/h4>\n<p><span style=\"color: #000000;\">Ent\u00e3o, <span style=\"color: #0000ff;\"><a style=\"color: #0000ff;\" href=\"https:\/\/t.me\/devotosdefatima\" target=\"_blank\" rel=\"noopener\">Nossa Senhora de F\u00e1tima<\/a><\/span> nos lembra que devemos desejar que todas as almas cheguem ao c\u00e9u, at\u00e9 mesmo aos nossos inimigos. Nunca devemos desejar que algu\u00e9m passe a eternidade longe de Deus.<\/span><\/p>\n<p><span style=\"color: #000000;\">Portanto, quanto mais nos aproximarmos do cora\u00e7\u00e3o de Maria, mais perto estaremos do cora\u00e7\u00e3o de Jesus. Como escreveu S\u00e3o Lu\u00eds Maria Grignion de Montfort, a devo\u00e7\u00e3o a Maria <em>\u201c\u00e9 a maneira mais segura, mais f\u00e1cil, mais curta e mais perfeita de se aproximar de Jesus\u201d<\/em>.<\/span><\/p>\n<p style=\"text-align: right;\"><span style=\"color: #0000ff; font-size: 12px;\"><span style=\"color: #000000;\">Fonte:<\/span> <a style=\"color: #0000ff;\" href=\"https:\/\/pt.aleteia.org\/2020\/09\/19\/fatima-o-terco-e-o-inferno\/\">F\u00e1tima, o ter\u00e7o e o inferno (levemente adaptado)<\/a><\/span><\/p>\n<h3 style=\"text-align: center;\">****<\/h3>\n<p style=\"text-align: center;\"><strong><span style=\"color: #000000;\">Receba conte\u00fados de inspira\u00e7\u00e3o cat\u00f3lica no seu celular todos os dias que te ajudar\u00e3o a se aproximar ainda mais de Nossa Senhora de F\u00e1tima.<\/span><\/strong><\/p>\n<p><span style=\"color: #000000;\"><span style=\"color: #0000ff;\"><a style=\"color: #0000ff;\" href=\"https:\/\/t.me\/devotosdefatima\" target=\"_blank\" rel=\"noopener\"><span style=\"text-decoration: underline;\"><span style=\"font-weight: 400;\">Acesse aqui<\/span><\/span><\/a><\/span><span style=\"font-weight: 400;\"> e fa\u00e7a parte da nossa comunidade no Telegram e o seu nome ser\u00e1 lembrado na pr\u00f3xima Santa Missa.<\/span><\/span><\/p>\n<p><a href=\"https:\/\/t.me\/devotosdefatima\" target=\"_blank\" rel=\"noopener\"><img loading=\"lazy\" class=\"size-medium wp-image-66844 aligncenter\" src=\"https:\/\/www.adf.org.br\/home\/wp-content\/uploads\/2021\/12\/Post-ADF-18_06-768x517-1-300x202.png\" alt=\"\" width=\"300\" height=\"202\" srcset=\"https:\/\/www.adf.org.br\/home\/wp-content\/uploads\/2021\/12\/Post-ADF-18_06-768x517-1-300x202.png 300w, https:\/\/www.adf.org.br\/home\/wp-content\/uploads\/2021\/12\/Post-ADF-18_06-768x517-1.png 768w\" sizes=\"(max-width: 300px) 100vw, 300px\" \/><\/a><\/p>\n","protected":false},"excerpt":{"rendered":"<p>Em F\u00e1tima, Maria mostra o inferno e indica o ter\u00e7o como caminho de salva\u00e7\u00e3o! &nbsp; Quando Nossa Senhora apareceu aos tr\u00eas pastorzinhos em F\u00e1tima, em 1917, ela permitiu que eles tivessem uma vis\u00e3o do inferno que assustaria qualquer crian\u00e7a (ou adulto). Eles viram um \u201cvasto mar de fogo\u201d e, dentro dele, muitas almas sendo atormentadas. [&hellip;]<\/p>\n","protected":false},"author":30,"featured_media":66477,"comment_status":"open","ping_status":"open","sticky":false,"template":"","format":"standard","meta":[],"categories":[9,20,56,2510],"tags":[57,166,4655,563],"yoast_head":"<!-- This site is optimized with the Yoast SEO plugin v17.4 - https:\/\/yoast.com\/wordpress\/plugins\/seo\/ -->\n<title>Em F\u00e1tima, Maria mostra o inferno e indica o ter\u00e7o como caminho de salva\u00e7\u00e3o!<\/title>\n<meta name=\"description\" content=\"Na terceira apari\u00e7\u00e3o, Nossa Senhora apresenta aos Pastorinhos o Inferno. Entenda por qual motivo Maria Sant\u00edssima deu-lhes esta vis\u00e3o clicando aqui.\" \/>\n<meta name=\"robots\" content=\"index, follow, max-snippet:-1, max-image-preview:large, max-video-preview:-1\" \/>\n<link rel=\"canonical\" href=\"https:\/\/www.adf.org.br\/home\/em-fatima-maria-mostra-o-inferno-e-indica-o-terco-como-caminho-de-salvacao\/\" \/>\n<meta property=\"og:locale\" content=\"pt_BR\" \/>\n<meta property=\"og:type\" content=\"article\" \/>\n<meta property=\"og:title\" content=\"Em F\u00e1tima, Maria mostra o inferno e indica o ter\u00e7o como caminho de salva\u00e7\u00e3o!\" \/>\n<meta property=\"og:description\" content=\"Na terceira apari\u00e7\u00e3o, Nossa Senhora apresenta aos Pastorinhos o Inferno. Entenda por qual motivo Maria Sant\u00edssima deu-lhes esta vis\u00e3o clicando aqui.\" \/>\n<meta property=\"og:url\" content=\"https:\/\/www.adf.org.br\/home\/em-fatima-maria-mostra-o-inferno-e-indica-o-terco-como-caminho-de-salvacao\/\" \/>\n<meta property=\"og:site_name\" content=\"Associa\u00e7\u00e3o Devotos de F\u00e1tima\" \/>\n<meta property=\"article:published_time\" content=\"2022-01-23T03:06:56+00:00\" \/>\n<meta property=\"article:modified_time\" content=\"2022-01-18T13:43:38+00:00\" \/>\n<meta property=\"og:image\" content=\"https:\/\/www.adf.org.br\/home\/wp-content\/uploads\/2021\/11\/pastorinhos-de-fatima.png\" \/>\n\t<meta property=\"og:image:width\" content=\"600\" \/>\n\t<meta property=\"og:image:height\" content=\"338\" \/>\n<meta name=\"twitter:card\" content=\"summary_large_image\" \/>\n<meta name=\"twitter:label1\" content=\"Escrito por\" \/>\n\t<meta name=\"twitter:data1\" content=\"Luiz Felipe\" \/>\n\t<meta name=\"twitter:label2\" content=\"Est. tempo de leitura\" \/>\n\t<meta name=\"twitter:data2\" content=\"4 minutos\" \/>\n<script type=\"application\/ld+json\" class=\"yoast-schema-graph\">{\"@context\":\"https:\/\/schema.org\",\"@graph\":[{\"@type\":\"WebSite\",\"@id\":\"https:\/\/www.adf.org.br\/home\/#website\",\"url\":\"https:\/\/www.adf.org.br\/home\/\",\"name\":\"Associa\\u00e7\\u00e3o Devotos de F\\u00e1tima\",\"description\":\"Associa\\u00e7\\u00e3o Devotos de F\\u00e1tima\",\"potentialAction\":[{\"@type\":\"SearchAction\",\"target\":{\"@type\":\"EntryPoint\",\"urlTemplate\":\"https:\/\/www.adf.org.br\/home\/?s={search_term_string}\"},\"query-input\":\"required name=search_term_string\"}],\"inLanguage\":\"pt-BR\"},{\"@type\":\"ImageObject\",\"@id\":\"https:\/\/www.adf.org.br\/home\/em-fatima-maria-mostra-o-inferno-e-indica-o-terco-como-caminho-de-salvacao\/#primaryimage\",\"inLanguage\":\"pt-BR\",\"url\":\"https:\/\/www.adf.org.br\/home\/wp-content\/uploads\/2021\/11\/pastorinhos-de-fatima.png\",\"contentUrl\":\"https:\/\/www.adf.org.br\/home\/wp-content\/uploads\/2021\/11\/pastorinhos-de-fatima.png\",\"width\":600,\"height\":338},{\"@type\":\"WebPage\",\"@id\":\"https:\/\/www.adf.org.br\/home\/em-fatima-maria-mostra-o-inferno-e-indica-o-terco-como-caminho-de-salvacao\/#webpage\",\"url\":\"https:\/\/www.adf.org.br\/home\/em-fatima-maria-mostra-o-inferno-e-indica-o-terco-como-caminho-de-salvacao\/\",\"name\":\"Em F\\u00e1tima, Maria mostra o inferno e indica o ter\\u00e7o como caminho de salva\\u00e7\\u00e3o!\",\"isPartOf\":{\"@id\":\"https:\/\/www.adf.org.br\/home\/#website\"},\"primaryImageOfPage\":{\"@id\":\"https:\/\/www.adf.org.br\/home\/em-fatima-maria-mostra-o-inferno-e-indica-o-terco-como-caminho-de-salvacao\/#primaryimage\"},\"datePublished\":\"2022-01-23T03:06:56+00:00\",\"dateModified\":\"2022-01-18T13:43:38+00:00\",\"author\":{\"@id\":\"https:\/\/www.adf.org.br\/home\/#\/schema\/person\/1ad877d1f255f4637ee020b3b16138ee\"},\"description\":\"Na terceira apari\\u00e7\\u00e3o, Nossa Senhora apresenta aos Pastorinhos o Inferno. Entenda por qual motivo Maria Sant\\u00edssima deu-lhes esta vis\\u00e3o clicando aqui.\",\"breadcrumb\":{\"@id\":\"https:\/\/www.adf.org.br\/home\/em-fatima-maria-mostra-o-inferno-e-indica-o-terco-como-caminho-de-salvacao\/#breadcrumb\"},\"inLanguage\":\"pt-BR\",\"potentialAction\":[{\"@type\":\"ReadAction\",\"target\":[\"https:\/\/www.adf.org.br\/home\/em-fatima-maria-mostra-o-inferno-e-indica-o-terco-como-caminho-de-salvacao\/\"]}]},{\"@type\":\"BreadcrumbList\",\"@id\":\"https:\/\/www.adf.org.br\/home\/em-fatima-maria-mostra-o-inferno-e-indica-o-terco-como-caminho-de-salvacao\/#breadcrumb\",\"itemListElement\":[{\"@type\":\"ListItem\",\"position\":1,\"name\":\"Home\",\"item\":\"https:\/\/www.adf.org.br\/home\/\"},{\"@type\":\"ListItem\",\"position\":2,\"name\":\"Em F\\u00e1tima, Maria mostra o inferno e indica o ter\\u00e7o como caminho de salva\\u00e7\\u00e3o!\"}]},{\"@type\":\"Person\",\"@id\":\"https:\/\/www.adf.org.br\/home\/#\/schema\/person\/1ad877d1f255f4637ee020b3b16138ee\",\"name\":\"Luiz Felipe\",\"image\":{\"@type\":\"ImageObject\",\"@id\":\"https:\/\/www.adf.org.br\/home\/#personlogo\",\"inLanguage\":\"pt-BR\",\"url\":\"https:\/\/secure.gravatar.com\/avatar\/f8f0a14d57a57f103e42363994b25ba9?s=96&d=mm&r=g\",\"contentUrl\":\"https:\/\/secure.gravatar.com\/avatar\/f8f0a14d57a57f103e42363994b25ba9?s=96&d=mm&r=g\",\"caption\":\"Luiz Felipe\"},\"url\":\"https:\/\/www.adf.org.br\/home\/author\/luiz-merencianopmk-com-br\/\"}]}<\/script>\n<!-- \/ Yoast SEO plugin. -->","yoast_head_json":{"title":"Em F\u00e1tima, Maria mostra o inferno e indica o ter\u00e7o como caminho de salva\u00e7\u00e3o!","description":"Na terceira apari\u00e7\u00e3o, Nossa Senhora apresenta aos Pastorinhos o Inferno. Entenda por qual motivo Maria Sant\u00edssima deu-lhes esta vis\u00e3o clicando aqui.","robots":{"index":"index","follow":"follow","max-snippet":"max-snippet:-1","max-image-preview":"max-image-preview:large","max-video-preview":"max-video-preview:-1"},"canonical":"https:\/\/www.adf.org.br\/home\/em-fatima-maria-mostra-o-inferno-e-indica-o-terco-como-caminho-de-salvacao\/","og_locale":"pt_BR","og_type":"article","og_title":"Em F\u00e1tima, Maria mostra o inferno e indica o ter\u00e7o como caminho de salva\u00e7\u00e3o!","og_description":"Na terceira apari\u00e7\u00e3o, Nossa Senhora apresenta aos Pastorinhos o Inferno. Entenda por qual motivo Maria Sant\u00edssima deu-lhes esta vis\u00e3o clicando aqui.","og_url":"https:\/\/www.adf.org.br\/home\/em-fatima-maria-mostra-o-inferno-e-indica-o-terco-como-caminho-de-salvacao\/","og_site_name":"Associa\u00e7\u00e3o Devotos de F\u00e1tima","article_published_time":"2022-01-23T03:06:56+00:00","article_modified_time":"2022-01-18T13:43:38+00:00","og_image":[{"width":600,"height":338,"url":"https:\/\/www.adf.org.br\/home\/wp-content\/uploads\/2021\/11\/pastorinhos-de-fatima.png","type":"image\/png"}],"twitter_card":"summary_large_image","twitter_misc":{"Escrito por":"Luiz Felipe","Est. tempo de leitura":"4 minutos"},"schema":{"@context":"https:\/\/schema.org","@graph":[{"@type":"WebSite","@id":"https:\/\/www.adf.org.br\/home\/#website","url":"https:\/\/www.adf.org.br\/home\/","name":"Associa\u00e7\u00e3o Devotos de F\u00e1tima","description":"Associa\u00e7\u00e3o Devotos de F\u00e1tima","potentialAction":[{"@type":"SearchAction","target":{"@type":"EntryPoint","urlTemplate":"https:\/\/www.adf.org.br\/home\/?s={search_term_string}"},"query-input":"required name=search_term_string"}],"inLanguage":"pt-BR"},{"@type":"ImageObject","@id":"https:\/\/www.adf.org.br\/home\/em-fatima-maria-mostra-o-inferno-e-indica-o-terco-como-caminho-de-salvacao\/#primaryimage","inLanguage":"pt-BR","url":"https:\/\/www.adf.org.br\/home\/wp-content\/uploads\/2021\/11\/pastorinhos-de-fatima.png","contentUrl":"https:\/\/www.adf.org.br\/home\/wp-content\/uploads\/2021\/11\/pastorinhos-de-fatima.png","width":600,"height":338},{"@type":"WebPage","@id":"https:\/\/www.adf.org.br\/home\/em-fatima-maria-mostra-o-inferno-e-indica-o-terco-como-caminho-de-salvacao\/#webpage","url":"https:\/\/www.adf.org.br\/home\/em-fatima-maria-mostra-o-inferno-e-indica-o-terco-como-caminho-de-salvacao\/","name":"Em F\u00e1tima, Maria mostra o inferno e indica o ter\u00e7o como caminho de salva\u00e7\u00e3o!","isPartOf":{"@id":"https:\/\/www.adf.org.br\/home\/#website"},"primaryImageOfPage":{"@id":"https:\/\/www.adf.org.br\/home\/em-fatima-maria-mostra-o-inferno-e-indica-o-terco-como-caminho-de-salvacao\/#primaryimage"},"datePublished":"2022-01-23T03:06:56+00:00","dateModified":"2022-01-18T13:43:38+00:00","author":{"@id":"https:\/\/www.adf.org.br\/home\/#\/schema\/person\/1ad877d1f255f4637ee020b3b16138ee"},"description":"Na terceira apari\u00e7\u00e3o, Nossa Senhora apresenta aos Pastorinhos o Inferno. Entenda por qual motivo Maria Sant\u00edssima deu-lhes esta vis\u00e3o clicando aqui.","breadcrumb":{"@id":"https:\/\/www.adf.org.br\/home\/em-fatima-maria-mostra-o-inferno-e-indica-o-terco-como-caminho-de-salvacao\/#breadcrumb"},"inLanguage":"pt-BR","potentialAction":[{"@type":"ReadAction","target":["https:\/\/www.adf.org.br\/home\/em-fatima-maria-mostra-o-inferno-e-indica-o-terco-como-caminho-de-salvacao\/"]}]},{"@type":"BreadcrumbList","@id":"https:\/\/www.adf.org.br\/home\/em-fatima-maria-mostra-o-inferno-e-indica-o-terco-como-caminho-de-salvacao\/#breadcrumb","itemListElement":[{"@type":"ListItem","position":1,"name":"Home","item":"https:\/\/www.adf.org.br\/home\/"},{"@type":"ListItem","position":2,"name":"Em F\u00e1tima, Maria mostra o inferno e indica o ter\u00e7o como caminho de salva\u00e7\u00e3o!"}]},{"@type":"Person","@id":"https:\/\/www.adf.org.br\/home\/#\/schema\/person\/1ad877d1f255f4637ee020b3b16138ee","name":"Luiz Felipe","image":{"@type":"ImageObject","@id":"https:\/\/www.adf.org.br\/home\/#personlogo","inLanguage":"pt-BR","url":"https:\/\/secure.gravatar.com\/avatar\/f8f0a14d57a57f103e42363994b25ba9?s=96&d=mm&r=g","contentUrl":"https:\/\/secure.gravatar.com\/avatar\/f8f0a14d57a57f103e42363994b25ba9?s=96&d=mm&r=g","caption":"Luiz Felipe"},"url":"https:\/\/www.adf.org.br\/home\/author\/luiz-merencianopmk-com-br\/"}]}},"_links":{"self":[{"href":"https:\/\/www.adf.org.br\/home\/wp-json\/wp\/v2\/posts\/67035"}],"collection":[{"href":"https:\/\/www.adf.org.br\/home\/wp-json\/wp\/v2\/posts"}],"about":[{"href":"https:\/\/www.adf.org.br\/home\/wp-json\/wp\/v2\/types\/post"}],"author":[{"embeddable":true,"href":"https:\/\/www.adf.org.br\/home\/wp-json\/wp\/v2\/users\/30"}],"replies":[{"embeddable":true,"href":"https:\/\/www.adf.org.br\/home\/wp-json\/wp\/v2\/comments?post=67035"}],"version-history":[{"count":4,"href":"https:\/\/www.adf.org.br\/home\/wp-json\/wp\/v2\/posts\/67035\/revisions"}],"predecessor-version":[{"id":67041,"href":"https:\/\/www.adf.org.br\/home\/wp-json\/wp\/v2\/posts\/67035\/revisions\/67041"}],"wp:featuredmedia":[{"embeddable":true,"href":"https:\/\/www.adf.org.br\/home\/wp-json\/wp\/v2\/media\/66477"}],"wp:attachment":[{"href":"https:\/\/www.adf.org.br\/home\/wp-json\/wp\/v2\/media?parent=67035"}],"wp:term":[{"taxonomy":"category","embeddable":true,"href":"https:\/\/www.adf.org.br\/home\/wp-json\/wp\/v2\/categories?post=67035"},{"taxonomy":"post_tag","embeddable":true,"href":"https:\/\/www.adf.org.br\/home\/wp-json\/wp\/v2\/tags?post=67035"}],"curies":[{"name":"wp","href":"https:\/\/api.w.org\/{rel}","templated":true}]}}