{"id":66990,"date":"2022-01-11T00:04:18","date_gmt":"2022-01-11T03:04:18","guid":{"rendered":"https:\/\/www.adf.org.br\/home\/?p=66990"},"modified":"2022-01-10T15:18:20","modified_gmt":"2022-01-10T18:18:20","slug":"peca-a-bencao-de-nossa-senhora-sobre-todas-as-suas-acoes-reze-conosco","status":"publish","type":"post","link":"https:\/\/www.adf.org.br\/home\/peca-a-bencao-de-nossa-senhora-sobre-todas-as-suas-acoes-reze-conosco\/","title":{"rendered":"Pe\u00e7a a ben\u00e7\u00e3o de Nossa Senhora sobre todas as suas a\u00e7\u00f5es. Reze conosco!"},"content":{"rendered":"<header class=\"post-header\">\n<h2 style=\"text-align: center;\"><span style=\"color: #000000;\">Pe\u00e7a a ben\u00e7\u00e3o de Nossa Senhora sobre todas as suas a\u00e7\u00f5es. Reze conosco!<\/span><\/h2>\n<p>&nbsp;<\/p>\n<figure id=\"attachment_64647\" aria-describedby=\"caption-attachment-64647\" style=\"width: 620px\" class=\"wp-caption aligncenter\"><a href=\"https:\/\/t.me\/devotosdefatima\" target=\"_blank\" rel=\"noopener\"><img loading=\"lazy\" class=\"wp-image-64647 size-full\" src=\"https:\/\/www.adf.org.br\/home\/wp-content\/uploads\/2021\/05\/Nossa-Senhora-de-F\u00e1tima-no-C\u00e9u.jpg\" alt=\"\" width=\"620\" height=\"393\" srcset=\"https:\/\/www.adf.org.br\/home\/wp-content\/uploads\/2021\/05\/Nossa-Senhora-de-F\u00e1tima-no-C\u00e9u.jpg 620w, https:\/\/www.adf.org.br\/home\/wp-content\/uploads\/2021\/05\/Nossa-Senhora-de-F\u00e1tima-no-C\u00e9u-300x190.jpg 300w\" sizes=\"(max-width: 620px) 100vw, 620px\" \/><\/a><figcaption id=\"caption-attachment-64647\" class=\"wp-caption-text\"><center>Nossa Senhora de F\u00e1tima, velai por mim!<\/center><\/figcaption><\/figure>\n<h3 class=\"post-title\" style=\"text-align: center;\"><span style=\"color: #000000;\">Ora\u00e7\u00e3o para pedir a b\u00ean\u00e7\u00e3o \u00e0 <span style=\"color: #0000ff;\"><a style=\"color: #0000ff;\" href=\"https:\/\/t.me\/devotosdefatima\" target=\"_blank\" rel=\"noopener\">Sant\u00edssima Virgem<\/a><\/span><\/span><\/h3>\n<\/header>\n<div class=\"post-content\">\n<p><span style=\"color: #000000;\"><span style=\"color: #800080; font-size: 32px;\"><strong>\u2123. A<\/strong><\/span>ben\u00e7oai vosso filho, \u00f3 minha M\u00e3e! Quando me ajoelho para oferecer ao Senhor o tributo dos meus louvores e da minha prece, que eu lhe apresento o meu cora\u00e7\u00e3o logo pela manh\u00e3 e pe\u00e7o para o dia a sua b\u00ean\u00e7\u00e3o paterna,<\/span><\/p>\n<p><span style=\"color: #000000;\">\u211f. Aben\u00e7oai vosso filho, <span style=\"color: #0000ff;\"><a style=\"color: #0000ff;\" href=\"https:\/\/t.me\/devotosdefatima\" target=\"_blank\" rel=\"noopener\">\u00f3 minha M\u00e3e<\/a><\/span>!<\/span><\/p>\n<figure id=\"attachment_66909\" aria-describedby=\"caption-attachment-66909\" style=\"width: 175px\" class=\"wp-caption alignleft\"><a href=\"https:\/\/t.me\/devotosdefatima\" target=\"_blank\" rel=\"noopener\"><img loading=\"lazy\" class=\"wp-image-66909\" src=\"https:\/\/www.adf.org.br\/home\/wp-content\/uploads\/2021\/12\/20F8CB6B-88BA-4148-B981-CE4A32A4DADC-214x300.jpeg\" alt=\"\" width=\"175\" height=\"245\" srcset=\"https:\/\/www.adf.org.br\/home\/wp-content\/uploads\/2021\/12\/20F8CB6B-88BA-4148-B981-CE4A32A4DADC-214x300.jpeg 214w, https:\/\/www.adf.org.br\/home\/wp-content\/uploads\/2021\/12\/20F8CB6B-88BA-4148-B981-CE4A32A4DADC.jpeg 356w\" sizes=\"(max-width: 175px) 100vw, 175px\" \/><\/a><figcaption id=\"caption-attachment-66909\" class=\"wp-caption-text\"><center>Virgem Santa Maria, rogai por n\u00f3s!<\/center><\/figcaption><\/figure>\n<p><strong><span style=\"color: #000000;\">\u2123. Quando vou trabalhar, impelido pelo dever, quando passo de uma ocupa\u00e7\u00e3o \u00e0 outra, a cada movimento que fa\u00e7o, a cada a\u00e7\u00e3o nova,<\/span><\/strong><\/p>\n<p><span style=\"color: #000000;\">\u211f. Aben\u00e7oai vosso filho, \u00f3 minha M\u00e3e!<\/span><\/p>\n<p><span style=\"color: #000000;\">\u2123. Quando a contrariedade, a prova\u00e7\u00e3o, o cansa\u00e7o ou o t\u00e9dio vem exercitar a minha virtude, que c\u00e1lix do sofrimento se apresenta aos meus. olhos, que a miseric\u00f3rdia divina quer instruir-me ou purificar-me pelo sofrimento.<\/span><\/p>\n<p><span style=\"color: #000000;\">\u211f. Aben\u00e7oai vosso filho, <span style=\"color: #0000ff;\"><a style=\"color: #0000ff;\" href=\"https:\/\/t.me\/devotosdefatima\" target=\"_blank\" rel=\"noopener\">\u00f3 minha M\u00e3e<\/a><\/span>!<\/span><\/p>\n<p><span style=\"color: #800080;\"><strong>\u2123. Quando o inferno desencadeado contra mim, esfor\u00e7a-se em seduzir-me pelo ardil do prazer, pelo arrastamento da tenta\u00e7\u00e3o, pela sedu\u00e7\u00e3o do exemplo,<\/strong><\/span><\/p>\n<p><span style=\"color: #000000;\">\u211f. Aben\u00e7oai vosso filho, \u00f3 minha M\u00e3e!<\/span><\/p>\n<p><span style=\"color: #000000;\">\u2123. Quando vou buscar no Santo Tribunal da Penit\u00eancia, o rem\u00e9dio dos meus males, a cura das minhas chagas e a for\u00e7a para resistir ao v\u00edcio,<\/span><\/p>\n<figure id=\"attachment_65764\" aria-describedby=\"caption-attachment-65764\" style=\"width: 215px\" class=\"wp-caption alignright\"><a href=\"https:\/\/t.me\/devotosdefatima\" target=\"_blank\" rel=\"noopener\"><img loading=\"lazy\" class=\"wp-image-65764 \" src=\"https:\/\/www.adf.org.br\/home\/wp-content\/uploads\/2021\/09\/WhatsApp-Image-2021-08-07-at-13.13.04-249x300.jpeg\" alt=\"\" width=\"215\" height=\"259\" srcset=\"https:\/\/www.adf.org.br\/home\/wp-content\/uploads\/2021\/09\/WhatsApp-Image-2021-08-07-at-13.13.04-249x300.jpeg 249w, https:\/\/www.adf.org.br\/home\/wp-content\/uploads\/2021\/09\/WhatsApp-Image-2021-08-07-at-13.13.04.jpeg 599w\" sizes=\"(max-width: 215px) 100vw, 215px\" \/><\/a><figcaption id=\"caption-attachment-65764\" class=\"wp-caption-text\"><center>Nossa Senhora, intercedei por mim!<\/center><\/figcaption><\/figure>\n<p><span style=\"color: #000000;\">\u211f. Aben\u00e7oai vosso filho, <span style=\"color: #0000ff;\"><a style=\"color: #0000ff;\" href=\"https:\/\/t.me\/devotosdefatima\" target=\"_blank\" rel=\"noopener\">\u00f3 minha M\u00e3e<\/a><\/span>!<\/span><\/p>\n<h4><strong><span style=\"color: #000000;\">\u2123. Quando me dirijo \u00e0 Mesa Santa, para alimentar-me do P\u00e3o dos Anjos,<\/span><\/strong><\/h4>\n<p><span style=\"color: #000000;\">\u211f. Aben\u00e7oai vosso filho, \u00f3 minha M\u00e3e!<\/span><\/p>\n<p><span style=\"color: #000000;\">\u2123. Quando \u00e0 noite me disponho ao repouso a fim de continuar no dia seguinte, com nova coragem e novo fervor, a minha jornada para o C\u00e9u,<\/span><\/p>\n<p><span style=\"color: #000000;\">\u211f. Aben\u00e7oai vosso filho, <span style=\"color: #0000ff;\"><a style=\"color: #0000ff;\" href=\"https:\/\/t.me\/devotosdefatima\" target=\"_blank\" rel=\"noopener\">\u00f3 minha M\u00e3e<\/a><\/span>!<\/span><\/p>\n<p><span style=\"color: #800080;\"><strong>\u2123. A vossa b\u00ean\u00e7\u00e3o esteja sobre mim noite e dia, na consola\u00e7\u00e3o e na tristeza, no trabalho e no repouso, na sa\u00fade e na mol\u00e9stia, na vida, na morte, durante toda a eternidade.<\/strong><\/span><\/p>\n<p><span style=\"color: #000000;\">\u211f. Am\u00e9m.<\/span><\/p>\n<p style=\"padding-left: 400px; text-align: right;\"><span style=\"color: #000000; font-size: 10px;\">Fonte: <strong><em>Sursum Corda \u2013 Manual de devo\u00e7\u00e3o da Donzela Crist\u00e3 no Col\u00e9gio e no lar, compilado pelas Irm\u00e3s Franciscanas, 1946.<\/em><\/strong><\/span><\/p>\n<h3 style=\"text-align: center;\">****<\/h3>\n<p style=\"text-align: center;\"><strong><span style=\"color: #000000;\">Receba diariamente conte\u00fados que te ajudam a crescer na devo\u00e7\u00e3o a Virgem Sant\u00edssima no seu celular.<\/span><\/strong><\/p>\n<p><span style=\"color: #000000;\"><a href=\"https:\/\/t.me\/devotosdefatima\" target=\"_blank\" rel=\"noopener\"><span style=\"text-decoration: underline;\"><span style=\"font-weight: 400;\">Acesse aqui<\/span><\/span><\/a><span style=\"font-weight: 400;\"> ou no bot\u00e3o abaixo e fa\u00e7a parte da nossa comunidade no Telegram e o seu nome ser\u00e1 lembrado na pr\u00f3xima Santa Missa.<\/span><\/span><\/p>\n<p><a href=\"https:\/\/t.me\/devotosdefatima\" target=\"_blank\" rel=\"noopener\"><img loading=\"lazy\" class=\"size-medium wp-image-64950 aligncenter\" src=\"https:\/\/www.adf.org.br\/home\/wp-content\/uploads\/2021\/06\/Post-ADF-18_06-300x202.png\" alt=\"\" width=\"300\" height=\"202\" srcset=\"https:\/\/www.adf.org.br\/home\/wp-content\/uploads\/2021\/06\/Post-ADF-18_06-300x202.png 300w, https:\/\/www.adf.org.br\/home\/wp-content\/uploads\/2021\/06\/Post-ADF-18_06-1024x689.png 1024w, https:\/\/www.adf.org.br\/home\/wp-content\/uploads\/2021\/06\/Post-ADF-18_06-768x517.png 768w, https:\/\/www.adf.org.br\/home\/wp-content\/uploads\/2021\/06\/Post-ADF-18_06-1536x1033.png 1536w, https:\/\/www.adf.org.br\/home\/wp-content\/uploads\/2021\/06\/Post-ADF-18_06-2048x1378.png 2048w\" sizes=\"(max-width: 300px) 100vw, 300px\" \/><\/a><\/p>\n<p><span style=\"font-weight: 400; color: #000000;\">Fazer parte dessa comunidade te ajudar\u00e1 a se aproximar ainda mais de Nossa Senhora de F\u00e1tima.<\/span><\/p>\n<\/div>\n","protected":false},"excerpt":{"rendered":"<p>Pe\u00e7a a ben\u00e7\u00e3o de Nossa Senhora sobre todas as suas a\u00e7\u00f5es. Reze conosco! &nbsp; Ora\u00e7\u00e3o para pedir a b\u00ean\u00e7\u00e3o \u00e0 Sant\u00edssima Virgem \u2123. Aben\u00e7oai vosso filho, \u00f3 minha M\u00e3e! Quando me ajoelho para oferecer ao Senhor o tributo dos meus louvores e da minha prece, que eu lhe apresento o meu cora\u00e7\u00e3o logo pela manh\u00e3 [&hellip;]<\/p>\n","protected":false},"author":30,"featured_media":335,"comment_status":"open","ping_status":"open","sticky":false,"template":"","format":"standard","meta":[],"categories":[20,56,14],"tags":[57,15],"yoast_head":"<!-- This site is optimized with the Yoast SEO plugin v17.4 - https:\/\/yoast.com\/wordpress\/plugins\/seo\/ -->\n<title>Pe\u00e7a a ben\u00e7\u00e3o de Nossa Senhora sobre todas as suas a\u00e7\u00f5es. Reze conosco!<\/title>\n<meta name=\"description\" content=\"Conte com as b\u00ean\u00e7\u00e3os de Maria todos os dias em todas as suas atividades. Pe\u00e7a-as rezando conosco esta ora\u00e7\u00e3o clicando aqui.\" \/>\n<meta name=\"robots\" content=\"index, follow, max-snippet:-1, max-image-preview:large, max-video-preview:-1\" \/>\n<link rel=\"canonical\" href=\"https:\/\/www.adf.org.br\/home\/peca-a-bencao-de-nossa-senhora-sobre-todas-as-suas-acoes-reze-conosco\/\" \/>\n<meta property=\"og:locale\" content=\"pt_BR\" \/>\n<meta property=\"og:type\" content=\"article\" \/>\n<meta property=\"og:title\" content=\"Pe\u00e7a a ben\u00e7\u00e3o de Nossa Senhora sobre todas as suas a\u00e7\u00f5es. Reze conosco!\" \/>\n<meta property=\"og:description\" content=\"Conte com as b\u00ean\u00e7\u00e3os de Maria todos os dias em todas as suas atividades. Pe\u00e7a-as rezando conosco esta ora\u00e7\u00e3o clicando aqui.\" \/>\n<meta property=\"og:url\" content=\"https:\/\/www.adf.org.br\/home\/peca-a-bencao-de-nossa-senhora-sobre-todas-as-suas-acoes-reze-conosco\/\" \/>\n<meta property=\"og:site_name\" content=\"Associa\u00e7\u00e3o Devotos de F\u00e1tima\" \/>\n<meta property=\"article:published_time\" content=\"2022-01-11T03:04:18+00:00\" \/>\n<meta property=\"article:modified_time\" content=\"2022-01-10T18:18:20+00:00\" \/>\n<meta property=\"og:image\" content=\"https:\/\/www.adf.org.br\/home\/wp-content\/uploads\/2020\/06\/Nossa-Senhora-de-F\u00e1tima-50.jpg\" \/>\n\t<meta property=\"og:image:width\" content=\"600\" \/>\n\t<meta property=\"og:image:height\" content=\"350\" \/>\n<meta name=\"twitter:card\" content=\"summary_large_image\" \/>\n<meta name=\"twitter:label1\" content=\"Escrito por\" \/>\n\t<meta name=\"twitter:data1\" content=\"Luiz Felipe\" \/>\n\t<meta name=\"twitter:label2\" content=\"Est. tempo de leitura\" \/>\n\t<meta name=\"twitter:data2\" content=\"2 minutos\" \/>\n<script type=\"application\/ld+json\" class=\"yoast-schema-graph\">{\"@context\":\"https:\/\/schema.org\",\"@graph\":[{\"@type\":\"WebSite\",\"@id\":\"https:\/\/www.adf.org.br\/home\/#website\",\"url\":\"https:\/\/www.adf.org.br\/home\/\",\"name\":\"Associa\\u00e7\\u00e3o Devotos de F\\u00e1tima\",\"description\":\"Associa\\u00e7\\u00e3o Devotos de F\\u00e1tima\",\"potentialAction\":[{\"@type\":\"SearchAction\",\"target\":{\"@type\":\"EntryPoint\",\"urlTemplate\":\"https:\/\/www.adf.org.br\/home\/?s={search_term_string}\"},\"query-input\":\"required name=search_term_string\"}],\"inLanguage\":\"pt-BR\"},{\"@type\":\"ImageObject\",\"@id\":\"https:\/\/www.adf.org.br\/home\/peca-a-bencao-de-nossa-senhora-sobre-todas-as-suas-acoes-reze-conosco\/#primaryimage\",\"inLanguage\":\"pt-BR\",\"url\":\"https:\/\/www.adf.org.br\/home\/wp-content\/uploads\/2020\/06\/Nossa-Senhora-de-F\\u00e1tima-50.jpg\",\"contentUrl\":\"https:\/\/www.adf.org.br\/home\/wp-content\/uploads\/2020\/06\/Nossa-Senhora-de-F\\u00e1tima-50.jpg\",\"width\":600,\"height\":350},{\"@type\":\"WebPage\",\"@id\":\"https:\/\/www.adf.org.br\/home\/peca-a-bencao-de-nossa-senhora-sobre-todas-as-suas-acoes-reze-conosco\/#webpage\",\"url\":\"https:\/\/www.adf.org.br\/home\/peca-a-bencao-de-nossa-senhora-sobre-todas-as-suas-acoes-reze-conosco\/\",\"name\":\"Pe\\u00e7a a ben\\u00e7\\u00e3o de Nossa Senhora sobre todas as suas a\\u00e7\\u00f5es. Reze conosco!\",\"isPartOf\":{\"@id\":\"https:\/\/www.adf.org.br\/home\/#website\"},\"primaryImageOfPage\":{\"@id\":\"https:\/\/www.adf.org.br\/home\/peca-a-bencao-de-nossa-senhora-sobre-todas-as-suas-acoes-reze-conosco\/#primaryimage\"},\"datePublished\":\"2022-01-11T03:04:18+00:00\",\"dateModified\":\"2022-01-10T18:18:20+00:00\",\"author\":{\"@id\":\"https:\/\/www.adf.org.br\/home\/#\/schema\/person\/1ad877d1f255f4637ee020b3b16138ee\"},\"description\":\"Conte com as b\\u00ean\\u00e7\\u00e3os de Maria todos os dias em todas as suas atividades. Pe\\u00e7a-as rezando conosco esta ora\\u00e7\\u00e3o clicando aqui.\",\"breadcrumb\":{\"@id\":\"https:\/\/www.adf.org.br\/home\/peca-a-bencao-de-nossa-senhora-sobre-todas-as-suas-acoes-reze-conosco\/#breadcrumb\"},\"inLanguage\":\"pt-BR\",\"potentialAction\":[{\"@type\":\"ReadAction\",\"target\":[\"https:\/\/www.adf.org.br\/home\/peca-a-bencao-de-nossa-senhora-sobre-todas-as-suas-acoes-reze-conosco\/\"]}]},{\"@type\":\"BreadcrumbList\",\"@id\":\"https:\/\/www.adf.org.br\/home\/peca-a-bencao-de-nossa-senhora-sobre-todas-as-suas-acoes-reze-conosco\/#breadcrumb\",\"itemListElement\":[{\"@type\":\"ListItem\",\"position\":1,\"name\":\"Home\",\"item\":\"https:\/\/www.adf.org.br\/home\/\"},{\"@type\":\"ListItem\",\"position\":2,\"name\":\"Pe\\u00e7a a ben\\u00e7\\u00e3o de Nossa Senhora sobre todas as suas a\\u00e7\\u00f5es. Reze conosco!\"}]},{\"@type\":\"Person\",\"@id\":\"https:\/\/www.adf.org.br\/home\/#\/schema\/person\/1ad877d1f255f4637ee020b3b16138ee\",\"name\":\"Luiz Felipe\",\"image\":{\"@type\":\"ImageObject\",\"@id\":\"https:\/\/www.adf.org.br\/home\/#personlogo\",\"inLanguage\":\"pt-BR\",\"url\":\"https:\/\/secure.gravatar.com\/avatar\/f8f0a14d57a57f103e42363994b25ba9?s=96&d=mm&r=g\",\"contentUrl\":\"https:\/\/secure.gravatar.com\/avatar\/f8f0a14d57a57f103e42363994b25ba9?s=96&d=mm&r=g\",\"caption\":\"Luiz Felipe\"},\"url\":\"https:\/\/www.adf.org.br\/home\/author\/luiz-merencianopmk-com-br\/\"}]}<\/script>\n<!-- \/ Yoast SEO plugin. -->","yoast_head_json":{"title":"Pe\u00e7a a ben\u00e7\u00e3o de Nossa Senhora sobre todas as suas a\u00e7\u00f5es. Reze conosco!","description":"Conte com as b\u00ean\u00e7\u00e3os de Maria todos os dias em todas as suas atividades. Pe\u00e7a-as rezando conosco esta ora\u00e7\u00e3o clicando aqui.","robots":{"index":"index","follow":"follow","max-snippet":"max-snippet:-1","max-image-preview":"max-image-preview:large","max-video-preview":"max-video-preview:-1"},"canonical":"https:\/\/www.adf.org.br\/home\/peca-a-bencao-de-nossa-senhora-sobre-todas-as-suas-acoes-reze-conosco\/","og_locale":"pt_BR","og_type":"article","og_title":"Pe\u00e7a a ben\u00e7\u00e3o de Nossa Senhora sobre todas as suas a\u00e7\u00f5es. Reze conosco!","og_description":"Conte com as b\u00ean\u00e7\u00e3os de Maria todos os dias em todas as suas atividades. Pe\u00e7a-as rezando conosco esta ora\u00e7\u00e3o clicando aqui.","og_url":"https:\/\/www.adf.org.br\/home\/peca-a-bencao-de-nossa-senhora-sobre-todas-as-suas-acoes-reze-conosco\/","og_site_name":"Associa\u00e7\u00e3o Devotos de F\u00e1tima","article_published_time":"2022-01-11T03:04:18+00:00","article_modified_time":"2022-01-10T18:18:20+00:00","og_image":[{"width":600,"height":350,"url":"https:\/\/www.adf.org.br\/home\/wp-content\/uploads\/2020\/06\/Nossa-Senhora-de-F\u00e1tima-50.jpg","type":"image\/jpeg"}],"twitter_card":"summary_large_image","twitter_misc":{"Escrito por":"Luiz Felipe","Est. tempo de leitura":"2 minutos"},"schema":{"@context":"https:\/\/schema.org","@graph":[{"@type":"WebSite","@id":"https:\/\/www.adf.org.br\/home\/#website","url":"https:\/\/www.adf.org.br\/home\/","name":"Associa\u00e7\u00e3o Devotos de F\u00e1tima","description":"Associa\u00e7\u00e3o Devotos de F\u00e1tima","potentialAction":[{"@type":"SearchAction","target":{"@type":"EntryPoint","urlTemplate":"https:\/\/www.adf.org.br\/home\/?s={search_term_string}"},"query-input":"required name=search_term_string"}],"inLanguage":"pt-BR"},{"@type":"ImageObject","@id":"https:\/\/www.adf.org.br\/home\/peca-a-bencao-de-nossa-senhora-sobre-todas-as-suas-acoes-reze-conosco\/#primaryimage","inLanguage":"pt-BR","url":"https:\/\/www.adf.org.br\/home\/wp-content\/uploads\/2020\/06\/Nossa-Senhora-de-F\u00e1tima-50.jpg","contentUrl":"https:\/\/www.adf.org.br\/home\/wp-content\/uploads\/2020\/06\/Nossa-Senhora-de-F\u00e1tima-50.jpg","width":600,"height":350},{"@type":"WebPage","@id":"https:\/\/www.adf.org.br\/home\/peca-a-bencao-de-nossa-senhora-sobre-todas-as-suas-acoes-reze-conosco\/#webpage","url":"https:\/\/www.adf.org.br\/home\/peca-a-bencao-de-nossa-senhora-sobre-todas-as-suas-acoes-reze-conosco\/","name":"Pe\u00e7a a ben\u00e7\u00e3o de Nossa Senhora sobre todas as suas a\u00e7\u00f5es. Reze conosco!","isPartOf":{"@id":"https:\/\/www.adf.org.br\/home\/#website"},"primaryImageOfPage":{"@id":"https:\/\/www.adf.org.br\/home\/peca-a-bencao-de-nossa-senhora-sobre-todas-as-suas-acoes-reze-conosco\/#primaryimage"},"datePublished":"2022-01-11T03:04:18+00:00","dateModified":"2022-01-10T18:18:20+00:00","author":{"@id":"https:\/\/www.adf.org.br\/home\/#\/schema\/person\/1ad877d1f255f4637ee020b3b16138ee"},"description":"Conte com as b\u00ean\u00e7\u00e3os de Maria todos os dias em todas as suas atividades. Pe\u00e7a-as rezando conosco esta ora\u00e7\u00e3o clicando aqui.","breadcrumb":{"@id":"https:\/\/www.adf.org.br\/home\/peca-a-bencao-de-nossa-senhora-sobre-todas-as-suas-acoes-reze-conosco\/#breadcrumb"},"inLanguage":"pt-BR","potentialAction":[{"@type":"ReadAction","target":["https:\/\/www.adf.org.br\/home\/peca-a-bencao-de-nossa-senhora-sobre-todas-as-suas-acoes-reze-conosco\/"]}]},{"@type":"BreadcrumbList","@id":"https:\/\/www.adf.org.br\/home\/peca-a-bencao-de-nossa-senhora-sobre-todas-as-suas-acoes-reze-conosco\/#breadcrumb","itemListElement":[{"@type":"ListItem","position":1,"name":"Home","item":"https:\/\/www.adf.org.br\/home\/"},{"@type":"ListItem","position":2,"name":"Pe\u00e7a a ben\u00e7\u00e3o de Nossa Senhora sobre todas as suas a\u00e7\u00f5es. Reze conosco!"}]},{"@type":"Person","@id":"https:\/\/www.adf.org.br\/home\/#\/schema\/person\/1ad877d1f255f4637ee020b3b16138ee","name":"Luiz Felipe","image":{"@type":"ImageObject","@id":"https:\/\/www.adf.org.br\/home\/#personlogo","inLanguage":"pt-BR","url":"https:\/\/secure.gravatar.com\/avatar\/f8f0a14d57a57f103e42363994b25ba9?s=96&d=mm&r=g","contentUrl":"https:\/\/secure.gravatar.com\/avatar\/f8f0a14d57a57f103e42363994b25ba9?s=96&d=mm&r=g","caption":"Luiz Felipe"},"url":"https:\/\/www.adf.org.br\/home\/author\/luiz-merencianopmk-com-br\/"}]}},"_links":{"self":[{"href":"https:\/\/www.adf.org.br\/home\/wp-json\/wp\/v2\/posts\/66990"}],"collection":[{"href":"https:\/\/www.adf.org.br\/home\/wp-json\/wp\/v2\/posts"}],"about":[{"href":"https:\/\/www.adf.org.br\/home\/wp-json\/wp\/v2\/types\/post"}],"author":[{"embeddable":true,"href":"https:\/\/www.adf.org.br\/home\/wp-json\/wp\/v2\/users\/30"}],"replies":[{"embeddable":true,"href":"https:\/\/www.adf.org.br\/home\/wp-json\/wp\/v2\/comments?post=66990"}],"version-history":[{"count":4,"href":"https:\/\/www.adf.org.br\/home\/wp-json\/wp\/v2\/posts\/66990\/revisions"}],"predecessor-version":[{"id":66994,"href":"https:\/\/www.adf.org.br\/home\/wp-json\/wp\/v2\/posts\/66990\/revisions\/66994"}],"wp:featuredmedia":[{"embeddable":true,"href":"https:\/\/www.adf.org.br\/home\/wp-json\/wp\/v2\/media\/335"}],"wp:attachment":[{"href":"https:\/\/www.adf.org.br\/home\/wp-json\/wp\/v2\/media?parent=66990"}],"wp:term":[{"taxonomy":"category","embeddable":true,"href":"https:\/\/www.adf.org.br\/home\/wp-json\/wp\/v2\/categories?post=66990"},{"taxonomy":"post_tag","embeddable":true,"href":"https:\/\/www.adf.org.br\/home\/wp-json\/wp\/v2\/tags?post=66990"}],"curies":[{"name":"wp","href":"https:\/\/api.w.org\/{rel}","templated":true}]}}