{"id":66794,"date":"2021-12-21T00:01:38","date_gmt":"2021-12-21T03:01:38","guid":{"rendered":"https:\/\/www.adf.org.br\/home\/?p=66794"},"modified":"2021-12-09T15:18:19","modified_gmt":"2021-12-09T18:18:19","slug":"expectativa-de-maria-pelo-nascimento-de-seu-divino-filho","status":"publish","type":"post","link":"https:\/\/www.adf.org.br\/home\/expectativa-de-maria-pelo-nascimento-de-seu-divino-filho\/","title":{"rendered":"Expectativa de Maria pelo Nascimento de seu Divino Filho"},"content":{"rendered":"<h2 style=\"text-align: center;\"><span style=\"color: #000000;\"><strong>Expectativa de Maria pelo Nascimento de seu Divino Filho<\/strong><\/span><\/h2>\n<p>&nbsp;<\/p>\n<figure id=\"attachment_66859\" aria-describedby=\"caption-attachment-66859\" style=\"width: 512px\" class=\"wp-caption aligncenter\"><a href=\"https:\/\/www.adf.org.br\/velanatalina\/?origem=22242\" target=\"_blank\" rel=\"noopener\"><img loading=\"lazy\" class=\"wp-image-66859 size-full\" src=\"https:\/\/www.adf.org.br\/home\/wp-content\/uploads\/2021\/12\/unnamed-1-1.png\" alt=\"\" width=\"512\" height=\"332\" srcset=\"https:\/\/www.adf.org.br\/home\/wp-content\/uploads\/2021\/12\/unnamed-1-1.png 512w, https:\/\/www.adf.org.br\/home\/wp-content\/uploads\/2021\/12\/unnamed-1-1-300x195.png 300w\" sizes=\"(max-width: 512px) 100vw, 512px\" \/><\/a><figcaption id=\"caption-attachment-66859\" class=\"wp-caption-text\"><center>Maria Sant\u00edssima, gravida, em ora\u00e7\u00e3o a espera do nascimento de seu divino Filho<\/center><\/figcaption><\/figure>\n<p><span style=\"color: #000000;\"><span style=\"color: #800080; font-size: 32px;\"><strong>M<\/strong><\/span><a href=\"https:\/\/www.adf.org.br\/velanatalina\/?origem=22242\" target=\"_blank\" rel=\"noopener\"><strong><span style=\"color: #0000ff;\">aria Sant\u00edssima<\/span><\/strong><\/a>, inflamada na mais alta caridade desde o primeiro instante da sua <span style=\"color: #0000ff;\"><a style=\"color: #0000ff;\" href=\"https:\/\/www.adf.org.br\/velanatalina\/?origem=22242\" target=\"_blank\" rel=\"noopener\">Concei\u00e7\u00e3o<\/a><\/span>, desejava ardentemente a vinda do Messias para a reden\u00e7\u00e3o do g\u00eanero humano,<\/span><\/p>\n<figure id=\"attachment_66721\" aria-describedby=\"caption-attachment-66721\" style=\"width: 181px\" class=\"wp-caption alignright\"><a href=\"https:\/\/www.adf.org.br\/velanatalina\/?origem=22242\" target=\"_blank\" rel=\"noopener\"><img loading=\"lazy\" class=\"wp-image-66721 size-medium\" src=\"https:\/\/www.adf.org.br\/home\/wp-content\/uploads\/2021\/11\/Virgem-do-O-181x300.jpg\" alt=\"\" width=\"181\" height=\"300\" srcset=\"https:\/\/www.adf.org.br\/home\/wp-content\/uploads\/2021\/11\/Virgem-do-O-181x300.jpg 181w, https:\/\/www.adf.org.br\/home\/wp-content\/uploads\/2021\/11\/Virgem-do-O.jpg 301w\" sizes=\"(max-width: 181px) 100vw, 181px\" \/><\/a><figcaption id=\"caption-attachment-66721\" class=\"wp-caption-text\"><center>Virgem do \u00d3<\/center><\/figcaption><\/figure>\n<p><span style=\"color: #800080;\"><strong>Por\u00e9m, depois que teve ventura e gl\u00f3ria inef\u00e1vel de conceber em seu cast\u00edssimo ventre o mesmo Redentor divino, quem pode explicar quais foram os transportes do seu cora\u00e7\u00e3o?<\/strong><\/span><\/p>\n<p><span style=\"color: #000000;\">Com que veem\u00eancia desejava ver j\u00e1 nascido o<span style=\"color: #0000ff;\"><a style=\"color: #0000ff;\" href=\"https:\/\/www.adf.org.br\/velanatalina\/?origem=22242\" target=\"_blank\" rel=\"noopener\"> Verbo encarnado<\/a><\/span> para que Deus fosse glorificado, e os homens livres da tirania do dem\u00f4nio e do pecado, em que h\u00e1 tanto tempo gemiam!<\/span><\/p>\n<p><strong><span style=\"color: #000000;\">Suspirava sem cessar por este ditoso momento; era ele o objeto dos seus votos e \u00e2nsias.<\/span><\/strong><\/p>\n<p><span style=\"color: #000000;\">N\u00f3s temos muitas vezes a ventura de receber em nossos cora\u00e7\u00f5es, pela sagrada comunh\u00e3o, aquele mesmo Deus que <span style=\"color: #0000ff;\"><a style=\"color: #0000ff;\" href=\"https:\/\/www.adf.org.br\/velanatalina\/?origem=22242\" target=\"_blank\" rel=\"noopener\">Maria<\/a><\/span> concebeu em suas entranhas virginais;<\/span><\/p>\n<p><span style=\"color: #800080;\"><strong>Mas por ventura preparamo-nos como ela para a sua vinda, pela pr\u00e1tica das virtudes, ardor da caridade, e pureza de vida?<\/strong><\/span><\/p>\n<p><span style=\"color: #000000;\">Ah! Envergonhemo-nos da nossa tibieza e aprendamos da <span style=\"color: #0000ff;\"><a style=\"color: #0000ff;\" href=\"https:\/\/www.adf.org.br\/velanatalina\/?origem=22242\" target=\"_blank\" rel=\"noopener\">Virgem Sant\u00edssima<\/a><\/span> a excitar em n\u00f3s vivos afetos e fervorosos desejos de nos unirmos com Jesus, e aproveitar os saud\u00e1veis efeitos da Sua presen\u00e7a.<\/span><\/p>\n<h5 style=\"text-align: right;\"><span style=\"color: #000000;\">Fonte: Flores a Maria, do Pe. Martinho Pereira da Silva<\/span><\/h5>\n<h3 style=\"text-align: center;\">****<\/h3>\n<p style=\"text-align: center;\"><strong><span style=\"color: #000000;\">Conte com as b\u00ean\u00e7\u00e3os do Menino Jesus para um Natal de alegria, paz e harmonia em sua fam\u00edlia!<\/span><\/strong><\/p>\n<p><span style=\"color: #000000;\">Para isso, <span style=\"color: #0000ff;\"><a style=\"color: #0000ff;\" href=\"https:\/\/www.adf.org.br\/velanatalina\/?origem=22242\" target=\"_blank\" rel=\"noopener\"><span style=\"text-decoration: underline;\">acenda a Vela Natalina<\/span><\/a><\/span> e tenha seus pedidos e s\u00faplicas inclu\u00eddos na Santa Missa de Natal, que ser\u00e1 celebrada no dia 25 de dezembro.<\/span><\/p>\n<p><a href=\"https:\/\/www.adf.org.br\/velanatalina\/?origem=22242\" target=\"_blank\" rel=\"noopener\"><img loading=\"lazy\" class=\"wp-image-62941 aligncenter\" src=\"https:\/\/www.adf.org.br\/home\/wp-content\/uploads\/2020\/12\/capa-post-vela-300x175.gif\" alt=\"\" width=\"319\" height=\"186\" \/><\/a><\/p>\n<p><span style=\"color: #000000;\">N\u00e3o esque\u00e7a, de incluir aqueles que voc\u00ea deseja que tenham tamb\u00e9m um Santo e Feliz Natal!<\/span><\/p>\n","protected":false},"excerpt":{"rendered":"<p>Expectativa de Maria pelo Nascimento de seu Divino Filho &nbsp; Maria Sant\u00edssima, inflamada na mais alta caridade desde o primeiro instante da sua Concei\u00e7\u00e3o, desejava ardentemente a vinda do Messias para a reden\u00e7\u00e3o do g\u00eanero humano, Por\u00e9m, depois que teve ventura e gl\u00f3ria inef\u00e1vel de conceber em seu cast\u00edssimo ventre o mesmo Redentor divino, quem [&hellip;]<\/p>\n","protected":false},"author":30,"featured_media":66859,"comment_status":"open","ping_status":"open","sticky":false,"template":"","format":"standard","meta":[],"categories":[20,3069,56],"tags":[39,57],"yoast_head":"<!-- This site is optimized with the Yoast SEO plugin v17.4 - https:\/\/yoast.com\/wordpress\/plugins\/seo\/ -->\n<title>Expectativa de Maria pelo Nascimento de seu Divino Filho<\/title>\n<meta name=\"description\" content=\"O Natal est\u00e1 as portas. E como Nossa Senhora se preparava para o Nascimento de Jesus Nosso Salvador? O que podemos aprender disso? Descubra clicando aqui.\" \/>\n<meta name=\"robots\" content=\"index, follow, max-snippet:-1, max-image-preview:large, max-video-preview:-1\" \/>\n<link rel=\"canonical\" href=\"https:\/\/www.adf.org.br\/home\/expectativa-de-maria-pelo-nascimento-de-seu-divino-filho\/\" \/>\n<meta property=\"og:locale\" content=\"pt_BR\" \/>\n<meta property=\"og:type\" content=\"article\" \/>\n<meta property=\"og:title\" content=\"Expectativa de Maria pelo Nascimento de seu Divino Filho\" \/>\n<meta property=\"og:description\" content=\"O Natal est\u00e1 as portas. E como Nossa Senhora se preparava para o Nascimento de Jesus Nosso Salvador? O que podemos aprender disso? Descubra clicando aqui.\" \/>\n<meta property=\"og:url\" content=\"https:\/\/www.adf.org.br\/home\/expectativa-de-maria-pelo-nascimento-de-seu-divino-filho\/\" \/>\n<meta property=\"og:site_name\" content=\"Associa\u00e7\u00e3o Devotos de F\u00e1tima\" \/>\n<meta property=\"article:published_time\" content=\"2021-12-21T03:01:38+00:00\" \/>\n<meta property=\"article:modified_time\" content=\"2021-12-09T18:18:19+00:00\" \/>\n<meta property=\"og:image\" content=\"https:\/\/www.adf.org.br\/home\/wp-content\/uploads\/2021\/12\/unnamed-1-1.png\" \/>\n\t<meta property=\"og:image:width\" content=\"512\" \/>\n\t<meta property=\"og:image:height\" content=\"332\" \/>\n<meta name=\"twitter:card\" content=\"summary_large_image\" \/>\n<meta name=\"twitter:label1\" content=\"Escrito por\" \/>\n\t<meta name=\"twitter:data1\" content=\"Luiz Felipe\" \/>\n\t<meta name=\"twitter:label2\" content=\"Est. tempo de leitura\" \/>\n\t<meta name=\"twitter:data2\" content=\"2 minutos\" \/>\n<script type=\"application\/ld+json\" class=\"yoast-schema-graph\">{\"@context\":\"https:\/\/schema.org\",\"@graph\":[{\"@type\":\"WebSite\",\"@id\":\"https:\/\/www.adf.org.br\/home\/#website\",\"url\":\"https:\/\/www.adf.org.br\/home\/\",\"name\":\"Associa\\u00e7\\u00e3o Devotos de F\\u00e1tima\",\"description\":\"Associa\\u00e7\\u00e3o Devotos de F\\u00e1tima\",\"potentialAction\":[{\"@type\":\"SearchAction\",\"target\":{\"@type\":\"EntryPoint\",\"urlTemplate\":\"https:\/\/www.adf.org.br\/home\/?s={search_term_string}\"},\"query-input\":\"required name=search_term_string\"}],\"inLanguage\":\"pt-BR\"},{\"@type\":\"ImageObject\",\"@id\":\"https:\/\/www.adf.org.br\/home\/expectativa-de-maria-pelo-nascimento-de-seu-divino-filho\/#primaryimage\",\"inLanguage\":\"pt-BR\",\"url\":\"https:\/\/www.adf.org.br\/home\/wp-content\/uploads\/2021\/12\/unnamed-1-1.png\",\"contentUrl\":\"https:\/\/www.adf.org.br\/home\/wp-content\/uploads\/2021\/12\/unnamed-1-1.png\",\"width\":512,\"height\":332},{\"@type\":\"WebPage\",\"@id\":\"https:\/\/www.adf.org.br\/home\/expectativa-de-maria-pelo-nascimento-de-seu-divino-filho\/#webpage\",\"url\":\"https:\/\/www.adf.org.br\/home\/expectativa-de-maria-pelo-nascimento-de-seu-divino-filho\/\",\"name\":\"Expectativa de Maria pelo Nascimento de seu Divino Filho\",\"isPartOf\":{\"@id\":\"https:\/\/www.adf.org.br\/home\/#website\"},\"primaryImageOfPage\":{\"@id\":\"https:\/\/www.adf.org.br\/home\/expectativa-de-maria-pelo-nascimento-de-seu-divino-filho\/#primaryimage\"},\"datePublished\":\"2021-12-21T03:01:38+00:00\",\"dateModified\":\"2021-12-09T18:18:19+00:00\",\"author\":{\"@id\":\"https:\/\/www.adf.org.br\/home\/#\/schema\/person\/1ad877d1f255f4637ee020b3b16138ee\"},\"description\":\"O Natal est\\u00e1 as portas. E como Nossa Senhora se preparava para o Nascimento de Jesus Nosso Salvador? O que podemos aprender disso? Descubra clicando aqui.\",\"breadcrumb\":{\"@id\":\"https:\/\/www.adf.org.br\/home\/expectativa-de-maria-pelo-nascimento-de-seu-divino-filho\/#breadcrumb\"},\"inLanguage\":\"pt-BR\",\"potentialAction\":[{\"@type\":\"ReadAction\",\"target\":[\"https:\/\/www.adf.org.br\/home\/expectativa-de-maria-pelo-nascimento-de-seu-divino-filho\/\"]}]},{\"@type\":\"BreadcrumbList\",\"@id\":\"https:\/\/www.adf.org.br\/home\/expectativa-de-maria-pelo-nascimento-de-seu-divino-filho\/#breadcrumb\",\"itemListElement\":[{\"@type\":\"ListItem\",\"position\":1,\"name\":\"Home\",\"item\":\"https:\/\/www.adf.org.br\/home\/\"},{\"@type\":\"ListItem\",\"position\":2,\"name\":\"Expectativa de Maria pelo Nascimento de seu Divino Filho\"}]},{\"@type\":\"Person\",\"@id\":\"https:\/\/www.adf.org.br\/home\/#\/schema\/person\/1ad877d1f255f4637ee020b3b16138ee\",\"name\":\"Luiz Felipe\",\"image\":{\"@type\":\"ImageObject\",\"@id\":\"https:\/\/www.adf.org.br\/home\/#personlogo\",\"inLanguage\":\"pt-BR\",\"url\":\"https:\/\/secure.gravatar.com\/avatar\/f8f0a14d57a57f103e42363994b25ba9?s=96&d=mm&r=g\",\"contentUrl\":\"https:\/\/secure.gravatar.com\/avatar\/f8f0a14d57a57f103e42363994b25ba9?s=96&d=mm&r=g\",\"caption\":\"Luiz Felipe\"},\"url\":\"https:\/\/www.adf.org.br\/home\/author\/luiz-merencianopmk-com-br\/\"}]}<\/script>\n<!-- \/ Yoast SEO plugin. -->","yoast_head_json":{"title":"Expectativa de Maria pelo Nascimento de seu Divino Filho","description":"O Natal est\u00e1 as portas. E como Nossa Senhora se preparava para o Nascimento de Jesus Nosso Salvador? O que podemos aprender disso? Descubra clicando aqui.","robots":{"index":"index","follow":"follow","max-snippet":"max-snippet:-1","max-image-preview":"max-image-preview:large","max-video-preview":"max-video-preview:-1"},"canonical":"https:\/\/www.adf.org.br\/home\/expectativa-de-maria-pelo-nascimento-de-seu-divino-filho\/","og_locale":"pt_BR","og_type":"article","og_title":"Expectativa de Maria pelo Nascimento de seu Divino Filho","og_description":"O Natal est\u00e1 as portas. E como Nossa Senhora se preparava para o Nascimento de Jesus Nosso Salvador? O que podemos aprender disso? Descubra clicando aqui.","og_url":"https:\/\/www.adf.org.br\/home\/expectativa-de-maria-pelo-nascimento-de-seu-divino-filho\/","og_site_name":"Associa\u00e7\u00e3o Devotos de F\u00e1tima","article_published_time":"2021-12-21T03:01:38+00:00","article_modified_time":"2021-12-09T18:18:19+00:00","og_image":[{"width":512,"height":332,"url":"https:\/\/www.adf.org.br\/home\/wp-content\/uploads\/2021\/12\/unnamed-1-1.png","type":"image\/png"}],"twitter_card":"summary_large_image","twitter_misc":{"Escrito por":"Luiz Felipe","Est. tempo de leitura":"2 minutos"},"schema":{"@context":"https:\/\/schema.org","@graph":[{"@type":"WebSite","@id":"https:\/\/www.adf.org.br\/home\/#website","url":"https:\/\/www.adf.org.br\/home\/","name":"Associa\u00e7\u00e3o Devotos de F\u00e1tima","description":"Associa\u00e7\u00e3o Devotos de F\u00e1tima","potentialAction":[{"@type":"SearchAction","target":{"@type":"EntryPoint","urlTemplate":"https:\/\/www.adf.org.br\/home\/?s={search_term_string}"},"query-input":"required name=search_term_string"}],"inLanguage":"pt-BR"},{"@type":"ImageObject","@id":"https:\/\/www.adf.org.br\/home\/expectativa-de-maria-pelo-nascimento-de-seu-divino-filho\/#primaryimage","inLanguage":"pt-BR","url":"https:\/\/www.adf.org.br\/home\/wp-content\/uploads\/2021\/12\/unnamed-1-1.png","contentUrl":"https:\/\/www.adf.org.br\/home\/wp-content\/uploads\/2021\/12\/unnamed-1-1.png","width":512,"height":332},{"@type":"WebPage","@id":"https:\/\/www.adf.org.br\/home\/expectativa-de-maria-pelo-nascimento-de-seu-divino-filho\/#webpage","url":"https:\/\/www.adf.org.br\/home\/expectativa-de-maria-pelo-nascimento-de-seu-divino-filho\/","name":"Expectativa de Maria pelo Nascimento de seu Divino Filho","isPartOf":{"@id":"https:\/\/www.adf.org.br\/home\/#website"},"primaryImageOfPage":{"@id":"https:\/\/www.adf.org.br\/home\/expectativa-de-maria-pelo-nascimento-de-seu-divino-filho\/#primaryimage"},"datePublished":"2021-12-21T03:01:38+00:00","dateModified":"2021-12-09T18:18:19+00:00","author":{"@id":"https:\/\/www.adf.org.br\/home\/#\/schema\/person\/1ad877d1f255f4637ee020b3b16138ee"},"description":"O Natal est\u00e1 as portas. E como Nossa Senhora se preparava para o Nascimento de Jesus Nosso Salvador? O que podemos aprender disso? Descubra clicando aqui.","breadcrumb":{"@id":"https:\/\/www.adf.org.br\/home\/expectativa-de-maria-pelo-nascimento-de-seu-divino-filho\/#breadcrumb"},"inLanguage":"pt-BR","potentialAction":[{"@type":"ReadAction","target":["https:\/\/www.adf.org.br\/home\/expectativa-de-maria-pelo-nascimento-de-seu-divino-filho\/"]}]},{"@type":"BreadcrumbList","@id":"https:\/\/www.adf.org.br\/home\/expectativa-de-maria-pelo-nascimento-de-seu-divino-filho\/#breadcrumb","itemListElement":[{"@type":"ListItem","position":1,"name":"Home","item":"https:\/\/www.adf.org.br\/home\/"},{"@type":"ListItem","position":2,"name":"Expectativa de Maria pelo Nascimento de seu Divino Filho"}]},{"@type":"Person","@id":"https:\/\/www.adf.org.br\/home\/#\/schema\/person\/1ad877d1f255f4637ee020b3b16138ee","name":"Luiz Felipe","image":{"@type":"ImageObject","@id":"https:\/\/www.adf.org.br\/home\/#personlogo","inLanguage":"pt-BR","url":"https:\/\/secure.gravatar.com\/avatar\/f8f0a14d57a57f103e42363994b25ba9?s=96&d=mm&r=g","contentUrl":"https:\/\/secure.gravatar.com\/avatar\/f8f0a14d57a57f103e42363994b25ba9?s=96&d=mm&r=g","caption":"Luiz Felipe"},"url":"https:\/\/www.adf.org.br\/home\/author\/luiz-merencianopmk-com-br\/"}]}},"_links":{"self":[{"href":"https:\/\/www.adf.org.br\/home\/wp-json\/wp\/v2\/posts\/66794"}],"collection":[{"href":"https:\/\/www.adf.org.br\/home\/wp-json\/wp\/v2\/posts"}],"about":[{"href":"https:\/\/www.adf.org.br\/home\/wp-json\/wp\/v2\/types\/post"}],"author":[{"embeddable":true,"href":"https:\/\/www.adf.org.br\/home\/wp-json\/wp\/v2\/users\/30"}],"replies":[{"embeddable":true,"href":"https:\/\/www.adf.org.br\/home\/wp-json\/wp\/v2\/comments?post=66794"}],"version-history":[{"count":3,"href":"https:\/\/www.adf.org.br\/home\/wp-json\/wp\/v2\/posts\/66794\/revisions"}],"predecessor-version":[{"id":66869,"href":"https:\/\/www.adf.org.br\/home\/wp-json\/wp\/v2\/posts\/66794\/revisions\/66869"}],"wp:featuredmedia":[{"embeddable":true,"href":"https:\/\/www.adf.org.br\/home\/wp-json\/wp\/v2\/media\/66859"}],"wp:attachment":[{"href":"https:\/\/www.adf.org.br\/home\/wp-json\/wp\/v2\/media?parent=66794"}],"wp:term":[{"taxonomy":"category","embeddable":true,"href":"https:\/\/www.adf.org.br\/home\/wp-json\/wp\/v2\/categories?post=66794"},{"taxonomy":"post_tag","embeddable":true,"href":"https:\/\/www.adf.org.br\/home\/wp-json\/wp\/v2\/tags?post=66794"}],"curies":[{"name":"wp","href":"https:\/\/api.w.org\/{rel}","templated":true}]}}