{"id":66626,"date":"2021-11-28T00:03:37","date_gmt":"2021-11-28T03:03:37","guid":{"rendered":"https:\/\/www.adf.org.br\/home\/?p=66626"},"modified":"2021-11-25T17:48:54","modified_gmt":"2021-11-25T20:48:54","slug":"santa-catarina-laboure-a-silenciosa-propagadora-da-medalha-milagrosa","status":"publish","type":"post","link":"https:\/\/www.adf.org.br\/home\/santa-catarina-laboure-a-silenciosa-propagadora-da-medalha-milagrosa\/","title":{"rendered":"Santa Catarina Labour\u00e9, a silenciosa propagadora da Medalha Milagrosa"},"content":{"rendered":"<h2 style=\"text-align: center;\"><strong><span style=\"color: #000000;\">Santa Catarina Labour\u00e9, a silenciosa propagadora da Medalha Milagrosa<\/span><\/strong><\/h2>\n<p>&nbsp;<\/p>\n<figure id=\"attachment_66628\" aria-describedby=\"caption-attachment-66628\" style=\"width: 693px\" class=\"wp-caption aligncenter\"><a href=\"https:\/\/www.adf.org.br\/home\/pagina-de-cadastro\/?origem=21922\" target=\"_blank\" rel=\"noopener\"><img loading=\"lazy\" class=\"wp-image-66628\" src=\"https:\/\/www.adf.org.br\/home\/wp-content\/uploads\/2021\/11\/Catarina-Laboure-300x169.jpg\" alt=\"\" width=\"693\" height=\"390\" srcset=\"https:\/\/www.adf.org.br\/home\/wp-content\/uploads\/2021\/11\/Catarina-Laboure-300x169.jpg 300w, https:\/\/www.adf.org.br\/home\/wp-content\/uploads\/2021\/11\/Catarina-Laboure-768x432.jpg 768w, https:\/\/www.adf.org.br\/home\/wp-content\/uploads\/2021\/11\/Catarina-Laboure.jpg 1024w\" sizes=\"(max-width: 693px) 100vw, 693px\" \/><\/a><figcaption id=\"caption-attachment-66628\" class=\"wp-caption-text\"><center>Santa Catarina Labour\u00e9, vidente de Nossa Senhora das Gra\u00e7as<\/center><\/figcaption><\/figure>\n<h4><strong><span style=\"color: #000000;\">Nascimento e Inf\u00e2ncia<\/span><\/strong><\/h4>\n<p><span style=\"font-weight: 400; color: #000000;\">Na pequena aldeia de Fain-les-Moutiers, na Borgonha, <strong>nasceu <span style=\"color: #0000ff;\"><a style=\"color: #0000ff;\" href=\"https:\/\/www.adf.org.br\/home\/pagina-de-cadastro\/?origem=21922\" target=\"_blank\" rel=\"noopener\">Irm\u00e3 Catarina<\/a><\/span>, batizada por seus pais como Zo\u00e9 a 2 de maio de 1806<\/strong>. \u00c9 a nona dos onze filhos de Pierre Labour\u00e9 e Madeleine Gontard, honestos e religiosos agricultores.<\/span><\/p>\n<p><span style=\"color: #000000;\">Aos nove anos de idade, Zo\u00e9 perdeu a m\u00e3e.<\/span><span style=\"color: #800080;\"><strong> Ap\u00f3s o funeral, a menina subiu numa cadeira, tirou uma imagem de Nossa Senhora de cima de um m\u00f3vel, beijou-a e pediu \u00e0 <span style=\"color: #0000ff;\"><a style=\"color: #0000ff;\" href=\"https:\/\/www.adf.org.br\/home\/pagina-de-cadastro\/?origem=21922\" target=\"_blank\" rel=\"noopener\">Sant\u00edssima Virgem<\/a><\/span> que substitu\u00edsse sua m\u00e3e falecida.\u00a0<\/strong><\/span><\/p>\n<p><span style=\"font-weight: 400; color: #000000;\">A morte foi s\u00fabita. As duas filhas menores, Zo\u00e9 e Tonete, ir\u00e3o para a casa de tia Marguerite, irm\u00e3 do pai, onde aprender\u00e3o as tarefas dom\u00e9sticas.<\/span><\/p>\n<p><span style=\"font-weight: 400; color: #000000;\"><strong>Tr\u00eas anos depois, Maria Lu\u00edsa, sua irm\u00e3 mais velha entrou para o convento das <span style=\"color: #0000ff;\"><a style=\"color: #0000ff;\" href=\"https:\/\/www.adf.org.br\/home\/pagina-de-cadastro\/?origem=21922\" target=\"_blank\" rel=\"noopener\">Filhas da Caridade<\/a><\/span> de S\u00e3o Vicente de Paulo.<\/strong> Couberam a Zo\u00e9, ent\u00e3o com 12 anos, e \u00e0 sua irm\u00e3 Tonete, com 10, todas as responsabilidades dom\u00e9sticas. Foi nessa \u00e9poca que ela recebeu a Primeira Comunh\u00e3o.\u00a0<\/span><\/p>\n<p><span style=\"font-weight: 400; color: #000000;\">A vida na fazenda era rude. Despertava as 4 horas da manh\u00e3 no ver\u00e3o e o dia nunca era suficientemente longo para dar conta de todo o trabalho a fazer.\u00a0<\/span><\/p>\n<p><span style=\"font-weight: 400; color: #000000;\"><span style=\"color: #800080;\"><strong>Aos 14 anos, Zo\u00e9 come\u00e7ou a jejuar \u00e0s sextas-feiras e aos s\u00e1bados ao longo do ano todo<\/strong> <\/span>e sua irm\u00e3 mais nova temeu que ela fraquejasse. Contando para o pai, este deu raz\u00e3o \u00e0 ca\u00e7ula, mas o prop\u00f3sito estava tomado <span style=\"color: #800080;\"><strong>e do jejum Zo\u00e9 extraia for\u00e7as para sua longa e exaustiva jornada de trabalho.\u00a0<\/strong><\/span><\/span><\/p>\n<h4><span style=\"color: #000000;\"><strong>A voca\u00e7\u00e3o religiosa<\/strong><\/span><\/h4>\n<figure id=\"attachment_66630\" aria-describedby=\"caption-attachment-66630\" style=\"width: 196px\" class=\"wp-caption alignleft\"><a href=\"https:\/\/www.adf.org.br\/home\/pagina-de-cadastro\/?origem=21922\" target=\"_blank\" rel=\"noopener\"><img loading=\"lazy\" class=\"wp-image-66630 \" src=\"https:\/\/www.adf.org.br\/home\/wp-content\/uploads\/2021\/11\/Catarina-na-epoca-das-aparicoes-212x300.jpg\" alt=\"\" width=\"196\" height=\"277\" srcset=\"https:\/\/www.adf.org.br\/home\/wp-content\/uploads\/2021\/11\/Catarina-na-epoca-das-aparicoes-212x300.jpg 212w, https:\/\/www.adf.org.br\/home\/wp-content\/uploads\/2021\/11\/Catarina-na-epoca-das-aparicoes.jpg 424w\" sizes=\"(max-width: 196px) 100vw, 196px\" \/><\/a><figcaption id=\"caption-attachment-66630\" class=\"wp-caption-text\"><center>Retrato de Santa Catarina Labour\u00e9 na \u00e9poca das Apari\u00e7\u00f5es de Nossa Senhora na Rue du Bac<\/center><\/figcaption><\/figure>\n<p><span style=\"font-weight: 400; color: #000000;\">Em certa noite, em ora\u00e7\u00e3o, Zo\u00e9 v\u00ea um velho sacerdote que lhe aparece e celebra a Santa Missa. <span style=\"text-decoration: underline;\">Era <span style=\"color: #0000ff;\"><a style=\"color: #0000ff; text-decoration: underline;\" href=\"https:\/\/www.adf.org.br\/home\/pagina-de-cadastro\/?origem=21922\" target=\"_blank\" rel=\"noopener\">S\u00e3o Vicente de Paulo<\/a><\/span>, fundador das Filhas da Caridade dos Padres da Miss\u00e3o (Lazaristas)<\/span>.<\/span><\/p>\n<p><span style=\"font-weight: 400; color: #000000;\">Ao final da Missa, fez-lhe, entretanto, sinal para que se aproximasse. Ao sair da igreja, foi visitar uma doente (sempre em sonho); o velho padre a reencontrou e disse:\u00a0<\/span><\/p>\n<blockquote><p><strong><span style=\"color: #800080;\">\u201cMinha filha, \u00e9 bom cuidar dos doentes, Foges de mim agora, mas um dia ficar\u00e1s feliz em me procurar. Deus tem seus des\u00edgnios para ti. N\u00e3o te esque\u00e7as.\u201d<\/span><\/strong><\/p><\/blockquote>\n<p><span style=\"font-weight: 400; color: #000000;\">Certo dia, Zo\u00e9 foi ver as religiosas na Rua de La Juiverie, em Ch\u00e2tillon, onde vivia sua irm\u00e3 religiosa. <\/span><\/p>\n<p><span style=\"font-weight: 400; color: #000000;\">No vest\u00edbulo deparou-se com um retrato. <span style=\"text-decoration: underline;\">N\u00e3o seria o padre que ela vira em sonho? Quem seria ele? \u201cNosso pai, S\u00e3o Vicente de Paulo\u201d<\/span>, informaram as irm\u00e3s.<\/span><\/p>\n<p><span style=\"font-weight: 400; color: #000000;\"><strong>A decis\u00e3o de Zo\u00e9 j\u00e1 estava tomada. Mas o que fazer?<\/strong> <strong>A entrada no postulado exigiria o consentimento do pai, o que estava fora de quest\u00e3o\u2026<\/strong><\/span><\/p>\n<p><span style=\"font-weight: 400; color: #000000;\">Mas, eis que, em 3 de maio de 1827, ela completava 21 anos. E dessa vez declarou ao pai sua firme decis\u00e3o. Ele a rejeitou com veem\u00eancia.\u00a0<\/span><\/p>\n<p><span style=\"color: #800080;\"><strong>Mudando de t\u00e1tica, para tentar convencer a filha a abandonar a voca\u00e7\u00e3o, Pierre Labour\u00e9 envia-a para ajudar o irm\u00e3o Charles, em Paris, com seu com\u00e9rcio de vinhos.\u00a0<\/strong><\/span><\/p>\n<p><span style=\"font-weight: 400; color: #000000;\">Pois bem, Zo\u00e9 foi ajud\u00e1-lo. L\u00e1, sofreu diversas prova\u00e7\u00f5es, no entanto, ficou firme na sua decis\u00e3o de entregar-se a Deus.\u00a0<\/span><\/p>\n<h4><span style=\"color: #000000;\"><strong>Gra\u00e7as e Favores celestiais<\/strong><\/span><\/h4>\n<figure id=\"attachment_66633\" aria-describedby=\"caption-attachment-66633\" style=\"width: 212px\" class=\"wp-caption alignright\"><a href=\"https:\/\/www.adf.org.br\/home\/pagina-de-cadastro\/?origem=21922\" target=\"_blank\" rel=\"noopener\"><img loading=\"lazy\" class=\"wp-image-66633 size-medium\" src=\"https:\/\/www.adf.org.br\/home\/wp-content\/uploads\/2021\/11\/Catarina-e-Nossa-Senhora-212x300.jpg\" alt=\"\" width=\"212\" height=\"300\" srcset=\"https:\/\/www.adf.org.br\/home\/wp-content\/uploads\/2021\/11\/Catarina-e-Nossa-Senhora-212x300.jpg 212w, https:\/\/www.adf.org.br\/home\/wp-content\/uploads\/2021\/11\/Catarina-e-Nossa-Senhora-725x1024.jpg 725w, https:\/\/www.adf.org.br\/home\/wp-content\/uploads\/2021\/11\/Catarina-e-Nossa-Senhora-768x1085.jpg 768w, https:\/\/www.adf.org.br\/home\/wp-content\/uploads\/2021\/11\/Catarina-e-Nossa-Senhora-1087x1536.jpg 1087w, https:\/\/www.adf.org.br\/home\/wp-content\/uploads\/2021\/11\/Catarina-e-Nossa-Senhora.jpg 1280w\" sizes=\"(max-width: 212px) 100vw, 212px\" \/><\/a><figcaption id=\"caption-attachment-66633\" class=\"wp-caption-text\"><center>Santa Catarina em ora\u00e7\u00e3o diante de uma imagem de Nossa Senhora das Gra\u00e7as<\/center><\/figcaption><\/figure>\n<p><span style=\"font-weight: 400; color: #000000;\"><strong>Ent\u00e3o uma cunhada a convidou a ir para sua casa, em Chatillon, onde mantinha uma escola para mo\u00e7as.<\/strong> Ali Zo\u00e9 podia ir frequentemente ao mosteiro das <span style=\"color: #0000ff;\"><a style=\"color: #0000ff;\" href=\"https:\/\/www.adf.org.br\/home\/pagina-de-cadastro\/?origem=21922\" target=\"_blank\" rel=\"noopener\">Filhas da Caridade<\/a><\/span>, que ficava perto.\u00a0<\/span><\/p>\n<p><span style=\"color: #000000;\">E foi nessa casa religiosa que ela entrou a 22 de janeiro de 1830, quando seu pai deu-lhe finalmente a devida permiss\u00e3o. <\/span><\/p>\n<p><span style=\"color: #800080;\"><strong>Zo\u00e9 tinha ent\u00e3o 24 anos de idade e foi aceita como novi\u00e7a na Casa-M\u00e3e em Paris na Rue do Bac. <span style=\"text-decoration: underline;\">Ali, recebeu o nome de Irm\u00e3 Catarina<\/span>.<\/strong><\/span><\/p>\n<p><span style=\"font-weight: 400; color: #000000;\">E foi neste mesmo ano de 1830 que lhe apareceu tamb\u00e9m Nosso Senhor confortando-a frequentemente.\u00a0<\/span><\/p>\n<p><strong><span style=\"color: #000000;\">Em 18 de julho, <span style=\"color: #0000ff;\"><a style=\"color: #0000ff;\" href=\"https:\/\/www.adf.org.br\/home\/pagina-de-cadastro\/?origem=21922\" target=\"_blank\" rel=\"noopener\">Nossa Senhora<\/a><\/span> lhe apareceu convidando-a a confian\u00e7a nEla e em Deus, e por mais duas vezes, mostrando-lhe a Medalha Milagrosa e mandando que a propagasse.\u00a0<\/span><\/strong><\/p>\n<p><span style=\"font-weight: 400; color: #000000;\">De in\u00edcio, Irm\u00e3 Catarina encontrou resist\u00eancia at\u00e9 do seu diretor espiritual, Padre Jo\u00e3o Maria Aladel, mas afinal as autoridades eclesi\u00e1sticas convenceram-se da verdade das apari\u00e7\u00f5es e mandaram cunhar a medalha pedida pela Virgem Maria.\u00a0<\/span><\/p>\n<p><strong><span style=\"color: #000000;\"><span style=\"color: #800080;\">Muitos milagres, curas de doentes e convers\u00f5es Deus quis conceder por meio da <span style=\"color: #0000ff;\"><a style=\"color: #0000ff;\" href=\"https:\/\/www.adf.org.br\/home\/pagina-de-cadastro\/?origem=21922\" target=\"_blank\" rel=\"noopener\">Medalha Milagrosa<\/a><\/span><\/span>.<\/span><\/strong><\/p>\n<h4><span style=\"color: #000000;\"><strong>Uma vida escondida com Cristo em Deus<\/strong><\/span><\/h4>\n<figure id=\"attachment_66631\" aria-describedby=\"caption-attachment-66631\" style=\"width: 181px\" class=\"wp-caption alignleft\"><a href=\"https:\/\/www.adf.org.br\/home\/pagina-de-cadastro\/?origem=21922\" target=\"_blank\" rel=\"noopener\"><img loading=\"lazy\" class=\"wp-image-66631 \" src=\"https:\/\/www.adf.org.br\/home\/wp-content\/uploads\/2021\/11\/Sta-Catarina-Laboure-e-a-Medalha-Milagrosa-191x300.jpg\" alt=\"\" width=\"181\" height=\"284\" srcset=\"https:\/\/www.adf.org.br\/home\/wp-content\/uploads\/2021\/11\/Sta-Catarina-Laboure-e-a-Medalha-Milagrosa-191x300.jpg 191w, https:\/\/www.adf.org.br\/home\/wp-content\/uploads\/2021\/11\/Sta-Catarina-Laboure-e-a-Medalha-Milagrosa.jpg 255w\" sizes=\"(max-width: 181px) 100vw, 181px\" \/><\/a><figcaption id=\"caption-attachment-66631\" class=\"wp-caption-text\"><center>Santa Catarina divulgando a Medalha MIlagrosa<\/center><\/figcaption><\/figure>\n<p><span style=\"font-weight: 400; color: #000000;\">Em 3 de maio de 1835, domingo do Bom Pastor, Irm\u00e3 Catarina pronunciou, enfim, seus votos perp\u00e9tuos na modesta capela de Enghien.\u00a0<\/span><\/p>\n<p><span style=\"font-weight: 400; color: #000000;\"><strong>Era respons\u00e1vel pela acolhida aos pobres que batiam \u00e0 porta \u2013 problema constante ao qual n\u00e3o se esquivava e tentava resolver de todo o cora\u00e7\u00e3o. \u201cNingu\u00e9m nunca se queixou de sua acolhida\u201d<\/strong>, testemunhou Irm\u00e3 Combres.<\/span><\/p>\n<p><span style=\"font-weight: 400; color: #000000;\">Apesar de tudo, confidencialmente informada da vid\u00eancia de <span style=\"color: #0000ff;\"><a style=\"color: #0000ff;\" href=\"https:\/\/www.adf.org.br\/home\/pagina-de-cadastro\/?origem=21922\" target=\"_blank\" rel=\"noopener\">Irm\u00e3 Catarina<\/a><\/span>, Irm\u00e3 Joana Duf\u00e8s, a superiora, a tratava com severidade. Irm\u00e3 Catarina, embora inocente, n\u00e3o se justificava. Parecia-me, no entanto, que em sua alma se travava uma luta&#8230;a luta terminou com o triunfo da humildade.<\/span><\/p>\n<p><span style=\"font-weight: 400; color: #000000;\"><span style=\"color: #800080;\"><strong>Irm\u00e3 Catarina desejava ficar oculta, levava uma vida de sil\u00eancio e pobreza<\/strong><\/span> e dedicava aos doentes e feridos toda a sua generosidade.\u00a0<\/span><\/p>\n<h4><span style=\"color: #000000;\"><strong>Como uma vela que se apaga docemente<\/strong><\/span><\/h4>\n<p><span style=\"font-weight: 400; color: #000000;\"><strong>No dia 31 de dezembro de 1876, estava respons\u00e1vel por fazer pequenos pacotes para a comunidade com medalhas milagrosas a serem distribu\u00eddas.<\/strong> Nesse \u00ednterim, n\u00e3o tendo o n\u00famero suficiente, pediu mais medalhas.\u00a0<\/span><\/p>\n<p><span style=\"font-weight: 400; color: #000000;\">Irm\u00e3 Tranchemer, chegando, diz:\u00a0<\/span><\/p>\n<p><span style=\"font-weight: 400; color: #000000;\">\u2013 Irm\u00e3 Catarina, aqui est\u00e3o as medalhas.<\/span><\/p>\n<figure id=\"attachment_66632\" aria-describedby=\"caption-attachment-66632\" style=\"width: 232px\" class=\"wp-caption alignright\"><a href=\"https:\/\/www.adf.org.br\/home\/pagina-de-cadastro\/?origem=21922\" target=\"_blank\" rel=\"noopener\"><img loading=\"lazy\" class=\"wp-image-66632 \" src=\"https:\/\/www.adf.org.br\/home\/wp-content\/uploads\/2021\/11\/catarina-morta-300x207.jpg\" alt=\"\" width=\"232\" height=\"160\" srcset=\"https:\/\/www.adf.org.br\/home\/wp-content\/uploads\/2021\/11\/catarina-morta-300x207.jpg 300w, https:\/\/www.adf.org.br\/home\/wp-content\/uploads\/2021\/11\/catarina-morta.jpg 350w\" sizes=\"(max-width: 232px) 100vw, 232px\" \/><\/a><figcaption id=\"caption-attachment-66632\" class=\"wp-caption-text\"><center>Santa Catarina Labour\u00e9 em seu leito de morte<\/center><\/figcaption><\/figure>\n<p><span style=\"font-weight: 400; color: #000000;\">Mas ela n\u00e3o respondeu. Partia silenciosa na hora da morte assim como fora durante a vida. <\/span><\/p>\n<p><span style=\"font-weight: 400; color: #800080;\"><strong>Docemente, <span style=\"color: #0000ff;\"><a style=\"color: #0000ff;\" href=\"https:\/\/www.adf.org.br\/home\/pagina-de-cadastro\/?origem=21922\" target=\"_blank\" rel=\"noopener\">Catarina<\/a><\/span> expirou, apagou sem agonia\u2026 Ela tinha partido. Fecharam-lhe os olhos. Eram sete horas da noite.<\/strong><\/span><\/p>\n<p><span style=\"font-weight: 400; color: #000000;\">E, enfim, Deus glorificou sua fiel serva: foi beatificada por Pio XI em 28 de maio de 1933, domingo entre a Ascens\u00e3o de Nosso Senhor e Pentecostes, e solenemente canonizada por Pio XII em 27 de julho de 1947.<\/span><\/p>\n<p><span style=\"font-weight: 400; color: #000000;\">A cada ano, milh\u00f5es de peregrinos se dirigem at\u00e9 l\u00e1 para implorar a intercess\u00e3o de <span style=\"color: #0000ff;\"><a style=\"color: #0000ff;\" href=\"https:\/\/www.adf.org.br\/home\/pagina-de-cadastro\/?origem=21922\" target=\"_blank\" rel=\"noopener\">Maria Sant\u00edssima<\/a><\/span> e de Santa Catarina Labour\u00e9.<\/span><\/p>\n<h3 style=\"text-align: center;\">****<\/h3>\n<p style=\"text-align: center;\"><span style=\"color: #000000;\"><strong>Quer receber conte\u00fados de inspira\u00e7\u00e3o cat\u00f3lica para aumentar sua f\u00e9 e a sua devo\u00e7\u00e3o?<\/strong><\/span><\/p>\n<p><span style=\"color: #0000ff;\"><a style=\"color: #0000ff;\" href=\"https:\/\/www.adf.org.br\/home\/pagina-de-cadastro\/?origem=21922\" target=\"_blank\" rel=\"noopener\">Clique aqui<\/a>\u00a0<\/span><span style=\"color: #000000;\">ou na imagem abaixo e fa\u00e7a seu cadastro na nossa Newsletter:<\/span><\/p>\n<p><a href=\"https:\/\/www.adf.org.br\/home\/pagina-de-cadastro\/?origem=21922\" target=\"_blank\" rel=\"noopener\"><img loading=\"lazy\" class=\"wp-image-65223 aligncenter\" src=\"https:\/\/www.adf.org.br\/home\/wp-content\/uploads\/2021\/07\/boletim-adf.png\" sizes=\"(max-width: 423px) 100vw, 423px\" srcset=\"https:\/\/www.adf.org.br\/home\/wp-content\/uploads\/2021\/07\/boletim-adf.png 600w, https:\/\/www.adf.org.br\/home\/wp-content\/uploads\/2021\/07\/boletim-adf-300x100.png 300w\" alt=\"\" width=\"423\" height=\"141\" \/><\/a><\/p>\n","protected":false},"excerpt":{"rendered":"<p>Santa Catarina Labour\u00e9, a silenciosa propagadora da Medalha Milagrosa &nbsp; Nascimento e Inf\u00e2ncia Na pequena aldeia de Fain-les-Moutiers, na Borgonha, nasceu Irm\u00e3 Catarina, batizada por seus pais como Zo\u00e9 a 2 de maio de 1806. \u00c9 a nona dos onze filhos de Pierre Labour\u00e9 e Madeleine Gontard, honestos e religiosos agricultores. Aos nove anos de [&hellip;]<\/p>\n","protected":false},"author":30,"featured_media":66628,"comment_status":"open","ping_status":"open","sticky":false,"template":"","format":"standard","meta":[],"categories":[20,50,2585,2547],"tags":[3418,34,306,522],"yoast_head":"<!-- This site is optimized with the Yoast SEO plugin v17.4 - https:\/\/yoast.com\/wordpress\/plugins\/seo\/ -->\n<title>Santa Catarina Labour\u00e9, a silenciosa propagadora da Medalha Milagrosa<\/title>\n<meta name=\"description\" content=\"Conhe\u00e7a o bel\u00edssimo testemunho de vida de Santa Catarina Labour\u00e9, a escolhida por Nossa Senhora para divulgar a medalha milagrosa clicando aqui.\" \/>\n<meta name=\"robots\" content=\"index, follow, max-snippet:-1, max-image-preview:large, max-video-preview:-1\" \/>\n<link rel=\"canonical\" href=\"https:\/\/www.adf.org.br\/home\/santa-catarina-laboure-a-silenciosa-propagadora-da-medalha-milagrosa\/\" \/>\n<meta property=\"og:locale\" content=\"pt_BR\" \/>\n<meta property=\"og:type\" content=\"article\" \/>\n<meta property=\"og:title\" content=\"Santa Catarina Labour\u00e9, a silenciosa propagadora da Medalha Milagrosa\" \/>\n<meta property=\"og:description\" content=\"Conhe\u00e7a o bel\u00edssimo testemunho de vida de Santa Catarina Labour\u00e9, a escolhida por Nossa Senhora para divulgar a medalha milagrosa clicando aqui.\" \/>\n<meta property=\"og:url\" content=\"https:\/\/www.adf.org.br\/home\/santa-catarina-laboure-a-silenciosa-propagadora-da-medalha-milagrosa\/\" \/>\n<meta property=\"og:site_name\" content=\"Associa\u00e7\u00e3o Devotos de F\u00e1tima\" \/>\n<meta property=\"article:published_time\" content=\"2021-11-28T03:03:37+00:00\" \/>\n<meta property=\"article:modified_time\" content=\"2021-11-25T20:48:54+00:00\" \/>\n<meta property=\"og:image\" content=\"https:\/\/www.adf.org.br\/home\/wp-content\/uploads\/2021\/11\/Catarina-Laboure.jpg\" \/>\n\t<meta property=\"og:image:width\" content=\"1024\" \/>\n\t<meta property=\"og:image:height\" content=\"576\" \/>\n<meta name=\"twitter:card\" content=\"summary_large_image\" \/>\n<meta name=\"twitter:label1\" content=\"Escrito por\" \/>\n\t<meta name=\"twitter:data1\" content=\"Luiz Felipe\" \/>\n\t<meta name=\"twitter:label2\" content=\"Est. tempo de leitura\" \/>\n\t<meta name=\"twitter:data2\" content=\"6 minutos\" \/>\n<script type=\"application\/ld+json\" class=\"yoast-schema-graph\">{\"@context\":\"https:\/\/schema.org\",\"@graph\":[{\"@type\":\"WebSite\",\"@id\":\"https:\/\/www.adf.org.br\/home\/#website\",\"url\":\"https:\/\/www.adf.org.br\/home\/\",\"name\":\"Associa\\u00e7\\u00e3o Devotos de F\\u00e1tima\",\"description\":\"Associa\\u00e7\\u00e3o Devotos de F\\u00e1tima\",\"potentialAction\":[{\"@type\":\"SearchAction\",\"target\":{\"@type\":\"EntryPoint\",\"urlTemplate\":\"https:\/\/www.adf.org.br\/home\/?s={search_term_string}\"},\"query-input\":\"required name=search_term_string\"}],\"inLanguage\":\"pt-BR\"},{\"@type\":\"ImageObject\",\"@id\":\"https:\/\/www.adf.org.br\/home\/santa-catarina-laboure-a-silenciosa-propagadora-da-medalha-milagrosa\/#primaryimage\",\"inLanguage\":\"pt-BR\",\"url\":\"https:\/\/www.adf.org.br\/home\/wp-content\/uploads\/2021\/11\/Catarina-Laboure.jpg\",\"contentUrl\":\"https:\/\/www.adf.org.br\/home\/wp-content\/uploads\/2021\/11\/Catarina-Laboure.jpg\",\"width\":1024,\"height\":576},{\"@type\":\"WebPage\",\"@id\":\"https:\/\/www.adf.org.br\/home\/santa-catarina-laboure-a-silenciosa-propagadora-da-medalha-milagrosa\/#webpage\",\"url\":\"https:\/\/www.adf.org.br\/home\/santa-catarina-laboure-a-silenciosa-propagadora-da-medalha-milagrosa\/\",\"name\":\"Santa Catarina Labour\\u00e9, a silenciosa propagadora da Medalha Milagrosa\",\"isPartOf\":{\"@id\":\"https:\/\/www.adf.org.br\/home\/#website\"},\"primaryImageOfPage\":{\"@id\":\"https:\/\/www.adf.org.br\/home\/santa-catarina-laboure-a-silenciosa-propagadora-da-medalha-milagrosa\/#primaryimage\"},\"datePublished\":\"2021-11-28T03:03:37+00:00\",\"dateModified\":\"2021-11-25T20:48:54+00:00\",\"author\":{\"@id\":\"https:\/\/www.adf.org.br\/home\/#\/schema\/person\/1ad877d1f255f4637ee020b3b16138ee\"},\"description\":\"Conhe\\u00e7a o bel\\u00edssimo testemunho de vida de Santa Catarina Labour\\u00e9, a escolhida por Nossa Senhora para divulgar a medalha milagrosa clicando aqui.\",\"breadcrumb\":{\"@id\":\"https:\/\/www.adf.org.br\/home\/santa-catarina-laboure-a-silenciosa-propagadora-da-medalha-milagrosa\/#breadcrumb\"},\"inLanguage\":\"pt-BR\",\"potentialAction\":[{\"@type\":\"ReadAction\",\"target\":[\"https:\/\/www.adf.org.br\/home\/santa-catarina-laboure-a-silenciosa-propagadora-da-medalha-milagrosa\/\"]}]},{\"@type\":\"BreadcrumbList\",\"@id\":\"https:\/\/www.adf.org.br\/home\/santa-catarina-laboure-a-silenciosa-propagadora-da-medalha-milagrosa\/#breadcrumb\",\"itemListElement\":[{\"@type\":\"ListItem\",\"position\":1,\"name\":\"Home\",\"item\":\"https:\/\/www.adf.org.br\/home\/\"},{\"@type\":\"ListItem\",\"position\":2,\"name\":\"Santa Catarina Labour\\u00e9, a silenciosa propagadora da Medalha Milagrosa\"}]},{\"@type\":\"Person\",\"@id\":\"https:\/\/www.adf.org.br\/home\/#\/schema\/person\/1ad877d1f255f4637ee020b3b16138ee\",\"name\":\"Luiz Felipe\",\"image\":{\"@type\":\"ImageObject\",\"@id\":\"https:\/\/www.adf.org.br\/home\/#personlogo\",\"inLanguage\":\"pt-BR\",\"url\":\"https:\/\/secure.gravatar.com\/avatar\/f8f0a14d57a57f103e42363994b25ba9?s=96&d=mm&r=g\",\"contentUrl\":\"https:\/\/secure.gravatar.com\/avatar\/f8f0a14d57a57f103e42363994b25ba9?s=96&d=mm&r=g\",\"caption\":\"Luiz Felipe\"},\"url\":\"https:\/\/www.adf.org.br\/home\/author\/luiz-merencianopmk-com-br\/\"}]}<\/script>\n<!-- \/ Yoast SEO plugin. -->","yoast_head_json":{"title":"Santa Catarina Labour\u00e9, a silenciosa propagadora da Medalha Milagrosa","description":"Conhe\u00e7a o bel\u00edssimo testemunho de vida de Santa Catarina Labour\u00e9, a escolhida por Nossa Senhora para divulgar a medalha milagrosa clicando aqui.","robots":{"index":"index","follow":"follow","max-snippet":"max-snippet:-1","max-image-preview":"max-image-preview:large","max-video-preview":"max-video-preview:-1"},"canonical":"https:\/\/www.adf.org.br\/home\/santa-catarina-laboure-a-silenciosa-propagadora-da-medalha-milagrosa\/","og_locale":"pt_BR","og_type":"article","og_title":"Santa Catarina Labour\u00e9, a silenciosa propagadora da Medalha Milagrosa","og_description":"Conhe\u00e7a o bel\u00edssimo testemunho de vida de Santa Catarina Labour\u00e9, a escolhida por Nossa Senhora para divulgar a medalha milagrosa clicando aqui.","og_url":"https:\/\/www.adf.org.br\/home\/santa-catarina-laboure-a-silenciosa-propagadora-da-medalha-milagrosa\/","og_site_name":"Associa\u00e7\u00e3o Devotos de F\u00e1tima","article_published_time":"2021-11-28T03:03:37+00:00","article_modified_time":"2021-11-25T20:48:54+00:00","og_image":[{"width":1024,"height":576,"url":"https:\/\/www.adf.org.br\/home\/wp-content\/uploads\/2021\/11\/Catarina-Laboure.jpg","type":"image\/jpeg"}],"twitter_card":"summary_large_image","twitter_misc":{"Escrito por":"Luiz Felipe","Est. tempo de leitura":"6 minutos"},"schema":{"@context":"https:\/\/schema.org","@graph":[{"@type":"WebSite","@id":"https:\/\/www.adf.org.br\/home\/#website","url":"https:\/\/www.adf.org.br\/home\/","name":"Associa\u00e7\u00e3o Devotos de F\u00e1tima","description":"Associa\u00e7\u00e3o Devotos de F\u00e1tima","potentialAction":[{"@type":"SearchAction","target":{"@type":"EntryPoint","urlTemplate":"https:\/\/www.adf.org.br\/home\/?s={search_term_string}"},"query-input":"required name=search_term_string"}],"inLanguage":"pt-BR"},{"@type":"ImageObject","@id":"https:\/\/www.adf.org.br\/home\/santa-catarina-laboure-a-silenciosa-propagadora-da-medalha-milagrosa\/#primaryimage","inLanguage":"pt-BR","url":"https:\/\/www.adf.org.br\/home\/wp-content\/uploads\/2021\/11\/Catarina-Laboure.jpg","contentUrl":"https:\/\/www.adf.org.br\/home\/wp-content\/uploads\/2021\/11\/Catarina-Laboure.jpg","width":1024,"height":576},{"@type":"WebPage","@id":"https:\/\/www.adf.org.br\/home\/santa-catarina-laboure-a-silenciosa-propagadora-da-medalha-milagrosa\/#webpage","url":"https:\/\/www.adf.org.br\/home\/santa-catarina-laboure-a-silenciosa-propagadora-da-medalha-milagrosa\/","name":"Santa Catarina Labour\u00e9, a silenciosa propagadora da Medalha Milagrosa","isPartOf":{"@id":"https:\/\/www.adf.org.br\/home\/#website"},"primaryImageOfPage":{"@id":"https:\/\/www.adf.org.br\/home\/santa-catarina-laboure-a-silenciosa-propagadora-da-medalha-milagrosa\/#primaryimage"},"datePublished":"2021-11-28T03:03:37+00:00","dateModified":"2021-11-25T20:48:54+00:00","author":{"@id":"https:\/\/www.adf.org.br\/home\/#\/schema\/person\/1ad877d1f255f4637ee020b3b16138ee"},"description":"Conhe\u00e7a o bel\u00edssimo testemunho de vida de Santa Catarina Labour\u00e9, a escolhida por Nossa Senhora para divulgar a medalha milagrosa clicando aqui.","breadcrumb":{"@id":"https:\/\/www.adf.org.br\/home\/santa-catarina-laboure-a-silenciosa-propagadora-da-medalha-milagrosa\/#breadcrumb"},"inLanguage":"pt-BR","potentialAction":[{"@type":"ReadAction","target":["https:\/\/www.adf.org.br\/home\/santa-catarina-laboure-a-silenciosa-propagadora-da-medalha-milagrosa\/"]}]},{"@type":"BreadcrumbList","@id":"https:\/\/www.adf.org.br\/home\/santa-catarina-laboure-a-silenciosa-propagadora-da-medalha-milagrosa\/#breadcrumb","itemListElement":[{"@type":"ListItem","position":1,"name":"Home","item":"https:\/\/www.adf.org.br\/home\/"},{"@type":"ListItem","position":2,"name":"Santa Catarina Labour\u00e9, a silenciosa propagadora da Medalha Milagrosa"}]},{"@type":"Person","@id":"https:\/\/www.adf.org.br\/home\/#\/schema\/person\/1ad877d1f255f4637ee020b3b16138ee","name":"Luiz Felipe","image":{"@type":"ImageObject","@id":"https:\/\/www.adf.org.br\/home\/#personlogo","inLanguage":"pt-BR","url":"https:\/\/secure.gravatar.com\/avatar\/f8f0a14d57a57f103e42363994b25ba9?s=96&d=mm&r=g","contentUrl":"https:\/\/secure.gravatar.com\/avatar\/f8f0a14d57a57f103e42363994b25ba9?s=96&d=mm&r=g","caption":"Luiz Felipe"},"url":"https:\/\/www.adf.org.br\/home\/author\/luiz-merencianopmk-com-br\/"}]}},"_links":{"self":[{"href":"https:\/\/www.adf.org.br\/home\/wp-json\/wp\/v2\/posts\/66626"}],"collection":[{"href":"https:\/\/www.adf.org.br\/home\/wp-json\/wp\/v2\/posts"}],"about":[{"href":"https:\/\/www.adf.org.br\/home\/wp-json\/wp\/v2\/types\/post"}],"author":[{"embeddable":true,"href":"https:\/\/www.adf.org.br\/home\/wp-json\/wp\/v2\/users\/30"}],"replies":[{"embeddable":true,"href":"https:\/\/www.adf.org.br\/home\/wp-json\/wp\/v2\/comments?post=66626"}],"version-history":[{"count":8,"href":"https:\/\/www.adf.org.br\/home\/wp-json\/wp\/v2\/posts\/66626\/revisions"}],"predecessor-version":[{"id":66643,"href":"https:\/\/www.adf.org.br\/home\/wp-json\/wp\/v2\/posts\/66626\/revisions\/66643"}],"wp:featuredmedia":[{"embeddable":true,"href":"https:\/\/www.adf.org.br\/home\/wp-json\/wp\/v2\/media\/66628"}],"wp:attachment":[{"href":"https:\/\/www.adf.org.br\/home\/wp-json\/wp\/v2\/media?parent=66626"}],"wp:term":[{"taxonomy":"category","embeddable":true,"href":"https:\/\/www.adf.org.br\/home\/wp-json\/wp\/v2\/categories?post=66626"},{"taxonomy":"post_tag","embeddable":true,"href":"https:\/\/www.adf.org.br\/home\/wp-json\/wp\/v2\/tags?post=66626"}],"curies":[{"name":"wp","href":"https:\/\/api.w.org\/{rel}","templated":true}]}}