{"id":66606,"date":"2021-11-25T00:02:34","date_gmt":"2021-11-25T03:02:34","guid":{"rendered":"https:\/\/www.adf.org.br\/home\/?p=66606"},"modified":"2021-11-22T16:46:33","modified_gmt":"2021-11-22T19:46:33","slug":"entenda-a-medalha-milagrosa-e-seu-profundo-significado-espiritual","status":"publish","type":"post","link":"https:\/\/www.adf.org.br\/home\/entenda-a-medalha-milagrosa-e-seu-profundo-significado-espiritual\/","title":{"rendered":"Entenda a medalha milagrosa e seu profundo significado espiritual"},"content":{"rendered":"<h2 style=\"text-align: center;\"><strong><span style=\"color: #000000;\">Entenda a Medalha Milagrosa e seu profundo significado espiritual<\/span><\/strong><\/h2>\n<p>&nbsp;<\/p>\n<figure id=\"attachment_66608\" aria-describedby=\"caption-attachment-66608\" style=\"width: 773px\" class=\"wp-caption aligncenter\"><a href=\"https:\/\/t.me\/devotosdefatima\" target=\"_blank\" rel=\"noopener\"><img loading=\"lazy\" class=\"wp-image-66608\" src=\"https:\/\/www.adf.org.br\/home\/wp-content\/uploads\/2021\/11\/nossa-senhora-das-gracas-1-810x324-1.jpg\" alt=\"\" width=\"773\" height=\"309\" srcset=\"https:\/\/www.adf.org.br\/home\/wp-content\/uploads\/2021\/11\/nossa-senhora-das-gracas-1-810x324-1.jpg 810w, https:\/\/www.adf.org.br\/home\/wp-content\/uploads\/2021\/11\/nossa-senhora-das-gracas-1-810x324-1-300x120.jpg 300w, https:\/\/www.adf.org.br\/home\/wp-content\/uploads\/2021\/11\/nossa-senhora-das-gracas-1-810x324-1-768x307.jpg 768w\" sizes=\"(max-width: 773px) 100vw, 773px\" \/><\/a><figcaption id=\"caption-attachment-66608\" class=\"wp-caption-text\"><center>Nossa Senhora das Gra\u00e7as e as duas faces da sua Medalha milagrosa<\/center><\/figcaption><\/figure>\n<p><span style=\"color: #000000;\"><span style=\"color: #800080; font-size: 32px;\"><strong>A<\/strong><\/span> Medalha Milagrosa de <span style=\"color: #0000ff;\"><a style=\"color: #0000ff;\" href=\"https:\/\/t.me\/devotosdefatima\" target=\"_blank\" rel=\"noopener\">Nossa Senhora<\/a><\/span> \u00e9 um sacramental com as devidas aprova\u00e7\u00f5es eclesi\u00e1sticas, por esse motivo merece toda uma aten\u00e7\u00e3o, pois esse s\u00edmbolo passou a ser utilizado por muitas pessoas que muitas vezes n\u00e3o tem nenhum conhecimento religioso, por isso merece um aprofundamento especial.<\/span><\/p>\n<p><span style=\"color: #800080;\"><strong>O que a Virgem Maria quer nos comunicar com a sua medalha? \u00c9 s\u00f3 uma medalha devocional como as outras?<\/strong><\/span><\/p>\n<h4><span style=\"color: #000000;\">A frase dourada: \u201c\u00d3 Maria concebida sem pecado, rogai por n\u00f3s que recorremos a v\u00f3s\u201d. <\/span><\/h4>\n<figure id=\"attachment_66610\" aria-describedby=\"caption-attachment-66610\" style=\"width: 175px\" class=\"wp-caption alignleft\"><a href=\"https:\/\/t.me\/devotosdefatima\" target=\"_blank\" rel=\"noopener\"><img loading=\"lazy\" class=\"wp-image-66610 size-medium\" src=\"https:\/\/www.adf.org.br\/home\/wp-content\/uploads\/2021\/11\/248-175x300.jpg\" alt=\"\" width=\"175\" height=\"300\" srcset=\"https:\/\/www.adf.org.br\/home\/wp-content\/uploads\/2021\/11\/248-175x300.jpg 175w, https:\/\/www.adf.org.br\/home\/wp-content\/uploads\/2021\/11\/248.jpg 347w\" sizes=\"(max-width: 175px) 100vw, 175px\" \/><\/a><figcaption id=\"caption-attachment-66610\" class=\"wp-caption-text\"><center>Representa\u00e7\u00e3o de Nossa Senhora das Gra\u00e7as dentro da sua Medalha milagrosa<\/center><\/figcaption><\/figure>\n<p><span style=\"color: #000000;\">Antes de mais nada, esta frase, <span style=\"color: #800080;\"><strong>revela o mist\u00e9rio da <span style=\"color: #0000ff;\"><a style=\"color: #0000ff;\" href=\"https:\/\/t.me\/devotosdefatima\" target=\"_blank\" rel=\"noopener\">Imaculada Concei\u00e7\u00e3o<\/a><\/span> que ainda em 1830 n\u00e3o estava reconhecido como dogma cat\u00f3lico e a intercess\u00e3o\/media\u00e7\u00e3o de Maria. <\/strong><\/span><\/span><\/p>\n<p><span style=\"color: #000000;\">Ambos mist\u00e9rios est\u00e3o interligados e s\u00e3o insepar\u00e1veis. Pois para se alcan\u00e7ar um favor divino se deve estar isento de culpas.<\/span><\/p>\n<p><span style=\"color: #000000;\"><strong>A Virgem n\u00e3o insiste no tema em modo verbal, mas no sinal f\u00edsico, com letras de ouro e que, a partir deste momento, do uso da medalha e da jaculat\u00f3ria se corrobora o futuro dogma<\/strong>, pois a voz misteriosa no momento da apari\u00e7\u00e3o diz:<\/span><\/p>\n<blockquote>\n<p style=\"text-align: center;\"><em><span style=\"color: #000000;\"> \u201c\u00c9 preciso cunhar uma medalha com este modelo, e as pessoas que a trouxerem consigo e que fizerem esta curta prece com piedade receber\u00e3o uma prote\u00e7\u00e3o especial da M\u00e3e de Deus\u201d.<\/span><\/em><\/p>\n<\/blockquote>\n<p><span style=\"color: #000000;\">Vejam que n\u00e3o \u00e9 s\u00f3 o uso em si, mas, o uso e a ora\u00e7\u00e3o que d\u00e1 sentido \u00e0 medalha, portanto as gra\u00e7as recebidas \u00e9 fruto proveniente do grande mist\u00e9rio da Imaculada Concei\u00e7\u00e3o.<\/span><\/p>\n<h4><strong><span style=\"color: #000000;\">A forma da Medalha \u00e9 ovalada.<\/span><\/strong><\/h4>\n<p><span style=\"color: #000000;\"> Mas porque a medalha tem a forma oval? <span style=\"color: #800080;\"><strong>A forma ovalada est\u00e1 relacionada \u00e0 vida, pois o ovo tem uma conota\u00e7\u00e3o simb\u00f3lica da vida, assim como sugere o mist\u00e9rio da Imaculada Concei\u00e7\u00e3o. <\/strong><\/span><\/span><\/p>\n<p><span style=\"color: #000000;\"><span style=\"color: #0000ff;\"><a style=\"color: #0000ff;\" href=\"https:\/\/t.me\/devotosdefatima\" target=\"_blank\" rel=\"noopener\">Maria<\/a><\/span>, toda agraciada pelos m\u00e9ritos de Cristo \u00e9 para o mundo o sinal perfeito da miseric\u00f3rdia divina a favor dos homens. <\/span><\/p>\n<figure id=\"attachment_66611\" aria-describedby=\"caption-attachment-66611\" style=\"width: 203px\" class=\"wp-caption alignright\"><a href=\"https:\/\/t.me\/devotosdefatima\" target=\"_blank\" rel=\"noopener\"><img loading=\"lazy\" class=\"wp-image-66611 size-medium\" src=\"https:\/\/www.adf.org.br\/home\/wp-content\/uploads\/2021\/11\/MM050-203x300.jpg\" alt=\"\" width=\"203\" height=\"300\" srcset=\"https:\/\/www.adf.org.br\/home\/wp-content\/uploads\/2021\/11\/MM050-203x300.jpg 203w, https:\/\/www.adf.org.br\/home\/wp-content\/uploads\/2021\/11\/MM050.jpg 257w\" sizes=\"(max-width: 203px) 100vw, 203px\" \/><\/a><figcaption id=\"caption-attachment-66611\" class=\"wp-caption-text\"><center>Representa\u00e7\u00e3o da Medalha milagrosa<\/center><\/figcaption><\/figure>\n<p><span style=\"color: #000000;\">Sinal de esperan\u00e7a de que n\u00e3o fomos deixados na lama do pecado, mas restaurados em Cristo Jesus. <\/span><\/p>\n<p><strong><span style=\"color: #000000;\">Maria, portanto \u00e9 a primeira redimida e sinal de que tudo ser\u00e1 continuado em n\u00f3s, a Igreja, pelo benepl\u00e1cito de Deus.<\/span><\/strong><\/p>\n<h4><strong><span style=\"color: #000000;\">O gesto de Maria<\/span><\/strong><\/h4>\n<p><span style=\"color: #000000;\"><em>Maria de p\u00e9:<\/em> Muitos de forma errada interpretam Nossa Senhora estar de p\u00e9 e pisando a serpente com o texto b\u00edblico de Gn 3, 15:<\/span><\/p>\n<blockquote><p><span style=\"color: #000000;\"><em>\u201cPorei \u00f3dio entre ti e a mulher, entre a tua descend\u00eancia e a dela. Esta te ferir\u00e1 a cabe\u00e7a, e tu lhe ferir\u00e1s o calcanhar\u201d<\/em><\/span><\/p><\/blockquote>\n<p><span style=\"color: #800080;\"><strong>Entretanto, o fato de <span style=\"color: #0000ff;\"><a style=\"color: #0000ff;\" href=\"https:\/\/t.me\/devotosdefatima\" target=\"_blank\" rel=\"noopener\">Maria<\/a><\/span> estar de p\u00e9 e pisando a serpente, \u00e9 um s\u00edmbolo que indica o mist\u00e9rio da Imaculada concei\u00e7\u00e3o e sua isen\u00e7\u00e3o ao pecado original. <\/strong><\/span><\/p>\n<p><span style=\"color: #800080;\"><span style=\"text-decoration: underline;\"><strong>\u00c9 a Nosso Senhor Jesus Cristo que a profecia do G\u00eanesis se refere<\/strong><\/span><strong>.\u00a0<\/strong><\/span><\/p>\n<p><span style=\"color: #000000;\">O estar de p\u00e9 significa ter autoridade e no sentido da Medalha se refere ao poder intercessor de Maria junto a Deus.<\/span><\/p>\n<p><span style=\"color: #000000;\"> Tamb\u00e9m significa prontid\u00e3o e a este gesto se liga \u00e0s m\u00e3os estendidas como gesto de generosidade e acolhida. Maria \u00e9 generosa e acolhedora para os pecadores que a buscam desejando buscar a santidade.<\/span><\/p>\n<h4><span style=\"color: #000000;\">M\u00e3os abertas e an\u00e9is<\/span><\/h4>\n<figure id=\"attachment_66613\" aria-describedby=\"caption-attachment-66613\" style=\"width: 201px\" class=\"wp-caption alignleft\"><a href=\"https:\/\/t.me\/devotosdefatima\" target=\"_blank\" rel=\"noopener\"><img loading=\"lazy\" class=\"wp-image-66613\" src=\"https:\/\/www.adf.org.br\/home\/wp-content\/uploads\/2021\/11\/body_bg.jpg\" alt=\"\" width=\"201\" height=\"649\" srcset=\"https:\/\/www.adf.org.br\/home\/wp-content\/uploads\/2021\/11\/body_bg.jpg 259w, https:\/\/www.adf.org.br\/home\/wp-content\/uploads\/2021\/11\/body_bg-93x300.jpg 93w\" sizes=\"(max-width: 201px) 100vw, 201px\" \/><\/a><figcaption id=\"caption-attachment-66613\" class=\"wp-caption-text\"><center>Nossa Senhora das Gra\u00e7as (conforme a terceira apari\u00e7\u00e3o) e a Medalha Milagrosa<\/center><\/figcaption><\/figure>\n<p><span style=\"color: #000000;\"><em>a) An\u00e9is:<\/em> Catarina fala que nos dedos da <a href=\"https:\/\/t.me\/devotosdefatima\" target=\"_blank\" rel=\"noopener\"><span style=\"color: #0000ff;\">Virgem<\/span><\/a> tinham an\u00e9is e destes saiam raios. Pois bem, o anel no contexto b\u00edblico indica autoridade (cf. Gn 41,42 e Ester 3,10). <\/span><\/p>\n<p><span style=\"color: #000000;\">Contudo, <strong>no Novo Testamento, a par\u00e1bola do filho pr\u00f3digo nos chama aten\u00e7\u00e3o para o anel que o pai p\u00f5e no dedo do filho que se arrependeu<\/strong>: ele alcan\u00e7ou novamente a o favor do pai e \u00e9 reabilitado ao poder da heran\u00e7a que perdera (cf. 15,22).<\/span><\/p>\n<p><strong><span style=\"color: #000000;\">Na vis\u00e3o de Santa Catarina, ela recebe a explica\u00e7\u00e3o do significado dos an\u00e9is e que n\u00e3o era um s\u00f3 anel nos dedos da Virgem Maria e sim v\u00e1rios an\u00e9is.<\/span><\/strong><\/p>\n<p><span style=\"color: #800080;\"><strong>Estes simbolizavam as gra\u00e7as pedidas e alcan\u00e7adas e as n\u00e3o pedidas e, por conseguinte, n\u00e3o alcan\u00e7adas.<\/strong><\/span><\/p>\n<p><span style=\"color: #000000;\"><em>b) M\u00e3os Abertas:<\/em> sinal de generosidade e acolhimento: Acolhimento quanto aos nossos pedidos, a nossa convers\u00e3o, a nossa santifica\u00e7\u00e3o; generosidade quando a <span style=\"color: #0000ff;\"><a style=\"color: #0000ff;\" href=\"https:\/\/t.me\/devotosdefatima\" target=\"_blank\" rel=\"noopener\">Virgem Sant\u00edssima<\/a><\/span> alcan\u00e7ando de Deus a gra\u00e7a desejada esta \u00e9 disposta.<\/span><\/p>\n<h4><strong><span style=\"color: #000000;\">Os raios<\/span><\/strong><\/h4>\n<p><span style=\"color: #000000;\">Muitos pensam que das m\u00e3os de Maria saem raios, como que de Maria as gra\u00e7as proviessem. O que Santa Catarina ouviu por\u00e9m foi o seguinte: <em>\u201cEsses raios s\u00e3o o s\u00edmbolo das gra\u00e7as que Maria obt\u00e9m para os homens.\u201d<\/em> (27\/11\/1830) e <em>\u201cEsses raios s\u00e3o o s\u00edmbolo das gra\u00e7as que a Santa Virgem obt\u00e9m para aqueles que as pedem\u201d<\/em> (30\/12\/1830). <\/span><\/p>\n<p><span style=\"color: #800080;\"><strong>Notemos que a voz explica o que seria os raios que saem das m\u00e3os da Virgem: s\u00edmbolos. S\u00edmbolos do que <span style=\"color: #0000ff;\"><a style=\"color: #0000ff;\" href=\"https:\/\/t.me\/devotosdefatima\" target=\"_blank\" rel=\"noopener\">Maria sant\u00edssima<\/a><\/span> nos obt\u00e9m de Deus.<\/strong><\/span><\/p>\n<p><span style=\"color: #000000;\">Na apari\u00e7\u00e3o de 18\/07\/1830, a Virgem revela de onde as gra\u00e7as prov\u00eam: <\/span><\/p>\n<blockquote>\n<p style=\"text-align: center;\"><em><span style=\"color: #000000;\">\u201cMas venha ao p\u00e9 do altar. Aqui, as gra\u00e7as ser\u00e3o concedidas a todas as pessoas que as pedirem com confian\u00e7a e fervor: grandes e pequenos. As gra\u00e7as ser\u00e3o concedidas particularmente \u00e0s pessoas que as pedirem\u201d. <\/span><\/em><\/p>\n<\/blockquote>\n<p><span style=\"color: #000000;\">Vejamos que a Nossa Senhora n\u00e3o diz, <em>\u201c<\/em>venha a Mim?<em>\u201d<\/em> e sim \u00e0 Eucaristia. Eis o sentido grandioso da mensagem da Rue du Bac.<\/span><\/p>\n<h4><strong><span style=\"color: #000000;\">O vestu\u00e1rio<\/span><\/strong><\/h4>\n<p><span style=\"color: #000000;\">Embora na medalha n\u00e3o indica as cores do vestu\u00e1rio, nas anota\u00e7\u00f5es de Catarina e do seu confessor, o Pe. Aladel sobressaem alguns elementos de significado importante. <\/span><\/p>\n<p><strong><span style=\"color: #000000;\">Se fala que a <span style=\"color: #0000ff;\"><a style=\"color: #0000ff;\" href=\"https:\/\/t.me\/devotosdefatima\" target=\"_blank\" rel=\"noopener\">Virgem Maria<\/a><\/span> estava vestida de branco, com um v\u00e9u branco aurora&#8230; Nas anota\u00e7\u00f5es do sacerdote ele fala de um manto azul, um v\u00e9u de rendas (branco) na cabe\u00e7a da Virgem e que d\u00e1 para ver seus cabelos repartidos ao meio.<\/span><\/strong><\/p>\n<figure id=\"attachment_66563\" aria-describedby=\"caption-attachment-66563\" style=\"width: 201px\" class=\"wp-caption alignright\"><a href=\"https:\/\/t.me\/devotosdefatima\" target=\"_blank\" rel=\"noopener\"><img loading=\"lazy\" class=\"wp-image-66563 size-full\" src=\"https:\/\/www.adf.org.br\/home\/wp-content\/uploads\/2021\/11\/CqF59mvrFV1AAsSEWTl_Tn_vkSs.jpg\" alt=\"\" width=\"201\" height=\"300\" \/><\/a><figcaption id=\"caption-attachment-66563\" class=\"wp-caption-text\"><center>Santa Catarina Labour\u00e9 tendo a vis\u00e3o da Medalha milagrosa<\/center><\/figcaption><\/figure>\n<p><span style=\"color: #000000;\"> Tal representa\u00e7\u00e3o de Nossa Senhora das Gra\u00e7as ficou como tradi\u00e7\u00e3o nas iconografias posteriores. <\/span><\/p>\n<p><span style=\"color: #000000;\">O v\u00e9u branco, pode indicar a consagrada Virgem pela sua virgindade perp\u00e9tua; o manto azul, que ela est\u00e1 revestida do Alt\u00edssimo e seu vestido branco, mais uma vez indica sua pessoa imaculada, sem mancha.<\/span><\/p>\n<p><strong><span style=\"color: #000000;\">A Cruz e o M de Maria<\/span><\/strong><\/p>\n<p><span style=\"color: #000000;\">A Cruz e o M (aria) t\u00eam fortes ind\u00edcios do mist\u00e9rio da Encarna\u00e7\u00e3o, da rela\u00e7\u00e3o materno divino de Maria. <\/span><\/p>\n<p><span style=\"color: #800080;\"><strong>Toda est\u00e1 realidade associa <span style=\"color: #0000ff;\"><a style=\"color: #0000ff;\" href=\"https:\/\/t.me\/devotosdefatima\" target=\"_blank\" rel=\"noopener\">Maria<\/a><\/span> ao mist\u00e9rio da reden\u00e7\u00e3o que por sua vez, foi efetivado no mist\u00e9rio da Imaculada Concei\u00e7\u00e3o. <\/strong><\/span><\/p>\n<p><span style=\"color: #000000;\">A simbologia do entrela\u00e7ar \u00e9 o sinal de que Maria depende totalmente da obra salvadora do Filho em beneficio da Igreja.<\/span><\/p>\n<h4><span style=\"color: #000000;\">Os Cora\u00e7\u00f5es de Jesus e Maria<\/span><\/h4>\n<p><span style=\"color: #000000;\">Os Cora\u00e7\u00f5es de Jesus e Maria s\u00e3o evidenciados por qu\u00ea? No contexto da medalha um cora\u00e7\u00e3o reflete o outro. Vejamos que o Cora\u00e7\u00e3o de Jesus vem em primeiro lugar, mas cercado de espinhos. <\/span><\/p>\n<p><strong><span style=\"color: #000000;\">Tal imagem faz lembrar as queixas que Jesus fez a Margarida Maria pelas ingratid\u00f5es da humanidade. Mas o <span style=\"color: #0000ff;\"><a style=\"color: #0000ff;\" href=\"https:\/\/t.me\/devotosdefatima\" target=\"_blank\" rel=\"noopener\">Cora\u00e7\u00e3o de Maria<\/a><\/span> est\u00e1 transpassado pela espada, sinal de associa\u00e7\u00e3o incondicional na imita\u00e7\u00e3o do Filho e sua S\u00f3cia no sofrimento salv\u00edfico. <\/span><\/strong><\/p>\n<p><span style=\"color: #000000;\">As dores de Maria s\u00e3o as dores do Filho e tais dores, associadas as do Filho, s\u00e3o colabora\u00e7\u00e3o tamb\u00e9m na salva\u00e7\u00e3o do mundo.<\/span><\/p>\n<figure id=\"attachment_66614\" aria-describedby=\"caption-attachment-66614\" style=\"width: 208px\" class=\"wp-caption alignleft\"><a href=\"https:\/\/t.me\/devotosdefatima\" target=\"_blank\" rel=\"noopener\"><img loading=\"lazy\" class=\"wp-image-66614\" src=\"https:\/\/www.adf.org.br\/home\/wp-content\/uploads\/2021\/11\/Medalha-Milagrosa-300x298.jpg\" alt=\"\" width=\"208\" height=\"206\" srcset=\"https:\/\/www.adf.org.br\/home\/wp-content\/uploads\/2021\/11\/Medalha-Milagrosa-300x298.jpg 300w, https:\/\/www.adf.org.br\/home\/wp-content\/uploads\/2021\/11\/Medalha-Milagrosa-150x150.jpg 150w, https:\/\/www.adf.org.br\/home\/wp-content\/uploads\/2021\/11\/Medalha-Milagrosa.jpg 550w\" sizes=\"(max-width: 208px) 100vw, 208px\" \/><\/a><figcaption id=\"caption-attachment-66614\" class=\"wp-caption-text\"><center>Representa\u00e7\u00e3o de uma das primeiras vers\u00f5es da Medalha milagrosa<\/center><\/figcaption><\/figure>\n<p><span style=\"color: #000000;\">As chamas envolvem ambos cora\u00e7\u00f5es. Isso significa que a chama de amor de Jesus e Maria pelos homens \u00e9 incondicional.<\/span><\/p>\n<h4><strong><span style=\"color: #000000;\">As 12 estrelas<\/span><\/strong><\/h4>\n<p><span style=\"color: #000000;\">As Estrelas parecem circundar as tr\u00eas imagens que se mostram. \u00c9 como que o coroamento ou o triunfo destas realidades simb\u00f3licas: <\/span><\/p>\n<p><span style=\"color: #800080;\"><strong>a Cruz da nossa reden\u00e7\u00e3o, <span style=\"color: #0000ff;\"><a style=\"color: #0000ff;\" href=\"https:\/\/t.me\/devotosdefatima\" target=\"_blank\" rel=\"noopener\">Nossa Senhora<\/a><\/span> vencedoras em Cristo e o Amor de Jesus e Maria que vencer\u00e3o as barreiras das indefensas humanas. <\/strong><\/span><\/p>\n<p><span style=\"color: #000000;\">As 12 estrelas na Medalha nos impele a ver um futuro triunfante do projeto de Deus, a vit\u00f3ria da obra de Cristo com a participa\u00e7\u00e3o de Maria Sant\u00edssima, a Serva do Senhor.<\/span><\/p>\n<h5 style=\"text-align: right;\">Fonte: <span style=\"color: #0000ff;\"><a style=\"color: #0000ff;\" href=\"https:\/\/www.a12.com\/academia\/artigos\/a-mensagem-da-medalha-milagrosa\">A12 &#8211; A mensagem da Medalha Milagrosa (adaptado)<\/a><\/span><\/h5>\n<h3 style=\"text-align: center;\"><strong>****<\/strong><\/h3>\n<p><a href=\"https:\/\/t.me\/devotosdefatima\" target=\"_blank\" rel=\"noopener\"><img loading=\"lazy\" class=\"size-medium wp-image-64950 aligncenter\" src=\"https:\/\/www.adf.org.br\/home\/wp-content\/uploads\/2021\/06\/Post-ADF-18_06-300x202.png\" alt=\"\" width=\"300\" height=\"202\" srcset=\"https:\/\/www.adf.org.br\/home\/wp-content\/uploads\/2021\/06\/Post-ADF-18_06-300x202.png 300w, https:\/\/www.adf.org.br\/home\/wp-content\/uploads\/2021\/06\/Post-ADF-18_06-1024x689.png 1024w, https:\/\/www.adf.org.br\/home\/wp-content\/uploads\/2021\/06\/Post-ADF-18_06-768x517.png 768w, https:\/\/www.adf.org.br\/home\/wp-content\/uploads\/2021\/06\/Post-ADF-18_06-1536x1033.png 1536w, https:\/\/www.adf.org.br\/home\/wp-content\/uploads\/2021\/06\/Post-ADF-18_06-2048x1378.png 2048w\" sizes=\"(max-width: 300px) 100vw, 300px\" \/><\/a><\/p>\n","protected":false},"excerpt":{"rendered":"<p>Entenda a Medalha Milagrosa e seu profundo significado espiritual &nbsp; A Medalha Milagrosa de Nossa Senhora \u00e9 um sacramental com as devidas aprova\u00e7\u00f5es eclesi\u00e1sticas, por esse motivo merece toda uma aten\u00e7\u00e3o, pois esse s\u00edmbolo passou a ser utilizado por muitas pessoas que muitas vezes n\u00e3o tem nenhum conhecimento religioso, por isso merece um aprofundamento especial. [&hellip;]<\/p>\n","protected":false},"author":30,"featured_media":66611,"comment_status":"open","ping_status":"open","sticky":false,"template":"","format":"standard","meta":[],"categories":[20,50,2585],"tags":[34,306],"yoast_head":"<!-- This site is optimized with the Yoast SEO plugin v17.4 - https:\/\/yoast.com\/wordpress\/plugins\/seo\/ -->\n<title>Entenda a medalha milagrosa e seu profundo significado espiritual<\/title>\n<meta name=\"description\" content=\"A medalha milagrosa, poderoso sacramental que Nossa Senhora nos presenteou tem um significado profundo e pouco conhecido. Conhe\u00e7a-o melhor clicando aqui.\" \/>\n<meta name=\"robots\" content=\"index, follow, max-snippet:-1, max-image-preview:large, max-video-preview:-1\" \/>\n<link rel=\"canonical\" href=\"https:\/\/www.adf.org.br\/home\/entenda-a-medalha-milagrosa-e-seu-profundo-significado-espiritual\/\" \/>\n<meta property=\"og:locale\" content=\"pt_BR\" \/>\n<meta property=\"og:type\" content=\"article\" \/>\n<meta property=\"og:title\" content=\"Entenda a medalha milagrosa e seu profundo significado espiritual\" \/>\n<meta property=\"og:description\" content=\"A medalha milagrosa, poderoso sacramental que Nossa Senhora nos presenteou tem um significado profundo e pouco conhecido. Conhe\u00e7a-o melhor clicando aqui.\" \/>\n<meta property=\"og:url\" content=\"https:\/\/www.adf.org.br\/home\/entenda-a-medalha-milagrosa-e-seu-profundo-significado-espiritual\/\" \/>\n<meta property=\"og:site_name\" content=\"Associa\u00e7\u00e3o Devotos de F\u00e1tima\" \/>\n<meta property=\"article:published_time\" content=\"2021-11-25T03:02:34+00:00\" \/>\n<meta property=\"article:modified_time\" content=\"2021-11-22T19:46:33+00:00\" \/>\n<meta property=\"og:image\" content=\"https:\/\/www.adf.org.br\/home\/wp-content\/uploads\/2021\/11\/MM050.jpg\" \/>\n\t<meta property=\"og:image:width\" content=\"257\" \/>\n\t<meta property=\"og:image:height\" content=\"380\" \/>\n<meta name=\"twitter:card\" content=\"summary_large_image\" \/>\n<meta name=\"twitter:label1\" content=\"Escrito por\" \/>\n\t<meta name=\"twitter:data1\" content=\"Luiz Felipe\" \/>\n\t<meta name=\"twitter:label2\" content=\"Est. tempo de leitura\" \/>\n\t<meta name=\"twitter:data2\" content=\"7 minutos\" \/>\n<script type=\"application\/ld+json\" class=\"yoast-schema-graph\">{\"@context\":\"https:\/\/schema.org\",\"@graph\":[{\"@type\":\"WebSite\",\"@id\":\"https:\/\/www.adf.org.br\/home\/#website\",\"url\":\"https:\/\/www.adf.org.br\/home\/\",\"name\":\"Associa\\u00e7\\u00e3o Devotos de F\\u00e1tima\",\"description\":\"Associa\\u00e7\\u00e3o Devotos de F\\u00e1tima\",\"potentialAction\":[{\"@type\":\"SearchAction\",\"target\":{\"@type\":\"EntryPoint\",\"urlTemplate\":\"https:\/\/www.adf.org.br\/home\/?s={search_term_string}\"},\"query-input\":\"required name=search_term_string\"}],\"inLanguage\":\"pt-BR\"},{\"@type\":\"ImageObject\",\"@id\":\"https:\/\/www.adf.org.br\/home\/entenda-a-medalha-milagrosa-e-seu-profundo-significado-espiritual\/#primaryimage\",\"inLanguage\":\"pt-BR\",\"url\":\"https:\/\/www.adf.org.br\/home\/wp-content\/uploads\/2021\/11\/MM050.jpg\",\"contentUrl\":\"https:\/\/www.adf.org.br\/home\/wp-content\/uploads\/2021\/11\/MM050.jpg\",\"width\":257,\"height\":380},{\"@type\":\"WebPage\",\"@id\":\"https:\/\/www.adf.org.br\/home\/entenda-a-medalha-milagrosa-e-seu-profundo-significado-espiritual\/#webpage\",\"url\":\"https:\/\/www.adf.org.br\/home\/entenda-a-medalha-milagrosa-e-seu-profundo-significado-espiritual\/\",\"name\":\"Entenda a medalha milagrosa e seu profundo significado espiritual\",\"isPartOf\":{\"@id\":\"https:\/\/www.adf.org.br\/home\/#website\"},\"primaryImageOfPage\":{\"@id\":\"https:\/\/www.adf.org.br\/home\/entenda-a-medalha-milagrosa-e-seu-profundo-significado-espiritual\/#primaryimage\"},\"datePublished\":\"2021-11-25T03:02:34+00:00\",\"dateModified\":\"2021-11-22T19:46:33+00:00\",\"author\":{\"@id\":\"https:\/\/www.adf.org.br\/home\/#\/schema\/person\/1ad877d1f255f4637ee020b3b16138ee\"},\"description\":\"A medalha milagrosa, poderoso sacramental que Nossa Senhora nos presenteou tem um significado profundo e pouco conhecido. Conhe\\u00e7a-o melhor clicando aqui.\",\"breadcrumb\":{\"@id\":\"https:\/\/www.adf.org.br\/home\/entenda-a-medalha-milagrosa-e-seu-profundo-significado-espiritual\/#breadcrumb\"},\"inLanguage\":\"pt-BR\",\"potentialAction\":[{\"@type\":\"ReadAction\",\"target\":[\"https:\/\/www.adf.org.br\/home\/entenda-a-medalha-milagrosa-e-seu-profundo-significado-espiritual\/\"]}]},{\"@type\":\"BreadcrumbList\",\"@id\":\"https:\/\/www.adf.org.br\/home\/entenda-a-medalha-milagrosa-e-seu-profundo-significado-espiritual\/#breadcrumb\",\"itemListElement\":[{\"@type\":\"ListItem\",\"position\":1,\"name\":\"Home\",\"item\":\"https:\/\/www.adf.org.br\/home\/\"},{\"@type\":\"ListItem\",\"position\":2,\"name\":\"Entenda a medalha milagrosa e seu profundo significado espiritual\"}]},{\"@type\":\"Person\",\"@id\":\"https:\/\/www.adf.org.br\/home\/#\/schema\/person\/1ad877d1f255f4637ee020b3b16138ee\",\"name\":\"Luiz Felipe\",\"image\":{\"@type\":\"ImageObject\",\"@id\":\"https:\/\/www.adf.org.br\/home\/#personlogo\",\"inLanguage\":\"pt-BR\",\"url\":\"https:\/\/secure.gravatar.com\/avatar\/f8f0a14d57a57f103e42363994b25ba9?s=96&d=mm&r=g\",\"contentUrl\":\"https:\/\/secure.gravatar.com\/avatar\/f8f0a14d57a57f103e42363994b25ba9?s=96&d=mm&r=g\",\"caption\":\"Luiz Felipe\"},\"url\":\"https:\/\/www.adf.org.br\/home\/author\/luiz-merencianopmk-com-br\/\"}]}<\/script>\n<!-- \/ Yoast SEO plugin. -->","yoast_head_json":{"title":"Entenda a medalha milagrosa e seu profundo significado espiritual","description":"A medalha milagrosa, poderoso sacramental que Nossa Senhora nos presenteou tem um significado profundo e pouco conhecido. Conhe\u00e7a-o melhor clicando aqui.","robots":{"index":"index","follow":"follow","max-snippet":"max-snippet:-1","max-image-preview":"max-image-preview:large","max-video-preview":"max-video-preview:-1"},"canonical":"https:\/\/www.adf.org.br\/home\/entenda-a-medalha-milagrosa-e-seu-profundo-significado-espiritual\/","og_locale":"pt_BR","og_type":"article","og_title":"Entenda a medalha milagrosa e seu profundo significado espiritual","og_description":"A medalha milagrosa, poderoso sacramental que Nossa Senhora nos presenteou tem um significado profundo e pouco conhecido. Conhe\u00e7a-o melhor clicando aqui.","og_url":"https:\/\/www.adf.org.br\/home\/entenda-a-medalha-milagrosa-e-seu-profundo-significado-espiritual\/","og_site_name":"Associa\u00e7\u00e3o Devotos de F\u00e1tima","article_published_time":"2021-11-25T03:02:34+00:00","article_modified_time":"2021-11-22T19:46:33+00:00","og_image":[{"width":257,"height":380,"url":"https:\/\/www.adf.org.br\/home\/wp-content\/uploads\/2021\/11\/MM050.jpg","type":"image\/jpeg"}],"twitter_card":"summary_large_image","twitter_misc":{"Escrito por":"Luiz Felipe","Est. tempo de leitura":"7 minutos"},"schema":{"@context":"https:\/\/schema.org","@graph":[{"@type":"WebSite","@id":"https:\/\/www.adf.org.br\/home\/#website","url":"https:\/\/www.adf.org.br\/home\/","name":"Associa\u00e7\u00e3o Devotos de F\u00e1tima","description":"Associa\u00e7\u00e3o Devotos de F\u00e1tima","potentialAction":[{"@type":"SearchAction","target":{"@type":"EntryPoint","urlTemplate":"https:\/\/www.adf.org.br\/home\/?s={search_term_string}"},"query-input":"required name=search_term_string"}],"inLanguage":"pt-BR"},{"@type":"ImageObject","@id":"https:\/\/www.adf.org.br\/home\/entenda-a-medalha-milagrosa-e-seu-profundo-significado-espiritual\/#primaryimage","inLanguage":"pt-BR","url":"https:\/\/www.adf.org.br\/home\/wp-content\/uploads\/2021\/11\/MM050.jpg","contentUrl":"https:\/\/www.adf.org.br\/home\/wp-content\/uploads\/2021\/11\/MM050.jpg","width":257,"height":380},{"@type":"WebPage","@id":"https:\/\/www.adf.org.br\/home\/entenda-a-medalha-milagrosa-e-seu-profundo-significado-espiritual\/#webpage","url":"https:\/\/www.adf.org.br\/home\/entenda-a-medalha-milagrosa-e-seu-profundo-significado-espiritual\/","name":"Entenda a medalha milagrosa e seu profundo significado espiritual","isPartOf":{"@id":"https:\/\/www.adf.org.br\/home\/#website"},"primaryImageOfPage":{"@id":"https:\/\/www.adf.org.br\/home\/entenda-a-medalha-milagrosa-e-seu-profundo-significado-espiritual\/#primaryimage"},"datePublished":"2021-11-25T03:02:34+00:00","dateModified":"2021-11-22T19:46:33+00:00","author":{"@id":"https:\/\/www.adf.org.br\/home\/#\/schema\/person\/1ad877d1f255f4637ee020b3b16138ee"},"description":"A medalha milagrosa, poderoso sacramental que Nossa Senhora nos presenteou tem um significado profundo e pouco conhecido. Conhe\u00e7a-o melhor clicando aqui.","breadcrumb":{"@id":"https:\/\/www.adf.org.br\/home\/entenda-a-medalha-milagrosa-e-seu-profundo-significado-espiritual\/#breadcrumb"},"inLanguage":"pt-BR","potentialAction":[{"@type":"ReadAction","target":["https:\/\/www.adf.org.br\/home\/entenda-a-medalha-milagrosa-e-seu-profundo-significado-espiritual\/"]}]},{"@type":"BreadcrumbList","@id":"https:\/\/www.adf.org.br\/home\/entenda-a-medalha-milagrosa-e-seu-profundo-significado-espiritual\/#breadcrumb","itemListElement":[{"@type":"ListItem","position":1,"name":"Home","item":"https:\/\/www.adf.org.br\/home\/"},{"@type":"ListItem","position":2,"name":"Entenda a medalha milagrosa e seu profundo significado espiritual"}]},{"@type":"Person","@id":"https:\/\/www.adf.org.br\/home\/#\/schema\/person\/1ad877d1f255f4637ee020b3b16138ee","name":"Luiz Felipe","image":{"@type":"ImageObject","@id":"https:\/\/www.adf.org.br\/home\/#personlogo","inLanguage":"pt-BR","url":"https:\/\/secure.gravatar.com\/avatar\/f8f0a14d57a57f103e42363994b25ba9?s=96&d=mm&r=g","contentUrl":"https:\/\/secure.gravatar.com\/avatar\/f8f0a14d57a57f103e42363994b25ba9?s=96&d=mm&r=g","caption":"Luiz Felipe"},"url":"https:\/\/www.adf.org.br\/home\/author\/luiz-merencianopmk-com-br\/"}]}},"_links":{"self":[{"href":"https:\/\/www.adf.org.br\/home\/wp-json\/wp\/v2\/posts\/66606"}],"collection":[{"href":"https:\/\/www.adf.org.br\/home\/wp-json\/wp\/v2\/posts"}],"about":[{"href":"https:\/\/www.adf.org.br\/home\/wp-json\/wp\/v2\/types\/post"}],"author":[{"embeddable":true,"href":"https:\/\/www.adf.org.br\/home\/wp-json\/wp\/v2\/users\/30"}],"replies":[{"embeddable":true,"href":"https:\/\/www.adf.org.br\/home\/wp-json\/wp\/v2\/comments?post=66606"}],"version-history":[{"count":4,"href":"https:\/\/www.adf.org.br\/home\/wp-json\/wp\/v2\/posts\/66606\/revisions"}],"predecessor-version":[{"id":66618,"href":"https:\/\/www.adf.org.br\/home\/wp-json\/wp\/v2\/posts\/66606\/revisions\/66618"}],"wp:featuredmedia":[{"embeddable":true,"href":"https:\/\/www.adf.org.br\/home\/wp-json\/wp\/v2\/media\/66611"}],"wp:attachment":[{"href":"https:\/\/www.adf.org.br\/home\/wp-json\/wp\/v2\/media?parent=66606"}],"wp:term":[{"taxonomy":"category","embeddable":true,"href":"https:\/\/www.adf.org.br\/home\/wp-json\/wp\/v2\/categories?post=66606"},{"taxonomy":"post_tag","embeddable":true,"href":"https:\/\/www.adf.org.br\/home\/wp-json\/wp\/v2\/tags?post=66606"}],"curies":[{"name":"wp","href":"https:\/\/api.w.org\/{rel}","templated":true}]}}