{"id":66566,"date":"2021-11-23T00:03:41","date_gmt":"2021-11-23T03:03:41","guid":{"rendered":"https:\/\/www.adf.org.br\/home\/?p=66566"},"modified":"2021-11-19T16:05:36","modified_gmt":"2021-11-19T19:05:36","slug":"ultima-aparicao-de-nossa-senhora-das-gracas-e-difusao-da-medalha-milagrosa","status":"publish","type":"post","link":"https:\/\/www.adf.org.br\/home\/ultima-aparicao-de-nossa-senhora-das-gracas-e-difusao-da-medalha-milagrosa\/","title":{"rendered":"\u00daltima apari\u00e7\u00e3o de Nossa Senhora das Gra\u00e7as e difus\u00e3o da Medalha Milagrosa"},"content":{"rendered":"<h2 style=\"text-align: center;\"><span style=\"color: #000000;\">\u00daltima apari\u00e7\u00e3o de Nossa Senhora das Gra\u00e7as e difus\u00e3o da Medalha Milagrosa<\/span><\/h2>\n<p>&nbsp;<\/p>\n<figure id=\"attachment_66571\" aria-describedby=\"caption-attachment-66571\" style=\"width: 722px\" class=\"wp-caption aligncenter\"><a href=\"https:\/\/www.adf.org.br\/home\/pagina-de-cadastro\/?origem=21846\" target=\"_blank\" rel=\"noopener\"><img loading=\"lazy\" class=\"wp-image-66571 size-full\" src=\"https:\/\/www.adf.org.br\/home\/wp-content\/uploads\/2021\/11\/une-medaille.jpg\" alt=\"\" width=\"722\" height=\"340\" srcset=\"https:\/\/www.adf.org.br\/home\/wp-content\/uploads\/2021\/11\/une-medaille.jpg 722w, https:\/\/www.adf.org.br\/home\/wp-content\/uploads\/2021\/11\/une-medaille-300x141.jpg 300w\" sizes=\"(max-width: 722px) 100vw, 722px\" \/><\/a><figcaption id=\"caption-attachment-66571\" class=\"wp-caption-text\"><center>Nossa Senhora aparece como dispensadora de todas as gra\u00e7as para Santa Catarina Labour\u00e9<\/center><\/figcaption><\/figure>\n<p><span style=\"color: #000000;\"><span style=\"color: #800080; font-size: 32px;\"><strong>T<\/strong><\/span>endo aparecido j\u00e1 duas vezes \u00e0 Irm\u00e3 Catarina Labour\u00e9, novi\u00e7a das Filhas da Caridade de S\u00e3o Vicente de Paulo, a <a href=\"https:\/\/www.adf.org.br\/home\/pagina-de-cadastro\/?origem=21846\" target=\"_blank\" rel=\"noopener\">Sant\u00edssima M\u00e3e de Deus<\/a>, ainda vai agraciar-lhe com uma terceira apari\u00e7\u00e3o para esclarecer as \u00faltimas informa\u00e7\u00f5es necess\u00e1rias para a compreens\u00e3o da medalha que mandou cunhar.\u00a0<\/span><\/p>\n<h4><span style=\"color: #000000;\">Ultima Apari\u00e7\u00e3o \u2014 Dezembro de 1830.<\/span><\/h4>\n<figure id=\"attachment_66570\" aria-describedby=\"caption-attachment-66570\" style=\"width: 232px\" class=\"wp-caption alignleft\"><a href=\"https:\/\/www.adf.org.br\/home\/pagina-de-cadastro\/?origem=21846\" target=\"_blank\" rel=\"noopener\"><img loading=\"lazy\" class=\"wp-image-66570 \" src=\"https:\/\/www.adf.org.br\/home\/wp-content\/uploads\/2021\/11\/3rd-apparition-rayons-245x300.jpg\" alt=\"\" width=\"232\" height=\"284\" srcset=\"https:\/\/www.adf.org.br\/home\/wp-content\/uploads\/2021\/11\/3rd-apparition-rayons-245x300.jpg 245w, https:\/\/www.adf.org.br\/home\/wp-content\/uploads\/2021\/11\/3rd-apparition-rayons-835x1024.jpg 835w, https:\/\/www.adf.org.br\/home\/wp-content\/uploads\/2021\/11\/3rd-apparition-rayons-768x941.jpg 768w, https:\/\/www.adf.org.br\/home\/wp-content\/uploads\/2021\/11\/3rd-apparition-rayons.jpg 859w\" sizes=\"(max-width: 232px) 100vw, 232px\" \/><\/a><figcaption id=\"caption-attachment-66570\" class=\"wp-caption-text\"><center>Terceira Apari\u00e7\u00e3o de Nossa Senhora a Santa Catarina Labour\u00e9<\/center><\/figcaption><\/figure>\n<p><span style=\"color: #000000;\">Muito semelhante \u00e0 segunda apari\u00e7\u00e3o, com um diferencial, <a href=\"https:\/\/www.adf.org.br\/home\/pagina-de-cadastro\/?origem=21846\" target=\"_blank\" rel=\"noopener\">Nossa Senhora<\/a> ter se dirigido para cima e atr\u00e1s do tabern\u00e1culo.<\/span><\/p>\n<p><span style=\"color: #000000;\">O mesmo quadro da medalha aparecido anteriormente, mas desta vez, junto ao tabern\u00e1culo. \u00a0Em seus dedos viam-se an\u00e9is de pedras preciosas, uns com raios de um brilho bel\u00edssimo, outros apagados. <\/span><span style=\"color: #000000;\">No fundo do seu cora\u00e7\u00e3o Catarina ouve a <span style=\"color: #0000ff;\"><a style=\"color: #0000ff;\" href=\"https:\/\/www.adf.org.br\/home\/pagina-de-cadastro\/?origem=21846\" target=\"_blank\" rel=\"noopener\">Virgem Sant\u00edssima<\/a><\/span> dizer-lhe:<\/span><\/p>\n<blockquote><p><span style=\"color: #800080;\"><strong><em>\u201cEstes raios s\u00e3o o s\u00edmbolo das gra\u00e7as que espalhei sobre as gra\u00e7as que me pedem\u2026\u201d.<\/em><\/strong><\/span><\/p><\/blockquote>\n<p><span style=\"color: #000000;\">E, para explicar os an\u00e9is que n\u00e3o projetavam raios, acrescenta:<\/span><\/p>\n<blockquote><p><strong><span style=\"color: #000000;\"><em>\u201c\u00c9 a imagem das gra\u00e7as que as pessoas esquecem de me pedir\u201d.<\/em><\/span><\/strong><\/p><\/blockquote>\n<p><span style=\"color: #000000;\">Al\u00e9m disso, Irm\u00e3 Catarina ouve no seu cora\u00e7\u00e3o:<\/span><\/p>\n<blockquote><p><span style=\"color: #800080;\"><strong><em>\u201cMinha filha, doravante n\u00e3o mais me ver\u00e1s, por\u00e9m ouvir\u00e1s minha voz durante tuas ora\u00e7\u00f5es\u201d.<\/em><\/strong><\/span><\/p><\/blockquote>\n<p><span style=\"color: #000000;\">\u00c9 o final das apari\u00e7\u00f5es.<\/span><\/p>\n<h4><span style=\"color: #000000;\">Difus\u00e3o da Medalha Milagrosa<\/span><\/h4>\n<figure id=\"attachment_66572\" aria-describedby=\"caption-attachment-66572\" style=\"width: 178px\" class=\"wp-caption alignright\"><a href=\"https:\/\/www.adf.org.br\/home\/pagina-de-cadastro\/?origem=21846\" target=\"_blank\" rel=\"noopener\"><img loading=\"lazy\" class=\"wp-image-66572 \" src=\"https:\/\/www.adf.org.br\/home\/wp-content\/uploads\/2021\/11\/Jean-Marie-Aladel.jpg\" alt=\"\" width=\"178\" height=\"272\" \/><\/a><figcaption id=\"caption-attachment-66572\" class=\"wp-caption-text\"><center>Padre Jean-Marie Aladel, diretor de Santa Catarina Labour\u00e9<\/center><\/figcaption><\/figure>\n<p><span style=\"color: #000000;\"><strong>Catarina comunica os pedidos da <span style=\"color: #0000ff;\"><a style=\"color: #0000ff;\" href=\"https:\/\/www.adf.org.br\/home\/pagina-de-cadastro\/?origem=21846\" target=\"_blank\" rel=\"noopener\">Virgem Maria<\/a><\/span> a seu confessor, o Padre Jo\u00e3o Maria Aladel, CM.<\/strong> Este num primeiro momento n\u00e3o acolhe bem, e inclusive lhe pro\u00edbe de pensar e falar nisto. <\/span><\/p>\n<p><span style=\"color: #000000;\">Embora tenha sido um golpe terr\u00edvel para ela, Catarina obedeceu seu confessor.<\/span><\/p>\n<p><span style=\"color: #800080;\"><strong>No dia 30 de janeiro de 1831 encerra o tempo de Noviciado e Catarina professa como Filha da Caridade. <\/strong><\/span><\/p>\n<p><span style=\"color: #000000;\">No dia seguinte \u00e9 designada para o Asilo num bairro cheio de mis\u00e9ria, Catarina atender\u00e1 os Pobres durante 46 anos, em sil\u00eancio e total anonimato. S\u00f3 no leito de sua morte as irm\u00e3s descobriram que ela era a alma que tinha recebido tamanha gra\u00e7a.<\/span><\/p>\n<p><span style=\"color: #000000;\"><strong>Visto a demora no cumprimento do seu pedido, <span style=\"color: #0000ff;\"><a style=\"color: #0000ff;\" href=\"https:\/\/www.adf.org.br\/home\/pagina-de-cadastro\/?origem=21846\" target=\"_blank\" rel=\"noopener\">Nossa Senhora<\/a><\/span> comunicou \u00e0 Irm\u00e3 Catarina seu desgosto.<\/strong> \u201cMas querida M\u00e3e\u201d, disse a Irm\u00e3 Catarina, \u201cV\u00f3s vedes que ele (o Padre Aladel) n\u00e3o acredita em mim\u201d. <\/span><\/p>\n<blockquote><p><span style=\"color: #000000;\"><strong><span style=\"color: #800080;\">\u201c<em>N\u00e3o tenhais medo<\/em>\u201d<\/span><\/strong> \u2013 foi sua resposta \u2013<strong><span style=\"color: #800080;\"> \u201c<em>chegar\u00e1 o dia em que far\u00e1 o que eu pe\u00e7o, porque ele \u00e9 meu servo e n\u00e3o ir\u00e1 querer me desapontar<\/em>\u201d.<\/span><\/strong><\/span><\/p><\/blockquote>\n<p><span style=\"color: #000000;\">Comunicado acerca do desgosto da Virgem Maria para com ele, Padre Aladel, afinal de contas, havia se passado sete meses desde que a <span style=\"color: #0000ff;\"><a style=\"color: #0000ff;\" href=\"https:\/\/www.adf.org.br\/home\/pagina-de-cadastro\/?origem=21846\" target=\"_blank\" rel=\"noopener\">Sant\u00edssima Virgem<\/a><\/span> pediu que se cunhasse e distribu\u00edsse a medalha, mas ainda n\u00e3o tinha sido feito nada. Ele pensou:<\/span><\/p>\n<blockquote><p><span style=\"color: #000000;\">\u201c<em>Se Maria est\u00e1 desgostosa, n\u00e3o pode ser com a jovem irm\u00e3, pois em sua situa\u00e7\u00e3o ela \u00e9 incapaz de fazer qualquer coisa.<\/em> Sendo assim, deve ser comigo\u201d.<\/span><\/p><\/blockquote>\n<h4><strong><span style=\"color: #000000;\">O arcebispo de Paris autoriza a Medalha<\/span><\/strong><\/h4>\n<figure id=\"attachment_66573\" aria-describedby=\"caption-attachment-66573\" style=\"width: 159px\" class=\"wp-caption alignleft\"><a href=\"https:\/\/www.adf.org.br\/home\/pagina-de-cadastro\/?origem=21846\" target=\"_blank\" rel=\"noopener\"><img loading=\"lazy\" class=\"wp-image-66573\" src=\"https:\/\/www.adf.org.br\/home\/wp-content\/uploads\/2021\/11\/Hyacinthe_Louis_de_Quelen-216x300.jpg\" alt=\"\" width=\"159\" height=\"221\" srcset=\"https:\/\/www.adf.org.br\/home\/wp-content\/uploads\/2021\/11\/Hyacinthe_Louis_de_Quelen-216x300.jpg 216w, https:\/\/www.adf.org.br\/home\/wp-content\/uploads\/2021\/11\/Hyacinthe_Louis_de_Quelen.jpg 425w\" sizes=\"(max-width: 159px) 100vw, 159px\" \/><\/a><figcaption id=\"caption-attachment-66573\" class=\"wp-caption-text\"><center>Dom Jacinto-Lu\u00eds de Q\u00faelen, Arcebispo de Paris na \u00e9poca das apari\u00e7\u00f5es<\/center><\/figcaption><\/figure>\n<p><span style=\"color: #000000;\">Padre Aladel, consultando seu superior Padre Jo\u00e3o Batista Etti\u00e9nne, decidiu que um assunto assim t\u00e3o importante deveria ser levado ao Arcebispo. <\/span><\/p>\n<p><span style=\"color: #000000;\">Os dois padres chamaram o Arcebispo e lhe apresentaram um detalhado relato das apari\u00e7\u00f5es de <span style=\"color: #0000ff;\"><a style=\"color: #0000ff;\" href=\"https:\/\/www.adf.org.br\/home\/pagina-de-cadastro\/?origem=21846\" target=\"_blank\" rel=\"noopener\">Nossa Senhora<\/a><\/span> \u00e0 irm\u00e3 Catarina Labour\u00e9. <\/span><\/p>\n<p><strong><span style=\"color: #000000;\">O Arcebispo de Paris, Dom Jacinto-Lu\u00eds de Qu\u00e9len, ouviu com grande interesse a maravilhosa hist\u00f3ria e deu sua autoriza\u00e7\u00e3o para a confec\u00e7\u00e3o das medalhas.<\/span><\/strong><\/p>\n<p><span style=\"color: #000000;\">Tendo recebido a permiss\u00e3o eclesi\u00e1stica, o Padre Aladel agilizou para que a medalha fosse feita. Nesta primeira leva, 2.000 <span style=\"color: #0000ff;\"><a style=\"color: #0000ff;\" href=\"https:\/\/www.adf.org.br\/home\/pagina-de-cadastro\/?origem=21846\" target=\"_blank\" rel=\"noopener\">medalhas milagrosas<\/a><\/span> cunharam-se.<\/span><\/p>\n<p><span style=\"color: #000000;\">O diretor espiritual entregou uma destas medalhas \u00e0 Ir. Catarina, como forma de reparar sua prolongada oposi\u00e7\u00e3o. O \u00fanico coment\u00e1rio da Ir. Catarina foi: <\/span><\/p>\n<blockquote><p><strong><span style=\"color: #800080;\">\u201c<em>Agora deve propagar-se<\/em>\u201d.<\/span><\/strong><\/p><\/blockquote>\n<p><span style=\"color: #000000;\">Tal se deu e muitas gra\u00e7as foram alcan\u00e7adas gra\u00e7as a intercess\u00e3o e a prote\u00e7\u00e3o de <span style=\"color: #0000ff;\"><a style=\"color: #0000ff;\" href=\"https:\/\/www.adf.org.br\/home\/pagina-de-cadastro\/?origem=21846\" target=\"_blank\" rel=\"noopener\">Nossa Senhora das Gra\u00e7as<\/a><\/span> por meio da sua Medalha milagrosa.<\/span><\/p>\n<h3 style=\"text-align: center;\"><span style=\"color: #000000;\">****<\/span><\/h3>\n<p style=\"text-align: center;\"><strong><span style=\"color: #000000;\">Quer receber conte\u00fados de inspira\u00e7\u00e3o cat\u00f3lica para aumentar sua f\u00e9 e a sua devo\u00e7\u00e3o?<\/span><\/strong><\/p>\n<p><span style=\"font-weight: 400; color: #000000;\"><span style=\"color: #0000ff;\"><a style=\"color: #0000ff;\" href=\"https:\/\/www.adf.org.br\/home\/pagina-de-cadastro\/?origem=21846\" target=\"_blank\" rel=\"noopener\">Clique aqui<\/a><\/span> ou na imagem abaixo e fa\u00e7a seu cadastro na nossa Newsletter:<\/span><\/p>\n<p><a href=\"https:\/\/www.adf.org.br\/home\/pagina-de-cadastro\/?origem=21846\" target=\"_blank\" rel=\"noopener\"><img loading=\"lazy\" class=\"wp-image-65223 aligncenter\" src=\"https:\/\/www.adf.org.br\/home\/wp-content\/uploads\/2021\/07\/boletim-adf.png\" alt=\"\" width=\"423\" height=\"141\" srcset=\"https:\/\/www.adf.org.br\/home\/wp-content\/uploads\/2021\/07\/boletim-adf.png 600w, https:\/\/www.adf.org.br\/home\/wp-content\/uploads\/2021\/07\/boletim-adf-300x100.png 300w\" sizes=\"(max-width: 423px) 100vw, 423px\" \/><\/a><\/p>\n","protected":false},"excerpt":{"rendered":"<p>\u00daltima apari\u00e7\u00e3o de Nossa Senhora das Gra\u00e7as e difus\u00e3o da Medalha Milagrosa &nbsp; Tendo aparecido j\u00e1 duas vezes \u00e0 Irm\u00e3 Catarina Labour\u00e9, novi\u00e7a das Filhas da Caridade de S\u00e3o Vicente de Paulo, a Sant\u00edssima M\u00e3e de Deus, ainda vai agraciar-lhe com uma terceira apari\u00e7\u00e3o para esclarecer as \u00faltimas informa\u00e7\u00f5es necess\u00e1rias para a compreens\u00e3o da medalha [&hellip;]<\/p>\n","protected":false},"author":30,"featured_media":66594,"comment_status":"open","ping_status":"open","sticky":false,"template":"","format":"standard","meta":[],"categories":[20,50,2585],"tags":[4569,34,306,522],"yoast_head":"<!-- This site is optimized with the Yoast SEO plugin v17.4 - https:\/\/yoast.com\/wordpress\/plugins\/seo\/ -->\n<title>\u00daltima apari\u00e7\u00e3o de Nossa Senhora das Gra\u00e7as e difus\u00e3o da Medalha Milagrosa<\/title>\n<meta name=\"robots\" content=\"index, follow, max-snippet:-1, max-image-preview:large, max-video-preview:-1\" \/>\n<link rel=\"canonical\" href=\"https:\/\/www.adf.org.br\/home\/ultima-aparicao-de-nossa-senhora-das-gracas-e-difusao-da-medalha-milagrosa\/\" \/>\n<meta property=\"og:locale\" content=\"pt_BR\" \/>\n<meta property=\"og:type\" content=\"article\" \/>\n<meta property=\"og:title\" content=\"\u00daltima apari\u00e7\u00e3o de Nossa Senhora das Gra\u00e7as e difus\u00e3o da Medalha Milagrosa\" \/>\n<meta property=\"og:description\" content=\"\u00daltima apari\u00e7\u00e3o de Nossa Senhora das Gra\u00e7as e difus\u00e3o da Medalha Milagrosa &nbsp; Tendo aparecido j\u00e1 duas vezes \u00e0 Irm\u00e3 Catarina Labour\u00e9, novi\u00e7a das Filhas da Caridade de S\u00e3o Vicente de Paulo, a Sant\u00edssima M\u00e3e de Deus, ainda vai agraciar-lhe com uma terceira apari\u00e7\u00e3o para esclarecer as \u00faltimas informa\u00e7\u00f5es necess\u00e1rias para a compreens\u00e3o da medalha [&hellip;]\" \/>\n<meta property=\"og:url\" content=\"https:\/\/www.adf.org.br\/home\/ultima-aparicao-de-nossa-senhora-das-gracas-e-difusao-da-medalha-milagrosa\/\" \/>\n<meta property=\"og:site_name\" content=\"Associa\u00e7\u00e3o Devotos de F\u00e1tima\" \/>\n<meta property=\"article:published_time\" content=\"2021-11-23T03:03:41+00:00\" \/>\n<meta property=\"article:modified_time\" content=\"2021-11-19T19:05:36+00:00\" \/>\n<meta property=\"og:image\" content=\"https:\/\/www.adf.org.br\/home\/wp-content\/uploads\/2021\/11\/Aparicao-da-Santissima-Virgem-a-Santa-Catarina-Laboure-719x1024-1.jpg\" \/>\n\t<meta property=\"og:image:width\" content=\"719\" \/>\n\t<meta property=\"og:image:height\" content=\"1024\" \/>\n<meta name=\"twitter:card\" content=\"summary_large_image\" \/>\n<meta name=\"twitter:label1\" content=\"Escrito por\" \/>\n\t<meta name=\"twitter:data1\" content=\"Luiz Felipe\" \/>\n\t<meta name=\"twitter:label2\" content=\"Est. tempo de leitura\" \/>\n\t<meta name=\"twitter:data2\" content=\"4 minutos\" \/>\n<script type=\"application\/ld+json\" class=\"yoast-schema-graph\">{\"@context\":\"https:\/\/schema.org\",\"@graph\":[{\"@type\":\"WebSite\",\"@id\":\"https:\/\/www.adf.org.br\/home\/#website\",\"url\":\"https:\/\/www.adf.org.br\/home\/\",\"name\":\"Associa\\u00e7\\u00e3o Devotos de F\\u00e1tima\",\"description\":\"Associa\\u00e7\\u00e3o Devotos de F\\u00e1tima\",\"potentialAction\":[{\"@type\":\"SearchAction\",\"target\":{\"@type\":\"EntryPoint\",\"urlTemplate\":\"https:\/\/www.adf.org.br\/home\/?s={search_term_string}\"},\"query-input\":\"required name=search_term_string\"}],\"inLanguage\":\"pt-BR\"},{\"@type\":\"ImageObject\",\"@id\":\"https:\/\/www.adf.org.br\/home\/ultima-aparicao-de-nossa-senhora-das-gracas-e-difusao-da-medalha-milagrosa\/#primaryimage\",\"inLanguage\":\"pt-BR\",\"url\":\"https:\/\/www.adf.org.br\/home\/wp-content\/uploads\/2021\/11\/Aparicao-da-Santissima-Virgem-a-Santa-Catarina-Laboure-719x1024-1.jpg\",\"contentUrl\":\"https:\/\/www.adf.org.br\/home\/wp-content\/uploads\/2021\/11\/Aparicao-da-Santissima-Virgem-a-Santa-Catarina-Laboure-719x1024-1.jpg\",\"width\":719,\"height\":1024},{\"@type\":\"WebPage\",\"@id\":\"https:\/\/www.adf.org.br\/home\/ultima-aparicao-de-nossa-senhora-das-gracas-e-difusao-da-medalha-milagrosa\/#webpage\",\"url\":\"https:\/\/www.adf.org.br\/home\/ultima-aparicao-de-nossa-senhora-das-gracas-e-difusao-da-medalha-milagrosa\/\",\"name\":\"\\u00daltima apari\\u00e7\\u00e3o de Nossa Senhora das Gra\\u00e7as e difus\\u00e3o da Medalha Milagrosa\",\"isPartOf\":{\"@id\":\"https:\/\/www.adf.org.br\/home\/#website\"},\"primaryImageOfPage\":{\"@id\":\"https:\/\/www.adf.org.br\/home\/ultima-aparicao-de-nossa-senhora-das-gracas-e-difusao-da-medalha-milagrosa\/#primaryimage\"},\"datePublished\":\"2021-11-23T03:03:41+00:00\",\"dateModified\":\"2021-11-19T19:05:36+00:00\",\"author\":{\"@id\":\"https:\/\/www.adf.org.br\/home\/#\/schema\/person\/1ad877d1f255f4637ee020b3b16138ee\"},\"breadcrumb\":{\"@id\":\"https:\/\/www.adf.org.br\/home\/ultima-aparicao-de-nossa-senhora-das-gracas-e-difusao-da-medalha-milagrosa\/#breadcrumb\"},\"inLanguage\":\"pt-BR\",\"potentialAction\":[{\"@type\":\"ReadAction\",\"target\":[\"https:\/\/www.adf.org.br\/home\/ultima-aparicao-de-nossa-senhora-das-gracas-e-difusao-da-medalha-milagrosa\/\"]}]},{\"@type\":\"BreadcrumbList\",\"@id\":\"https:\/\/www.adf.org.br\/home\/ultima-aparicao-de-nossa-senhora-das-gracas-e-difusao-da-medalha-milagrosa\/#breadcrumb\",\"itemListElement\":[{\"@type\":\"ListItem\",\"position\":1,\"name\":\"Home\",\"item\":\"https:\/\/www.adf.org.br\/home\/\"},{\"@type\":\"ListItem\",\"position\":2,\"name\":\"\\u00daltima apari\\u00e7\\u00e3o de Nossa Senhora das Gra\\u00e7as e difus\\u00e3o da Medalha Milagrosa\"}]},{\"@type\":\"Person\",\"@id\":\"https:\/\/www.adf.org.br\/home\/#\/schema\/person\/1ad877d1f255f4637ee020b3b16138ee\",\"name\":\"Luiz Felipe\",\"image\":{\"@type\":\"ImageObject\",\"@id\":\"https:\/\/www.adf.org.br\/home\/#personlogo\",\"inLanguage\":\"pt-BR\",\"url\":\"https:\/\/secure.gravatar.com\/avatar\/f8f0a14d57a57f103e42363994b25ba9?s=96&d=mm&r=g\",\"contentUrl\":\"https:\/\/secure.gravatar.com\/avatar\/f8f0a14d57a57f103e42363994b25ba9?s=96&d=mm&r=g\",\"caption\":\"Luiz Felipe\"},\"url\":\"https:\/\/www.adf.org.br\/home\/author\/luiz-merencianopmk-com-br\/\"}]}<\/script>\n<!-- \/ Yoast SEO plugin. -->","yoast_head_json":{"title":"\u00daltima apari\u00e7\u00e3o de Nossa Senhora das Gra\u00e7as e difus\u00e3o da Medalha Milagrosa","robots":{"index":"index","follow":"follow","max-snippet":"max-snippet:-1","max-image-preview":"max-image-preview:large","max-video-preview":"max-video-preview:-1"},"canonical":"https:\/\/www.adf.org.br\/home\/ultima-aparicao-de-nossa-senhora-das-gracas-e-difusao-da-medalha-milagrosa\/","og_locale":"pt_BR","og_type":"article","og_title":"\u00daltima apari\u00e7\u00e3o de Nossa Senhora das Gra\u00e7as e difus\u00e3o da Medalha Milagrosa","og_description":"\u00daltima apari\u00e7\u00e3o de Nossa Senhora das Gra\u00e7as e difus\u00e3o da Medalha Milagrosa &nbsp; Tendo aparecido j\u00e1 duas vezes \u00e0 Irm\u00e3 Catarina Labour\u00e9, novi\u00e7a das Filhas da Caridade de S\u00e3o Vicente de Paulo, a Sant\u00edssima M\u00e3e de Deus, ainda vai agraciar-lhe com uma terceira apari\u00e7\u00e3o para esclarecer as \u00faltimas informa\u00e7\u00f5es necess\u00e1rias para a compreens\u00e3o da medalha [&hellip;]","og_url":"https:\/\/www.adf.org.br\/home\/ultima-aparicao-de-nossa-senhora-das-gracas-e-difusao-da-medalha-milagrosa\/","og_site_name":"Associa\u00e7\u00e3o Devotos de F\u00e1tima","article_published_time":"2021-11-23T03:03:41+00:00","article_modified_time":"2021-11-19T19:05:36+00:00","og_image":[{"width":719,"height":1024,"url":"https:\/\/www.adf.org.br\/home\/wp-content\/uploads\/2021\/11\/Aparicao-da-Santissima-Virgem-a-Santa-Catarina-Laboure-719x1024-1.jpg","type":"image\/jpeg"}],"twitter_card":"summary_large_image","twitter_misc":{"Escrito por":"Luiz Felipe","Est. tempo de leitura":"4 minutos"},"schema":{"@context":"https:\/\/schema.org","@graph":[{"@type":"WebSite","@id":"https:\/\/www.adf.org.br\/home\/#website","url":"https:\/\/www.adf.org.br\/home\/","name":"Associa\u00e7\u00e3o Devotos de F\u00e1tima","description":"Associa\u00e7\u00e3o Devotos de F\u00e1tima","potentialAction":[{"@type":"SearchAction","target":{"@type":"EntryPoint","urlTemplate":"https:\/\/www.adf.org.br\/home\/?s={search_term_string}"},"query-input":"required name=search_term_string"}],"inLanguage":"pt-BR"},{"@type":"ImageObject","@id":"https:\/\/www.adf.org.br\/home\/ultima-aparicao-de-nossa-senhora-das-gracas-e-difusao-da-medalha-milagrosa\/#primaryimage","inLanguage":"pt-BR","url":"https:\/\/www.adf.org.br\/home\/wp-content\/uploads\/2021\/11\/Aparicao-da-Santissima-Virgem-a-Santa-Catarina-Laboure-719x1024-1.jpg","contentUrl":"https:\/\/www.adf.org.br\/home\/wp-content\/uploads\/2021\/11\/Aparicao-da-Santissima-Virgem-a-Santa-Catarina-Laboure-719x1024-1.jpg","width":719,"height":1024},{"@type":"WebPage","@id":"https:\/\/www.adf.org.br\/home\/ultima-aparicao-de-nossa-senhora-das-gracas-e-difusao-da-medalha-milagrosa\/#webpage","url":"https:\/\/www.adf.org.br\/home\/ultima-aparicao-de-nossa-senhora-das-gracas-e-difusao-da-medalha-milagrosa\/","name":"\u00daltima apari\u00e7\u00e3o de Nossa Senhora das Gra\u00e7as e difus\u00e3o da Medalha Milagrosa","isPartOf":{"@id":"https:\/\/www.adf.org.br\/home\/#website"},"primaryImageOfPage":{"@id":"https:\/\/www.adf.org.br\/home\/ultima-aparicao-de-nossa-senhora-das-gracas-e-difusao-da-medalha-milagrosa\/#primaryimage"},"datePublished":"2021-11-23T03:03:41+00:00","dateModified":"2021-11-19T19:05:36+00:00","author":{"@id":"https:\/\/www.adf.org.br\/home\/#\/schema\/person\/1ad877d1f255f4637ee020b3b16138ee"},"breadcrumb":{"@id":"https:\/\/www.adf.org.br\/home\/ultima-aparicao-de-nossa-senhora-das-gracas-e-difusao-da-medalha-milagrosa\/#breadcrumb"},"inLanguage":"pt-BR","potentialAction":[{"@type":"ReadAction","target":["https:\/\/www.adf.org.br\/home\/ultima-aparicao-de-nossa-senhora-das-gracas-e-difusao-da-medalha-milagrosa\/"]}]},{"@type":"BreadcrumbList","@id":"https:\/\/www.adf.org.br\/home\/ultima-aparicao-de-nossa-senhora-das-gracas-e-difusao-da-medalha-milagrosa\/#breadcrumb","itemListElement":[{"@type":"ListItem","position":1,"name":"Home","item":"https:\/\/www.adf.org.br\/home\/"},{"@type":"ListItem","position":2,"name":"\u00daltima apari\u00e7\u00e3o de Nossa Senhora das Gra\u00e7as e difus\u00e3o da Medalha Milagrosa"}]},{"@type":"Person","@id":"https:\/\/www.adf.org.br\/home\/#\/schema\/person\/1ad877d1f255f4637ee020b3b16138ee","name":"Luiz Felipe","image":{"@type":"ImageObject","@id":"https:\/\/www.adf.org.br\/home\/#personlogo","inLanguage":"pt-BR","url":"https:\/\/secure.gravatar.com\/avatar\/f8f0a14d57a57f103e42363994b25ba9?s=96&d=mm&r=g","contentUrl":"https:\/\/secure.gravatar.com\/avatar\/f8f0a14d57a57f103e42363994b25ba9?s=96&d=mm&r=g","caption":"Luiz Felipe"},"url":"https:\/\/www.adf.org.br\/home\/author\/luiz-merencianopmk-com-br\/"}]}},"_links":{"self":[{"href":"https:\/\/www.adf.org.br\/home\/wp-json\/wp\/v2\/posts\/66566"}],"collection":[{"href":"https:\/\/www.adf.org.br\/home\/wp-json\/wp\/v2\/posts"}],"about":[{"href":"https:\/\/www.adf.org.br\/home\/wp-json\/wp\/v2\/types\/post"}],"author":[{"embeddable":true,"href":"https:\/\/www.adf.org.br\/home\/wp-json\/wp\/v2\/users\/30"}],"replies":[{"embeddable":true,"href":"https:\/\/www.adf.org.br\/home\/wp-json\/wp\/v2\/comments?post=66566"}],"version-history":[{"count":4,"href":"https:\/\/www.adf.org.br\/home\/wp-json\/wp\/v2\/posts\/66566\/revisions"}],"predecessor-version":[{"id":66595,"href":"https:\/\/www.adf.org.br\/home\/wp-json\/wp\/v2\/posts\/66566\/revisions\/66595"}],"wp:featuredmedia":[{"embeddable":true,"href":"https:\/\/www.adf.org.br\/home\/wp-json\/wp\/v2\/media\/66594"}],"wp:attachment":[{"href":"https:\/\/www.adf.org.br\/home\/wp-json\/wp\/v2\/media?parent=66566"}],"wp:term":[{"taxonomy":"category","embeddable":true,"href":"https:\/\/www.adf.org.br\/home\/wp-json\/wp\/v2\/categories?post=66566"},{"taxonomy":"post_tag","embeddable":true,"href":"https:\/\/www.adf.org.br\/home\/wp-json\/wp\/v2\/tags?post=66566"}],"curies":[{"name":"wp","href":"https:\/\/api.w.org\/{rel}","templated":true}]}}