{"id":66373,"date":"2021-11-02T00:03:21","date_gmt":"2021-11-02T03:03:21","guid":{"rendered":"https:\/\/www.adf.org.br\/home\/?p=66373"},"modified":"2021-11-01T17:01:48","modified_gmt":"2021-11-01T20:01:48","slug":"voce-ja-se-esqueceu-dos-seus-mortos","status":"publish","type":"post","link":"https:\/\/www.adf.org.br\/home\/voce-ja-se-esqueceu-dos-seus-mortos\/","title":{"rendered":"Voc\u00ea j\u00e1 se esqueceu dos seus mortos?"},"content":{"rendered":"<h2 style=\"text-align: center;\"><span style=\"color: #000000;\"><strong>Voc\u00ea j\u00e1 se esqueceu dos seus mortos?<\/strong><\/span><\/h2>\n<p>&nbsp;<\/p>\n<figure id=\"attachment_66375\" aria-describedby=\"caption-attachment-66375\" style=\"width: 693px\" class=\"wp-caption aligncenter\"><a href=\"https:\/\/www.adf.org.br\/home\/pagina-de-cadastro\/?origem=21660\" target=\"_blank\" rel=\"noopener\"><img loading=\"lazy\" class=\"wp-image-66375\" src=\"https:\/\/www.adf.org.br\/home\/wp-content\/uploads\/2021\/11\/capa-post-02.11-adf-300x190.jpg\" alt=\"\" width=\"693\" height=\"390\" \/><\/a><figcaption id=\"caption-attachment-66375\" class=\"wp-caption-text\"><center><span style=\"color: #000000;\">Como Nosso Senhor Jesus Cristo nos advertiu, a morte vir\u00e1 de repente, como um ladr\u00e3o, oculto e de noite (I Tes. 5, 2)\u00a0<\/span><center><\/center><\/center><\/figcaption><\/figure>\n<p><span style=\"font-weight: 400; color: #000000;\"><strong><span style=\"color: #800080; font-size: 32px;\">N<\/span><\/strong>o dia de <strong><span style=\"color: #0000ff;\"><a style=\"color: #0000ff;\" href=\"https:\/\/www.adf.org.br\/home\/pagina-de-cadastro\/?origem=21660\" target=\"_blank\" rel=\"noopener\">Finados<\/a><\/span><\/strong>, \u00e9 especialmente louv\u00e1vel recordar as almas dos <strong><span style=\"color: #0000ff;\"><a style=\"color: #0000ff;\" href=\"https:\/\/www.adf.org.br\/home\/pagina-de-cadastro\/?origem=21660\" target=\"_blank\" rel=\"noopener\">fi\u00e9is defuntos<\/a><\/span><\/strong>, de modo particular de nossos parentes e conhecidos, rezar por eles e visitar seus restos mortais nos cemit\u00e9rios.<\/span><\/p>\n<p><span style=\"font-weight: 400; color: #000000;\">Neste texto retirado do livro, M\u00eas das <strong><span style=\"color: #0000ff;\"><a style=\"color: #0000ff;\" href=\"https:\/\/www.adf.org.br\/home\/pagina-de-cadastro\/?origem=21660\" target=\"_blank\" rel=\"noopener\">Almas do Purgat\u00f3rio<\/a><\/span><\/strong>, do Mons. Jos\u00e9 Bas\u00edlio Pereira, meditaremos a lembran\u00e7a dos mortos, especialmente de nossos parentes, amigos e benfeitores.<\/span><\/p>\n<h4><span style=\"font-weight: 400; color: #000000;\"><strong>\u201cN\u00e3o esque\u00e7ais vossos mortos, v\u00f3s a quem eles tanto amaram!\u201d<\/strong> Vi estas palavras gravadas, na porta de um cemit\u00e9rio, aos p\u00e9s de um crucifixo, e me despertaram uma s\u00e9rie de pensamentos de tristeza, de confus\u00e3o e de remorso!<\/span><\/h4>\n<p><span style=\"font-weight: 400; color: #000000;\">N\u00e3o esque\u00e7ais vossos mortos, que tanto vos amaram! <span style=\"text-decoration: underline;\">Estas palavras se deveriam escrever, n\u00e3o s\u00f3 na porta do cemit\u00e9rio em que repousam seus corpos, aguardando a ressurrei\u00e7\u00e3o, mas ainda em cada um dos m\u00f3veis que temos ao redor de n\u00f3s e que deles recebemos.<\/span><\/span><\/p>\n<p><span style=\"font-weight: 400; color: #000000;\">Neste aposento. \u2014 N\u00e3o foi ele, esse finado talvez j\u00e1 esquecido, esse pai que queria tanto; n\u00e3o foi ele quem o disp\u00f4s tal qual est\u00e1 proporcionando-nos tantas comodidades?<\/span><\/p>\n<h4><span style=\"font-weight: 400; color: #000000;\">\u2014 <strong>N\u00e3o foi nesse leito que ele exalou o \u00faltimo suspiro, que nos disse o derradeiro adeus e que nos deu a sua \u00faltima ben\u00e7\u00e3o?<\/strong><\/span><\/h4>\n<p><span style=\"font-weight: 400; color: #000000;\">Nestes m\u00f3veis. \u2014 N\u00e3o foi essa m\u00e3e, de quem talvez j\u00e1 n\u00e3o nos lembr\u00e1vamos, quem os comprou para n\u00f3s? <\/span><\/p>\n<h4><span style=\"font-weight: 400; color: #000000;\">Evoquemos nossas recorda\u00e7\u00f5es: foi para a festa de nosso dia de anos: <strong>ela fizera economias, condenara-se a priva\u00e7\u00f5es para nos adquirir esses objetos, porque uma vez lhe manifestamos vagamente o desejo de possu\u00ed-los.<\/strong><\/span><\/h4>\n<p><span style=\"font-weight: 400; color: #000000;\">Nesta cadeira. \u2014 N\u00e3o \u00e9 a que ela ocupou em seus \u00faltimos dias, de onde tanto nos acariciava? Esse lugar junto \u00e0 mesa n\u00e3o era o seu?<\/span><\/p>\n<p><span style=\"font-weight: 400; color: #000000;\">Neste orat\u00f3rio. \u2014 N\u00e3o era aquela boa irm\u00e3, menina t\u00e3o piedosa, quem o amava?<\/span><\/p>\n<figure id=\"attachment_66380\" aria-describedby=\"caption-attachment-66380\" style=\"width: 242px\" class=\"wp-caption alignleft\"><a href=\"https:\/\/www.adf.org.br\/home\/pagina-de-cadastro\/?origem=21660\" target=\"_blank\" rel=\"noopener\"><img loading=\"lazy\" class=\"wp-image-66380\" src=\"https:\/\/www.adf.org.br\/home\/wp-content\/uploads\/2021\/11\/Morte-1-217x300.jpg\" alt=\"\" width=\"242\" height=\"335\" srcset=\"https:\/\/www.adf.org.br\/home\/wp-content\/uploads\/2021\/11\/Morte-1-217x300.jpg 217w, https:\/\/www.adf.org.br\/home\/wp-content\/uploads\/2021\/11\/Morte-1-739x1024.jpg 739w, https:\/\/www.adf.org.br\/home\/wp-content\/uploads\/2021\/11\/Morte-1-768x1064.jpg 768w, https:\/\/www.adf.org.br\/home\/wp-content\/uploads\/2021\/11\/Morte-1-1109x1536.jpg 1109w, https:\/\/www.adf.org.br\/home\/wp-content\/uploads\/2021\/11\/Morte-1.jpg 1155w\" sizes=\"(max-width: 242px) 100vw, 242px\" \/><\/a><figcaption id=\"caption-attachment-66380\" class=\"wp-caption-text\"><center><span style=\"color: #000000;\">Pintura que retrata o Justo, o Ju\u00edzo Particular e o Pecador<\/span><\/center><\/figcaption><\/figure>\n<p><span style=\"color: #000000;\">N\u00f3s v\u00ednhamos rezar ali com ela e, chamados por ela, v\u00ednhamos todos, pai, m\u00e3e, os irm\u00e3os pequenos\u2026 e agora, est\u00e1 abandonado talvez\u2026 como a lembran\u00e7a daquela que j\u00e1 n\u00e3o pode mais orar conosco.<\/span><\/p>\n<h4><span style=\"color: #000000;\"><span style=\"font-weight: 400;\">Neste crucifixo que <\/span>guardamos como uma rel\u00edquia, \u2014 <strong>N\u00e3o recebeu ele os \u00f3sculos derradeiros de um pai, de uma m\u00e3e, de um filho?<\/strong><\/span><\/h4>\n<h4><strong><span style=\"color: #800080;\">\u00d3 meus mortos mui queridos, com que dita eu acolho estas recorda\u00e7\u00f5es que me comovem, consolando-me? Com que prazer eu vos revejo em esp\u00edrito e pe\u00e7o a Deus vosso al\u00edvio, vossa paz, vosso repouso eterno!<\/span><\/strong><\/h4>\n<p><span style=\"font-weight: 400; color: #000000;\">Se o tiv\u00e9sseis querido, Senhor, estes seres t\u00e3o amados, viveriam ainda e estariam junto a n\u00f3s!<\/span><\/p>\n<h4><span style=\"font-weight: 400; color: #000000;\">Eu me resignei \u00e0 vossa santa vontade: <strong>aceitai em aten\u00e7\u00e3o a esta resigna\u00e7\u00e3o dolorosa, mas submissa, recebei as ora\u00e7\u00f5es que por eles fa\u00e7o hoje e quero fazer todos os dias deste m\u00eas.<\/strong><\/span><\/h4>\n<h3 style=\"text-align: center;\"><span style=\"color: #000000;\"><strong>A vida eterna ap\u00f3s a morte<\/strong><\/span><\/h3>\n<p><span style=\"font-weight: 400; color: #000000;\">Em nossos dias impregnados de <strong>materialismo e ate\u00edsmo<\/strong>, procura-se evitar a lembran\u00e7a da <span style=\"color: #0000ff;\"><a style=\"color: #0000ff;\" href=\"https:\/\/www.adf.org.br\/home\/pagina-de-cadastro\/?origem=21660\" target=\"_blank\" rel=\"noopener\"><strong>morte<\/strong><\/a><\/span>, embora seja ela a \u00fanica coisa que nos acontecer\u00e1 com absoluta certeza.<\/span><\/p>\n<p><span style=\"font-weight: 400; color: #000000;\"><span style=\"text-decoration: underline;\">Causa-nos temor recordar essa verdade, a ponto de muitos evitarem passar pelo cemit\u00e9rio at\u00e9 mesmo por ocasi\u00e3o de algum enterro, e outros procuram eliminar os aspectos tr\u00e1gicos, pungentes e tristes da morte<\/span>. Chega-se ao extremo de tornar festivos os ambientes dos funerais, parecidos a lugares para encontros sociais mundanos.<\/span><\/p>\n<p><span style=\"font-weight: 400; color: #000000;\">Contrapondo-se a essa tend\u00eancia materialista, a <span style=\"color: #0000ff;\"><a style=\"color: #0000ff;\" href=\"https:\/\/www.adf.org.br\/home\/pagina-de-cadastro\/?origem=21660\" target=\"_blank\" rel=\"noopener\"><strong>Santa Igreja<\/strong><\/a><\/span> nos faz lembrar de uma vida eterna ap\u00f3s a morte. Incentiva-nos a meditar os <strong>\u201c<span style=\"color: #0000ff;\"><a style=\"color: #0000ff;\" href=\"https:\/\/www.adf.org.br\/home\/pagina-de-cadastro\/?origem=21660\" target=\"_blank\" rel=\"noopener\">nov\u00edssimos do homem<\/a><\/span>\u201d \u2014 morte, ju\u00edzo final, c\u00e9u e inferno<\/strong> \u2014 e aconselha: <strong>\u201cEm todas as tuas obras, lembra-te dos teus nov\u00edssimos, e jamais pecar\u00e1s (Ecl. 7, 40).<\/strong><\/span><\/p>\n<p><span style=\"font-weight: 400; color: #000000;\">Como m\u00e3e, a Igreja associa-se \u00e0s nossas l\u00e1grimas e consola nossas dores na perda de um ente querido.\u00a0<\/span><\/p>\n<p><span style=\"font-weight: 400; color: #000000;\">Tamb\u00e9m nos incentiva a tributar todo respeito aos mortos, <strong>participar de funerais, sepultar dignamente os cad\u00e1veres, visitar as fam\u00edlias enlutadas, rezar, oferecer sacrif\u00edcios e assistir \u00e0 Missa em sufr\u00e1gio das <span style=\"color: #0000ff;\"><a style=\"color: #0000ff;\" href=\"https:\/\/www.adf.org.br\/home\/pagina-de-cadastro\/?origem=21660\" target=\"_blank\" rel=\"noopener\">almas<\/a><\/span> dos falecidos, para que sejam libertadas das penas do<span style=\"color: #0000ff;\"><a style=\"color: #0000ff;\" href=\"https:\/\/www.adf.org.br\/home\/pagina-de-cadastro\/?origem=21660\" target=\"_blank\" rel=\"noopener\"> Purgat\u00f3rio<\/a><\/span> e conduzidas ao C\u00e9u.<\/strong><\/span><\/p>\n<p><span style=\"font-weight: 400; color: #000000;\">Aproveitemos essa semana para ajudarmos os nossos irm\u00e3os que, mortos na f\u00e9, esperam com alegria e avidez indescrit\u00edveis ir, enfim, para o seio do Pai!<\/span><\/p>\n<h5 style=\"text-align: right;\"><span style=\"color: #000000;\">Fonte: M\u00eas das Almas do Purgat\u00f3rio, Mons. Jos\u00e9 Bas\u00edlio Pereira<\/span><\/h5>\n<h3 style=\"text-align: center;\"><span style=\"color: #000000;\">*****<\/span><\/h3>\n<h4 style=\"text-align: center;\"><strong><span style=\"color: #000000;\">Receba conte\u00fados de inspira\u00e7\u00e3o Cat\u00f3lica todos os dias e conhe\u00e7a mais sobre as mensagens e a devo\u00e7\u00e3o a Nossa Senhora de F\u00e1tima.<\/span><\/strong><\/h4>\n<p><span style=\"color: #000000;\"><span style=\"font-weight: 400;\">Fa\u00e7a <span style=\"color: #0000ff;\"><a style=\"color: #0000ff;\" href=\"https:\/\/www.adf.org.br\/home\/pagina-de-cadastro\/?origem=21660\" target=\"_blank\" rel=\"noopener\"><strong>AQUI<\/strong> <\/a><\/span>seu cadastro gratuito<\/span><span style=\"font-weight: 400;\">.<\/span><\/span><\/p>\n<p><span style=\"font-weight: 400; color: #000000;\">Ao fazer sua inscri\u00e7\u00e3o, o seu nome ser\u00e1 lembrado na pr\u00f3xima Santa Missa que ser\u00e1 celebrada!<\/span><\/p>\n","protected":false},"excerpt":{"rendered":"<p>Voc\u00ea j\u00e1 se esqueceu dos seus mortos? &nbsp; No dia de Finados, \u00e9 especialmente louv\u00e1vel recordar as almas dos fi\u00e9is defuntos, de modo particular de nossos parentes e conhecidos, rezar por eles e visitar seus restos mortais nos cemit\u00e9rios. Neste texto retirado do livro, M\u00eas das Almas do Purgat\u00f3rio, do Mons. Jos\u00e9 Bas\u00edlio Pereira, meditaremos [&hellip;]<\/p>\n","protected":false},"author":27,"featured_media":66375,"comment_status":"open","ping_status":"open","sticky":false,"template":"","format":"standard","meta":[],"categories":[20,56,14],"tags":[4678,637,57],"yoast_head":"<!-- This site is optimized with the Yoast SEO plugin v17.4 - https:\/\/yoast.com\/wordpress\/plugins\/seo\/ -->\n<title>Voc\u00ea j\u00e1 se esqueceu dos seus mortos?<\/title>\n<meta name=\"description\" content=\"O Dia de Finados, \u00e9 um momento \u00fanico para lembrarmos da morte. Neste dia n\u00e3o esque\u00e7amos das almas que tanto nos amaram. Clique aqui para meditar sobre isso.\" \/>\n<meta name=\"robots\" content=\"index, follow, max-snippet:-1, max-image-preview:large, max-video-preview:-1\" \/>\n<link rel=\"canonical\" href=\"https:\/\/www.adf.org.br\/home\/voce-ja-se-esqueceu-dos-seus-mortos\/\" \/>\n<meta property=\"og:locale\" content=\"pt_BR\" \/>\n<meta property=\"og:type\" content=\"article\" \/>\n<meta property=\"og:title\" content=\"Voc\u00ea j\u00e1 se esqueceu dos seus mortos?\" \/>\n<meta property=\"og:description\" content=\"O Dia de Finados, \u00e9 um momento \u00fanico para lembrarmos da morte. Neste dia n\u00e3o esque\u00e7amos das almas que tanto nos amaram. Clique aqui para meditar sobre isso.\" \/>\n<meta property=\"og:url\" content=\"https:\/\/www.adf.org.br\/home\/voce-ja-se-esqueceu-dos-seus-mortos\/\" \/>\n<meta property=\"og:site_name\" content=\"Associa\u00e7\u00e3o Devotos de F\u00e1tima\" \/>\n<meta property=\"article:published_time\" content=\"2021-11-02T03:03:21+00:00\" \/>\n<meta property=\"article:modified_time\" content=\"2021-11-01T20:01:48+00:00\" \/>\n<meta property=\"og:image\" content=\"https:\/\/www.adf.org.br\/home\/wp-content\/uploads\/2021\/11\/capa-post-02.11-adf.jpg\" \/>\n\t<meta property=\"og:image:width\" content=\"620\" \/>\n\t<meta property=\"og:image:height\" content=\"393\" \/>\n<meta name=\"twitter:card\" content=\"summary_large_image\" \/>\n<meta name=\"twitter:label1\" content=\"Escrito por\" \/>\n\t<meta name=\"twitter:data1\" content=\"Gabriel Barbosa\" \/>\n\t<meta name=\"twitter:label2\" content=\"Est. tempo de leitura\" \/>\n\t<meta name=\"twitter:data2\" content=\"4 minutos\" \/>\n<script type=\"application\/ld+json\" class=\"yoast-schema-graph\">{\"@context\":\"https:\/\/schema.org\",\"@graph\":[{\"@type\":\"WebSite\",\"@id\":\"https:\/\/www.adf.org.br\/home\/#website\",\"url\":\"https:\/\/www.adf.org.br\/home\/\",\"name\":\"Associa\\u00e7\\u00e3o Devotos de F\\u00e1tima\",\"description\":\"Associa\\u00e7\\u00e3o Devotos de F\\u00e1tima\",\"potentialAction\":[{\"@type\":\"SearchAction\",\"target\":{\"@type\":\"EntryPoint\",\"urlTemplate\":\"https:\/\/www.adf.org.br\/home\/?s={search_term_string}\"},\"query-input\":\"required name=search_term_string\"}],\"inLanguage\":\"pt-BR\"},{\"@type\":\"ImageObject\",\"@id\":\"https:\/\/www.adf.org.br\/home\/voce-ja-se-esqueceu-dos-seus-mortos\/#primaryimage\",\"inLanguage\":\"pt-BR\",\"url\":\"https:\/\/www.adf.org.br\/home\/wp-content\/uploads\/2021\/11\/capa-post-02.11-adf.jpg\",\"contentUrl\":\"https:\/\/www.adf.org.br\/home\/wp-content\/uploads\/2021\/11\/capa-post-02.11-adf.jpg\",\"width\":620,\"height\":393},{\"@type\":\"WebPage\",\"@id\":\"https:\/\/www.adf.org.br\/home\/voce-ja-se-esqueceu-dos-seus-mortos\/#webpage\",\"url\":\"https:\/\/www.adf.org.br\/home\/voce-ja-se-esqueceu-dos-seus-mortos\/\",\"name\":\"Voc\\u00ea j\\u00e1 se esqueceu dos seus mortos?\",\"isPartOf\":{\"@id\":\"https:\/\/www.adf.org.br\/home\/#website\"},\"primaryImageOfPage\":{\"@id\":\"https:\/\/www.adf.org.br\/home\/voce-ja-se-esqueceu-dos-seus-mortos\/#primaryimage\"},\"datePublished\":\"2021-11-02T03:03:21+00:00\",\"dateModified\":\"2021-11-01T20:01:48+00:00\",\"author\":{\"@id\":\"https:\/\/www.adf.org.br\/home\/#\/schema\/person\/affa494ecf91434f3620f5392de44327\"},\"description\":\"O Dia de Finados, \\u00e9 um momento \\u00fanico para lembrarmos da morte. Neste dia n\\u00e3o esque\\u00e7amos das almas que tanto nos amaram. Clique aqui para meditar sobre isso.\",\"breadcrumb\":{\"@id\":\"https:\/\/www.adf.org.br\/home\/voce-ja-se-esqueceu-dos-seus-mortos\/#breadcrumb\"},\"inLanguage\":\"pt-BR\",\"potentialAction\":[{\"@type\":\"ReadAction\",\"target\":[\"https:\/\/www.adf.org.br\/home\/voce-ja-se-esqueceu-dos-seus-mortos\/\"]}]},{\"@type\":\"BreadcrumbList\",\"@id\":\"https:\/\/www.adf.org.br\/home\/voce-ja-se-esqueceu-dos-seus-mortos\/#breadcrumb\",\"itemListElement\":[{\"@type\":\"ListItem\",\"position\":1,\"name\":\"Home\",\"item\":\"https:\/\/www.adf.org.br\/home\/\"},{\"@type\":\"ListItem\",\"position\":2,\"name\":\"Voc\\u00ea j\\u00e1 se esqueceu dos seus mortos?\"}]},{\"@type\":\"Person\",\"@id\":\"https:\/\/www.adf.org.br\/home\/#\/schema\/person\/affa494ecf91434f3620f5392de44327\",\"name\":\"Gabriel Barbosa\",\"image\":{\"@type\":\"ImageObject\",\"@id\":\"https:\/\/www.adf.org.br\/home\/#personlogo\",\"inLanguage\":\"pt-BR\",\"url\":\"https:\/\/secure.gravatar.com\/avatar\/ecf2eab02e30486a7038f8b2858de06a?s=96&d=mm&r=g\",\"contentUrl\":\"https:\/\/secure.gravatar.com\/avatar\/ecf2eab02e30486a7038f8b2858de06a?s=96&d=mm&r=g\",\"caption\":\"Gabriel Barbosa\"},\"url\":\"https:\/\/www.adf.org.br\/home\/author\/gabriel-aascj\/\"}]}<\/script>\n<!-- \/ Yoast SEO plugin. -->","yoast_head_json":{"title":"Voc\u00ea j\u00e1 se esqueceu dos seus mortos?","description":"O Dia de Finados, \u00e9 um momento \u00fanico para lembrarmos da morte. Neste dia n\u00e3o esque\u00e7amos das almas que tanto nos amaram. Clique aqui para meditar sobre isso.","robots":{"index":"index","follow":"follow","max-snippet":"max-snippet:-1","max-image-preview":"max-image-preview:large","max-video-preview":"max-video-preview:-1"},"canonical":"https:\/\/www.adf.org.br\/home\/voce-ja-se-esqueceu-dos-seus-mortos\/","og_locale":"pt_BR","og_type":"article","og_title":"Voc\u00ea j\u00e1 se esqueceu dos seus mortos?","og_description":"O Dia de Finados, \u00e9 um momento \u00fanico para lembrarmos da morte. Neste dia n\u00e3o esque\u00e7amos das almas que tanto nos amaram. Clique aqui para meditar sobre isso.","og_url":"https:\/\/www.adf.org.br\/home\/voce-ja-se-esqueceu-dos-seus-mortos\/","og_site_name":"Associa\u00e7\u00e3o Devotos de F\u00e1tima","article_published_time":"2021-11-02T03:03:21+00:00","article_modified_time":"2021-11-01T20:01:48+00:00","og_image":[{"width":620,"height":393,"url":"https:\/\/www.adf.org.br\/home\/wp-content\/uploads\/2021\/11\/capa-post-02.11-adf.jpg","type":"image\/jpeg"}],"twitter_card":"summary_large_image","twitter_misc":{"Escrito por":"Gabriel Barbosa","Est. tempo de leitura":"4 minutos"},"schema":{"@context":"https:\/\/schema.org","@graph":[{"@type":"WebSite","@id":"https:\/\/www.adf.org.br\/home\/#website","url":"https:\/\/www.adf.org.br\/home\/","name":"Associa\u00e7\u00e3o Devotos de F\u00e1tima","description":"Associa\u00e7\u00e3o Devotos de F\u00e1tima","potentialAction":[{"@type":"SearchAction","target":{"@type":"EntryPoint","urlTemplate":"https:\/\/www.adf.org.br\/home\/?s={search_term_string}"},"query-input":"required name=search_term_string"}],"inLanguage":"pt-BR"},{"@type":"ImageObject","@id":"https:\/\/www.adf.org.br\/home\/voce-ja-se-esqueceu-dos-seus-mortos\/#primaryimage","inLanguage":"pt-BR","url":"https:\/\/www.adf.org.br\/home\/wp-content\/uploads\/2021\/11\/capa-post-02.11-adf.jpg","contentUrl":"https:\/\/www.adf.org.br\/home\/wp-content\/uploads\/2021\/11\/capa-post-02.11-adf.jpg","width":620,"height":393},{"@type":"WebPage","@id":"https:\/\/www.adf.org.br\/home\/voce-ja-se-esqueceu-dos-seus-mortos\/#webpage","url":"https:\/\/www.adf.org.br\/home\/voce-ja-se-esqueceu-dos-seus-mortos\/","name":"Voc\u00ea j\u00e1 se esqueceu dos seus mortos?","isPartOf":{"@id":"https:\/\/www.adf.org.br\/home\/#website"},"primaryImageOfPage":{"@id":"https:\/\/www.adf.org.br\/home\/voce-ja-se-esqueceu-dos-seus-mortos\/#primaryimage"},"datePublished":"2021-11-02T03:03:21+00:00","dateModified":"2021-11-01T20:01:48+00:00","author":{"@id":"https:\/\/www.adf.org.br\/home\/#\/schema\/person\/affa494ecf91434f3620f5392de44327"},"description":"O Dia de Finados, \u00e9 um momento \u00fanico para lembrarmos da morte. Neste dia n\u00e3o esque\u00e7amos das almas que tanto nos amaram. Clique aqui para meditar sobre isso.","breadcrumb":{"@id":"https:\/\/www.adf.org.br\/home\/voce-ja-se-esqueceu-dos-seus-mortos\/#breadcrumb"},"inLanguage":"pt-BR","potentialAction":[{"@type":"ReadAction","target":["https:\/\/www.adf.org.br\/home\/voce-ja-se-esqueceu-dos-seus-mortos\/"]}]},{"@type":"BreadcrumbList","@id":"https:\/\/www.adf.org.br\/home\/voce-ja-se-esqueceu-dos-seus-mortos\/#breadcrumb","itemListElement":[{"@type":"ListItem","position":1,"name":"Home","item":"https:\/\/www.adf.org.br\/home\/"},{"@type":"ListItem","position":2,"name":"Voc\u00ea j\u00e1 se esqueceu dos seus mortos?"}]},{"@type":"Person","@id":"https:\/\/www.adf.org.br\/home\/#\/schema\/person\/affa494ecf91434f3620f5392de44327","name":"Gabriel Barbosa","image":{"@type":"ImageObject","@id":"https:\/\/www.adf.org.br\/home\/#personlogo","inLanguage":"pt-BR","url":"https:\/\/secure.gravatar.com\/avatar\/ecf2eab02e30486a7038f8b2858de06a?s=96&d=mm&r=g","contentUrl":"https:\/\/secure.gravatar.com\/avatar\/ecf2eab02e30486a7038f8b2858de06a?s=96&d=mm&r=g","caption":"Gabriel Barbosa"},"url":"https:\/\/www.adf.org.br\/home\/author\/gabriel-aascj\/"}]}},"_links":{"self":[{"href":"https:\/\/www.adf.org.br\/home\/wp-json\/wp\/v2\/posts\/66373"}],"collection":[{"href":"https:\/\/www.adf.org.br\/home\/wp-json\/wp\/v2\/posts"}],"about":[{"href":"https:\/\/www.adf.org.br\/home\/wp-json\/wp\/v2\/types\/post"}],"author":[{"embeddable":true,"href":"https:\/\/www.adf.org.br\/home\/wp-json\/wp\/v2\/users\/27"}],"replies":[{"embeddable":true,"href":"https:\/\/www.adf.org.br\/home\/wp-json\/wp\/v2\/comments?post=66373"}],"version-history":[{"count":16,"href":"https:\/\/www.adf.org.br\/home\/wp-json\/wp\/v2\/posts\/66373\/revisions"}],"predecessor-version":[{"id":66400,"href":"https:\/\/www.adf.org.br\/home\/wp-json\/wp\/v2\/posts\/66373\/revisions\/66400"}],"wp:featuredmedia":[{"embeddable":true,"href":"https:\/\/www.adf.org.br\/home\/wp-json\/wp\/v2\/media\/66375"}],"wp:attachment":[{"href":"https:\/\/www.adf.org.br\/home\/wp-json\/wp\/v2\/media?parent=66373"}],"wp:term":[{"taxonomy":"category","embeddable":true,"href":"https:\/\/www.adf.org.br\/home\/wp-json\/wp\/v2\/categories?post=66373"},{"taxonomy":"post_tag","embeddable":true,"href":"https:\/\/www.adf.org.br\/home\/wp-json\/wp\/v2\/tags?post=66373"}],"curies":[{"name":"wp","href":"https:\/\/api.w.org\/{rel}","templated":true}]}}