{"id":66198,"date":"2021-10-22T00:03:11","date_gmt":"2021-10-22T03:03:11","guid":{"rendered":"https:\/\/www.adf.org.br\/home\/?p=66198"},"modified":"2021-10-19T17:07:36","modified_gmt":"2021-10-19T20:07:36","slug":"o-que-lucia-viu-em-outubro-de-1917-na-cova-da-iria-conheca","status":"publish","type":"post","link":"https:\/\/www.adf.org.br\/home\/o-que-lucia-viu-em-outubro-de-1917-na-cova-da-iria-conheca\/","title":{"rendered":"O que L\u00facia viu em outubro de 1917 na Cova da Iria? Conhe\u00e7a."},"content":{"rendered":"<h1 style=\"text-align: center;\"><span style=\"color: #000000;\"><strong>O que L\u00facia viu em outubro de 1917 na Cova da Iria? Conhe\u00e7a.<\/strong><\/span><\/h1>\n<figure id=\"attachment_65866\" aria-describedby=\"caption-attachment-65866\" style=\"width: 693px\" class=\"wp-caption aligncenter\"><a href=\"https:\/\/www.adf.org.br\/home\/pagina-de-cadastro\/?origem=21416\" target=\"_blank\" rel=\"noopener\"><img loading=\"lazy\" class=\"wp-image-65866 size-medium\" src=\"https:\/\/www.adf.org.br\/home\/wp-content\/uploads\/2021\/09\/hermana-lucia-dos-santos-fatima-300x158.jpg\" alt=\"\" width=\"693\" height=\"390\" \/><\/a><figcaption id=\"caption-attachment-65866\" class=\"wp-caption-text\"><center><span style=\"color: #000000;\">Irm\u00e3 L\u00facia, Vidente de F\u00e1tima<\/span><center><\/center><\/center><\/figcaption><\/figure>\n<p><span style=\"font-weight: 400; color: #000000;\"><span style=\"color: #800080; font-size: 32px;\">E<\/span>ste texto descreve, com riqueza de detalhes, aquilo que, <strong><span style=\"color: #0000ff;\"><a style=\"color: #0000ff;\" href=\"https:\/\/www.adf.org.br\/home\/pagina-de-cadastro\/?origem=21416\" target=\"_blank\" rel=\"noopener\">L\u00facia<\/a><\/span><\/strong>, viu em 13 de outubro de 1917 no terreno da Cova da Iria, bem como uma breve reflex\u00e3o sobre estes \u00edntimos detalhes que, somente, a difusora da mensagem p\u00f4de ver.<\/span><\/p>\n<p><span style=\"font-weight: 400; color: #000000;\">L\u00facia, descreve: \u201cDe repente a vis\u00e3o se elevou do topo da \u00e1rvore com raios de luz que jorravam da m\u00e3os de Nossa Senhora. A luz refletia-se no c\u00e9u e voltava \u00e0 terra, muito mais forte que a luz do sol\u201d.<\/span><\/p>\n<figure id=\"attachment_63032\" aria-describedby=\"caption-attachment-63032\" style=\"width: 248px\" class=\"wp-caption alignleft\"><a href=\"https:\/\/www.adf.org.br\/home\/pagina-de-cadastro\/?origem=21416\" target=\"_blank\" rel=\"noopener\"><img loading=\"lazy\" class=\"wp-image-63032\" src=\"https:\/\/www.adf.org.br\/home\/wp-content\/uploads\/2020\/12\/sagrada-fam\u00edlia.png\" alt=\"\" width=\"248\" height=\"266\" \/><\/a><figcaption id=\"caption-attachment-63032\" class=\"wp-caption-text\"><center><span style=\"color: #000000;\">Sagrada Fam\u00edlia<\/span><center><\/center><\/center><\/figcaption><\/figure>\n<h4><strong><span style=\"color: #800080;\">\u201cFiguras luminosas apareceram &#8211; <span style=\"color: #0000ff;\"><a style=\"color: #0000ff;\" href=\"https:\/\/www.adf.org.br\/home\/pagina-de-cadastro\/?origem=21416\" target=\"_blank\" rel=\"noopener\">Nossa Senhora<\/a><\/span> como sempre nos tinha aparecido &#8211; S\u00e3o Jos\u00e9 segurando o Menino Jesus, com Nossa Senhora, tanto Jos\u00e9 quanto o Menino aben\u00e7oando a multid\u00e3o\u201d.<\/span><\/strong><\/h4>\n<p><span style=\"font-weight: 400; color: #000000;\">Acrescenta, <span style=\"text-decoration: underline;\"><strong>\u201cA luz muda e de repente Nossa Senhora se transforma em Nossa Senhora das Dores\u2026 Nosso Senhor substitui S\u00e3o Jos\u00e9 e aben\u00e7oa a multid\u00e3o\u2026 ent\u00e3o a luz muda novamente e Nossa Senhora se transforma em Nossa Senhora do Carmo, enquanto Nosso Senhor permanece.<\/strong><\/span> A luz desaparece gradualmente.<\/span><\/p>\n<p><span style=\"font-weight: 400; color: #000000;\">As declara\u00e7\u00f5es de Francisco e Jacinta tamb\u00e9m s\u00e3o semelhantes, por\u00e9m <a href=\"https:\/\/www.adf.org.br\/home\/pagina-de-cadastro\/?origem=21416\" target=\"_blank\" rel=\"noopener\"><span style=\"color: #0000ff;\"><strong>L\u00facia<\/strong><\/span><\/a> conseguiu ter uma vis\u00e3o completa do milagre, sendo ela a porta voz.<\/span><\/p>\n<p><span style=\"font-weight: 400; color: #000000;\">Algumas circunst\u00e2ncias merecem ser expostas, por exemplo, notemos: A Virgem apareceu sempre c<\/span><span style=\"font-weight: 400; color: #000000;\">om o mesmo aspecto, por\u00e9m, mostra-se agora, com a sucess\u00e3o r\u00e1pida de diferentes formas.<\/span><\/p>\n<p><span style=\"font-weight: 400; color: #000000;\">Primeiro apareceu como a <span style=\"color: #0000ff;\"><a style=\"color: #0000ff;\" href=\"https:\/\/www.adf.org.br\/home\/pagina-de-cadastro\/?origem=21416\" target=\"_blank\" rel=\"noopener\"><strong>Virgem do Ros\u00e1rio<\/strong><\/a><\/span>, depois com toda a<strong> Sagrada Fam\u00edlia<\/strong>, posterior<\/span><span style=\"color: #000000;\">mente sob a figura de <\/span><strong style=\"color: #000000;\">Nossa Senhora das Dores<\/strong><span style=\"color: #000000;\"> e, finalmente, <\/span><strong style=\"color: #000000;\">Nossa Senhora do Carmo<\/strong><span style=\"color: #000000;\">.\u00a0<\/span><\/p>\n<p><span style=\"font-weight: 400; color: #000000;\">E tudo isso por que?<\/span><\/p>\n<h4><span style=\"font-weight: 400; color: #000000;\">Para lembrar aos simples fi\u00e9is que <strong><span style=\"color: #800080;\">Ela \u00e9 sempre a mesma M\u00e3e de miseric\u00f3rdia invocada sob diversos\u00a0t\u00edtulos.<\/span><\/strong>\u00a0<\/span><\/h4>\n<p><span style=\"font-weight: 400; color: #000000;\">Mas, tamb\u00e9m, para nos exortar eficazmente \u00e0 pr\u00e1tica do <a href=\"https:\/\/www.adf.org.br\/home\/pagina-de-cadastro\/?origem=21416\" target=\"_blank\" rel=\"noopener\"><strong><span style=\"color: #0000ff;\">Santo Ros\u00e1rio<\/span><\/strong><\/a> e ao exerc\u00edcio das virtudes que nos ensina, na contempla\u00e7\u00e3o dos mist\u00e9rios.<\/span><\/p>\n<figure id=\"attachment_65172\" aria-describedby=\"caption-attachment-65172\" style=\"width: 233px\" class=\"wp-caption alignright\"><a href=\"https:\/\/www.adf.org.br\/home\/pagina-de-cadastro\/?origem=21416\" target=\"_blank\" rel=\"noopener\"><img loading=\"lazy\" class=\"wp-image-65172\" src=\"https:\/\/www.adf.org.br\/home\/wp-content\/uploads\/2021\/07\/Ter\u00e7o-e-Fatima-e1629207162715-300x251.jpg\" alt=\"\" width=\"233\" height=\"195\" srcset=\"https:\/\/www.adf.org.br\/home\/wp-content\/uploads\/2021\/07\/Ter\u00e7o-e-Fatima-e1629207162715-300x251.jpg 300w, https:\/\/www.adf.org.br\/home\/wp-content\/uploads\/2021\/07\/Ter\u00e7o-e-Fatima-e1629207162715-1024x858.jpg 1024w, https:\/\/www.adf.org.br\/home\/wp-content\/uploads\/2021\/07\/Ter\u00e7o-e-Fatima-e1629207162715-768x644.jpg 768w, https:\/\/www.adf.org.br\/home\/wp-content\/uploads\/2021\/07\/Ter\u00e7o-e-Fatima-e1629207162715.jpg 1432w\" sizes=\"(max-width: 233px) 100vw, 233px\" \/><\/a><figcaption id=\"caption-attachment-65172\" class=\"wp-caption-text\"><center><span style=\"color: #000000;\">Nossa Senhora de F\u00e1tima segurando o Santo Ter\u00e7o<\/span><center><\/center><\/center><\/figcaption><\/figure>\n<p><span style=\"font-weight: 400; color: #000000;\">Ou seja, com os mist\u00e9rios gozosos exorta-nos uma vida crist\u00e3 modelada segundo os exemplos de Jesus na sua vida oculta: e eis <strong><span style=\"color: #0000ff;\"><a style=\"color: #0000ff;\" href=\"https:\/\/www.adf.org.br\/home\/pagina-de-cadastro\/?origem=21416\" target=\"_blank\" rel=\"noopener\">Nossa Senhora<\/a><\/span> <\/strong>no seio da <strong><a href=\"https:\/\/www.adf.org.br\/home\/pagina-de-cadastro\/?origem=21416\" target=\"_blank\" rel=\"noopener\"><span style=\"color: #0000ff;\">Sagrada Fam\u00edlia<\/span><\/a><\/strong>.<\/span><\/p>\n<p><span style=\"font-weight: 400; color: #000000;\">Move-nos depois ao arrependimento dos nossos pecados e \u00e0 penit\u00eancia com os mist\u00e9rios dolorosos: exorta\u00e7\u00e3o que nos faz a <strong><span style=\"color: #0000ff;\"><a style=\"color: #0000ff;\" href=\"https:\/\/www.adf.org.br\/home\/pagina-de-cadastro\/?origem=21416\" target=\"_blank\" rel=\"noopener\">Nossa Senhora das Dores<\/a><\/span><\/strong>.<\/span><\/p>\n<p><span style=\"font-weight: 400; color: #000000;\">Por fim, nos mist\u00e9rios gloriosos a esperan\u00e7a da bem-aventuran\u00e7a na qual Jesus e Maria nos precederam, anima-nos e leva-nos ao amor de Deus e a perfei\u00e7\u00e3o, como tamb\u00e9m evitar o inferno e abreviar o purgat\u00f3rio, com o t\u00edtulo de <span style=\"color: #0000ff;\"><a style=\"color: #0000ff;\" href=\"https:\/\/www.adf.org.br\/home\/pagina-de-cadastro\/?origem=21416\" target=\"_blank\" rel=\"noopener\"><strong>Nossa Senhora do Carmo.<\/strong><\/a><\/span><\/span><\/p>\n<p><span style=\"font-weight: 400; color: #000000;\">E assim essa tr\u00edplice manifesta\u00e7\u00e3o foi uma demonstra\u00e7\u00e3o mais distinta e pr\u00f3xima do t\u00edtulo de <span style=\"color: #0000ff;\"><strong><a style=\"color: #0000ff;\" href=\"https:\/\/www.adf.org.br\/home\/pagina-de-cadastro\/?origem=21416\" target=\"_blank\" rel=\"noopener\">Rainha do Santo Ros\u00e1rio<\/a>.<\/strong><\/span><\/span><\/p>\n<p style=\"text-align: right;\"><span style=\"color: #000000;\"><strong>Fonte:<\/strong> <strong>O Milagre do Sol<\/strong>, John Haffert (Adaptado)<\/span><\/p>\n<h3 style=\"text-align: center;\"><span style=\"color: #000000;\">****<\/span><\/h3>\n<h4 style=\"text-align: center;\"><strong><span style=\"color: #000000;\">Receba conte\u00fados de inspira\u00e7\u00e3o Cat\u00f3lica todos os dias e conhe\u00e7a mais sobre as mensagens e a devo\u00e7\u00e3o a Nossa Senhora de F\u00e1tima.<\/span><\/strong><\/h4>\n<p><span style=\"color: #000000;\"><span style=\"font-weight: 400;\"><span style=\"color: #000000;\">Fa\u00e7a<\/span> <span style=\"color: #0000ff;\"><a style=\"color: #0000ff;\" href=\"https:\/\/www.adf.org.br\/home\/pagina-de-cadastro\/?origem=21416\" target=\"_blank\" rel=\"noopener\"><strong>AQUI<\/strong> <\/a><\/span><span style=\"color: #000000;\">seu cadastro gratuito<\/span>.<\/span><\/span><\/p>\n<p><span style=\"font-weight: 400; color: #000000;\">Ao fazer sua inscri\u00e7\u00e3o, o seu nome ser\u00e1 lembrado na pr\u00f3xima Santa Missa que ser\u00e1 celebrada!<\/span><\/p>\n","protected":false},"excerpt":{"rendered":"<p>O que L\u00facia viu em outubro de 1917 na Cova da Iria? Conhe\u00e7a. Este texto descreve, com riqueza de detalhes, aquilo que, L\u00facia, viu em 13 de outubro de 1917 no terreno da Cova da Iria, bem como uma breve reflex\u00e3o sobre estes \u00edntimos detalhes que, somente, a difusora da mensagem p\u00f4de ver. L\u00facia, descreve: [&hellip;]<\/p>\n","protected":false},"author":27,"featured_media":65866,"comment_status":"open","ping_status":"open","sticky":false,"template":"","format":"standard","meta":[],"categories":[9,20,56,2510],"tags":[198,165,802,57,846,2335,237],"yoast_head":"<!-- This site is optimized with the Yoast SEO plugin v17.4 - https:\/\/yoast.com\/wordpress\/plugins\/seo\/ -->\n<title>O que L\u00facia viu em outubro de 1917 na Cova da Iria? Conhe\u00e7a...<\/title>\n<meta name=\"description\" content=\"Clique aqui e veja, detalhadamente, tudo que a vidente de F\u00e1tima, L\u00facia, viu em outubro de 1917 na Cova da Iria.\" \/>\n<meta name=\"robots\" content=\"index, follow, max-snippet:-1, max-image-preview:large, max-video-preview:-1\" \/>\n<link rel=\"canonical\" href=\"https:\/\/www.adf.org.br\/home\/o-que-lucia-viu-em-outubro-de-1917-na-cova-da-iria-conheca\/\" \/>\n<meta property=\"og:locale\" content=\"pt_BR\" \/>\n<meta property=\"og:type\" content=\"article\" \/>\n<meta property=\"og:title\" content=\"O que L\u00facia viu em outubro de 1917 na Cova da Iria? Conhe\u00e7a...\" \/>\n<meta property=\"og:description\" content=\"Clique aqui e veja, detalhadamente, tudo que a vidente de F\u00e1tima, L\u00facia, viu em outubro de 1917 na Cova da Iria.\" \/>\n<meta property=\"og:url\" content=\"https:\/\/www.adf.org.br\/home\/o-que-lucia-viu-em-outubro-de-1917-na-cova-da-iria-conheca\/\" \/>\n<meta property=\"og:site_name\" content=\"Associa\u00e7\u00e3o Devotos de F\u00e1tima\" \/>\n<meta property=\"article:published_time\" content=\"2021-10-22T03:03:11+00:00\" \/>\n<meta property=\"article:modified_time\" content=\"2021-10-19T20:07:36+00:00\" \/>\n<meta property=\"og:image\" content=\"https:\/\/www.adf.org.br\/home\/wp-content\/uploads\/2021\/09\/hermana-lucia-dos-santos-fatima.jpg\" \/>\n\t<meta property=\"og:image:width\" content=\"695\" \/>\n\t<meta property=\"og:image:height\" content=\"365\" \/>\n<meta name=\"twitter:card\" content=\"summary_large_image\" \/>\n<meta name=\"twitter:label1\" content=\"Escrito por\" \/>\n\t<meta name=\"twitter:data1\" content=\"Gabriel Barbosa\" \/>\n\t<meta name=\"twitter:label2\" content=\"Est. tempo de leitura\" \/>\n\t<meta name=\"twitter:data2\" content=\"3 minutos\" \/>\n<script type=\"application\/ld+json\" class=\"yoast-schema-graph\">{\"@context\":\"https:\/\/schema.org\",\"@graph\":[{\"@type\":\"WebSite\",\"@id\":\"https:\/\/www.adf.org.br\/home\/#website\",\"url\":\"https:\/\/www.adf.org.br\/home\/\",\"name\":\"Associa\\u00e7\\u00e3o Devotos de F\\u00e1tima\",\"description\":\"Associa\\u00e7\\u00e3o Devotos de F\\u00e1tima\",\"potentialAction\":[{\"@type\":\"SearchAction\",\"target\":{\"@type\":\"EntryPoint\",\"urlTemplate\":\"https:\/\/www.adf.org.br\/home\/?s={search_term_string}\"},\"query-input\":\"required name=search_term_string\"}],\"inLanguage\":\"pt-BR\"},{\"@type\":\"ImageObject\",\"@id\":\"https:\/\/www.adf.org.br\/home\/o-que-lucia-viu-em-outubro-de-1917-na-cova-da-iria-conheca\/#primaryimage\",\"inLanguage\":\"pt-BR\",\"url\":\"https:\/\/www.adf.org.br\/home\/wp-content\/uploads\/2021\/09\/hermana-lucia-dos-santos-fatima.jpg\",\"contentUrl\":\"https:\/\/www.adf.org.br\/home\/wp-content\/uploads\/2021\/09\/hermana-lucia-dos-santos-fatima.jpg\",\"width\":695,\"height\":365},{\"@type\":\"WebPage\",\"@id\":\"https:\/\/www.adf.org.br\/home\/o-que-lucia-viu-em-outubro-de-1917-na-cova-da-iria-conheca\/#webpage\",\"url\":\"https:\/\/www.adf.org.br\/home\/o-que-lucia-viu-em-outubro-de-1917-na-cova-da-iria-conheca\/\",\"name\":\"O que L\\u00facia viu em outubro de 1917 na Cova da Iria? Conhe\\u00e7a...\",\"isPartOf\":{\"@id\":\"https:\/\/www.adf.org.br\/home\/#website\"},\"primaryImageOfPage\":{\"@id\":\"https:\/\/www.adf.org.br\/home\/o-que-lucia-viu-em-outubro-de-1917-na-cova-da-iria-conheca\/#primaryimage\"},\"datePublished\":\"2021-10-22T03:03:11+00:00\",\"dateModified\":\"2021-10-19T20:07:36+00:00\",\"author\":{\"@id\":\"https:\/\/www.adf.org.br\/home\/#\/schema\/person\/affa494ecf91434f3620f5392de44327\"},\"description\":\"Clique aqui e veja, detalhadamente, tudo que a vidente de F\\u00e1tima, L\\u00facia, viu em outubro de 1917 na Cova da Iria.\",\"breadcrumb\":{\"@id\":\"https:\/\/www.adf.org.br\/home\/o-que-lucia-viu-em-outubro-de-1917-na-cova-da-iria-conheca\/#breadcrumb\"},\"inLanguage\":\"pt-BR\",\"potentialAction\":[{\"@type\":\"ReadAction\",\"target\":[\"https:\/\/www.adf.org.br\/home\/o-que-lucia-viu-em-outubro-de-1917-na-cova-da-iria-conheca\/\"]}]},{\"@type\":\"BreadcrumbList\",\"@id\":\"https:\/\/www.adf.org.br\/home\/o-que-lucia-viu-em-outubro-de-1917-na-cova-da-iria-conheca\/#breadcrumb\",\"itemListElement\":[{\"@type\":\"ListItem\",\"position\":1,\"name\":\"Home\",\"item\":\"https:\/\/www.adf.org.br\/home\/\"},{\"@type\":\"ListItem\",\"position\":2,\"name\":\"O que L\\u00facia viu em outubro de 1917 na Cova da Iria? Conhe\\u00e7a.\"}]},{\"@type\":\"Person\",\"@id\":\"https:\/\/www.adf.org.br\/home\/#\/schema\/person\/affa494ecf91434f3620f5392de44327\",\"name\":\"Gabriel Barbosa\",\"image\":{\"@type\":\"ImageObject\",\"@id\":\"https:\/\/www.adf.org.br\/home\/#personlogo\",\"inLanguage\":\"pt-BR\",\"url\":\"https:\/\/secure.gravatar.com\/avatar\/ecf2eab02e30486a7038f8b2858de06a?s=96&d=mm&r=g\",\"contentUrl\":\"https:\/\/secure.gravatar.com\/avatar\/ecf2eab02e30486a7038f8b2858de06a?s=96&d=mm&r=g\",\"caption\":\"Gabriel Barbosa\"},\"url\":\"https:\/\/www.adf.org.br\/home\/author\/gabriel-aascj\/\"}]}<\/script>\n<!-- \/ Yoast SEO plugin. -->","yoast_head_json":{"title":"O que L\u00facia viu em outubro de 1917 na Cova da Iria? Conhe\u00e7a...","description":"Clique aqui e veja, detalhadamente, tudo que a vidente de F\u00e1tima, L\u00facia, viu em outubro de 1917 na Cova da Iria.","robots":{"index":"index","follow":"follow","max-snippet":"max-snippet:-1","max-image-preview":"max-image-preview:large","max-video-preview":"max-video-preview:-1"},"canonical":"https:\/\/www.adf.org.br\/home\/o-que-lucia-viu-em-outubro-de-1917-na-cova-da-iria-conheca\/","og_locale":"pt_BR","og_type":"article","og_title":"O que L\u00facia viu em outubro de 1917 na Cova da Iria? Conhe\u00e7a...","og_description":"Clique aqui e veja, detalhadamente, tudo que a vidente de F\u00e1tima, L\u00facia, viu em outubro de 1917 na Cova da Iria.","og_url":"https:\/\/www.adf.org.br\/home\/o-que-lucia-viu-em-outubro-de-1917-na-cova-da-iria-conheca\/","og_site_name":"Associa\u00e7\u00e3o Devotos de F\u00e1tima","article_published_time":"2021-10-22T03:03:11+00:00","article_modified_time":"2021-10-19T20:07:36+00:00","og_image":[{"width":695,"height":365,"url":"https:\/\/www.adf.org.br\/home\/wp-content\/uploads\/2021\/09\/hermana-lucia-dos-santos-fatima.jpg","type":"image\/jpeg"}],"twitter_card":"summary_large_image","twitter_misc":{"Escrito por":"Gabriel Barbosa","Est. tempo de leitura":"3 minutos"},"schema":{"@context":"https:\/\/schema.org","@graph":[{"@type":"WebSite","@id":"https:\/\/www.adf.org.br\/home\/#website","url":"https:\/\/www.adf.org.br\/home\/","name":"Associa\u00e7\u00e3o Devotos de F\u00e1tima","description":"Associa\u00e7\u00e3o Devotos de F\u00e1tima","potentialAction":[{"@type":"SearchAction","target":{"@type":"EntryPoint","urlTemplate":"https:\/\/www.adf.org.br\/home\/?s={search_term_string}"},"query-input":"required name=search_term_string"}],"inLanguage":"pt-BR"},{"@type":"ImageObject","@id":"https:\/\/www.adf.org.br\/home\/o-que-lucia-viu-em-outubro-de-1917-na-cova-da-iria-conheca\/#primaryimage","inLanguage":"pt-BR","url":"https:\/\/www.adf.org.br\/home\/wp-content\/uploads\/2021\/09\/hermana-lucia-dos-santos-fatima.jpg","contentUrl":"https:\/\/www.adf.org.br\/home\/wp-content\/uploads\/2021\/09\/hermana-lucia-dos-santos-fatima.jpg","width":695,"height":365},{"@type":"WebPage","@id":"https:\/\/www.adf.org.br\/home\/o-que-lucia-viu-em-outubro-de-1917-na-cova-da-iria-conheca\/#webpage","url":"https:\/\/www.adf.org.br\/home\/o-que-lucia-viu-em-outubro-de-1917-na-cova-da-iria-conheca\/","name":"O que L\u00facia viu em outubro de 1917 na Cova da Iria? Conhe\u00e7a...","isPartOf":{"@id":"https:\/\/www.adf.org.br\/home\/#website"},"primaryImageOfPage":{"@id":"https:\/\/www.adf.org.br\/home\/o-que-lucia-viu-em-outubro-de-1917-na-cova-da-iria-conheca\/#primaryimage"},"datePublished":"2021-10-22T03:03:11+00:00","dateModified":"2021-10-19T20:07:36+00:00","author":{"@id":"https:\/\/www.adf.org.br\/home\/#\/schema\/person\/affa494ecf91434f3620f5392de44327"},"description":"Clique aqui e veja, detalhadamente, tudo que a vidente de F\u00e1tima, L\u00facia, viu em outubro de 1917 na Cova da Iria.","breadcrumb":{"@id":"https:\/\/www.adf.org.br\/home\/o-que-lucia-viu-em-outubro-de-1917-na-cova-da-iria-conheca\/#breadcrumb"},"inLanguage":"pt-BR","potentialAction":[{"@type":"ReadAction","target":["https:\/\/www.adf.org.br\/home\/o-que-lucia-viu-em-outubro-de-1917-na-cova-da-iria-conheca\/"]}]},{"@type":"BreadcrumbList","@id":"https:\/\/www.adf.org.br\/home\/o-que-lucia-viu-em-outubro-de-1917-na-cova-da-iria-conheca\/#breadcrumb","itemListElement":[{"@type":"ListItem","position":1,"name":"Home","item":"https:\/\/www.adf.org.br\/home\/"},{"@type":"ListItem","position":2,"name":"O que L\u00facia viu em outubro de 1917 na Cova da Iria? Conhe\u00e7a."}]},{"@type":"Person","@id":"https:\/\/www.adf.org.br\/home\/#\/schema\/person\/affa494ecf91434f3620f5392de44327","name":"Gabriel Barbosa","image":{"@type":"ImageObject","@id":"https:\/\/www.adf.org.br\/home\/#personlogo","inLanguage":"pt-BR","url":"https:\/\/secure.gravatar.com\/avatar\/ecf2eab02e30486a7038f8b2858de06a?s=96&d=mm&r=g","contentUrl":"https:\/\/secure.gravatar.com\/avatar\/ecf2eab02e30486a7038f8b2858de06a?s=96&d=mm&r=g","caption":"Gabriel Barbosa"},"url":"https:\/\/www.adf.org.br\/home\/author\/gabriel-aascj\/"}]}},"_links":{"self":[{"href":"https:\/\/www.adf.org.br\/home\/wp-json\/wp\/v2\/posts\/66198"}],"collection":[{"href":"https:\/\/www.adf.org.br\/home\/wp-json\/wp\/v2\/posts"}],"about":[{"href":"https:\/\/www.adf.org.br\/home\/wp-json\/wp\/v2\/types\/post"}],"author":[{"embeddable":true,"href":"https:\/\/www.adf.org.br\/home\/wp-json\/wp\/v2\/users\/27"}],"replies":[{"embeddable":true,"href":"https:\/\/www.adf.org.br\/home\/wp-json\/wp\/v2\/comments?post=66198"}],"version-history":[{"count":9,"href":"https:\/\/www.adf.org.br\/home\/wp-json\/wp\/v2\/posts\/66198\/revisions"}],"predecessor-version":[{"id":66207,"href":"https:\/\/www.adf.org.br\/home\/wp-json\/wp\/v2\/posts\/66198\/revisions\/66207"}],"wp:featuredmedia":[{"embeddable":true,"href":"https:\/\/www.adf.org.br\/home\/wp-json\/wp\/v2\/media\/65866"}],"wp:attachment":[{"href":"https:\/\/www.adf.org.br\/home\/wp-json\/wp\/v2\/media?parent=66198"}],"wp:term":[{"taxonomy":"category","embeddable":true,"href":"https:\/\/www.adf.org.br\/home\/wp-json\/wp\/v2\/categories?post=66198"},{"taxonomy":"post_tag","embeddable":true,"href":"https:\/\/www.adf.org.br\/home\/wp-json\/wp\/v2\/tags?post=66198"}],"curies":[{"name":"wp","href":"https:\/\/api.w.org\/{rel}","templated":true}]}}