{"id":66194,"date":"2021-10-20T00:05:09","date_gmt":"2021-10-20T03:05:09","guid":{"rendered":"https:\/\/www.adf.org.br\/home\/?p=66194"},"modified":"2021-10-19T15:54:00","modified_gmt":"2021-10-19T18:54:00","slug":"abrigue-se-sob-a-protecao-misericordiosa-de-maria-santissima-com-essa-oracao","status":"publish","type":"post","link":"https:\/\/www.adf.org.br\/home\/abrigue-se-sob-a-protecao-misericordiosa-de-maria-santissima-com-essa-oracao\/","title":{"rendered":"Abrigue-se sob a prote\u00e7\u00e3o misericordiosa de Maria Sant\u00edssima com essa ora\u00e7\u00e3o."},"content":{"rendered":"<h2 style=\"text-align: center;\"><span style=\"color: #000000;\"><strong>Abrigue-se sob a prote\u00e7\u00e3o misericordiosa de Maria Sant\u00edssima com essa ora\u00e7\u00e3o.<\/strong><\/span><\/h2>\n<p>&nbsp;<\/p>\n<figure id=\"attachment_66196\" aria-describedby=\"caption-attachment-66196\" style=\"width: 231px\" class=\"wp-caption alignleft\"><a href=\"https:\/\/adf.org.br\/velario\/?origem=21415\" target=\"_blank\" rel=\"noopener\"><img loading=\"lazy\" class=\"wp-image-66196\" src=\"https:\/\/www.adf.org.br\/home\/wp-content\/uploads\/2021\/10\/WhatsApp-Image-2021-08-07-at-13.13.45-215x300.jpeg\" alt=\"\" width=\"231\" height=\"322\" srcset=\"https:\/\/www.adf.org.br\/home\/wp-content\/uploads\/2021\/10\/WhatsApp-Image-2021-08-07-at-13.13.45-215x300.jpeg 215w, https:\/\/www.adf.org.br\/home\/wp-content\/uploads\/2021\/10\/WhatsApp-Image-2021-08-07-at-13.13.45.jpeg 720w\" sizes=\"(max-width: 231px) 100vw, 231px\" \/><\/a><figcaption id=\"caption-attachment-66196\" class=\"wp-caption-text\"><center>Virgem Maria<\/center><\/figcaption><\/figure>\n<p><span style=\"font-weight: 400; color: #000000;\"><span style=\"color: #800080; font-size: 32px;\"><strong>E<\/strong><\/span>is prostrado aos vossos p\u00e9s, \u00f3 <span style=\"color: #0000ff;\"><a style=\"color: #0000ff;\" href=\"https:\/\/adf.org.br\/velario\/?origem=21415\" target=\"_blank\" rel=\"noopener\">M\u00e3e de Deus<\/a><\/span>, um miser\u00e1vel pecador, que a v\u00f3s recorre e em v\u00f3s p\u00f5e a sua confian\u00e7a.\u00a0<\/span><\/p>\n<p><strong><span style=\"color: #000000;\">Eu n\u00e3o mere\u00e7o sequer um olhar vosso, mas sei que, em considera\u00e7\u00e3o de vosso Filho morto para salvar os pecadores, ardentemente desejais socorr\u00ea-los.\u00a0<\/span><\/strong><\/p>\n<p><span style=\"font-weight: 400; color: #000000;\">\u00d3 <span style=\"color: #0000ff;\"><a style=\"color: #0000ff;\" href=\"https:\/\/adf.org.br\/velario\/?origem=21415\" target=\"_blank\" rel=\"noopener\">M\u00e3e de miseric\u00f3rdia<\/a><\/span>, vede a minha mis\u00e9ria e tende compaix\u00e3o de mim. Ou\u00e7o todo o mundo proclamar-vos ref\u00fagio dos pecadores, esperan\u00e7a daqueles que a n\u00e3o t\u00eam, socorro dos desamparados: <\/span><\/p>\n<p><span style=\"color: #800080;\"><strong>v\u00f3s sois ent\u00e3o o meu ref\u00fagio, a minha esperan\u00e7a, o meu socorro; a v\u00f3s toca salvar-me pela vossa intercess\u00e3o.\u00a0<\/strong><\/span><\/p>\n<p><span style=\"font-weight: 400; color: #000000;\">Socorrei-me pelo amor de Jesus Cristo; estendei a m\u00e3o a um desgra\u00e7ado que, depois da sua queda, se recomenda a v\u00f3s. Sei que folgais de socorrer um pecador quando o podeis: ajudai-me ent\u00e3o agora que o podeis. <\/span><\/p>\n<p><strong><span style=\"color: #000000;\">Pelos meus pecados perdi a divina gra\u00e7a e a minha alma; ponho-me agora entre as vossas m\u00e3os; dize-me o que devo fazer para entrar na gra\u00e7a de meu Deus, e o farei sem demora.\u00a0<\/span><\/strong><\/p>\n<p><span style=\"font-weight: 400; color: #000000;\">Ele \u00e9 o que me envia para v\u00f3s a fim de me assistirdes; Ele quer que eu recorra \u00e0 vossa miseric\u00f3rdia, a fim de ser ajudado no neg\u00f3cio da minha salva\u00e7\u00e3o, <\/span><\/p>\n<p><span style=\"color: #800080;\"><strong>n\u00e3o somente pelos merecimentos de vosso Filho, mas ainda pelas vossas ora\u00e7\u00f5es. Pois bem! a v\u00f3s recorro; rogai a <span style=\"color: #0000ff;\"><a style=\"color: #0000ff;\" href=\"https:\/\/adf.org.br\/velario\/?origem=21415\" target=\"_blank\" rel=\"noopener\">Jesus<\/a><\/span> por mim.<\/strong><\/span><\/p>\n<p><span style=\"font-weight: 400; color: #000000;\">Fazei que o mundo conhe\u00e7a o bem que sabeis fazer a todo aquele que em v\u00f3s confia.\u00a0<\/span><\/p>\n<p><span style=\"font-weight: 400; color: #000000;\">Assim o espero, assim seja.\u00a0<\/span><\/p>\n<h3 style=\"text-align: center;\">****<\/h3>\n<p style=\"text-align: center;\"><span style=\"color: #000000;\"><span style=\"color: #800080;\"><strong>Um emprego? Sa\u00fade na fam\u00edlia? Pagamento de d\u00edvidas? Prosperidade nos neg\u00f3cios? Pe\u00e7a a Virgem de F\u00e1tima!<\/strong><\/span>\u00a0<\/span><\/p>\n<p><span style=\"color: #000000;\">Clicando <span style=\"color: #0000ff;\"><a style=\"color: #0000ff;\" href=\"https:\/\/adf.org.br\/velario\/?origem=21415\" target=\"_blank\" rel=\"noopener\"><strong>aqui<\/strong><\/a><\/span> ou no bot\u00e3o abaixo, acenda uma <span style=\"text-decoration: underline;\">vela de s\u00faplicas<\/span> e deixe seu nome e seus pedidos na Santa Missa que faremos celebrar no pr\u00f3ximo s\u00e1bado.\u00a0<\/span><\/p>\n<p><a href=\"https:\/\/adf.org.br\/velario\/?origem=21415\" target=\"_blank\" rel=\"noopener\"><img loading=\"lazy\" class=\"size-medium wp-image-65459 aligncenter\" src=\"https:\/\/www.adf.org.br\/home\/wp-content\/uploads\/2021\/08\/Bot\u00e3o-ADF-Vel\u00e1rio-F\u00e1tima-300x173.jpg\" alt=\"\" width=\"300\" height=\"173\" srcset=\"https:\/\/www.adf.org.br\/home\/wp-content\/uploads\/2021\/08\/Bot\u00e3o-ADF-Vel\u00e1rio-F\u00e1tima-300x173.jpg 300w, https:\/\/www.adf.org.br\/home\/wp-content\/uploads\/2021\/08\/Bot\u00e3o-ADF-Vel\u00e1rio-F\u00e1tima.jpg 606w\" sizes=\"(max-width: 300px) 100vw, 300px\" \/><\/a><\/p>\n<p><span style=\"color: #000000;\">O que voc\u00ea mais precisa pode estar ao seu alcance desde que voc\u00ea confie na intercess\u00e3o de Nossa Senhora de F\u00e1tima.\u00a0<\/span><\/p>\n<p style=\"text-align: center;\"><strong><span style=\"color: #000000;\">Nossa Senhora de F\u00e1tima, rogai por n\u00f3s!<\/span><\/strong><\/p>\n","protected":false},"excerpt":{"rendered":"<p>Abrigue-se sob a prote\u00e7\u00e3o misericordiosa de Maria Sant\u00edssima com essa ora\u00e7\u00e3o. &nbsp; Eis prostrado aos vossos p\u00e9s, \u00f3 M\u00e3e de Deus, um miser\u00e1vel pecador, que a v\u00f3s recorre e em v\u00f3s p\u00f5e a sua confian\u00e7a.\u00a0 Eu n\u00e3o mere\u00e7o sequer um olhar vosso, mas sei que, em considera\u00e7\u00e3o de vosso Filho morto para salvar os pecadores, [&hellip;]<\/p>\n","protected":false},"author":30,"featured_media":66196,"comment_status":"open","ping_status":"open","sticky":false,"template":"","format":"standard","meta":[],"categories":[20,56,14,2332],"tags":[57,142],"yoast_head":"<!-- This site is optimized with the Yoast SEO plugin v17.4 - https:\/\/yoast.com\/wordpress\/plugins\/seo\/ -->\n<title>Abrigue-se sob a prote\u00e7\u00e3o misericordiosa de Maria Sant\u00edssima com essa ora\u00e7\u00e3o.<\/title>\n<meta name=\"description\" content=\"Abrigue-se sob a prote\u00e7\u00e3o misericordiosa de Maria Sant\u00edssima, a Virgem de F\u00e1tima com essa ora\u00e7\u00e3o. Reze conosco clicando aqui.\" \/>\n<meta name=\"robots\" content=\"index, follow, max-snippet:-1, max-image-preview:large, max-video-preview:-1\" \/>\n<link rel=\"canonical\" href=\"https:\/\/www.adf.org.br\/home\/abrigue-se-sob-a-protecao-misericordiosa-de-maria-santissima-com-essa-oracao\/\" \/>\n<meta property=\"og:locale\" content=\"pt_BR\" \/>\n<meta property=\"og:type\" content=\"article\" \/>\n<meta property=\"og:title\" content=\"Abrigue-se sob a prote\u00e7\u00e3o misericordiosa de Maria Sant\u00edssima com essa ora\u00e7\u00e3o.\" \/>\n<meta property=\"og:description\" content=\"Abrigue-se sob a prote\u00e7\u00e3o misericordiosa de Maria Sant\u00edssima, a Virgem de F\u00e1tima com essa ora\u00e7\u00e3o. Reze conosco clicando aqui.\" \/>\n<meta property=\"og:url\" content=\"https:\/\/www.adf.org.br\/home\/abrigue-se-sob-a-protecao-misericordiosa-de-maria-santissima-com-essa-oracao\/\" \/>\n<meta property=\"og:site_name\" content=\"Associa\u00e7\u00e3o Devotos de F\u00e1tima\" \/>\n<meta property=\"article:published_time\" content=\"2021-10-20T03:05:09+00:00\" \/>\n<meta property=\"article:modified_time\" content=\"2021-10-19T18:54:00+00:00\" \/>\n<meta property=\"og:image\" content=\"https:\/\/www.adf.org.br\/home\/wp-content\/uploads\/2021\/10\/WhatsApp-Image-2021-08-07-at-13.13.45.jpeg\" \/>\n\t<meta property=\"og:image:width\" content=\"720\" \/>\n\t<meta property=\"og:image:height\" content=\"1005\" \/>\n<meta name=\"twitter:card\" content=\"summary_large_image\" \/>\n<meta name=\"twitter:label1\" content=\"Escrito por\" \/>\n\t<meta name=\"twitter:data1\" content=\"Luiz Felipe\" \/>\n\t<meta name=\"twitter:label2\" content=\"Est. tempo de leitura\" \/>\n\t<meta name=\"twitter:data2\" content=\"2 minutos\" \/>\n<script type=\"application\/ld+json\" class=\"yoast-schema-graph\">{\"@context\":\"https:\/\/schema.org\",\"@graph\":[{\"@type\":\"WebSite\",\"@id\":\"https:\/\/www.adf.org.br\/home\/#website\",\"url\":\"https:\/\/www.adf.org.br\/home\/\",\"name\":\"Associa\\u00e7\\u00e3o Devotos de F\\u00e1tima\",\"description\":\"Associa\\u00e7\\u00e3o Devotos de F\\u00e1tima\",\"potentialAction\":[{\"@type\":\"SearchAction\",\"target\":{\"@type\":\"EntryPoint\",\"urlTemplate\":\"https:\/\/www.adf.org.br\/home\/?s={search_term_string}\"},\"query-input\":\"required name=search_term_string\"}],\"inLanguage\":\"pt-BR\"},{\"@type\":\"ImageObject\",\"@id\":\"https:\/\/www.adf.org.br\/home\/abrigue-se-sob-a-protecao-misericordiosa-de-maria-santissima-com-essa-oracao\/#primaryimage\",\"inLanguage\":\"pt-BR\",\"url\":\"https:\/\/www.adf.org.br\/home\/wp-content\/uploads\/2021\/10\/WhatsApp-Image-2021-08-07-at-13.13.45.jpeg\",\"contentUrl\":\"https:\/\/www.adf.org.br\/home\/wp-content\/uploads\/2021\/10\/WhatsApp-Image-2021-08-07-at-13.13.45.jpeg\",\"width\":720,\"height\":1005},{\"@type\":\"WebPage\",\"@id\":\"https:\/\/www.adf.org.br\/home\/abrigue-se-sob-a-protecao-misericordiosa-de-maria-santissima-com-essa-oracao\/#webpage\",\"url\":\"https:\/\/www.adf.org.br\/home\/abrigue-se-sob-a-protecao-misericordiosa-de-maria-santissima-com-essa-oracao\/\",\"name\":\"Abrigue-se sob a prote\\u00e7\\u00e3o misericordiosa de Maria Sant\\u00edssima com essa ora\\u00e7\\u00e3o.\",\"isPartOf\":{\"@id\":\"https:\/\/www.adf.org.br\/home\/#website\"},\"primaryImageOfPage\":{\"@id\":\"https:\/\/www.adf.org.br\/home\/abrigue-se-sob-a-protecao-misericordiosa-de-maria-santissima-com-essa-oracao\/#primaryimage\"},\"datePublished\":\"2021-10-20T03:05:09+00:00\",\"dateModified\":\"2021-10-19T18:54:00+00:00\",\"author\":{\"@id\":\"https:\/\/www.adf.org.br\/home\/#\/schema\/person\/1ad877d1f255f4637ee020b3b16138ee\"},\"description\":\"Abrigue-se sob a prote\\u00e7\\u00e3o misericordiosa de Maria Sant\\u00edssima, a Virgem de F\\u00e1tima com essa ora\\u00e7\\u00e3o. Reze conosco clicando aqui.\",\"breadcrumb\":{\"@id\":\"https:\/\/www.adf.org.br\/home\/abrigue-se-sob-a-protecao-misericordiosa-de-maria-santissima-com-essa-oracao\/#breadcrumb\"},\"inLanguage\":\"pt-BR\",\"potentialAction\":[{\"@type\":\"ReadAction\",\"target\":[\"https:\/\/www.adf.org.br\/home\/abrigue-se-sob-a-protecao-misericordiosa-de-maria-santissima-com-essa-oracao\/\"]}]},{\"@type\":\"BreadcrumbList\",\"@id\":\"https:\/\/www.adf.org.br\/home\/abrigue-se-sob-a-protecao-misericordiosa-de-maria-santissima-com-essa-oracao\/#breadcrumb\",\"itemListElement\":[{\"@type\":\"ListItem\",\"position\":1,\"name\":\"Home\",\"item\":\"https:\/\/www.adf.org.br\/home\/\"},{\"@type\":\"ListItem\",\"position\":2,\"name\":\"Abrigue-se sob a prote\\u00e7\\u00e3o misericordiosa de Maria Sant\\u00edssima com essa ora\\u00e7\\u00e3o.\"}]},{\"@type\":\"Person\",\"@id\":\"https:\/\/www.adf.org.br\/home\/#\/schema\/person\/1ad877d1f255f4637ee020b3b16138ee\",\"name\":\"Luiz Felipe\",\"image\":{\"@type\":\"ImageObject\",\"@id\":\"https:\/\/www.adf.org.br\/home\/#personlogo\",\"inLanguage\":\"pt-BR\",\"url\":\"https:\/\/secure.gravatar.com\/avatar\/f8f0a14d57a57f103e42363994b25ba9?s=96&d=mm&r=g\",\"contentUrl\":\"https:\/\/secure.gravatar.com\/avatar\/f8f0a14d57a57f103e42363994b25ba9?s=96&d=mm&r=g\",\"caption\":\"Luiz Felipe\"},\"url\":\"https:\/\/www.adf.org.br\/home\/author\/luiz-merencianopmk-com-br\/\"}]}<\/script>\n<!-- \/ Yoast SEO plugin. -->","yoast_head_json":{"title":"Abrigue-se sob a prote\u00e7\u00e3o misericordiosa de Maria Sant\u00edssima com essa ora\u00e7\u00e3o.","description":"Abrigue-se sob a prote\u00e7\u00e3o misericordiosa de Maria Sant\u00edssima, a Virgem de F\u00e1tima com essa ora\u00e7\u00e3o. Reze conosco clicando aqui.","robots":{"index":"index","follow":"follow","max-snippet":"max-snippet:-1","max-image-preview":"max-image-preview:large","max-video-preview":"max-video-preview:-1"},"canonical":"https:\/\/www.adf.org.br\/home\/abrigue-se-sob-a-protecao-misericordiosa-de-maria-santissima-com-essa-oracao\/","og_locale":"pt_BR","og_type":"article","og_title":"Abrigue-se sob a prote\u00e7\u00e3o misericordiosa de Maria Sant\u00edssima com essa ora\u00e7\u00e3o.","og_description":"Abrigue-se sob a prote\u00e7\u00e3o misericordiosa de Maria Sant\u00edssima, a Virgem de F\u00e1tima com essa ora\u00e7\u00e3o. Reze conosco clicando aqui.","og_url":"https:\/\/www.adf.org.br\/home\/abrigue-se-sob-a-protecao-misericordiosa-de-maria-santissima-com-essa-oracao\/","og_site_name":"Associa\u00e7\u00e3o Devotos de F\u00e1tima","article_published_time":"2021-10-20T03:05:09+00:00","article_modified_time":"2021-10-19T18:54:00+00:00","og_image":[{"width":720,"height":1005,"url":"https:\/\/www.adf.org.br\/home\/wp-content\/uploads\/2021\/10\/WhatsApp-Image-2021-08-07-at-13.13.45.jpeg","type":"image\/jpeg"}],"twitter_card":"summary_large_image","twitter_misc":{"Escrito por":"Luiz Felipe","Est. tempo de leitura":"2 minutos"},"schema":{"@context":"https:\/\/schema.org","@graph":[{"@type":"WebSite","@id":"https:\/\/www.adf.org.br\/home\/#website","url":"https:\/\/www.adf.org.br\/home\/","name":"Associa\u00e7\u00e3o Devotos de F\u00e1tima","description":"Associa\u00e7\u00e3o Devotos de F\u00e1tima","potentialAction":[{"@type":"SearchAction","target":{"@type":"EntryPoint","urlTemplate":"https:\/\/www.adf.org.br\/home\/?s={search_term_string}"},"query-input":"required name=search_term_string"}],"inLanguage":"pt-BR"},{"@type":"ImageObject","@id":"https:\/\/www.adf.org.br\/home\/abrigue-se-sob-a-protecao-misericordiosa-de-maria-santissima-com-essa-oracao\/#primaryimage","inLanguage":"pt-BR","url":"https:\/\/www.adf.org.br\/home\/wp-content\/uploads\/2021\/10\/WhatsApp-Image-2021-08-07-at-13.13.45.jpeg","contentUrl":"https:\/\/www.adf.org.br\/home\/wp-content\/uploads\/2021\/10\/WhatsApp-Image-2021-08-07-at-13.13.45.jpeg","width":720,"height":1005},{"@type":"WebPage","@id":"https:\/\/www.adf.org.br\/home\/abrigue-se-sob-a-protecao-misericordiosa-de-maria-santissima-com-essa-oracao\/#webpage","url":"https:\/\/www.adf.org.br\/home\/abrigue-se-sob-a-protecao-misericordiosa-de-maria-santissima-com-essa-oracao\/","name":"Abrigue-se sob a prote\u00e7\u00e3o misericordiosa de Maria Sant\u00edssima com essa ora\u00e7\u00e3o.","isPartOf":{"@id":"https:\/\/www.adf.org.br\/home\/#website"},"primaryImageOfPage":{"@id":"https:\/\/www.adf.org.br\/home\/abrigue-se-sob-a-protecao-misericordiosa-de-maria-santissima-com-essa-oracao\/#primaryimage"},"datePublished":"2021-10-20T03:05:09+00:00","dateModified":"2021-10-19T18:54:00+00:00","author":{"@id":"https:\/\/www.adf.org.br\/home\/#\/schema\/person\/1ad877d1f255f4637ee020b3b16138ee"},"description":"Abrigue-se sob a prote\u00e7\u00e3o misericordiosa de Maria Sant\u00edssima, a Virgem de F\u00e1tima com essa ora\u00e7\u00e3o. Reze conosco clicando aqui.","breadcrumb":{"@id":"https:\/\/www.adf.org.br\/home\/abrigue-se-sob-a-protecao-misericordiosa-de-maria-santissima-com-essa-oracao\/#breadcrumb"},"inLanguage":"pt-BR","potentialAction":[{"@type":"ReadAction","target":["https:\/\/www.adf.org.br\/home\/abrigue-se-sob-a-protecao-misericordiosa-de-maria-santissima-com-essa-oracao\/"]}]},{"@type":"BreadcrumbList","@id":"https:\/\/www.adf.org.br\/home\/abrigue-se-sob-a-protecao-misericordiosa-de-maria-santissima-com-essa-oracao\/#breadcrumb","itemListElement":[{"@type":"ListItem","position":1,"name":"Home","item":"https:\/\/www.adf.org.br\/home\/"},{"@type":"ListItem","position":2,"name":"Abrigue-se sob a prote\u00e7\u00e3o misericordiosa de Maria Sant\u00edssima com essa ora\u00e7\u00e3o."}]},{"@type":"Person","@id":"https:\/\/www.adf.org.br\/home\/#\/schema\/person\/1ad877d1f255f4637ee020b3b16138ee","name":"Luiz Felipe","image":{"@type":"ImageObject","@id":"https:\/\/www.adf.org.br\/home\/#personlogo","inLanguage":"pt-BR","url":"https:\/\/secure.gravatar.com\/avatar\/f8f0a14d57a57f103e42363994b25ba9?s=96&d=mm&r=g","contentUrl":"https:\/\/secure.gravatar.com\/avatar\/f8f0a14d57a57f103e42363994b25ba9?s=96&d=mm&r=g","caption":"Luiz Felipe"},"url":"https:\/\/www.adf.org.br\/home\/author\/luiz-merencianopmk-com-br\/"}]}},"_links":{"self":[{"href":"https:\/\/www.adf.org.br\/home\/wp-json\/wp\/v2\/posts\/66194"}],"collection":[{"href":"https:\/\/www.adf.org.br\/home\/wp-json\/wp\/v2\/posts"}],"about":[{"href":"https:\/\/www.adf.org.br\/home\/wp-json\/wp\/v2\/types\/post"}],"author":[{"embeddable":true,"href":"https:\/\/www.adf.org.br\/home\/wp-json\/wp\/v2\/users\/30"}],"replies":[{"embeddable":true,"href":"https:\/\/www.adf.org.br\/home\/wp-json\/wp\/v2\/comments?post=66194"}],"version-history":[{"count":2,"href":"https:\/\/www.adf.org.br\/home\/wp-json\/wp\/v2\/posts\/66194\/revisions"}],"predecessor-version":[{"id":66197,"href":"https:\/\/www.adf.org.br\/home\/wp-json\/wp\/v2\/posts\/66194\/revisions\/66197"}],"wp:featuredmedia":[{"embeddable":true,"href":"https:\/\/www.adf.org.br\/home\/wp-json\/wp\/v2\/media\/66196"}],"wp:attachment":[{"href":"https:\/\/www.adf.org.br\/home\/wp-json\/wp\/v2\/media?parent=66194"}],"wp:term":[{"taxonomy":"category","embeddable":true,"href":"https:\/\/www.adf.org.br\/home\/wp-json\/wp\/v2\/categories?post=66194"},{"taxonomy":"post_tag","embeddable":true,"href":"https:\/\/www.adf.org.br\/home\/wp-json\/wp\/v2\/tags?post=66194"}],"curies":[{"name":"wp","href":"https:\/\/api.w.org\/{rel}","templated":true}]}}