{"id":66192,"date":"2021-10-22T07:55:37","date_gmt":"2021-10-22T10:55:37","guid":{"rendered":"https:\/\/www.adf.org.br\/home\/?p=66192"},"modified":"2021-10-20T16:06:58","modified_gmt":"2021-10-20T19:06:58","slug":"coloque-suas-preocupacoes-nas-maos-de-nossa-senhora-de-fatima-ainda-hoje","status":"publish","type":"post","link":"https:\/\/www.adf.org.br\/home\/coloque-suas-preocupacoes-nas-maos-de-nossa-senhora-de-fatima-ainda-hoje\/","title":{"rendered":"Coloque suas preocupa\u00e7\u00f5es nas m\u00e3os de Nossa Senhora de F\u00e1tima ainda hoje"},"content":{"rendered":"<h2 style=\"text-align: center;\"><span style=\"color: #000000;\"><strong>Coloque suas preocupa\u00e7\u00f5es nas m\u00e3os de Nossa Senhora de F\u00e1tima ainda hoje<\/strong><\/span><\/h2>\n<p>&nbsp;<\/p>\n<p><a href=\"https:\/\/adf.org.br\/velario\/?origem=21435\" target=\"_blank\" rel=\"noopener\"><img loading=\"lazy\" class=\"wp-image-65658 size-full aligncenter\" src=\"https:\/\/www.adf.org.br\/home\/wp-content\/uploads\/2021\/08\/Nossa-Senhora-de-F\u00e1tima_Missa.jpg\" alt=\"\" width=\"600\" height=\"350\" srcset=\"https:\/\/www.adf.org.br\/home\/wp-content\/uploads\/2021\/08\/Nossa-Senhora-de-F\u00e1tima_Missa.jpg 600w, https:\/\/www.adf.org.br\/home\/wp-content\/uploads\/2021\/08\/Nossa-Senhora-de-F\u00e1tima_Missa-300x175.jpg 300w\" sizes=\"(max-width: 600px) 100vw, 600px\" \/><\/a><\/p>\n<p><span style=\"color: #000000;\"><span style=\"color: #800080; font-size: 32px;\"><strong>T<\/strong><\/span>odos n\u00f3s estamos sujeitos a problemas e dificuldades de todo tipo e, na maioria das vezes, n\u00e3o sabemos a quem recorrer nessas situa\u00e7\u00f5es.<\/span><\/p>\n<p><span style=\"color: #800080;\"><strong>Mas a Virgem de F\u00e1tima pode ajudar! Ela est\u00e1 sempre disposta a te socorrer. Porque n\u00e3o pedir sua Maternal ajuda hoje?<\/strong><\/span><\/p>\n<p><span style=\"color: #000000;\">Ligue, gratuitamente, para:<\/span><\/p>\n<h1 style=\"text-align: center;\"><a href=\"tel:08006082128\"><span style=\"text-decoration: underline; color: #0000ff;\">0800 608 2128<\/span><\/a><\/h1>\n<h5 style=\"text-align: center;\"><span style=\"color: #000000;\">Se estiver no celular \u00e9 s\u00f3 clicar no n\u00famero que o aparelho discar\u00e1 automaticamente.<\/span><br \/>\n<span style=\"color: #000000;\">A liga\u00e7\u00e3o \u00e9 gratuita para qualquer regi\u00e3o do Brasil e estamos dispon\u00edveis de segunda a sexta-feira, das 08h \u00e0s 18h.\u00a0<\/span><\/h5>\n<p><span style=\"color: #000000;\">E pe\u00e7a para uma de nossas atendentes incluir seu nome e seus pedidos na <span style=\"color: #0000ff;\"><a style=\"color: #0000ff;\" href=\"https:\/\/adf.org.br\/velario\/?origem=21435\" target=\"_blank\" rel=\"noopener\">Santa Missa de s\u00faplicas a Nossa Senhora de F\u00e1tima<\/a><\/span>.<\/span><\/p>\n<p><span style=\"color: #800080;\"><span style=\"color: #000000;\"><b>Porque quando nos apoiamos em nossa M\u00e3e Celeste, todos os n\u00f3s se desatam facilmente. Tudo fica mais f\u00e1cil!<\/b><\/span><\/span><\/p>\n<p><span style=\"color: #000000;\">Caso n\u00e3o tenha conseguido falar conosco, clique <span style=\"color: #0000ff;\"><a style=\"color: #0000ff;\" href=\"https:\/\/adf.org.br\/velario\/?origem=21435\" target=\"_blank\" rel=\"noopener\"><strong>AQUI<\/strong><\/a><\/span> (ou no bot\u00e3o abaixo) e acenda uma vela mas n\u00e3o deixe de incluir seus pedidos e s\u00faplicas.<\/span><\/p>\n<p><a href=\"https:\/\/adf.org.br\/velario\/?origem=21435\" target=\"_blank\" rel=\"noopener\"><img loading=\"lazy\" class=\"size-medium wp-image-65436 aligncenter\" src=\"https:\/\/www.adf.org.br\/home\/wp-content\/uploads\/2021\/08\/Vela-de-Nossa-Senhora-300x175.jpg\" alt=\"\" width=\"300\" height=\"175\" srcset=\"https:\/\/www.adf.org.br\/home\/wp-content\/uploads\/2021\/08\/Vela-de-Nossa-Senhora-300x175.jpg 300w, https:\/\/www.adf.org.br\/home\/wp-content\/uploads\/2021\/08\/Vela-de-Nossa-Senhora.jpg 600w\" sizes=\"(max-width: 300px) 100vw, 300px\" \/><\/a><\/p>\n<p style=\"text-align: center;\"><span style=\"color: #800080;\"><strong>\u00d3 Maria concebida sem pecado, rogai por n\u00f3s que recorremos a v\u00f3s!<\/strong><\/span><\/p>\n","protected":false},"excerpt":{"rendered":"<p>Coloque suas preocupa\u00e7\u00f5es nas m\u00e3os de Nossa Senhora de F\u00e1tima ainda hoje &nbsp; Todos n\u00f3s estamos sujeitos a problemas e dificuldades de todo tipo e, na maioria das vezes, n\u00e3o sabemos a quem recorrer nessas situa\u00e7\u00f5es. Mas a Virgem de F\u00e1tima pode ajudar! Ela est\u00e1 sempre disposta a te socorrer. Porque n\u00e3o pedir sua Maternal [&hellip;]<\/p>\n","protected":false},"author":30,"featured_media":65658,"comment_status":"open","ping_status":"open","sticky":false,"template":"","format":"standard","meta":[],"categories":[20,2473,60,2621,56,2332],"tags":[2660,595,814,57,2996],"yoast_head":"<!-- This site is optimized with the Yoast SEO plugin v17.4 - https:\/\/yoast.com\/wordpress\/plugins\/seo\/ -->\n<title>Coloque suas preocupa\u00e7\u00f5es nas m\u00e3os de Nossa Senhora de F\u00e1tima ainda hoje<\/title>\n<meta name=\"description\" content=\"N\u00e3o precisamos lidar com nossos problemas sozinhos. Temos uma M\u00e3e no C\u00e9u. Coloque suas preocupa\u00e7\u00f5es nas m\u00e3os de Nossa Senhora de F\u00e1tima ainda hoje clicando aqui\" \/>\n<meta name=\"robots\" content=\"index, follow, max-snippet:-1, max-image-preview:large, max-video-preview:-1\" \/>\n<link rel=\"canonical\" href=\"https:\/\/www.adf.org.br\/home\/coloque-suas-preocupacoes-nas-maos-de-nossa-senhora-de-fatima-ainda-hoje\/\" \/>\n<meta property=\"og:locale\" content=\"pt_BR\" \/>\n<meta property=\"og:type\" content=\"article\" \/>\n<meta property=\"og:title\" content=\"Coloque suas preocupa\u00e7\u00f5es nas m\u00e3os de Nossa Senhora de F\u00e1tima ainda hoje\" \/>\n<meta property=\"og:description\" content=\"N\u00e3o precisamos lidar com nossos problemas sozinhos. Temos uma M\u00e3e no C\u00e9u. Coloque suas preocupa\u00e7\u00f5es nas m\u00e3os de Nossa Senhora de F\u00e1tima ainda hoje clicando aqui\" \/>\n<meta property=\"og:url\" content=\"https:\/\/www.adf.org.br\/home\/coloque-suas-preocupacoes-nas-maos-de-nossa-senhora-de-fatima-ainda-hoje\/\" \/>\n<meta property=\"og:site_name\" content=\"Associa\u00e7\u00e3o Devotos de F\u00e1tima\" \/>\n<meta property=\"article:published_time\" content=\"2021-10-22T10:55:37+00:00\" \/>\n<meta property=\"article:modified_time\" content=\"2021-10-20T19:06:58+00:00\" \/>\n<meta property=\"og:image\" content=\"https:\/\/www.adf.org.br\/home\/wp-content\/uploads\/2021\/08\/Nossa-Senhora-de-F\u00e1tima_Missa.jpg\" \/>\n\t<meta property=\"og:image:width\" content=\"600\" \/>\n\t<meta property=\"og:image:height\" content=\"350\" \/>\n<meta name=\"twitter:card\" content=\"summary_large_image\" \/>\n<meta name=\"twitter:label1\" content=\"Escrito por\" \/>\n\t<meta name=\"twitter:data1\" content=\"Luiz Felipe\" \/>\n\t<meta name=\"twitter:label2\" content=\"Est. tempo de leitura\" \/>\n\t<meta name=\"twitter:data2\" content=\"2 minutos\" \/>\n<script type=\"application\/ld+json\" class=\"yoast-schema-graph\">{\"@context\":\"https:\/\/schema.org\",\"@graph\":[{\"@type\":\"WebSite\",\"@id\":\"https:\/\/www.adf.org.br\/home\/#website\",\"url\":\"https:\/\/www.adf.org.br\/home\/\",\"name\":\"Associa\\u00e7\\u00e3o Devotos de F\\u00e1tima\",\"description\":\"Associa\\u00e7\\u00e3o Devotos de F\\u00e1tima\",\"potentialAction\":[{\"@type\":\"SearchAction\",\"target\":{\"@type\":\"EntryPoint\",\"urlTemplate\":\"https:\/\/www.adf.org.br\/home\/?s={search_term_string}\"},\"query-input\":\"required name=search_term_string\"}],\"inLanguage\":\"pt-BR\"},{\"@type\":\"ImageObject\",\"@id\":\"https:\/\/www.adf.org.br\/home\/coloque-suas-preocupacoes-nas-maos-de-nossa-senhora-de-fatima-ainda-hoje\/#primaryimage\",\"inLanguage\":\"pt-BR\",\"url\":\"https:\/\/www.adf.org.br\/home\/wp-content\/uploads\/2021\/08\/Nossa-Senhora-de-F\\u00e1tima_Missa.jpg\",\"contentUrl\":\"https:\/\/www.adf.org.br\/home\/wp-content\/uploads\/2021\/08\/Nossa-Senhora-de-F\\u00e1tima_Missa.jpg\",\"width\":600,\"height\":350},{\"@type\":\"WebPage\",\"@id\":\"https:\/\/www.adf.org.br\/home\/coloque-suas-preocupacoes-nas-maos-de-nossa-senhora-de-fatima-ainda-hoje\/#webpage\",\"url\":\"https:\/\/www.adf.org.br\/home\/coloque-suas-preocupacoes-nas-maos-de-nossa-senhora-de-fatima-ainda-hoje\/\",\"name\":\"Coloque suas preocupa\\u00e7\\u00f5es nas m\\u00e3os de Nossa Senhora de F\\u00e1tima ainda hoje\",\"isPartOf\":{\"@id\":\"https:\/\/www.adf.org.br\/home\/#website\"},\"primaryImageOfPage\":{\"@id\":\"https:\/\/www.adf.org.br\/home\/coloque-suas-preocupacoes-nas-maos-de-nossa-senhora-de-fatima-ainda-hoje\/#primaryimage\"},\"datePublished\":\"2021-10-22T10:55:37+00:00\",\"dateModified\":\"2021-10-20T19:06:58+00:00\",\"author\":{\"@id\":\"https:\/\/www.adf.org.br\/home\/#\/schema\/person\/1ad877d1f255f4637ee020b3b16138ee\"},\"description\":\"N\\u00e3o precisamos lidar com nossos problemas sozinhos. Temos uma M\\u00e3e no C\\u00e9u. Coloque suas preocupa\\u00e7\\u00f5es nas m\\u00e3os de Nossa Senhora de F\\u00e1tima ainda hoje clicando aqui\",\"breadcrumb\":{\"@id\":\"https:\/\/www.adf.org.br\/home\/coloque-suas-preocupacoes-nas-maos-de-nossa-senhora-de-fatima-ainda-hoje\/#breadcrumb\"},\"inLanguage\":\"pt-BR\",\"potentialAction\":[{\"@type\":\"ReadAction\",\"target\":[\"https:\/\/www.adf.org.br\/home\/coloque-suas-preocupacoes-nas-maos-de-nossa-senhora-de-fatima-ainda-hoje\/\"]}]},{\"@type\":\"BreadcrumbList\",\"@id\":\"https:\/\/www.adf.org.br\/home\/coloque-suas-preocupacoes-nas-maos-de-nossa-senhora-de-fatima-ainda-hoje\/#breadcrumb\",\"itemListElement\":[{\"@type\":\"ListItem\",\"position\":1,\"name\":\"Home\",\"item\":\"https:\/\/www.adf.org.br\/home\/\"},{\"@type\":\"ListItem\",\"position\":2,\"name\":\"Coloque suas preocupa\\u00e7\\u00f5es nas m\\u00e3os de Nossa Senhora de F\\u00e1tima ainda hoje\"}]},{\"@type\":\"Person\",\"@id\":\"https:\/\/www.adf.org.br\/home\/#\/schema\/person\/1ad877d1f255f4637ee020b3b16138ee\",\"name\":\"Luiz Felipe\",\"image\":{\"@type\":\"ImageObject\",\"@id\":\"https:\/\/www.adf.org.br\/home\/#personlogo\",\"inLanguage\":\"pt-BR\",\"url\":\"https:\/\/secure.gravatar.com\/avatar\/f8f0a14d57a57f103e42363994b25ba9?s=96&d=mm&r=g\",\"contentUrl\":\"https:\/\/secure.gravatar.com\/avatar\/f8f0a14d57a57f103e42363994b25ba9?s=96&d=mm&r=g\",\"caption\":\"Luiz Felipe\"},\"url\":\"https:\/\/www.adf.org.br\/home\/author\/luiz-merencianopmk-com-br\/\"}]}<\/script>\n<!-- \/ Yoast SEO plugin. -->","yoast_head_json":{"title":"Coloque suas preocupa\u00e7\u00f5es nas m\u00e3os de Nossa Senhora de F\u00e1tima ainda hoje","description":"N\u00e3o precisamos lidar com nossos problemas sozinhos. Temos uma M\u00e3e no C\u00e9u. Coloque suas preocupa\u00e7\u00f5es nas m\u00e3os de Nossa Senhora de F\u00e1tima ainda hoje clicando aqui","robots":{"index":"index","follow":"follow","max-snippet":"max-snippet:-1","max-image-preview":"max-image-preview:large","max-video-preview":"max-video-preview:-1"},"canonical":"https:\/\/www.adf.org.br\/home\/coloque-suas-preocupacoes-nas-maos-de-nossa-senhora-de-fatima-ainda-hoje\/","og_locale":"pt_BR","og_type":"article","og_title":"Coloque suas preocupa\u00e7\u00f5es nas m\u00e3os de Nossa Senhora de F\u00e1tima ainda hoje","og_description":"N\u00e3o precisamos lidar com nossos problemas sozinhos. Temos uma M\u00e3e no C\u00e9u. Coloque suas preocupa\u00e7\u00f5es nas m\u00e3os de Nossa Senhora de F\u00e1tima ainda hoje clicando aqui","og_url":"https:\/\/www.adf.org.br\/home\/coloque-suas-preocupacoes-nas-maos-de-nossa-senhora-de-fatima-ainda-hoje\/","og_site_name":"Associa\u00e7\u00e3o Devotos de F\u00e1tima","article_published_time":"2021-10-22T10:55:37+00:00","article_modified_time":"2021-10-20T19:06:58+00:00","og_image":[{"width":600,"height":350,"url":"https:\/\/www.adf.org.br\/home\/wp-content\/uploads\/2021\/08\/Nossa-Senhora-de-F\u00e1tima_Missa.jpg","type":"image\/jpeg"}],"twitter_card":"summary_large_image","twitter_misc":{"Escrito por":"Luiz Felipe","Est. tempo de leitura":"2 minutos"},"schema":{"@context":"https:\/\/schema.org","@graph":[{"@type":"WebSite","@id":"https:\/\/www.adf.org.br\/home\/#website","url":"https:\/\/www.adf.org.br\/home\/","name":"Associa\u00e7\u00e3o Devotos de F\u00e1tima","description":"Associa\u00e7\u00e3o Devotos de F\u00e1tima","potentialAction":[{"@type":"SearchAction","target":{"@type":"EntryPoint","urlTemplate":"https:\/\/www.adf.org.br\/home\/?s={search_term_string}"},"query-input":"required name=search_term_string"}],"inLanguage":"pt-BR"},{"@type":"ImageObject","@id":"https:\/\/www.adf.org.br\/home\/coloque-suas-preocupacoes-nas-maos-de-nossa-senhora-de-fatima-ainda-hoje\/#primaryimage","inLanguage":"pt-BR","url":"https:\/\/www.adf.org.br\/home\/wp-content\/uploads\/2021\/08\/Nossa-Senhora-de-F\u00e1tima_Missa.jpg","contentUrl":"https:\/\/www.adf.org.br\/home\/wp-content\/uploads\/2021\/08\/Nossa-Senhora-de-F\u00e1tima_Missa.jpg","width":600,"height":350},{"@type":"WebPage","@id":"https:\/\/www.adf.org.br\/home\/coloque-suas-preocupacoes-nas-maos-de-nossa-senhora-de-fatima-ainda-hoje\/#webpage","url":"https:\/\/www.adf.org.br\/home\/coloque-suas-preocupacoes-nas-maos-de-nossa-senhora-de-fatima-ainda-hoje\/","name":"Coloque suas preocupa\u00e7\u00f5es nas m\u00e3os de Nossa Senhora de F\u00e1tima ainda hoje","isPartOf":{"@id":"https:\/\/www.adf.org.br\/home\/#website"},"primaryImageOfPage":{"@id":"https:\/\/www.adf.org.br\/home\/coloque-suas-preocupacoes-nas-maos-de-nossa-senhora-de-fatima-ainda-hoje\/#primaryimage"},"datePublished":"2021-10-22T10:55:37+00:00","dateModified":"2021-10-20T19:06:58+00:00","author":{"@id":"https:\/\/www.adf.org.br\/home\/#\/schema\/person\/1ad877d1f255f4637ee020b3b16138ee"},"description":"N\u00e3o precisamos lidar com nossos problemas sozinhos. Temos uma M\u00e3e no C\u00e9u. Coloque suas preocupa\u00e7\u00f5es nas m\u00e3os de Nossa Senhora de F\u00e1tima ainda hoje clicando aqui","breadcrumb":{"@id":"https:\/\/www.adf.org.br\/home\/coloque-suas-preocupacoes-nas-maos-de-nossa-senhora-de-fatima-ainda-hoje\/#breadcrumb"},"inLanguage":"pt-BR","potentialAction":[{"@type":"ReadAction","target":["https:\/\/www.adf.org.br\/home\/coloque-suas-preocupacoes-nas-maos-de-nossa-senhora-de-fatima-ainda-hoje\/"]}]},{"@type":"BreadcrumbList","@id":"https:\/\/www.adf.org.br\/home\/coloque-suas-preocupacoes-nas-maos-de-nossa-senhora-de-fatima-ainda-hoje\/#breadcrumb","itemListElement":[{"@type":"ListItem","position":1,"name":"Home","item":"https:\/\/www.adf.org.br\/home\/"},{"@type":"ListItem","position":2,"name":"Coloque suas preocupa\u00e7\u00f5es nas m\u00e3os de Nossa Senhora de F\u00e1tima ainda hoje"}]},{"@type":"Person","@id":"https:\/\/www.adf.org.br\/home\/#\/schema\/person\/1ad877d1f255f4637ee020b3b16138ee","name":"Luiz Felipe","image":{"@type":"ImageObject","@id":"https:\/\/www.adf.org.br\/home\/#personlogo","inLanguage":"pt-BR","url":"https:\/\/secure.gravatar.com\/avatar\/f8f0a14d57a57f103e42363994b25ba9?s=96&d=mm&r=g","contentUrl":"https:\/\/secure.gravatar.com\/avatar\/f8f0a14d57a57f103e42363994b25ba9?s=96&d=mm&r=g","caption":"Luiz Felipe"},"url":"https:\/\/www.adf.org.br\/home\/author\/luiz-merencianopmk-com-br\/"}]}},"_links":{"self":[{"href":"https:\/\/www.adf.org.br\/home\/wp-json\/wp\/v2\/posts\/66192"}],"collection":[{"href":"https:\/\/www.adf.org.br\/home\/wp-json\/wp\/v2\/posts"}],"about":[{"href":"https:\/\/www.adf.org.br\/home\/wp-json\/wp\/v2\/types\/post"}],"author":[{"embeddable":true,"href":"https:\/\/www.adf.org.br\/home\/wp-json\/wp\/v2\/users\/30"}],"replies":[{"embeddable":true,"href":"https:\/\/www.adf.org.br\/home\/wp-json\/wp\/v2\/comments?post=66192"}],"version-history":[{"count":2,"href":"https:\/\/www.adf.org.br\/home\/wp-json\/wp\/v2\/posts\/66192\/revisions"}],"predecessor-version":[{"id":66211,"href":"https:\/\/www.adf.org.br\/home\/wp-json\/wp\/v2\/posts\/66192\/revisions\/66211"}],"wp:featuredmedia":[{"embeddable":true,"href":"https:\/\/www.adf.org.br\/home\/wp-json\/wp\/v2\/media\/65658"}],"wp:attachment":[{"href":"https:\/\/www.adf.org.br\/home\/wp-json\/wp\/v2\/media?parent=66192"}],"wp:term":[{"taxonomy":"category","embeddable":true,"href":"https:\/\/www.adf.org.br\/home\/wp-json\/wp\/v2\/categories?post=66192"},{"taxonomy":"post_tag","embeddable":true,"href":"https:\/\/www.adf.org.br\/home\/wp-json\/wp\/v2\/tags?post=66192"}],"curies":[{"name":"wp","href":"https:\/\/api.w.org\/{rel}","templated":true}]}}