{"id":66119,"date":"2021-10-12T00:03:55","date_gmt":"2021-10-12T03:03:55","guid":{"rendered":"https:\/\/www.adf.org.br\/home\/?p=66119"},"modified":"2021-10-13T09:21:35","modified_gmt":"2021-10-13T12:21:35","slug":"como-nossa-senhora-aparecida-se-tornou-rainha-do-brasil","status":"publish","type":"post","link":"https:\/\/www.adf.org.br\/home\/como-nossa-senhora-aparecida-se-tornou-rainha-do-brasil\/","title":{"rendered":"Como Nossa Senhora Aparecida se tornou Rainha do Brasil?"},"content":{"rendered":"<h2 style=\"text-align: center;\"><span style=\"color: #000000;\"><strong>Como Nossa Senhora Aparecida se tornou Rainha do Brasil?<\/strong><\/span><\/h2>\n<p>&nbsp;<\/p>\n<figure style=\"width: 687px\" class=\"wp-caption aligncenter\"><a href=\"https:\/\/adf.org.br\/velario\/aparecida?origem=21336\" target=\"_blank\" rel=\"noopener\"><img loading=\"lazy\" src=\"https:\/\/i1.wp.com\/www.turismoreligioso.travel\/wp-content\/uploads\/2020\/06\/Nicho_de_Nossa_Senhora_Aparecida-scaled.jpg?resize=1038%2C584&amp;ssl=1\" alt=\"https:\/\/i1.wp.com\/www.turismoreligioso.travel\/wp-content\/uploads\/2020\/06\/Nicho_de_Nossa_Senhora_Aparecida-scaled.jpg?resize=1038%2C584&amp;ssl=1\" width=\"687\" height=\"386\" \/><\/a><figcaption class=\"wp-caption-text\"><center>Nicho onde se encontra a Imagem da Padroeira do Brasil no Santu\u00e1rio Nacional<\/center><\/figcaption><\/figure>\n<p><span style=\"color: #000000;\"><span style=\"color: #800080; font-size: 32px;\"><strong>N<\/strong><\/span>este dia a Igreja no Brasil celebra o dia da <a href=\"https:\/\/adf.org.br\/velario\/aparecida?origem=21336\" target=\"_blank\" rel=\"noopener\"><span style=\"color: #0000ff;\">Virgem da Concei\u00e7\u00e3o Aparecida<\/span><\/a>, padroeira principal do Brasil. <\/span><\/p>\n<p><span style=\"color: #000000;\">E gostar\u00edamos de contar a bel\u00edssima e pouco conhecida hist\u00f3ria de como Nossa Senhora tornou-se a Rainha do Brasil.<\/span><\/p>\n<p><strong><span style=\"color: #800080;\">Tudo come\u00e7ou quando o ent\u00e3o pr\u00edncipe regente do Brasil, Dom Pedro de Alc\u00e2ntara (futuro imperador Dom Pedro I), enfrentando grave situa\u00e7\u00e3o pol\u00edtica e vindo a conhecer as hist\u00f3rias ligadas a imagem da <a href=\"https:\/\/adf.org.br\/velario\/aparecida?origem=21336\" target=\"_blank\" rel=\"noopener\"><span style=\"color: #0000ff;\">Virgem Negra de Aparecida<\/span><\/a>, <\/span><\/strong><\/p>\n<figure id=\"attachment_66120\" aria-describedby=\"caption-attachment-66120\" style=\"width: 247px\" class=\"wp-caption alignleft\"><a href=\"https:\/\/adf.org.br\/velario\/aparecida?origem=21336\" target=\"_blank\" rel=\"noopener\"><img loading=\"lazy\" class=\"wp-image-66120 \" src=\"https:\/\/www.adf.org.br\/home\/wp-content\/uploads\/2021\/10\/nuestra-senora-daparecida-our-lady-mary-evans-picture-library-230x300.jpg\" alt=\"\" width=\"247\" height=\"322\" srcset=\"https:\/\/www.adf.org.br\/home\/wp-content\/uploads\/2021\/10\/nuestra-senora-daparecida-our-lady-mary-evans-picture-library-230x300.jpg 230w, https:\/\/www.adf.org.br\/home\/wp-content\/uploads\/2021\/10\/nuestra-senora-daparecida-our-lady-mary-evans-picture-library.jpg 690w\" sizes=\"(max-width: 247px) 100vw, 247px\" \/><\/a><figcaption id=\"caption-attachment-66120\" class=\"wp-caption-text\"><center>Nossa Senhora Aparecida, rogai por n\u00f3s<\/center><\/figcaption><\/figure>\n<p><span style=\"color: #000000;\">em viagem a S\u00e3o Paulo, no dia 22 de agosto de 1822, decide parar em Aparecida para rezar \u00e0 Virgem e lhe promete torn\u00e1-la consagrar o Brasil, caso o problema se resolva.<\/span><\/p>\n<p><span style=\"color: #000000;\">Quinze dias depois, ele proclamou a independ\u00eancia do Brasil \u00e0s margens do riacho Ipiranga, mas a promessa ficou sem ser cumprida.<\/span><\/p>\n<h4><span style=\"color: #000000;\">Entretanto, anos mais tarde, sua neta, a Princesa Isabel, filha mais velha de Dom Pedro II, <\/span><\/h4>\n<h4><span style=\"color: #000000;\">tendo dificuldades para engravidar e j\u00e1 tendo feito todo o poss\u00edvel, conhecendo a fama de <span style=\"color: #0000ff;\"><a style=\"color: #0000ff;\" href=\"https:\/\/adf.org.br\/velario\/aparecida?origem=21336\" target=\"_blank\" rel=\"noopener\">Nossa Senhora Aparecida<\/a><\/span>, <\/span><\/h4>\n<p><span style=\"color: #000000;\">vai at\u00e9 l\u00e1 em peregrina\u00e7\u00e3o junto a seu esposo, o Pr\u00edncipe Gast\u00e3o d&#8217;Orleans, Conde d&#8217;Eu pedir a intercess\u00e3o da M\u00e3e de Deus para que ela tenha descend\u00eancia que assegure a sucess\u00e3o do trono imperial brasileiro.<\/span><\/p>\n<p><strong><span style=\"color: #000000;\"><a href=\"https:\/\/adf.org.br\/velario\/aparecida?origem=21336\" target=\"_blank\" rel=\"noopener\"><span style=\"color: #0000ff;\">Nossa Senhora Aparecida<\/span><\/a> atende aos rogos da Princesa e lhe concede 4 filhos, dois quais 3 chegar\u00e3o a idade adulta. A sucess\u00e3o do trono est\u00e1 garantida.<\/span><\/strong><\/p>\n<figure id=\"attachment_66121\" aria-describedby=\"caption-attachment-66121\" style=\"width: 170px\" class=\"wp-caption alignright\"><a href=\"https:\/\/adf.org.br\/velario\/aparecida?origem=21336\" target=\"_blank\" rel=\"noopener\"><img loading=\"lazy\" class=\"wp-image-66121 size-medium\" src=\"https:\/\/www.adf.org.br\/home\/wp-content\/uploads\/2021\/10\/c74671a7ee1769fb40b3b8cc71742836-170x300.jpg\" alt=\"\" width=\"170\" height=\"300\" srcset=\"https:\/\/www.adf.org.br\/home\/wp-content\/uploads\/2021\/10\/c74671a7ee1769fb40b3b8cc71742836-170x300.jpg 170w, https:\/\/www.adf.org.br\/home\/wp-content\/uploads\/2021\/10\/c74671a7ee1769fb40b3b8cc71742836.jpg 236w\" sizes=\"(max-width: 170px) 100vw, 170px\" \/><\/a><figcaption id=\"caption-attachment-66121\" class=\"wp-caption-text\"><center>Nossa Senhora Aparecida<\/center><\/figcaption><\/figure>\n<p><span style=\"color: #000000;\">Em 1868, j\u00e1 alcan\u00e7ada a gra\u00e7a, o casal de pr\u00edncipes herdeiros volta para pagar a sua promessa. <\/span><\/p>\n<p><span style=\"color: #000000;\">Para isso, oferece \u00e0 Nossa Senhora Aparecida um rico manto cravejado de 21 brilhantes que representavam as 21 prov\u00edncias do Imp\u00e9rio Brasileiro.<\/span><\/p>\n<p><span style=\"color: #800080;\"><strong>Por sua posi\u00e7\u00e3o pol\u00edtica e postura firmemente cat\u00f3lica, a Princesa Isabel angariou inimizades pol\u00edticas, haja vista que a maioria dos pol\u00edticos do imp\u00e9rio eram ma\u00e7ons.<\/strong><\/span><\/p>\n<p><span style=\"color: #000000;\">Para completar, a Princesa em ousada atitude, abole a escravid\u00e3o em 13 de maio de 1888 (coincidentemente, anos depois <span style=\"color: #0000ff;\"><a style=\"color: #0000ff;\" href=\"https:\/\/adf.org.br\/velario\/aparecida?origem=21336\" target=\"_blank\" rel=\"noopener\">Nossa Senhora<\/a><\/span> apareceria em F\u00e1tima nesta mesma data).<\/span><\/p>\n<h4><span style=\"color: #000000;\">No entanto, os grandes agricultores, apoiadores do Imp\u00e9rio, juraram vingan\u00e7a \u00e0 Princesa dizendo que ela n\u00e3o se sentaria no trono brasileiro.<\/span><\/h4>\n<p><span style=\"color: #000000;\">Consciente que as chances de herdar o trono brasileiro cada vez tornavam-se menores, <\/span><\/p>\n<p><span style=\"color: #000000;\">Isabel vai novamente a Aparecida juntamente com seu esposo e deixa aos p\u00e9s da <span style=\"color: #0000ff;\"><a style=\"color: #0000ff;\" href=\"https:\/\/adf.org.br\/velario\/aparecida?origem=21336\" target=\"_blank\" rel=\"noopener\">Virgem<\/a><\/span>, uma coroa e este bel\u00edssimo bilhete:<\/span><\/p>\n<blockquote><p><span style=\"color: #800080;\">\u201c<em>Eu, diante de v\u00f3s, sou uma princesa da terra e me curvo, pois \u00e9s a Rainha dos C\u00e9us e te dou t\u00e3o pobre presente que \u00e9 uma coroa igual \u00e0 minha, e se eu n\u00e3o me sentar no trono do Brasil, rogo que a Senhora se sente nele por mim e governe perpetuamente o Brasil<\/em><i>\u201d<\/i><\/span><\/p><\/blockquote>\n<p><span style=\"color: #000000;\">Por fim, como sabemos, em 15 de novembro de 1889, proclamaram a Rep\u00fablica, tirando da Princesa Isabel a chance de herdar o trono. <\/span><\/p>\n<p><strong><span style=\"color: #000000;\">Mas em 1904, por decreto do Papa S\u00e3o Pio X,\u00a0 Nossa Senhora Aparecida \u00e9 coroada como rainha do Brasil e lhe coroam usando a coroa que a Princesa Isabel lhe ofereceu, r\u00e9plica daquela que ela mesmo usaria se tivesse sido imperatriz.<\/span><\/strong><\/p>\n<p style=\"text-align: center;\">****<\/p>\n<h3 style=\"text-align: center;\"><span style=\"color: #000000;\">Hoje, faremos celebrar a<\/span> <a href=\"https:\/\/adf.org.br\/velario\/aparecida?origem=21336\" target=\"_blank\" rel=\"noopener\"><span style=\"color: #0000ff;\">Missa de Nossa Senhora Aparecida<\/span><\/a><span style=\"color: #000000;\">, Rainha e padroeira do Brasil.<\/span><\/h3>\n<p><span style=\"color: #000000;\">Voc\u00ea que precisa de uma gra\u00e7a urgente, pe\u00e7a-a a Rainha do Brasil, nossa M\u00e3e a Virgem Maria <\/span><\/p>\n<p><span style=\"color: #000000;\">Por isso, clique<\/span> <a href=\"https:\/\/adf.org.br\/velario\/aparecida?origem=21336\" target=\"_blank\" rel=\"noopener\"><strong><span style=\"color: #0000ff;\">aqui<\/span><\/strong><\/a> <span style=\"color: #000000;\">ou no bot\u00e3o abaixo, acenda a vela e pe\u00e7a que voc\u00ea precisa para a Virgem da Concei\u00e7\u00e3o Aparecida.<\/span><\/p>\n<p><a href=\"https:\/\/adf.org.br\/velario\/aparecida?origem=21336\" target=\"_blank\" rel=\"noopener\"><img loading=\"lazy\" class=\"size-medium wp-image-65436 aligncenter\" src=\"https:\/\/www.adf.org.br\/home\/wp-content\/uploads\/2021\/08\/Vela-de-Nossa-Senhora-300x175.jpg\" alt=\"\" width=\"300\" height=\"175\" srcset=\"https:\/\/www.adf.org.br\/home\/wp-content\/uploads\/2021\/08\/Vela-de-Nossa-Senhora-300x175.jpg 300w, https:\/\/www.adf.org.br\/home\/wp-content\/uploads\/2021\/08\/Vela-de-Nossa-Senhora.jpg 600w\" sizes=\"(max-width: 300px) 100vw, 300px\" \/><\/a><\/p>\n","protected":false},"excerpt":{"rendered":"<p>Como Nossa Senhora Aparecida se tornou Rainha do Brasil? &nbsp; Neste dia a Igreja no Brasil celebra o dia da Virgem da Concei\u00e7\u00e3o Aparecida, padroeira principal do Brasil. E gostar\u00edamos de contar a bel\u00edssima e pouco conhecida hist\u00f3ria de como Nossa Senhora tornou-se a Rainha do Brasil. Tudo come\u00e7ou quando o ent\u00e3o pr\u00edncipe regente do [&hellip;]<\/p>\n","protected":false},"author":30,"featured_media":66130,"comment_status":"open","ping_status":"open","sticky":false,"template":"","format":"standard","meta":[],"categories":[20,1954,2547],"tags":[92,1193],"yoast_head":"<!-- This site is optimized with the Yoast SEO plugin v17.4 - https:\/\/yoast.com\/wordpress\/plugins\/seo\/ -->\n<title>Como Nossa Senhora Aparecida se tornou Rainha do Brasil?<\/title>\n<meta name=\"description\" content=\"Voce sabe como Nossa Senhora Aparecida se tornou Rainha do Brasil? Conhe\u00e7a essa bonita hist\u00f3ria clicando aqui.\" \/>\n<meta name=\"robots\" content=\"index, follow, max-snippet:-1, max-image-preview:large, max-video-preview:-1\" \/>\n<link rel=\"canonical\" href=\"https:\/\/www.adf.org.br\/home\/como-nossa-senhora-aparecida-se-tornou-rainha-do-brasil\/\" \/>\n<meta property=\"og:locale\" content=\"pt_BR\" \/>\n<meta property=\"og:type\" content=\"article\" \/>\n<meta property=\"og:title\" content=\"Como Nossa Senhora Aparecida se tornou Rainha do Brasil?\" \/>\n<meta property=\"og:description\" content=\"Voce sabe como Nossa Senhora Aparecida se tornou Rainha do Brasil? Conhe\u00e7a essa bonita hist\u00f3ria clicando aqui.\" \/>\n<meta property=\"og:url\" content=\"https:\/\/www.adf.org.br\/home\/como-nossa-senhora-aparecida-se-tornou-rainha-do-brasil\/\" \/>\n<meta property=\"og:site_name\" content=\"Associa\u00e7\u00e3o Devotos de F\u00e1tima\" \/>\n<meta property=\"article:published_time\" content=\"2021-10-12T03:03:55+00:00\" \/>\n<meta property=\"article:modified_time\" content=\"2021-10-13T12:21:35+00:00\" \/>\n<meta property=\"og:image\" content=\"https:\/\/www.adf.org.br\/home\/wp-content\/uploads\/2021\/10\/Nicho_de_Nossa_Senhora_Aparecida-scaled-1.jpg\" \/>\n\t<meta property=\"og:image:width\" content=\"1038\" \/>\n\t<meta property=\"og:image:height\" content=\"584\" \/>\n<meta name=\"twitter:card\" content=\"summary_large_image\" \/>\n<meta name=\"twitter:label1\" content=\"Escrito por\" \/>\n\t<meta name=\"twitter:data1\" content=\"Luiz Felipe\" \/>\n\t<meta name=\"twitter:label2\" content=\"Est. tempo de leitura\" \/>\n\t<meta name=\"twitter:data2\" content=\"3 minutos\" \/>\n<script type=\"application\/ld+json\" class=\"yoast-schema-graph\">{\"@context\":\"https:\/\/schema.org\",\"@graph\":[{\"@type\":\"WebSite\",\"@id\":\"https:\/\/www.adf.org.br\/home\/#website\",\"url\":\"https:\/\/www.adf.org.br\/home\/\",\"name\":\"Associa\\u00e7\\u00e3o Devotos de F\\u00e1tima\",\"description\":\"Associa\\u00e7\\u00e3o Devotos de F\\u00e1tima\",\"potentialAction\":[{\"@type\":\"SearchAction\",\"target\":{\"@type\":\"EntryPoint\",\"urlTemplate\":\"https:\/\/www.adf.org.br\/home\/?s={search_term_string}\"},\"query-input\":\"required name=search_term_string\"}],\"inLanguage\":\"pt-BR\"},{\"@type\":\"ImageObject\",\"@id\":\"https:\/\/www.adf.org.br\/home\/como-nossa-senhora-aparecida-se-tornou-rainha-do-brasil\/#primaryimage\",\"inLanguage\":\"pt-BR\",\"url\":\"https:\/\/www.adf.org.br\/home\/wp-content\/uploads\/2021\/10\/Nicho_de_Nossa_Senhora_Aparecida-scaled-1.jpg\",\"contentUrl\":\"https:\/\/www.adf.org.br\/home\/wp-content\/uploads\/2021\/10\/Nicho_de_Nossa_Senhora_Aparecida-scaled-1.jpg\",\"width\":1038,\"height\":584},{\"@type\":\"WebPage\",\"@id\":\"https:\/\/www.adf.org.br\/home\/como-nossa-senhora-aparecida-se-tornou-rainha-do-brasil\/#webpage\",\"url\":\"https:\/\/www.adf.org.br\/home\/como-nossa-senhora-aparecida-se-tornou-rainha-do-brasil\/\",\"name\":\"Como Nossa Senhora Aparecida se tornou Rainha do Brasil?\",\"isPartOf\":{\"@id\":\"https:\/\/www.adf.org.br\/home\/#website\"},\"primaryImageOfPage\":{\"@id\":\"https:\/\/www.adf.org.br\/home\/como-nossa-senhora-aparecida-se-tornou-rainha-do-brasil\/#primaryimage\"},\"datePublished\":\"2021-10-12T03:03:55+00:00\",\"dateModified\":\"2021-10-13T12:21:35+00:00\",\"author\":{\"@id\":\"https:\/\/www.adf.org.br\/home\/#\/schema\/person\/1ad877d1f255f4637ee020b3b16138ee\"},\"description\":\"Voce sabe como Nossa Senhora Aparecida se tornou Rainha do Brasil? Conhe\\u00e7a essa bonita hist\\u00f3ria clicando aqui.\",\"breadcrumb\":{\"@id\":\"https:\/\/www.adf.org.br\/home\/como-nossa-senhora-aparecida-se-tornou-rainha-do-brasil\/#breadcrumb\"},\"inLanguage\":\"pt-BR\",\"potentialAction\":[{\"@type\":\"ReadAction\",\"target\":[\"https:\/\/www.adf.org.br\/home\/como-nossa-senhora-aparecida-se-tornou-rainha-do-brasil\/\"]}]},{\"@type\":\"BreadcrumbList\",\"@id\":\"https:\/\/www.adf.org.br\/home\/como-nossa-senhora-aparecida-se-tornou-rainha-do-brasil\/#breadcrumb\",\"itemListElement\":[{\"@type\":\"ListItem\",\"position\":1,\"name\":\"Home\",\"item\":\"https:\/\/www.adf.org.br\/home\/\"},{\"@type\":\"ListItem\",\"position\":2,\"name\":\"Como Nossa Senhora Aparecida se tornou Rainha do Brasil?\"}]},{\"@type\":\"Person\",\"@id\":\"https:\/\/www.adf.org.br\/home\/#\/schema\/person\/1ad877d1f255f4637ee020b3b16138ee\",\"name\":\"Luiz Felipe\",\"image\":{\"@type\":\"ImageObject\",\"@id\":\"https:\/\/www.adf.org.br\/home\/#personlogo\",\"inLanguage\":\"pt-BR\",\"url\":\"https:\/\/secure.gravatar.com\/avatar\/f8f0a14d57a57f103e42363994b25ba9?s=96&d=mm&r=g\",\"contentUrl\":\"https:\/\/secure.gravatar.com\/avatar\/f8f0a14d57a57f103e42363994b25ba9?s=96&d=mm&r=g\",\"caption\":\"Luiz Felipe\"},\"url\":\"https:\/\/www.adf.org.br\/home\/author\/luiz-merencianopmk-com-br\/\"}]}<\/script>\n<!-- \/ Yoast SEO plugin. -->","yoast_head_json":{"title":"Como Nossa Senhora Aparecida se tornou Rainha do Brasil?","description":"Voce sabe como Nossa Senhora Aparecida se tornou Rainha do Brasil? Conhe\u00e7a essa bonita hist\u00f3ria clicando aqui.","robots":{"index":"index","follow":"follow","max-snippet":"max-snippet:-1","max-image-preview":"max-image-preview:large","max-video-preview":"max-video-preview:-1"},"canonical":"https:\/\/www.adf.org.br\/home\/como-nossa-senhora-aparecida-se-tornou-rainha-do-brasil\/","og_locale":"pt_BR","og_type":"article","og_title":"Como Nossa Senhora Aparecida se tornou Rainha do Brasil?","og_description":"Voce sabe como Nossa Senhora Aparecida se tornou Rainha do Brasil? Conhe\u00e7a essa bonita hist\u00f3ria clicando aqui.","og_url":"https:\/\/www.adf.org.br\/home\/como-nossa-senhora-aparecida-se-tornou-rainha-do-brasil\/","og_site_name":"Associa\u00e7\u00e3o Devotos de F\u00e1tima","article_published_time":"2021-10-12T03:03:55+00:00","article_modified_time":"2021-10-13T12:21:35+00:00","og_image":[{"width":1038,"height":584,"url":"https:\/\/www.adf.org.br\/home\/wp-content\/uploads\/2021\/10\/Nicho_de_Nossa_Senhora_Aparecida-scaled-1.jpg","type":"image\/jpeg"}],"twitter_card":"summary_large_image","twitter_misc":{"Escrito por":"Luiz Felipe","Est. tempo de leitura":"3 minutos"},"schema":{"@context":"https:\/\/schema.org","@graph":[{"@type":"WebSite","@id":"https:\/\/www.adf.org.br\/home\/#website","url":"https:\/\/www.adf.org.br\/home\/","name":"Associa\u00e7\u00e3o Devotos de F\u00e1tima","description":"Associa\u00e7\u00e3o Devotos de F\u00e1tima","potentialAction":[{"@type":"SearchAction","target":{"@type":"EntryPoint","urlTemplate":"https:\/\/www.adf.org.br\/home\/?s={search_term_string}"},"query-input":"required name=search_term_string"}],"inLanguage":"pt-BR"},{"@type":"ImageObject","@id":"https:\/\/www.adf.org.br\/home\/como-nossa-senhora-aparecida-se-tornou-rainha-do-brasil\/#primaryimage","inLanguage":"pt-BR","url":"https:\/\/www.adf.org.br\/home\/wp-content\/uploads\/2021\/10\/Nicho_de_Nossa_Senhora_Aparecida-scaled-1.jpg","contentUrl":"https:\/\/www.adf.org.br\/home\/wp-content\/uploads\/2021\/10\/Nicho_de_Nossa_Senhora_Aparecida-scaled-1.jpg","width":1038,"height":584},{"@type":"WebPage","@id":"https:\/\/www.adf.org.br\/home\/como-nossa-senhora-aparecida-se-tornou-rainha-do-brasil\/#webpage","url":"https:\/\/www.adf.org.br\/home\/como-nossa-senhora-aparecida-se-tornou-rainha-do-brasil\/","name":"Como Nossa Senhora Aparecida se tornou Rainha do Brasil?","isPartOf":{"@id":"https:\/\/www.adf.org.br\/home\/#website"},"primaryImageOfPage":{"@id":"https:\/\/www.adf.org.br\/home\/como-nossa-senhora-aparecida-se-tornou-rainha-do-brasil\/#primaryimage"},"datePublished":"2021-10-12T03:03:55+00:00","dateModified":"2021-10-13T12:21:35+00:00","author":{"@id":"https:\/\/www.adf.org.br\/home\/#\/schema\/person\/1ad877d1f255f4637ee020b3b16138ee"},"description":"Voce sabe como Nossa Senhora Aparecida se tornou Rainha do Brasil? Conhe\u00e7a essa bonita hist\u00f3ria clicando aqui.","breadcrumb":{"@id":"https:\/\/www.adf.org.br\/home\/como-nossa-senhora-aparecida-se-tornou-rainha-do-brasil\/#breadcrumb"},"inLanguage":"pt-BR","potentialAction":[{"@type":"ReadAction","target":["https:\/\/www.adf.org.br\/home\/como-nossa-senhora-aparecida-se-tornou-rainha-do-brasil\/"]}]},{"@type":"BreadcrumbList","@id":"https:\/\/www.adf.org.br\/home\/como-nossa-senhora-aparecida-se-tornou-rainha-do-brasil\/#breadcrumb","itemListElement":[{"@type":"ListItem","position":1,"name":"Home","item":"https:\/\/www.adf.org.br\/home\/"},{"@type":"ListItem","position":2,"name":"Como Nossa Senhora Aparecida se tornou Rainha do Brasil?"}]},{"@type":"Person","@id":"https:\/\/www.adf.org.br\/home\/#\/schema\/person\/1ad877d1f255f4637ee020b3b16138ee","name":"Luiz Felipe","image":{"@type":"ImageObject","@id":"https:\/\/www.adf.org.br\/home\/#personlogo","inLanguage":"pt-BR","url":"https:\/\/secure.gravatar.com\/avatar\/f8f0a14d57a57f103e42363994b25ba9?s=96&d=mm&r=g","contentUrl":"https:\/\/secure.gravatar.com\/avatar\/f8f0a14d57a57f103e42363994b25ba9?s=96&d=mm&r=g","caption":"Luiz Felipe"},"url":"https:\/\/www.adf.org.br\/home\/author\/luiz-merencianopmk-com-br\/"}]}},"_links":{"self":[{"href":"https:\/\/www.adf.org.br\/home\/wp-json\/wp\/v2\/posts\/66119"}],"collection":[{"href":"https:\/\/www.adf.org.br\/home\/wp-json\/wp\/v2\/posts"}],"about":[{"href":"https:\/\/www.adf.org.br\/home\/wp-json\/wp\/v2\/types\/post"}],"author":[{"embeddable":true,"href":"https:\/\/www.adf.org.br\/home\/wp-json\/wp\/v2\/users\/30"}],"replies":[{"embeddable":true,"href":"https:\/\/www.adf.org.br\/home\/wp-json\/wp\/v2\/comments?post=66119"}],"version-history":[{"count":5,"href":"https:\/\/www.adf.org.br\/home\/wp-json\/wp\/v2\/posts\/66119\/revisions"}],"predecessor-version":[{"id":66132,"href":"https:\/\/www.adf.org.br\/home\/wp-json\/wp\/v2\/posts\/66119\/revisions\/66132"}],"wp:featuredmedia":[{"embeddable":true,"href":"https:\/\/www.adf.org.br\/home\/wp-json\/wp\/v2\/media\/66130"}],"wp:attachment":[{"href":"https:\/\/www.adf.org.br\/home\/wp-json\/wp\/v2\/media?parent=66119"}],"wp:term":[{"taxonomy":"category","embeddable":true,"href":"https:\/\/www.adf.org.br\/home\/wp-json\/wp\/v2\/categories?post=66119"},{"taxonomy":"post_tag","embeddable":true,"href":"https:\/\/www.adf.org.br\/home\/wp-json\/wp\/v2\/tags?post=66119"}],"curies":[{"name":"wp","href":"https:\/\/api.w.org\/{rel}","templated":true}]}}