{"id":66112,"date":"2021-10-11T00:02:01","date_gmt":"2021-10-11T03:02:01","guid":{"rendered":"https:\/\/www.adf.org.br\/home\/?p=66112"},"modified":"2021-10-08T11:55:00","modified_gmt":"2021-10-08T14:55:00","slug":"irma-lucia-da-tres-razoes-para-rezarmos-o-terco-diariamente-saiba-quais-sao-elas","status":"publish","type":"post","link":"https:\/\/www.adf.org.br\/home\/irma-lucia-da-tres-razoes-para-rezarmos-o-terco-diariamente-saiba-quais-sao-elas\/","title":{"rendered":"Irm\u00e3 L\u00facia d\u00e1 tr\u00eas raz\u00f5es para rezarmos o ter\u00e7o diariamente. Saiba quais s\u00e3o elas."},"content":{"rendered":"<h2 style=\"text-align: center;\"><span style=\"color: #000000;\">Irm\u00e3 L\u00facia d\u00e1 tr\u00eas raz\u00f5es para rezarmos o ter\u00e7o diariamente. Saiba quais s\u00e3o elas.<\/span><\/h2>\n<p>&nbsp;<\/p>\n<p><a href=\"https:\/\/www.adf.org.br\/home\/pagina-de-cadastro\/?origem=21316\" target=\"_blank\" rel=\"noopener\"><img loading=\"lazy\" class=\"wp-image-64515 aligncenter\" src=\"https:\/\/www.adf.org.br\/home\/wp-content\/uploads\/2021\/05\/ter\u00e7o-post.jpg\" alt=\"\" width=\"576\" height=\"365\" srcset=\"https:\/\/www.adf.org.br\/home\/wp-content\/uploads\/2021\/05\/ter\u00e7o-post.jpg 620w, https:\/\/www.adf.org.br\/home\/wp-content\/uploads\/2021\/05\/ter\u00e7o-post-300x190.jpg 300w\" sizes=\"(max-width: 576px) 100vw, 576px\" \/><\/a><\/p>\n<p><span style=\"color: #000000;\"><span style=\"color: #800080; font-size: 32px;\"><strong>P<\/strong><\/span>or que rezar o Ter\u00e7o todos os dias? Quais s\u00e3o os benef\u00edcios para os fi\u00e9is em sua\u00a0vida\u00a0di\u00e1ria? A Irm\u00e3 Lucia dos Santos, uma das tr\u00eas videntes de <span style=\"color: #0000ff;\"><a style=\"color: #0000ff;\" href=\"https:\/\/www.adf.org.br\/home\/pagina-de-cadastro\/?origem=21316\" target=\"_blank\" rel=\"noopener\">F\u00e1tima<\/a><\/span>, deu v\u00e1rias raz\u00f5es que respondem a estas perguntas em um livro publicado em 2002.<\/span><\/p>\n<figure id=\"attachment_65669\" aria-describedby=\"caption-attachment-65669\" style=\"width: 207px\" class=\"wp-caption alignleft\"><a href=\"https:\/\/www.adf.org.br\/home\/pagina-de-cadastro\/?origem=21316\" target=\"_blank\" rel=\"noopener\"><img loading=\"lazy\" class=\"wp-image-65669 size-medium\" src=\"https:\/\/www.adf.org.br\/home\/wp-content\/uploads\/2021\/08\/F\u00e1tima-207x300.jpeg\" alt=\"\" width=\"207\" height=\"300\" srcset=\"https:\/\/www.adf.org.br\/home\/wp-content\/uploads\/2021\/08\/F\u00e1tima-207x300.jpeg 207w, https:\/\/www.adf.org.br\/home\/wp-content\/uploads\/2021\/08\/F\u00e1tima-705x1024.jpeg 705w, https:\/\/www.adf.org.br\/home\/wp-content\/uploads\/2021\/08\/F\u00e1tima.jpeg 720w\" sizes=\"(max-width: 207px) 100vw, 207px\" \/><\/a><figcaption id=\"caption-attachment-65669\" class=\"wp-caption-text\"><center>Nossa Senhora de F\u00e1tima<\/center><\/figcaption><\/figure>\n<p><span style=\"color: #000000;\">Trata-se do livro \u201c<em><span style=\"text-decoration: underline;\">Apelos da Mensagem de F\u00e1tima<\/span><\/em>\u201d, escrito pela Serva de Deus falecida em 2005. <\/span><\/p>\n<p><span style=\"color: #000000;\">Nesta obra, recorda que a <span style=\"color: #0000ff;\"><a style=\"color: #0000ff;\" href=\"https:\/\/www.adf.org.br\/home\/pagina-de-cadastro\/?origem=21316\" target=\"_blank\" rel=\"noopener\">M\u00e3e de Deus<\/a><\/span> fez este convite a partir da sua primeira apari\u00e7\u00e3o em F\u00e1tima (Portugal), em 13 de maio de 1917.<\/span><\/p>\n<p><span style=\"color: #800080;\"><strong>\u201c<em>Rezem o ter\u00e7o todos os dias, para alcan\u00e7arem a paz no mundo e o fim da guerra<\/em>\u201d, encorajou a\u00a0Virgem Maria\u00a0em sua mensagem inicial.<\/strong><\/span><\/p>\n<h4><span style=\"color: #000000;\"><strong>1. Adapta-se \u00e0s possibilidades de cada um<\/strong><\/span><\/h4>\n<p><span style=\"color: #000000;\">A <span style=\"color: #0000ff;\"><a style=\"color: #0000ff;\" href=\"https:\/\/www.adf.org.br\/home\/pagina-de-cadastro\/?origem=21316\" target=\"_blank\" rel=\"noopener\">Irm\u00e3 L\u00facia<\/a><\/span> diz que Deus \u00e9 um Pai que \u201cse adapta \u00e0s necessidades e possibilidades dos seus filhos\u201d, porque \u201cse Deus, por meio de Nossa Senhora, nos tivesse pedido para irmos todos os dias participar e comungar na Santa\u00a0Missa, certamente haveria muitos a dizerem, com justo motivo, que n\u00e3o lhes era poss\u00edvel\u201d.<\/span><\/p>\n<p><strong><span style=\"color: #000000;\">Entretanto, a Serva de Deus afirma: \u201cRezar o Ter\u00e7o \u00e9 acess\u00edvel a todos, pobres e ricos, s\u00e1bios e ignorantes, grandes e pequenos\u201d, em qualquer lugar, comunitariamente ou sozinhos e em diferentes momentos.<\/span><\/strong><\/p>\n<h4><span style=\"color: #000000;\"><strong>2. Coloca-nos em contato familiar com Deus<\/strong><\/span><\/h4>\n<figure id=\"attachment_66113\" aria-describedby=\"caption-attachment-66113\" style=\"width: 234px\" class=\"wp-caption alignright\"><a href=\"https:\/\/www.adf.org.br\/home\/pagina-de-cadastro\/?origem=21316\" target=\"_blank\" rel=\"noopener\"><img loading=\"lazy\" class=\"wp-image-66113 \" src=\"https:\/\/www.adf.org.br\/home\/wp-content\/uploads\/2021\/10\/foto-irma-lucia-carmelita-240x300.jpg\" alt=\"\" width=\"234\" height=\"293\" srcset=\"https:\/\/www.adf.org.br\/home\/wp-content\/uploads\/2021\/10\/foto-irma-lucia-carmelita-240x300.jpg 240w, https:\/\/www.adf.org.br\/home\/wp-content\/uploads\/2021\/10\/foto-irma-lucia-carmelita-819x1024.jpg 819w, https:\/\/www.adf.org.br\/home\/wp-content\/uploads\/2021\/10\/foto-irma-lucia-carmelita-768x960.jpg 768w, https:\/\/www.adf.org.br\/home\/wp-content\/uploads\/2021\/10\/foto-irma-lucia-carmelita.jpg 878w\" sizes=\"(max-width: 234px) 100vw, 234px\" \/><\/a><figcaption id=\"caption-attachment-66113\" class=\"wp-caption-text\"><center>Irm\u00e3 L\u00facia, jovem carmelita diante de uma imagem de Nossa Senhora de F\u00e1tima<\/center><\/figcaption><\/figure>\n<p><span style=\"color: #000000;\"><span style=\"color: #0000ff;\"><a style=\"color: #0000ff;\" href=\"https:\/\/www.adf.org.br\/home\/pagina-de-cadastro\/?origem=21316\" target=\"_blank\" rel=\"noopener\">Irm\u00e3 L\u00facia<\/a><\/span> indica que esta ora\u00e7\u00e3o serve \u201cpara entrar em contato com Deus, agradecer os Seus benef\u00edcios e pedir-lhe as gra\u00e7as de que necessitamos\u201d.<\/span><\/p>\n<p><span style=\"color: #800080;\"><strong>\u201c\u00c9 a ora\u00e7\u00e3o que nos leva ao encontro familiar com Deus, como o filho que vai ter com o seu pai para lhe agradecer os benef\u00edcios recebidos, <\/strong><\/span><\/p>\n<p><span style=\"color: #000000;\"><span style=\"color: #800080;\"><em>tratar com ele os seus assuntos particulares, receber a sua orienta\u00e7\u00e3o, a sua ajuda, o seu apoio e a sua b\u00ean\u00e7\u00e3o\u201d<\/em><\/span>, acrescentou.<\/span><\/p>\n<h3><span style=\"color: #000000;\"><strong>3. \u00c9 a ora\u00e7\u00e3o mais agrad\u00e1vel que podemos recitar depois da Missa<\/strong><\/span><\/h3>\n<p><span style=\"color: #000000;\">Irm\u00e3 L\u00facia afirma que depois da Santa Missa, rezar o Ter\u00e7o \u2013 levando em considera\u00e7\u00e3o a sua origem, as ora\u00e7\u00f5es que cont\u00e9m e os mist\u00e9rios que se meditam \u2013 <strong>\u201c\u00e9 a ora\u00e7\u00e3o mais agrad\u00e1vel que podemos oferecer a Deus e de maior proveito para as nossas almas\u201d.<\/strong><\/span><\/p>\n<p><span style=\"color: #000000;\">\u201cSe n\u00e3o fosse assim, <a href=\"https:\/\/www.adf.org.br\/home\/pagina-de-cadastro\/?origem=21316\" target=\"_blank\" rel=\"noopener\"><span style=\"color: #0000ff;\">Nossa Senhora<\/span><\/a> n\u00e3o teria recomendado isso com tanta insist\u00eancia\u201d, sublinhou.<\/span><\/p>\n<h5 style=\"text-align: right;\"><span style=\"color: #000000;\">Fonte: ACI Digital<\/span><\/h5>\n<h3 style=\"text-align: center;\"><span style=\"color: #000000;\">****<\/span><\/h3>\n<p style=\"text-align: center;\"><span style=\"color: #800080;\"><strong>Cres\u00e7a na sua amor a <em><span style=\"text-decoration: underline;\">Nossa Senhora de F\u00e1tima<\/span><\/em> recebendo conte\u00fados sobre esta devo\u00e7\u00e3o e sobre a doutrina cat\u00f3lica.\u00a0<\/strong><\/span><\/p>\n<p><span style=\"color: #000000;\">Para isso, clique <span style=\"color: #0000ff;\"><a style=\"color: #0000ff;\" href=\"https:\/\/www.adf.org.br\/home\/pagina-de-cadastro\/?origem=21316\" target=\"_blank\" rel=\"noopener\"><strong>AQUI<\/strong> <\/a><\/span>ou no bot\u00e3o abaixo e inscreva-se em nossa Newsletter.\u00a0<\/span><\/p>\n<p><a href=\"https:\/\/www.adf.org.br\/home\/pagina-de-cadastro\/?origem=21316\" target=\"_blank\" rel=\"noopener\"><span style=\"color: #000000;\"><img loading=\"lazy\" class=\"wp-image-63380 aligncenter\" src=\"https:\/\/www.adf.org.br\/home\/wp-content\/uploads\/2021\/01\/boletim-adf.png\" alt=\"\" width=\"441\" height=\"147\" srcset=\"https:\/\/www.adf.org.br\/home\/wp-content\/uploads\/2021\/01\/boletim-adf.png 600w, https:\/\/www.adf.org.br\/home\/wp-content\/uploads\/2021\/01\/boletim-adf-300x100.png 300w\" sizes=\"(max-width: 441px) 100vw, 441px\" \/><\/span><\/a><\/p>\n<p><span style=\"color: #000000;\">Ao fazer isso,\u00a0 saiba que seu nome ser\u00e1 inclu\u00eddo nas inten\u00e7\u00f5es da pr\u00f3xima Santa Missa.\u00a0<\/span><\/p>\n","protected":false},"excerpt":{"rendered":"<p>Irm\u00e3 L\u00facia d\u00e1 tr\u00eas raz\u00f5es para rezarmos o ter\u00e7o diariamente. Saiba quais s\u00e3o elas. &nbsp; Por que rezar o Ter\u00e7o todos os dias? Quais s\u00e3o os benef\u00edcios para os fi\u00e9is em sua\u00a0vida\u00a0di\u00e1ria? A Irm\u00e3 Lucia dos Santos, uma das tr\u00eas videntes de F\u00e1tima, deu v\u00e1rias raz\u00f5es que respondem a estas perguntas em um livro publicado [&hellip;]<\/p>\n","protected":false},"author":30,"featured_media":64515,"comment_status":"open","ping_status":"open","sticky":false,"template":"","format":"standard","meta":[],"categories":[9,20,56,2510],"tags":[4666,2609,57,490,4655],"yoast_head":"<!-- This site is optimized with the Yoast SEO plugin v17.4 - https:\/\/yoast.com\/wordpress\/plugins\/seo\/ -->\n<title>Irm\u00e3 L\u00facia d\u00e1 tr\u00eas raz\u00f5es para rezarmos o ter\u00e7o diariamente. Saiba quais s\u00e3o elas.<\/title>\n<meta name=\"description\" content=\"Irm\u00e3 L\u00facia, vidente de F\u00e1tima, d\u00e1 tr\u00eas raz\u00f5es para rezarmos o ter\u00e7o diariamente. Saiba quais s\u00e3o elas clicando aqui.\" \/>\n<meta name=\"robots\" content=\"index, follow, max-snippet:-1, max-image-preview:large, max-video-preview:-1\" \/>\n<link rel=\"canonical\" href=\"https:\/\/www.adf.org.br\/home\/irma-lucia-da-tres-razoes-para-rezarmos-o-terco-diariamente-saiba-quais-sao-elas\/\" \/>\n<meta property=\"og:locale\" content=\"pt_BR\" \/>\n<meta property=\"og:type\" content=\"article\" \/>\n<meta property=\"og:title\" content=\"Irm\u00e3 L\u00facia d\u00e1 tr\u00eas raz\u00f5es para rezarmos o ter\u00e7o diariamente. Saiba quais s\u00e3o elas.\" \/>\n<meta property=\"og:description\" content=\"Irm\u00e3 L\u00facia, vidente de F\u00e1tima, d\u00e1 tr\u00eas raz\u00f5es para rezarmos o ter\u00e7o diariamente. Saiba quais s\u00e3o elas clicando aqui.\" \/>\n<meta property=\"og:url\" content=\"https:\/\/www.adf.org.br\/home\/irma-lucia-da-tres-razoes-para-rezarmos-o-terco-diariamente-saiba-quais-sao-elas\/\" \/>\n<meta property=\"og:site_name\" content=\"Associa\u00e7\u00e3o Devotos de F\u00e1tima\" \/>\n<meta property=\"article:published_time\" content=\"2021-10-11T03:02:01+00:00\" \/>\n<meta property=\"article:modified_time\" content=\"2021-10-08T14:55:00+00:00\" \/>\n<meta property=\"og:image\" content=\"https:\/\/www.adf.org.br\/home\/wp-content\/uploads\/2021\/05\/ter\u00e7o-post.jpg\" \/>\n\t<meta property=\"og:image:width\" content=\"620\" \/>\n\t<meta property=\"og:image:height\" content=\"393\" \/>\n<meta name=\"twitter:card\" content=\"summary_large_image\" \/>\n<meta name=\"twitter:label1\" content=\"Escrito por\" \/>\n\t<meta name=\"twitter:data1\" content=\"Luiz Felipe\" \/>\n\t<meta name=\"twitter:label2\" content=\"Est. tempo de leitura\" \/>\n\t<meta name=\"twitter:data2\" content=\"3 minutos\" \/>\n<script type=\"application\/ld+json\" class=\"yoast-schema-graph\">{\"@context\":\"https:\/\/schema.org\",\"@graph\":[{\"@type\":\"WebSite\",\"@id\":\"https:\/\/www.adf.org.br\/home\/#website\",\"url\":\"https:\/\/www.adf.org.br\/home\/\",\"name\":\"Associa\\u00e7\\u00e3o Devotos de F\\u00e1tima\",\"description\":\"Associa\\u00e7\\u00e3o Devotos de F\\u00e1tima\",\"potentialAction\":[{\"@type\":\"SearchAction\",\"target\":{\"@type\":\"EntryPoint\",\"urlTemplate\":\"https:\/\/www.adf.org.br\/home\/?s={search_term_string}\"},\"query-input\":\"required name=search_term_string\"}],\"inLanguage\":\"pt-BR\"},{\"@type\":\"ImageObject\",\"@id\":\"https:\/\/www.adf.org.br\/home\/irma-lucia-da-tres-razoes-para-rezarmos-o-terco-diariamente-saiba-quais-sao-elas\/#primaryimage\",\"inLanguage\":\"pt-BR\",\"url\":\"https:\/\/www.adf.org.br\/home\/wp-content\/uploads\/2021\/05\/ter\\u00e7o-post.jpg\",\"contentUrl\":\"https:\/\/www.adf.org.br\/home\/wp-content\/uploads\/2021\/05\/ter\\u00e7o-post.jpg\",\"width\":620,\"height\":393},{\"@type\":\"WebPage\",\"@id\":\"https:\/\/www.adf.org.br\/home\/irma-lucia-da-tres-razoes-para-rezarmos-o-terco-diariamente-saiba-quais-sao-elas\/#webpage\",\"url\":\"https:\/\/www.adf.org.br\/home\/irma-lucia-da-tres-razoes-para-rezarmos-o-terco-diariamente-saiba-quais-sao-elas\/\",\"name\":\"Irm\\u00e3 L\\u00facia d\\u00e1 tr\\u00eas raz\\u00f5es para rezarmos o ter\\u00e7o diariamente. Saiba quais s\\u00e3o elas.\",\"isPartOf\":{\"@id\":\"https:\/\/www.adf.org.br\/home\/#website\"},\"primaryImageOfPage\":{\"@id\":\"https:\/\/www.adf.org.br\/home\/irma-lucia-da-tres-razoes-para-rezarmos-o-terco-diariamente-saiba-quais-sao-elas\/#primaryimage\"},\"datePublished\":\"2021-10-11T03:02:01+00:00\",\"dateModified\":\"2021-10-08T14:55:00+00:00\",\"author\":{\"@id\":\"https:\/\/www.adf.org.br\/home\/#\/schema\/person\/1ad877d1f255f4637ee020b3b16138ee\"},\"description\":\"Irm\\u00e3 L\\u00facia, vidente de F\\u00e1tima, d\\u00e1 tr\\u00eas raz\\u00f5es para rezarmos o ter\\u00e7o diariamente. Saiba quais s\\u00e3o elas clicando aqui.\",\"breadcrumb\":{\"@id\":\"https:\/\/www.adf.org.br\/home\/irma-lucia-da-tres-razoes-para-rezarmos-o-terco-diariamente-saiba-quais-sao-elas\/#breadcrumb\"},\"inLanguage\":\"pt-BR\",\"potentialAction\":[{\"@type\":\"ReadAction\",\"target\":[\"https:\/\/www.adf.org.br\/home\/irma-lucia-da-tres-razoes-para-rezarmos-o-terco-diariamente-saiba-quais-sao-elas\/\"]}]},{\"@type\":\"BreadcrumbList\",\"@id\":\"https:\/\/www.adf.org.br\/home\/irma-lucia-da-tres-razoes-para-rezarmos-o-terco-diariamente-saiba-quais-sao-elas\/#breadcrumb\",\"itemListElement\":[{\"@type\":\"ListItem\",\"position\":1,\"name\":\"Home\",\"item\":\"https:\/\/www.adf.org.br\/home\/\"},{\"@type\":\"ListItem\",\"position\":2,\"name\":\"Irm\\u00e3 L\\u00facia d\\u00e1 tr\\u00eas raz\\u00f5es para rezarmos o ter\\u00e7o diariamente. Saiba quais s\\u00e3o elas.\"}]},{\"@type\":\"Person\",\"@id\":\"https:\/\/www.adf.org.br\/home\/#\/schema\/person\/1ad877d1f255f4637ee020b3b16138ee\",\"name\":\"Luiz Felipe\",\"image\":{\"@type\":\"ImageObject\",\"@id\":\"https:\/\/www.adf.org.br\/home\/#personlogo\",\"inLanguage\":\"pt-BR\",\"url\":\"https:\/\/secure.gravatar.com\/avatar\/f8f0a14d57a57f103e42363994b25ba9?s=96&d=mm&r=g\",\"contentUrl\":\"https:\/\/secure.gravatar.com\/avatar\/f8f0a14d57a57f103e42363994b25ba9?s=96&d=mm&r=g\",\"caption\":\"Luiz Felipe\"},\"url\":\"https:\/\/www.adf.org.br\/home\/author\/luiz-merencianopmk-com-br\/\"}]}<\/script>\n<!-- \/ Yoast SEO plugin. -->","yoast_head_json":{"title":"Irm\u00e3 L\u00facia d\u00e1 tr\u00eas raz\u00f5es para rezarmos o ter\u00e7o diariamente. Saiba quais s\u00e3o elas.","description":"Irm\u00e3 L\u00facia, vidente de F\u00e1tima, d\u00e1 tr\u00eas raz\u00f5es para rezarmos o ter\u00e7o diariamente. Saiba quais s\u00e3o elas clicando aqui.","robots":{"index":"index","follow":"follow","max-snippet":"max-snippet:-1","max-image-preview":"max-image-preview:large","max-video-preview":"max-video-preview:-1"},"canonical":"https:\/\/www.adf.org.br\/home\/irma-lucia-da-tres-razoes-para-rezarmos-o-terco-diariamente-saiba-quais-sao-elas\/","og_locale":"pt_BR","og_type":"article","og_title":"Irm\u00e3 L\u00facia d\u00e1 tr\u00eas raz\u00f5es para rezarmos o ter\u00e7o diariamente. Saiba quais s\u00e3o elas.","og_description":"Irm\u00e3 L\u00facia, vidente de F\u00e1tima, d\u00e1 tr\u00eas raz\u00f5es para rezarmos o ter\u00e7o diariamente. Saiba quais s\u00e3o elas clicando aqui.","og_url":"https:\/\/www.adf.org.br\/home\/irma-lucia-da-tres-razoes-para-rezarmos-o-terco-diariamente-saiba-quais-sao-elas\/","og_site_name":"Associa\u00e7\u00e3o Devotos de F\u00e1tima","article_published_time":"2021-10-11T03:02:01+00:00","article_modified_time":"2021-10-08T14:55:00+00:00","og_image":[{"width":620,"height":393,"url":"https:\/\/www.adf.org.br\/home\/wp-content\/uploads\/2021\/05\/ter\u00e7o-post.jpg","type":"image\/jpeg"}],"twitter_card":"summary_large_image","twitter_misc":{"Escrito por":"Luiz Felipe","Est. tempo de leitura":"3 minutos"},"schema":{"@context":"https:\/\/schema.org","@graph":[{"@type":"WebSite","@id":"https:\/\/www.adf.org.br\/home\/#website","url":"https:\/\/www.adf.org.br\/home\/","name":"Associa\u00e7\u00e3o Devotos de F\u00e1tima","description":"Associa\u00e7\u00e3o Devotos de F\u00e1tima","potentialAction":[{"@type":"SearchAction","target":{"@type":"EntryPoint","urlTemplate":"https:\/\/www.adf.org.br\/home\/?s={search_term_string}"},"query-input":"required name=search_term_string"}],"inLanguage":"pt-BR"},{"@type":"ImageObject","@id":"https:\/\/www.adf.org.br\/home\/irma-lucia-da-tres-razoes-para-rezarmos-o-terco-diariamente-saiba-quais-sao-elas\/#primaryimage","inLanguage":"pt-BR","url":"https:\/\/www.adf.org.br\/home\/wp-content\/uploads\/2021\/05\/ter\u00e7o-post.jpg","contentUrl":"https:\/\/www.adf.org.br\/home\/wp-content\/uploads\/2021\/05\/ter\u00e7o-post.jpg","width":620,"height":393},{"@type":"WebPage","@id":"https:\/\/www.adf.org.br\/home\/irma-lucia-da-tres-razoes-para-rezarmos-o-terco-diariamente-saiba-quais-sao-elas\/#webpage","url":"https:\/\/www.adf.org.br\/home\/irma-lucia-da-tres-razoes-para-rezarmos-o-terco-diariamente-saiba-quais-sao-elas\/","name":"Irm\u00e3 L\u00facia d\u00e1 tr\u00eas raz\u00f5es para rezarmos o ter\u00e7o diariamente. Saiba quais s\u00e3o elas.","isPartOf":{"@id":"https:\/\/www.adf.org.br\/home\/#website"},"primaryImageOfPage":{"@id":"https:\/\/www.adf.org.br\/home\/irma-lucia-da-tres-razoes-para-rezarmos-o-terco-diariamente-saiba-quais-sao-elas\/#primaryimage"},"datePublished":"2021-10-11T03:02:01+00:00","dateModified":"2021-10-08T14:55:00+00:00","author":{"@id":"https:\/\/www.adf.org.br\/home\/#\/schema\/person\/1ad877d1f255f4637ee020b3b16138ee"},"description":"Irm\u00e3 L\u00facia, vidente de F\u00e1tima, d\u00e1 tr\u00eas raz\u00f5es para rezarmos o ter\u00e7o diariamente. Saiba quais s\u00e3o elas clicando aqui.","breadcrumb":{"@id":"https:\/\/www.adf.org.br\/home\/irma-lucia-da-tres-razoes-para-rezarmos-o-terco-diariamente-saiba-quais-sao-elas\/#breadcrumb"},"inLanguage":"pt-BR","potentialAction":[{"@type":"ReadAction","target":["https:\/\/www.adf.org.br\/home\/irma-lucia-da-tres-razoes-para-rezarmos-o-terco-diariamente-saiba-quais-sao-elas\/"]}]},{"@type":"BreadcrumbList","@id":"https:\/\/www.adf.org.br\/home\/irma-lucia-da-tres-razoes-para-rezarmos-o-terco-diariamente-saiba-quais-sao-elas\/#breadcrumb","itemListElement":[{"@type":"ListItem","position":1,"name":"Home","item":"https:\/\/www.adf.org.br\/home\/"},{"@type":"ListItem","position":2,"name":"Irm\u00e3 L\u00facia d\u00e1 tr\u00eas raz\u00f5es para rezarmos o ter\u00e7o diariamente. Saiba quais s\u00e3o elas."}]},{"@type":"Person","@id":"https:\/\/www.adf.org.br\/home\/#\/schema\/person\/1ad877d1f255f4637ee020b3b16138ee","name":"Luiz Felipe","image":{"@type":"ImageObject","@id":"https:\/\/www.adf.org.br\/home\/#personlogo","inLanguage":"pt-BR","url":"https:\/\/secure.gravatar.com\/avatar\/f8f0a14d57a57f103e42363994b25ba9?s=96&d=mm&r=g","contentUrl":"https:\/\/secure.gravatar.com\/avatar\/f8f0a14d57a57f103e42363994b25ba9?s=96&d=mm&r=g","caption":"Luiz Felipe"},"url":"https:\/\/www.adf.org.br\/home\/author\/luiz-merencianopmk-com-br\/"}]}},"_links":{"self":[{"href":"https:\/\/www.adf.org.br\/home\/wp-json\/wp\/v2\/posts\/66112"}],"collection":[{"href":"https:\/\/www.adf.org.br\/home\/wp-json\/wp\/v2\/posts"}],"about":[{"href":"https:\/\/www.adf.org.br\/home\/wp-json\/wp\/v2\/types\/post"}],"author":[{"embeddable":true,"href":"https:\/\/www.adf.org.br\/home\/wp-json\/wp\/v2\/users\/30"}],"replies":[{"embeddable":true,"href":"https:\/\/www.adf.org.br\/home\/wp-json\/wp\/v2\/comments?post=66112"}],"version-history":[{"count":3,"href":"https:\/\/www.adf.org.br\/home\/wp-json\/wp\/v2\/posts\/66112\/revisions"}],"predecessor-version":[{"id":66116,"href":"https:\/\/www.adf.org.br\/home\/wp-json\/wp\/v2\/posts\/66112\/revisions\/66116"}],"wp:featuredmedia":[{"embeddable":true,"href":"https:\/\/www.adf.org.br\/home\/wp-json\/wp\/v2\/media\/64515"}],"wp:attachment":[{"href":"https:\/\/www.adf.org.br\/home\/wp-json\/wp\/v2\/media?parent=66112"}],"wp:term":[{"taxonomy":"category","embeddable":true,"href":"https:\/\/www.adf.org.br\/home\/wp-json\/wp\/v2\/categories?post=66112"},{"taxonomy":"post_tag","embeddable":true,"href":"https:\/\/www.adf.org.br\/home\/wp-json\/wp\/v2\/tags?post=66112"}],"curies":[{"name":"wp","href":"https:\/\/api.w.org\/{rel}","templated":true}]}}