{"id":66083,"date":"2021-10-06T00:02:06","date_gmt":"2021-10-06T03:02:06","guid":{"rendered":"https:\/\/www.adf.org.br\/home\/?p=66083"},"modified":"2021-10-05T17:29:16","modified_gmt":"2021-10-05T20:29:16","slug":"momento-da-oracao-ato-de-consagracao-ao-coracao-imaculado-de-maria","status":"publish","type":"post","link":"https:\/\/www.adf.org.br\/home\/momento-da-oracao-ato-de-consagracao-ao-coracao-imaculado-de-maria\/","title":{"rendered":"Momento da Ora\u00e7\u00e3o: Ato de consagra\u00e7\u00e3o ao Cora\u00e7\u00e3o Imaculado de Maria"},"content":{"rendered":"<h2 style=\"text-align: center;\"><span style=\"color: #000000;\"><strong>Momento da Ora\u00e7\u00e3o: Ato de consagra\u00e7\u00e3o ao Cora\u00e7\u00e3o Imaculado de Maria<\/strong><\/span><\/h2>\n<p style=\"text-align: center;\"><span style=\"color: #ffffff;\">.<\/span><\/p>\n<figure id=\"attachment_64423\" aria-describedby=\"caption-attachment-64423\" style=\"width: 600px\" class=\"wp-caption aligncenter\"><a href=\"https:\/\/www.adf.org.br\/home\/pagina-de-cadastro\/?origem=21265\" target=\"_blank\" rel=\"noopener\"><img loading=\"lazy\" class=\"wp-image-64423 size-full\" src=\"https:\/\/www.adf.org.br\/home\/wp-content\/uploads\/2021\/05\/08.01-adf.png\" alt=\"\" width=\"600\" height=\"278\" srcset=\"https:\/\/www.adf.org.br\/home\/wp-content\/uploads\/2021\/05\/08.01-adf.png 600w, https:\/\/www.adf.org.br\/home\/wp-content\/uploads\/2021\/05\/08.01-adf-300x139.png 300w\" sizes=\"(max-width: 600px) 100vw, 600px\" \/><\/a><figcaption id=\"caption-attachment-64423\" class=\"wp-caption-text\"><center><span style=\"color: #000000;\">Nossa Senhora de F\u00e1tima, rogai por n\u00f3s!<\/span><\/center><\/figcaption><\/figure>\n<p><span style=\"color: #000000;\"><span style=\"color: #800080; font-size: 32px;\"><strong>\u00d3<\/strong> <\/span>Virgem Santa, M\u00e3e de Jesus e M\u00e3e nossa, que aparecestes em <span style=\"color: #0000ff;\"><strong><a style=\"color: #0000ff;\" href=\"https:\/\/www.adf.org.br\/home\/pagina-de-cadastro\/?origem=21265\" target=\"_blank\" rel=\"noopener\">F\u00e1tima<\/a><\/strong><\/span> aos tr\u00eas pastorinhos para dar ao mundo uma mensagem de paz e de salva\u00e7\u00e3o, eu me comprometo a acolher esta vossa mensagem. <\/span><\/p>\n<p><strong><span style=\"color: #000000;\">Consagro-vos hoje a vosso <span style=\"color: #0000ff;\"><a style=\"color: #0000ff;\" href=\"https:\/\/www.adf.org.br\/home\/pagina-de-cadastro\/?origem=21265\" target=\"_blank\" rel=\"noopener\">Cora\u00e7\u00e3o Imaculado<\/a><\/span> para pertencer assim mais perfeitamente a Jesus. <\/span><\/strong><\/p>\n<p><span style=\"color: #000000;\">Ajudai-me a viver fielmente a minha consagra\u00e7\u00e3o, com uma vida toda entregue ao amor a Deus e aos meus irm\u00e3os, seguindo o exemplo de vossa vida.<\/span><\/p>\n<p><span style=\"color: #800080;\"><strong>Em particular, ofere\u00e7o-vos as ora\u00e7\u00f5es, os atos, os sacrif\u00edcios deste dia, em repara\u00e7\u00e3o pelos meus pecados e pelos pecados alheios, <\/strong><\/span><\/p>\n<p><span style=\"color: #000000;\">com o compromisso de cumprir o meu dever de cada dia segundo a vontade de Deus. <\/span><\/p>\n<p><strong><span style=\"color: #000000;\">Prometo-vos recitar todos os dias o <span style=\"color: #0000ff;\"><a style=\"color: #0000ff;\" href=\"https:\/\/www.adf.org.br\/home\/pagina-de-cadastro\/?origem=21265\" target=\"_blank\" rel=\"noopener\">Santo Ros\u00e1rio<\/a><\/span>, contemplando os mist\u00e9rios da vida de Jesus, entrela\u00e7ados aos mist\u00e9rios da vossa vida. <\/span><\/strong><\/p>\n<p><span style=\"color: #000000;\">Quero viver sempre como vosso verdadeiro filho e cooperar para que todos vos reconhe\u00e7am e vos amem como M\u00e3e de Jesus, verdadeiro Deus e verdadeiro homem e nosso \u00fanico Salvador.<\/span><\/p>\n<p><em><span style=\"color: #000000;\">Ave-Maria\u2026<\/span><\/em><\/p>\n<h3 style=\"text-align: center;\">****<\/h3>\n<p><a href=\"https:\/\/www.adf.org.br\/home\/pagina-de-cadastro\/?origem=21265\" target=\"_blank\" rel=\"noopener\"><img loading=\"lazy\" class=\"wp-image-63380 size-full aligncenter\" src=\"https:\/\/www.adf.org.br\/home\/wp-content\/uploads\/2021\/01\/boletim-adf.png\" alt=\"\" width=\"600\" height=\"200\" srcset=\"https:\/\/www.adf.org.br\/home\/wp-content\/uploads\/2021\/01\/boletim-adf.png 600w, https:\/\/www.adf.org.br\/home\/wp-content\/uploads\/2021\/01\/boletim-adf-300x100.png 300w\" sizes=\"(max-width: 600px) 100vw, 600px\" \/><\/a><\/p>\n","protected":false},"excerpt":{"rendered":"<p>Momento da Ora\u00e7\u00e3o: Ato de consagra\u00e7\u00e3o ao Cora\u00e7\u00e3o Imaculado de Maria . \u00d3 Virgem Santa, M\u00e3e de Jesus e M\u00e3e nossa, que aparecestes em F\u00e1tima aos tr\u00eas pastorinhos para dar ao mundo uma mensagem de paz e de salva\u00e7\u00e3o, eu me comprometo a acolher esta vossa mensagem. Consagro-vos hoje a vosso Cora\u00e7\u00e3o Imaculado para pertencer [&hellip;]<\/p>\n","protected":false},"author":30,"featured_media":65163,"comment_status":"open","ping_status":"open","sticky":false,"template":"","format":"standard","meta":[],"categories":[20,2323,56,14,2332],"tags":[240,65,57,142],"yoast_head":"<!-- This site is optimized with the Yoast SEO plugin v17.4 - https:\/\/yoast.com\/wordpress\/plugins\/seo\/ -->\n<title>Momento da Ora\u00e7\u00e3o: Ato de consagra\u00e7\u00e3o ao Cora\u00e7\u00e3o Imaculado de Maria<\/title>\n<meta name=\"description\" content=\"Entregue todas as suas ora\u00e7\u00f5es, seus atos e sua vida ao Cora\u00e7\u00e3o de Nossa Senhora rezando este Ato de consagra\u00e7\u00e3o ao Cora\u00e7\u00e3o Imaculado de Maria\" \/>\n<meta name=\"robots\" content=\"index, follow, max-snippet:-1, max-image-preview:large, max-video-preview:-1\" \/>\n<link rel=\"canonical\" href=\"https:\/\/www.adf.org.br\/home\/momento-da-oracao-ato-de-consagracao-ao-coracao-imaculado-de-maria\/\" \/>\n<meta property=\"og:locale\" content=\"pt_BR\" \/>\n<meta property=\"og:type\" content=\"article\" \/>\n<meta property=\"og:title\" content=\"Momento da Ora\u00e7\u00e3o: Ato de consagra\u00e7\u00e3o ao Cora\u00e7\u00e3o Imaculado de Maria\" \/>\n<meta property=\"og:description\" content=\"Entregue todas as suas ora\u00e7\u00f5es, seus atos e sua vida ao Cora\u00e7\u00e3o de Nossa Senhora rezando este Ato de consagra\u00e7\u00e3o ao Cora\u00e7\u00e3o Imaculado de Maria\" \/>\n<meta property=\"og:url\" content=\"https:\/\/www.adf.org.br\/home\/momento-da-oracao-ato-de-consagracao-ao-coracao-imaculado-de-maria\/\" \/>\n<meta property=\"og:site_name\" content=\"Associa\u00e7\u00e3o Devotos de F\u00e1tima\" \/>\n<meta property=\"article:published_time\" content=\"2021-10-06T03:02:06+00:00\" \/>\n<meta property=\"article:modified_time\" content=\"2021-10-05T20:29:16+00:00\" \/>\n<meta property=\"og:image\" content=\"https:\/\/www.adf.org.br\/home\/wp-content\/uploads\/2017\/03\/Imaculado-Coracao-de-Maria-1.jpg\" \/>\n\t<meta property=\"og:image:width\" content=\"1200\" \/>\n\t<meta property=\"og:image:height\" content=\"800\" \/>\n<meta name=\"twitter:card\" content=\"summary_large_image\" \/>\n<meta name=\"twitter:label1\" content=\"Escrito por\" \/>\n\t<meta name=\"twitter:data1\" content=\"Luiz Felipe\" \/>\n\t<meta name=\"twitter:label2\" content=\"Est. tempo de leitura\" \/>\n\t<meta name=\"twitter:data2\" content=\"1 minuto\" \/>\n<script type=\"application\/ld+json\" class=\"yoast-schema-graph\">{\"@context\":\"https:\/\/schema.org\",\"@graph\":[{\"@type\":\"WebSite\",\"@id\":\"https:\/\/www.adf.org.br\/home\/#website\",\"url\":\"https:\/\/www.adf.org.br\/home\/\",\"name\":\"Associa\\u00e7\\u00e3o Devotos de F\\u00e1tima\",\"description\":\"Associa\\u00e7\\u00e3o Devotos de F\\u00e1tima\",\"potentialAction\":[{\"@type\":\"SearchAction\",\"target\":{\"@type\":\"EntryPoint\",\"urlTemplate\":\"https:\/\/www.adf.org.br\/home\/?s={search_term_string}\"},\"query-input\":\"required name=search_term_string\"}],\"inLanguage\":\"pt-BR\"},{\"@type\":\"ImageObject\",\"@id\":\"https:\/\/www.adf.org.br\/home\/momento-da-oracao-ato-de-consagracao-ao-coracao-imaculado-de-maria\/#primaryimage\",\"inLanguage\":\"pt-BR\",\"url\":\"https:\/\/www.adf.org.br\/home\/wp-content\/uploads\/2017\/03\/Imaculado-Coracao-de-Maria-1.jpg\",\"contentUrl\":\"https:\/\/www.adf.org.br\/home\/wp-content\/uploads\/2017\/03\/Imaculado-Coracao-de-Maria-1.jpg\",\"width\":1200,\"height\":800},{\"@type\":\"WebPage\",\"@id\":\"https:\/\/www.adf.org.br\/home\/momento-da-oracao-ato-de-consagracao-ao-coracao-imaculado-de-maria\/#webpage\",\"url\":\"https:\/\/www.adf.org.br\/home\/momento-da-oracao-ato-de-consagracao-ao-coracao-imaculado-de-maria\/\",\"name\":\"Momento da Ora\\u00e7\\u00e3o: Ato de consagra\\u00e7\\u00e3o ao Cora\\u00e7\\u00e3o Imaculado de Maria\",\"isPartOf\":{\"@id\":\"https:\/\/www.adf.org.br\/home\/#website\"},\"primaryImageOfPage\":{\"@id\":\"https:\/\/www.adf.org.br\/home\/momento-da-oracao-ato-de-consagracao-ao-coracao-imaculado-de-maria\/#primaryimage\"},\"datePublished\":\"2021-10-06T03:02:06+00:00\",\"dateModified\":\"2021-10-05T20:29:16+00:00\",\"author\":{\"@id\":\"https:\/\/www.adf.org.br\/home\/#\/schema\/person\/1ad877d1f255f4637ee020b3b16138ee\"},\"description\":\"Entregue todas as suas ora\\u00e7\\u00f5es, seus atos e sua vida ao Cora\\u00e7\\u00e3o de Nossa Senhora rezando este Ato de consagra\\u00e7\\u00e3o ao Cora\\u00e7\\u00e3o Imaculado de Maria\",\"breadcrumb\":{\"@id\":\"https:\/\/www.adf.org.br\/home\/momento-da-oracao-ato-de-consagracao-ao-coracao-imaculado-de-maria\/#breadcrumb\"},\"inLanguage\":\"pt-BR\",\"potentialAction\":[{\"@type\":\"ReadAction\",\"target\":[\"https:\/\/www.adf.org.br\/home\/momento-da-oracao-ato-de-consagracao-ao-coracao-imaculado-de-maria\/\"]}]},{\"@type\":\"BreadcrumbList\",\"@id\":\"https:\/\/www.adf.org.br\/home\/momento-da-oracao-ato-de-consagracao-ao-coracao-imaculado-de-maria\/#breadcrumb\",\"itemListElement\":[{\"@type\":\"ListItem\",\"position\":1,\"name\":\"Home\",\"item\":\"https:\/\/www.adf.org.br\/home\/\"},{\"@type\":\"ListItem\",\"position\":2,\"name\":\"Momento da Ora\\u00e7\\u00e3o: Ato de consagra\\u00e7\\u00e3o ao Cora\\u00e7\\u00e3o Imaculado de Maria\"}]},{\"@type\":\"Person\",\"@id\":\"https:\/\/www.adf.org.br\/home\/#\/schema\/person\/1ad877d1f255f4637ee020b3b16138ee\",\"name\":\"Luiz Felipe\",\"image\":{\"@type\":\"ImageObject\",\"@id\":\"https:\/\/www.adf.org.br\/home\/#personlogo\",\"inLanguage\":\"pt-BR\",\"url\":\"https:\/\/secure.gravatar.com\/avatar\/f8f0a14d57a57f103e42363994b25ba9?s=96&d=mm&r=g\",\"contentUrl\":\"https:\/\/secure.gravatar.com\/avatar\/f8f0a14d57a57f103e42363994b25ba9?s=96&d=mm&r=g\",\"caption\":\"Luiz Felipe\"},\"url\":\"https:\/\/www.adf.org.br\/home\/author\/luiz-merencianopmk-com-br\/\"}]}<\/script>\n<!-- \/ Yoast SEO plugin. -->","yoast_head_json":{"title":"Momento da Ora\u00e7\u00e3o: Ato de consagra\u00e7\u00e3o ao Cora\u00e7\u00e3o Imaculado de Maria","description":"Entregue todas as suas ora\u00e7\u00f5es, seus atos e sua vida ao Cora\u00e7\u00e3o de Nossa Senhora rezando este Ato de consagra\u00e7\u00e3o ao Cora\u00e7\u00e3o Imaculado de Maria","robots":{"index":"index","follow":"follow","max-snippet":"max-snippet:-1","max-image-preview":"max-image-preview:large","max-video-preview":"max-video-preview:-1"},"canonical":"https:\/\/www.adf.org.br\/home\/momento-da-oracao-ato-de-consagracao-ao-coracao-imaculado-de-maria\/","og_locale":"pt_BR","og_type":"article","og_title":"Momento da Ora\u00e7\u00e3o: Ato de consagra\u00e7\u00e3o ao Cora\u00e7\u00e3o Imaculado de Maria","og_description":"Entregue todas as suas ora\u00e7\u00f5es, seus atos e sua vida ao Cora\u00e7\u00e3o de Nossa Senhora rezando este Ato de consagra\u00e7\u00e3o ao Cora\u00e7\u00e3o Imaculado de Maria","og_url":"https:\/\/www.adf.org.br\/home\/momento-da-oracao-ato-de-consagracao-ao-coracao-imaculado-de-maria\/","og_site_name":"Associa\u00e7\u00e3o Devotos de F\u00e1tima","article_published_time":"2021-10-06T03:02:06+00:00","article_modified_time":"2021-10-05T20:29:16+00:00","og_image":[{"width":1200,"height":800,"url":"https:\/\/www.adf.org.br\/home\/wp-content\/uploads\/2017\/03\/Imaculado-Coracao-de-Maria-1.jpg","type":"image\/jpeg"}],"twitter_card":"summary_large_image","twitter_misc":{"Escrito por":"Luiz Felipe","Est. tempo de leitura":"1 minuto"},"schema":{"@context":"https:\/\/schema.org","@graph":[{"@type":"WebSite","@id":"https:\/\/www.adf.org.br\/home\/#website","url":"https:\/\/www.adf.org.br\/home\/","name":"Associa\u00e7\u00e3o Devotos de F\u00e1tima","description":"Associa\u00e7\u00e3o Devotos de F\u00e1tima","potentialAction":[{"@type":"SearchAction","target":{"@type":"EntryPoint","urlTemplate":"https:\/\/www.adf.org.br\/home\/?s={search_term_string}"},"query-input":"required name=search_term_string"}],"inLanguage":"pt-BR"},{"@type":"ImageObject","@id":"https:\/\/www.adf.org.br\/home\/momento-da-oracao-ato-de-consagracao-ao-coracao-imaculado-de-maria\/#primaryimage","inLanguage":"pt-BR","url":"https:\/\/www.adf.org.br\/home\/wp-content\/uploads\/2017\/03\/Imaculado-Coracao-de-Maria-1.jpg","contentUrl":"https:\/\/www.adf.org.br\/home\/wp-content\/uploads\/2017\/03\/Imaculado-Coracao-de-Maria-1.jpg","width":1200,"height":800},{"@type":"WebPage","@id":"https:\/\/www.adf.org.br\/home\/momento-da-oracao-ato-de-consagracao-ao-coracao-imaculado-de-maria\/#webpage","url":"https:\/\/www.adf.org.br\/home\/momento-da-oracao-ato-de-consagracao-ao-coracao-imaculado-de-maria\/","name":"Momento da Ora\u00e7\u00e3o: Ato de consagra\u00e7\u00e3o ao Cora\u00e7\u00e3o Imaculado de Maria","isPartOf":{"@id":"https:\/\/www.adf.org.br\/home\/#website"},"primaryImageOfPage":{"@id":"https:\/\/www.adf.org.br\/home\/momento-da-oracao-ato-de-consagracao-ao-coracao-imaculado-de-maria\/#primaryimage"},"datePublished":"2021-10-06T03:02:06+00:00","dateModified":"2021-10-05T20:29:16+00:00","author":{"@id":"https:\/\/www.adf.org.br\/home\/#\/schema\/person\/1ad877d1f255f4637ee020b3b16138ee"},"description":"Entregue todas as suas ora\u00e7\u00f5es, seus atos e sua vida ao Cora\u00e7\u00e3o de Nossa Senhora rezando este Ato de consagra\u00e7\u00e3o ao Cora\u00e7\u00e3o Imaculado de Maria","breadcrumb":{"@id":"https:\/\/www.adf.org.br\/home\/momento-da-oracao-ato-de-consagracao-ao-coracao-imaculado-de-maria\/#breadcrumb"},"inLanguage":"pt-BR","potentialAction":[{"@type":"ReadAction","target":["https:\/\/www.adf.org.br\/home\/momento-da-oracao-ato-de-consagracao-ao-coracao-imaculado-de-maria\/"]}]},{"@type":"BreadcrumbList","@id":"https:\/\/www.adf.org.br\/home\/momento-da-oracao-ato-de-consagracao-ao-coracao-imaculado-de-maria\/#breadcrumb","itemListElement":[{"@type":"ListItem","position":1,"name":"Home","item":"https:\/\/www.adf.org.br\/home\/"},{"@type":"ListItem","position":2,"name":"Momento da Ora\u00e7\u00e3o: Ato de consagra\u00e7\u00e3o ao Cora\u00e7\u00e3o Imaculado de Maria"}]},{"@type":"Person","@id":"https:\/\/www.adf.org.br\/home\/#\/schema\/person\/1ad877d1f255f4637ee020b3b16138ee","name":"Luiz Felipe","image":{"@type":"ImageObject","@id":"https:\/\/www.adf.org.br\/home\/#personlogo","inLanguage":"pt-BR","url":"https:\/\/secure.gravatar.com\/avatar\/f8f0a14d57a57f103e42363994b25ba9?s=96&d=mm&r=g","contentUrl":"https:\/\/secure.gravatar.com\/avatar\/f8f0a14d57a57f103e42363994b25ba9?s=96&d=mm&r=g","caption":"Luiz Felipe"},"url":"https:\/\/www.adf.org.br\/home\/author\/luiz-merencianopmk-com-br\/"}]}},"_links":{"self":[{"href":"https:\/\/www.adf.org.br\/home\/wp-json\/wp\/v2\/posts\/66083"}],"collection":[{"href":"https:\/\/www.adf.org.br\/home\/wp-json\/wp\/v2\/posts"}],"about":[{"href":"https:\/\/www.adf.org.br\/home\/wp-json\/wp\/v2\/types\/post"}],"author":[{"embeddable":true,"href":"https:\/\/www.adf.org.br\/home\/wp-json\/wp\/v2\/users\/30"}],"replies":[{"embeddable":true,"href":"https:\/\/www.adf.org.br\/home\/wp-json\/wp\/v2\/comments?post=66083"}],"version-history":[{"count":1,"href":"https:\/\/www.adf.org.br\/home\/wp-json\/wp\/v2\/posts\/66083\/revisions"}],"predecessor-version":[{"id":66084,"href":"https:\/\/www.adf.org.br\/home\/wp-json\/wp\/v2\/posts\/66083\/revisions\/66084"}],"wp:featuredmedia":[{"embeddable":true,"href":"https:\/\/www.adf.org.br\/home\/wp-json\/wp\/v2\/media\/65163"}],"wp:attachment":[{"href":"https:\/\/www.adf.org.br\/home\/wp-json\/wp\/v2\/media?parent=66083"}],"wp:term":[{"taxonomy":"category","embeddable":true,"href":"https:\/\/www.adf.org.br\/home\/wp-json\/wp\/v2\/categories?post=66083"},{"taxonomy":"post_tag","embeddable":true,"href":"https:\/\/www.adf.org.br\/home\/wp-json\/wp\/v2\/tags?post=66083"}],"curies":[{"name":"wp","href":"https:\/\/api.w.org\/{rel}","templated":true}]}}