{"id":66073,"date":"2021-10-03T00:01:20","date_gmt":"2021-10-03T03:01:20","guid":{"rendered":"https:\/\/www.adf.org.br\/home\/?p=66073"},"modified":"2021-10-01T16:29:52","modified_gmt":"2021-10-01T19:29:52","slug":"gritei-de-alegria-quando-me-ligaram","status":"publish","type":"post","link":"https:\/\/www.adf.org.br\/home\/gritei-de-alegria-quando-me-ligaram\/","title":{"rendered":"Gritei de alegria quando me ligaram"},"content":{"rendered":"<h4><a href=\"https:\/\/adf.org.br\/apostolosdefatima\/2\/?origem=21230\" target=\"_blank\" rel=\"noopener\"><img loading=\"lazy\" class=\"wp-image-66074 size-large aligncenter\" src=\"https:\/\/www.adf.org.br\/home\/wp-content\/uploads\/2021\/10\/bruce-mars-AndE50aaHn4-unsplash-1024x634.jpg\" alt=\"\" width=\"693\" height=\"390\" \/><\/a><\/h4>\n<h4><span style=\"color: #000000;\">Leia com aten\u00e7\u00e3o e tire suas conclus\u00f5es:<\/span><\/h4>\n<div>\n<p style=\"padding-left: 80px;\"><span style=\"color: #800080;\"><em><span style=\"font-weight: 400;\">\u201c<\/span>Eu estava voltando pra casa desanimado depois de mais um dia entregando curr\u00edculos&#8230; estava cansado, pois j\u00e1 fazia uns 7 meses que estava procurando emprego e nada de me chamarem pra fazer uma entrevista.<\/em><\/span><\/p>\n<p style=\"padding-left: 80px;\"><span style=\"color: #800080;\"><em>Chegando em casa, fui abrir o site onde deixo meu curr\u00edculo e reparei na imagenzinha de Nossa Senhora de F\u00e1tima, que tinha ganhado da minha av\u00f3&#8230; essa imagem fica numa estante da minha casa.<\/em><\/span><\/p>\n<p style=\"padding-left: 80px;\"><span style=\"color: #800080;\"><em>J\u00e1 que eu estava no computador resolvi fazer uma busca sobre &#8216;Nossa Senhora&#8217;.<\/em><\/span><\/p>\n<p style=\"padding-left: 80px;\"><span style=\"color: #800080;\"><em>Logo achei o site da<\/em><\/span>\u00a0<span style=\"color: #0000ff;\"><a style=\"color: #0000ff;\" href=\"https:\/\/adf.org.br\/apostolosdefatima\/2\/?origem=21230\" target=\"_blank\" rel=\"noopener\" data-saferedirecturl=\"https:\/\/www.google.com\/url?q=https:\/\/adf.org.br\/e\/?tk%3D58669cf2-9c5a-4740-d36a-79982e38dba8%26url%3DaHR0cHM6Ly9hZGYub3JnLmJyL2Fwb3N0b2xvc2RlZmF0aW1hLzIvP29yaWdlbT0xOTY0NyNDaGFuY2VVbmljYQ%3D%3D%26usuario%3DeyJOT01FIjoiIiwiRU1BSUwiOiJsdWl6Lm1lcmVuY2lhbm9AcG1rLmNvbS5iciIsIkRNIjpudWxsfQ%3D%3D&amp;source=gmail&amp;ust=1633201729120000&amp;usg=AFQjCNGuCUiWqn3_fV_mEPXbHvE1vgOTMQ\">Associa\u00e7\u00e3o Devotos de F\u00e1tima<\/a><\/span><span style=\"color: #000000;\">.<span style=\"color: #800080;\"><em> E a medida que eu ia lendo sentia que ela queria me dizer alguma coisa&#8230;<\/em><\/span><\/span><\/p>\n<p style=\"padding-left: 80px;\"><span style=\"color: #800080;\"><em>Foi quando encontrei uma p\u00e1gina me convidando para ser um<\/em><\/span>\u00a0<span style=\"color: #0000ff;\"><a style=\"color: #0000ff;\" href=\"https:\/\/adf.org.br\/apostolosdefatima\/2\/?origem=21230\" target=\"_blank\" rel=\"noopener\" data-saferedirecturl=\"https:\/\/www.google.com\/url?q=https:\/\/adf.org.br\/e\/?tk%3D58669cf2-9c5a-4740-d36a-79982e38dba8%26url%3DaHR0cHM6Ly9hZGYub3JnLmJyL2Fwb3N0b2xvc2RlZmF0aW1hLzIvP29yaWdlbT0xOTY0NyNDaGFuY2VVbmljYQ%3D%3D%26usuario%3DeyJOT01FIjoiIiwiRU1BSUwiOiJsdWl6Lm1lcmVuY2lhbm9AcG1rLmNvbS5iciIsIkRNIjpudWxsfQ%3D%3D&amp;source=gmail&amp;ust=1633201729120000&amp;usg=AFQjCNGuCUiWqn3_fV_mEPXbHvE1vgOTMQ\">Ap\u00f3stolo de F\u00e1tima<\/a><\/span><span style=\"color: #800080;\"><em>, e vi ali a chance colocar o meu nome em uma missa que seria rezada toda semana.<\/em><\/span><\/p>\n<p style=\"padding-left: 80px;\"><span style=\"color: #800080;\"><em>Resolvi arriscar&#8230; mas tive f\u00e9!!! Depositei toda minha confian\u00e7a de conseguir um emprego nas m\u00e3os de minha Nossa Senhora de F\u00e1tima.<\/em><\/span><\/p>\n<p style=\"padding-left: 80px;\"><span style=\"color: #800080;\"><em>Passado alguns dias, pra minha surpresa, a empresa que eu menos esperava me me ligou pra uma entrevista&#8230; Gritei de alegria&#8230; era pra um cargo que eu queria muito!!!<\/em><\/span><\/p>\n<p style=\"padding-left: 80px;\"><span style=\"color: #800080;\"><em>Fui contratado dias depois. E hoje falo com o maior orgulho pra todo mundo&#8230; eu assumi um compromisso com Nossa Senhora e Ela me ajudou. Sou eternamente grato \u00e0 Minha M\u00e3ezinha&#8230; e em ser um membro do<\/em><\/span>\u00a0<span style=\"color: #0000ff;\"><a style=\"color: #0000ff;\" href=\"https:\/\/adf.org.br\/apostolosdefatima\/2\/?origem=21230\" target=\"_blank\" rel=\"noopener\" data-saferedirecturl=\"https:\/\/www.google.com\/url?q=https:\/\/adf.org.br\/e\/?tk%3D58669cf2-9c5a-4740-d36a-79982e38dba8%26url%3DaHR0cHM6Ly9hZGYub3JnLmJyL2Fwb3N0b2xvc2RlZmF0aW1hLzIvP29yaWdlbT0xOTY0NyNDaGFuY2VVbmljYQ%3D%3D%26usuario%3DeyJOT01FIjoiIiwiRU1BSUwiOiJsdWl6Lm1lcmVuY2lhbm9AcG1rLmNvbS5iciIsIkRNIjpudWxsfQ%3D%3D&amp;source=gmail&amp;ust=1633201729120000&amp;usg=AFQjCNGuCUiWqn3_fV_mEPXbHvE1vgOTMQ\">grupo Ap\u00f3stolos de F\u00e1tima<\/a><\/span><span style=\"color: #000000;\">.<span style=\"font-weight: 400;\">\u201d<\/span><\/span><\/p>\n<p style=\"padding-left: 80px;\"><span style=\"color: #800080;\">Depoimento enviado pelo Sr. Henrique,<\/span><br \/>\n<span style=\"color: #800080;\">de S\u00e3o Caetano do Sul &#8211; SP<\/span><\/p>\n<\/div>\n<h4><span style=\"color: #000000;\">Sabe, caro(a) devoto(a),<\/span><\/h4>\n<p><span style=\"color: #000000;\">Muitas pessoas hesitam quando Nossa Senhora d\u00e1 um claro sinal de que pode lhes ajudar.<\/span><\/p>\n<p><span style=\"color: #000000;\">Mas tenho certeza de que voc\u00ea \u00e9 diferente, por isso quero lhe convidar a se tornar um membro do grupo Ap\u00f3stolos de F\u00e1tima.\u00a0<\/span><span style=\"color: #0000ff;\"><a style=\"color: #0000ff;\" href=\"https:\/\/adf.org.br\/apostolosdefatima\/2\/?origem=21230\" target=\"_blank\" rel=\"noopener\" data-saferedirecturl=\"https:\/\/www.google.com\/url?q=https:\/\/adf.org.br\/e\/?tk%3D58669cf2-9c5a-4740-d36a-79982e38dba8%26url%3DaHR0cHM6Ly9hZGYub3JnLmJyL2Fwb3N0b2xvc2RlZmF0aW1hLzIvP29yaWdlbT0xOTY0NyNDaGFuY2VVbmljYQ%3D%3D%26usuario%3DeyJOT01FIjoiIiwiRU1BSUwiOiJsdWl6Lm1lcmVuY2lhbm9AcG1rLmNvbS5iciIsIkRNIjpudWxsfQ%3D%3D&amp;source=gmail&amp;ust=1633201729120000&amp;usg=AFQjCNGuCUiWqn3_fV_mEPXbHvE1vgOTMQ\">Clique aqui para isso<\/a><\/span>.<\/p>\n<p><span style=\"color: #000000;\">Voc\u00ea ter\u00e1 acesso particular \u00e0 p\u00e1gina da\u00a0<strong>Vela Permanente<\/strong>\u00a0onde poder\u00e1 inscrever seus pedidos de gra\u00e7as a qualquer momento.<\/span><\/p>\n<p><span style=\"color: #000000;\">Contar\u00e1 tamb\u00e9m com uma\u00a0<strong>Vig\u00edlia Di\u00e1ria de Ora\u00e7\u00f5es<\/strong>, isto \u00e9, volunt\u00e1rios da Associa\u00e7\u00e3o rezar\u00e3o cerca de 50 ter\u00e7os todos os dias nas suas inten\u00e7\u00f5es. Todo santo dia.<\/span><\/p>\n<p><span style=\"color: #0000ff;\"><a style=\"color: #0000ff;\" href=\"https:\/\/adf.org.br\/apostolosdefatima\/2\/?origem=21230\" target=\"_blank\" rel=\"noopener\" data-saferedirecturl=\"https:\/\/www.google.com\/url?q=https:\/\/adf.org.br\/e\/?tk%3D58669cf2-9c5a-4740-d36a-79982e38dba8%26url%3DaHR0cHM6Ly9hZGYub3JnLmJyL2Fwb3N0b2xvc2RlZmF0aW1hLzIvP29yaWdlbT0xOTY0NyNDaGFuY2VVbmljYQ%3D%3D%26usuario%3DeyJOT01FIjoiIiwiRU1BSUwiOiJsdWl6Lm1lcmVuY2lhbm9AcG1rLmNvbS5iciIsIkRNIjpudWxsfQ%3D%3D&amp;source=gmail&amp;ust=1633201729120000&amp;usg=AFQjCNGuCUiWqn3_fV_mEPXbHvE1vgOTMQ\">Acesse aqui e veja como \u00e9 f\u00e1cil e seguro para se tornar membro do Grupo<\/a><\/span>.<\/p>\n<p><span style=\"color: #000000;\">Fa\u00e7a esse voto de f\u00e9, caro(a) devoto(a).<\/span><\/p>\n<p><span style=\"color: #000000;\">Com uma pequena contribui\u00e7\u00e3o mensal (que n\u00e3o vai prejudicar seu or\u00e7amento), voc\u00ea ajudar\u00e1 em muitas obras de apostolado e, em agradecimento, contar\u00e1 com tudo isso que lhe falei.<\/span><\/p>\n<p><span style=\"color: #0000ff;\"><a style=\"color: #0000ff;\" href=\"https:\/\/adf.org.br\/apostolosdefatima\/2\/?origem=21230\" target=\"_blank\" rel=\"noopener\" data-saferedirecturl=\"https:\/\/www.google.com\/url?q=https:\/\/adf.org.br\/e\/?tk%3D58669cf2-9c5a-4740-d36a-79982e38dba8%26url%3DaHR0cHM6Ly9hZGYub3JnLmJyL2Fwb3N0b2xvc2RlZmF0aW1hLzIvP29yaWdlbT0xOTY0NyNDaGFuY2VVbmljYQ%3D%3D%26usuario%3DeyJOT01FIjoiIiwiRU1BSUwiOiJsdWl6Lm1lcmVuY2lhbm9AcG1rLmNvbS5iciIsIkRNIjpudWxsfQ%3D%3D&amp;source=gmail&amp;ust=1633201729120000&amp;usg=AFQjCNGuCUiWqn3_fV_mEPXbHvE1vgOTMQ\">Clique aqui para aceitar. Por favor, n\u00e3o hesite<\/a><\/span>.<\/p>\n<p><span style=\"color: #000000;\">Rogo \u00e0 Nossa Senhora para que Ela toque o seu cora\u00e7\u00e3o e voc\u00ea aceite ser um Ap\u00f3stolo de F\u00e1tima.<\/span><\/p>\n<p><span style=\"color: #000000;\">Isso ser\u00e1 um divisor de \u00e1guas na sua vida.<\/span><\/p>\n<p><span style=\"color: #000000;\"><strong>Carlos Lanna<\/strong><\/span><br \/>\n<span style=\"color: #000000;\">Coordenador dos Ap\u00f3stolos de F\u00e1tima<\/span><\/p>\n","protected":false},"excerpt":{"rendered":"<p>Leia com aten\u00e7\u00e3o e tire suas conclus\u00f5es: \u201cEu estava voltando pra casa desanimado depois de mais um dia entregando curr\u00edculos&#8230; estava cansado, pois j\u00e1 fazia uns 7 meses que estava procurando emprego e nada de me chamarem pra fazer uma entrevista. Chegando em casa, fui abrir o site onde deixo meu curr\u00edculo e reparei na [&hellip;]<\/p>\n","protected":false},"author":30,"featured_media":66074,"comment_status":"open","ping_status":"open","sticky":false,"template":"","format":"standard","meta":[],"categories":[20,2323,56],"tags":[2242,2243,57],"yoast_head":"<!-- This site is optimized with the Yoast SEO plugin v17.4 - https:\/\/yoast.com\/wordpress\/plugins\/seo\/ -->\n<title>Gritei de alegria quando me ligaram<\/title>\n<meta name=\"description\" content=\"Conhe\u00e7a esse testemunho de um membro do Grupo Ap\u00f3stolos de F\u00e1tima e tire suas conclus\u00f5es. Para conhece-lo clique aqui\" \/>\n<meta name=\"robots\" content=\"index, follow, max-snippet:-1, max-image-preview:large, max-video-preview:-1\" \/>\n<link rel=\"canonical\" href=\"https:\/\/www.adf.org.br\/home\/gritei-de-alegria-quando-me-ligaram\/\" \/>\n<meta property=\"og:locale\" content=\"pt_BR\" \/>\n<meta property=\"og:type\" content=\"article\" \/>\n<meta property=\"og:title\" content=\"Gritei de alegria quando me ligaram\" \/>\n<meta property=\"og:description\" content=\"Conhe\u00e7a esse testemunho de um membro do Grupo Ap\u00f3stolos de F\u00e1tima e tire suas conclus\u00f5es. Para conhece-lo clique aqui\" \/>\n<meta property=\"og:url\" content=\"https:\/\/www.adf.org.br\/home\/gritei-de-alegria-quando-me-ligaram\/\" \/>\n<meta property=\"og:site_name\" content=\"Associa\u00e7\u00e3o Devotos de F\u00e1tima\" \/>\n<meta property=\"article:published_time\" content=\"2021-10-03T03:01:20+00:00\" \/>\n<meta property=\"article:modified_time\" content=\"2021-10-01T19:29:52+00:00\" \/>\n<meta property=\"og:image\" content=\"https:\/\/www.adf.org.br\/home\/wp-content\/uploads\/2021\/10\/bruce-mars-AndE50aaHn4-unsplash-scaled.jpg\" \/>\n\t<meta property=\"og:image:width\" content=\"2560\" \/>\n\t<meta property=\"og:image:height\" content=\"1584\" \/>\n<meta name=\"twitter:card\" content=\"summary_large_image\" \/>\n<meta name=\"twitter:label1\" content=\"Escrito por\" \/>\n\t<meta name=\"twitter:data1\" content=\"Luiz Felipe\" \/>\n\t<meta name=\"twitter:label2\" content=\"Est. tempo de leitura\" \/>\n\t<meta name=\"twitter:data2\" content=\"2 minutos\" \/>\n<script type=\"application\/ld+json\" class=\"yoast-schema-graph\">{\"@context\":\"https:\/\/schema.org\",\"@graph\":[{\"@type\":\"WebSite\",\"@id\":\"https:\/\/www.adf.org.br\/home\/#website\",\"url\":\"https:\/\/www.adf.org.br\/home\/\",\"name\":\"Associa\\u00e7\\u00e3o Devotos de F\\u00e1tima\",\"description\":\"Associa\\u00e7\\u00e3o Devotos de F\\u00e1tima\",\"potentialAction\":[{\"@type\":\"SearchAction\",\"target\":{\"@type\":\"EntryPoint\",\"urlTemplate\":\"https:\/\/www.adf.org.br\/home\/?s={search_term_string}\"},\"query-input\":\"required name=search_term_string\"}],\"inLanguage\":\"pt-BR\"},{\"@type\":\"ImageObject\",\"@id\":\"https:\/\/www.adf.org.br\/home\/gritei-de-alegria-quando-me-ligaram\/#primaryimage\",\"inLanguage\":\"pt-BR\",\"url\":\"https:\/\/www.adf.org.br\/home\/wp-content\/uploads\/2021\/10\/bruce-mars-AndE50aaHn4-unsplash-scaled.jpg\",\"contentUrl\":\"https:\/\/www.adf.org.br\/home\/wp-content\/uploads\/2021\/10\/bruce-mars-AndE50aaHn4-unsplash-scaled.jpg\",\"width\":2560,\"height\":1584},{\"@type\":\"WebPage\",\"@id\":\"https:\/\/www.adf.org.br\/home\/gritei-de-alegria-quando-me-ligaram\/#webpage\",\"url\":\"https:\/\/www.adf.org.br\/home\/gritei-de-alegria-quando-me-ligaram\/\",\"name\":\"Gritei de alegria quando me ligaram\",\"isPartOf\":{\"@id\":\"https:\/\/www.adf.org.br\/home\/#website\"},\"primaryImageOfPage\":{\"@id\":\"https:\/\/www.adf.org.br\/home\/gritei-de-alegria-quando-me-ligaram\/#primaryimage\"},\"datePublished\":\"2021-10-03T03:01:20+00:00\",\"dateModified\":\"2021-10-01T19:29:52+00:00\",\"author\":{\"@id\":\"https:\/\/www.adf.org.br\/home\/#\/schema\/person\/1ad877d1f255f4637ee020b3b16138ee\"},\"description\":\"Conhe\\u00e7a esse testemunho de um membro do Grupo Ap\\u00f3stolos de F\\u00e1tima e tire suas conclus\\u00f5es. Para conhece-lo clique aqui\",\"breadcrumb\":{\"@id\":\"https:\/\/www.adf.org.br\/home\/gritei-de-alegria-quando-me-ligaram\/#breadcrumb\"},\"inLanguage\":\"pt-BR\",\"potentialAction\":[{\"@type\":\"ReadAction\",\"target\":[\"https:\/\/www.adf.org.br\/home\/gritei-de-alegria-quando-me-ligaram\/\"]}]},{\"@type\":\"BreadcrumbList\",\"@id\":\"https:\/\/www.adf.org.br\/home\/gritei-de-alegria-quando-me-ligaram\/#breadcrumb\",\"itemListElement\":[{\"@type\":\"ListItem\",\"position\":1,\"name\":\"Home\",\"item\":\"https:\/\/www.adf.org.br\/home\/\"},{\"@type\":\"ListItem\",\"position\":2,\"name\":\"Gritei de alegria quando me ligaram\"}]},{\"@type\":\"Person\",\"@id\":\"https:\/\/www.adf.org.br\/home\/#\/schema\/person\/1ad877d1f255f4637ee020b3b16138ee\",\"name\":\"Luiz Felipe\",\"image\":{\"@type\":\"ImageObject\",\"@id\":\"https:\/\/www.adf.org.br\/home\/#personlogo\",\"inLanguage\":\"pt-BR\",\"url\":\"https:\/\/secure.gravatar.com\/avatar\/f8f0a14d57a57f103e42363994b25ba9?s=96&d=mm&r=g\",\"contentUrl\":\"https:\/\/secure.gravatar.com\/avatar\/f8f0a14d57a57f103e42363994b25ba9?s=96&d=mm&r=g\",\"caption\":\"Luiz Felipe\"},\"url\":\"https:\/\/www.adf.org.br\/home\/author\/luiz-merencianopmk-com-br\/\"}]}<\/script>\n<!-- \/ Yoast SEO plugin. -->","yoast_head_json":{"title":"Gritei de alegria quando me ligaram","description":"Conhe\u00e7a esse testemunho de um membro do Grupo Ap\u00f3stolos de F\u00e1tima e tire suas conclus\u00f5es. Para conhece-lo clique aqui","robots":{"index":"index","follow":"follow","max-snippet":"max-snippet:-1","max-image-preview":"max-image-preview:large","max-video-preview":"max-video-preview:-1"},"canonical":"https:\/\/www.adf.org.br\/home\/gritei-de-alegria-quando-me-ligaram\/","og_locale":"pt_BR","og_type":"article","og_title":"Gritei de alegria quando me ligaram","og_description":"Conhe\u00e7a esse testemunho de um membro do Grupo Ap\u00f3stolos de F\u00e1tima e tire suas conclus\u00f5es. Para conhece-lo clique aqui","og_url":"https:\/\/www.adf.org.br\/home\/gritei-de-alegria-quando-me-ligaram\/","og_site_name":"Associa\u00e7\u00e3o Devotos de F\u00e1tima","article_published_time":"2021-10-03T03:01:20+00:00","article_modified_time":"2021-10-01T19:29:52+00:00","og_image":[{"width":2560,"height":1584,"url":"https:\/\/www.adf.org.br\/home\/wp-content\/uploads\/2021\/10\/bruce-mars-AndE50aaHn4-unsplash-scaled.jpg","type":"image\/jpeg"}],"twitter_card":"summary_large_image","twitter_misc":{"Escrito por":"Luiz Felipe","Est. tempo de leitura":"2 minutos"},"schema":{"@context":"https:\/\/schema.org","@graph":[{"@type":"WebSite","@id":"https:\/\/www.adf.org.br\/home\/#website","url":"https:\/\/www.adf.org.br\/home\/","name":"Associa\u00e7\u00e3o Devotos de F\u00e1tima","description":"Associa\u00e7\u00e3o Devotos de F\u00e1tima","potentialAction":[{"@type":"SearchAction","target":{"@type":"EntryPoint","urlTemplate":"https:\/\/www.adf.org.br\/home\/?s={search_term_string}"},"query-input":"required name=search_term_string"}],"inLanguage":"pt-BR"},{"@type":"ImageObject","@id":"https:\/\/www.adf.org.br\/home\/gritei-de-alegria-quando-me-ligaram\/#primaryimage","inLanguage":"pt-BR","url":"https:\/\/www.adf.org.br\/home\/wp-content\/uploads\/2021\/10\/bruce-mars-AndE50aaHn4-unsplash-scaled.jpg","contentUrl":"https:\/\/www.adf.org.br\/home\/wp-content\/uploads\/2021\/10\/bruce-mars-AndE50aaHn4-unsplash-scaled.jpg","width":2560,"height":1584},{"@type":"WebPage","@id":"https:\/\/www.adf.org.br\/home\/gritei-de-alegria-quando-me-ligaram\/#webpage","url":"https:\/\/www.adf.org.br\/home\/gritei-de-alegria-quando-me-ligaram\/","name":"Gritei de alegria quando me ligaram","isPartOf":{"@id":"https:\/\/www.adf.org.br\/home\/#website"},"primaryImageOfPage":{"@id":"https:\/\/www.adf.org.br\/home\/gritei-de-alegria-quando-me-ligaram\/#primaryimage"},"datePublished":"2021-10-03T03:01:20+00:00","dateModified":"2021-10-01T19:29:52+00:00","author":{"@id":"https:\/\/www.adf.org.br\/home\/#\/schema\/person\/1ad877d1f255f4637ee020b3b16138ee"},"description":"Conhe\u00e7a esse testemunho de um membro do Grupo Ap\u00f3stolos de F\u00e1tima e tire suas conclus\u00f5es. Para conhece-lo clique aqui","breadcrumb":{"@id":"https:\/\/www.adf.org.br\/home\/gritei-de-alegria-quando-me-ligaram\/#breadcrumb"},"inLanguage":"pt-BR","potentialAction":[{"@type":"ReadAction","target":["https:\/\/www.adf.org.br\/home\/gritei-de-alegria-quando-me-ligaram\/"]}]},{"@type":"BreadcrumbList","@id":"https:\/\/www.adf.org.br\/home\/gritei-de-alegria-quando-me-ligaram\/#breadcrumb","itemListElement":[{"@type":"ListItem","position":1,"name":"Home","item":"https:\/\/www.adf.org.br\/home\/"},{"@type":"ListItem","position":2,"name":"Gritei de alegria quando me ligaram"}]},{"@type":"Person","@id":"https:\/\/www.adf.org.br\/home\/#\/schema\/person\/1ad877d1f255f4637ee020b3b16138ee","name":"Luiz Felipe","image":{"@type":"ImageObject","@id":"https:\/\/www.adf.org.br\/home\/#personlogo","inLanguage":"pt-BR","url":"https:\/\/secure.gravatar.com\/avatar\/f8f0a14d57a57f103e42363994b25ba9?s=96&d=mm&r=g","contentUrl":"https:\/\/secure.gravatar.com\/avatar\/f8f0a14d57a57f103e42363994b25ba9?s=96&d=mm&r=g","caption":"Luiz Felipe"},"url":"https:\/\/www.adf.org.br\/home\/author\/luiz-merencianopmk-com-br\/"}]}},"_links":{"self":[{"href":"https:\/\/www.adf.org.br\/home\/wp-json\/wp\/v2\/posts\/66073"}],"collection":[{"href":"https:\/\/www.adf.org.br\/home\/wp-json\/wp\/v2\/posts"}],"about":[{"href":"https:\/\/www.adf.org.br\/home\/wp-json\/wp\/v2\/types\/post"}],"author":[{"embeddable":true,"href":"https:\/\/www.adf.org.br\/home\/wp-json\/wp\/v2\/users\/30"}],"replies":[{"embeddable":true,"href":"https:\/\/www.adf.org.br\/home\/wp-json\/wp\/v2\/comments?post=66073"}],"version-history":[{"count":1,"href":"https:\/\/www.adf.org.br\/home\/wp-json\/wp\/v2\/posts\/66073\/revisions"}],"predecessor-version":[{"id":66075,"href":"https:\/\/www.adf.org.br\/home\/wp-json\/wp\/v2\/posts\/66073\/revisions\/66075"}],"wp:featuredmedia":[{"embeddable":true,"href":"https:\/\/www.adf.org.br\/home\/wp-json\/wp\/v2\/media\/66074"}],"wp:attachment":[{"href":"https:\/\/www.adf.org.br\/home\/wp-json\/wp\/v2\/media?parent=66073"}],"wp:term":[{"taxonomy":"category","embeddable":true,"href":"https:\/\/www.adf.org.br\/home\/wp-json\/wp\/v2\/categories?post=66073"},{"taxonomy":"post_tag","embeddable":true,"href":"https:\/\/www.adf.org.br\/home\/wp-json\/wp\/v2\/tags?post=66073"}],"curies":[{"name":"wp","href":"https:\/\/api.w.org\/{rel}","templated":true}]}}