{"id":66065,"date":"2021-10-01T07:55:55","date_gmt":"2021-10-01T10:55:55","guid":{"rendered":"https:\/\/www.adf.org.br\/home\/?p=66065"},"modified":"2021-09-30T16:46:55","modified_gmt":"2021-09-30T19:46:55","slug":"voce-sabia-que-nossa-senhora-sorriu-para-santa-teresinha-veja-como-foi","status":"publish","type":"post","link":"https:\/\/www.adf.org.br\/home\/voce-sabia-que-nossa-senhora-sorriu-para-santa-teresinha-veja-como-foi\/","title":{"rendered":"Voc\u00ea sabia que Nossa Senhora sorriu para Santa Teresinha? Veja como foi"},"content":{"rendered":"<h2 style=\"text-align: center;\"><span style=\"color: #000000;\">Voc\u00ea sabia que Nossa Senhora sorriu para Santa Teresinha? Veja como foi<\/span><\/h2>\n<p>&nbsp;<\/p>\n<figure id=\"attachment_66067\" aria-describedby=\"caption-attachment-66067\" style=\"width: 230px\" class=\"wp-caption alignleft\"><a href=\"https:\/\/adf.org.br\/velario\/santateresinha?origem=21212\" target=\"_blank\" rel=\"noopener\"><img loading=\"lazy\" class=\"wp-image-66067\" src=\"https:\/\/www.adf.org.br\/home\/wp-content\/uploads\/2021\/09\/Santa-Teresinha-e-Nossa-Senhora-do-Sorriso-1.jpg\" alt=\"\" width=\"230\" height=\"334\" srcset=\"https:\/\/www.adf.org.br\/home\/wp-content\/uploads\/2021\/09\/Santa-Teresinha-e-Nossa-Senhora-do-Sorriso-1.jpg 666w, https:\/\/www.adf.org.br\/home\/wp-content\/uploads\/2021\/09\/Santa-Teresinha-e-Nossa-Senhora-do-Sorriso-1-207x300.jpg 207w\" sizes=\"(max-width: 230px) 100vw, 230px\" \/><\/a><figcaption id=\"caption-attachment-66067\" class=\"wp-caption-text\"><center>Nossa Senhora sorrindo para Santa Teresinha<\/center><\/figcaption><\/figure>\n<p><span style=\"color: #000000;\"><span style=\"color: #800080; font-size: 32px;\"><strong>N<\/strong><\/span>este dia, dedicado a <strong>Santa Teresinha do Menino Jesus<\/strong>, gostar\u00edamos de contar um dos feitos mais incr\u00edveis acontecidos em sua vida: <span style=\"text-decoration: underline;\">o sorriso da <span style=\"color: #0000ff;\"><a style=\"color: #0000ff; text-decoration: underline;\" href=\"https:\/\/adf.org.br\/velario\/santateresinha?origem=21212\" target=\"_blank\" rel=\"noopener\">Virgem Maria<\/a><\/span> que a curou de uma doen\u00e7a desconhecida.<\/span><\/span><\/p>\n<p><span style=\"color: #000000;\">A Santinha de Lisieux relata que, quando era crian\u00e7a, sofreu de uma doen\u00e7a que, pelos sintomas, se assemelha ao que hoje conhecemos como depress\u00e3o.<\/span><\/p>\n<p><strong><span style=\"color: #000000;\">Por\u00e9m, <span style=\"color: #0000ff;\"><a style=\"color: #0000ff;\" href=\"https:\/\/adf.org.br\/velario\/santateresinha?origem=21212\" target=\"_blank\" rel=\"noopener\">Nossa Senhora<\/a><\/span>\u00a0teve piedade dela e curou-a com um bel\u00edssimo sorriso. Isso foi fant\u00e1stico! <\/span><\/strong><\/p>\n<p><span style=\"color: #000000;\">Mas, deixemos que ela nos narre como foi:<\/span><\/p>\n<p style=\"padding-left: 40px;\"><span style=\"color: #000000;\">\u201c<em>Dia 13 de maio de 1883, festa de Pentecostes. Do leito, virei meu olhar para a imagem de Nossa Senhora, e, de repente, a Sant\u00edssima Virgem me pareceu bela, t\u00e3o bela, como nunca tinha visto nada t\u00e3o formoso. <\/em><\/span><\/p>\n<h4 style=\"padding-left: 40px;\"><span style=\"color: #800080;\"><strong><em>O rosto irradiava inef\u00e1vel bondade e ternura, mas o que me calou no fundo da alma foi o \u201cempolgante sorriso da Sant\u00edssima Virgem\u201d.<\/em><\/strong><\/span><\/h4>\n<p style=\"padding-left: 40px;\"><span style=\"color: #000000;\">Nesta altura, desvaneceram-se todos os meus sofrimentos. Das p\u00e1lpebras me saltaram duas grossas l\u00e1grimas e deslizaram silenciosas sobre as faces. Eram l\u00e1grimas de uma alegria sem inquieta\u00e7\u00e3o&#8230; <\/span><\/p>\n<p style=\"padding-left: 40px;\"><em><span style=\"color: #000000;\"><strong><span style=\"color: #800080;\">Oh! pensei comigo, a<\/span> <span style=\"color: #0000ff;\"><a style=\"color: #0000ff;\" href=\"https:\/\/adf.org.br\/velario\/santateresinha?origem=21212\" target=\"_blank\" rel=\"noopener\">Sant\u00edssima Virgem<\/a><\/span> <span style=\"color: #800080;\">sorriu para mim, como sou feliz&#8230;<\/span><\/strong> Mas, nunca jamais o contarei a ningu\u00e9m, porque ent\u00e3o desapareceria minha felicidade. Sem nenhum esfor\u00e7o, baixei os olhos e enxerguei Maria (sua irm\u00e3) que olhava para mim com amor.<\/span><\/em><\/p>\n<p style=\"padding-left: 40px;\"><span style=\"color: #000000;\"><em><strong>Parecia emocionada e dava impress\u00e3o de suspeitar o favor que a Sant\u00edssima Virgem me concedera&#8230; Oh! era exatamente a ela, \u00e0s suas edificantes ora\u00e7\u00f5es que devia a gra\u00e7a do sorriso da Rainha dos C\u00e9us. <\/strong><\/em><\/span><\/p>\n<p style=\"padding-left: 40px;\"><span style=\"color: #000000;\"><em>Quando viu meu olhar fito na <span style=\"color: #0000ff;\"><a style=\"color: #0000ff;\" href=\"https:\/\/adf.org.br\/velario\/santateresinha?origem=21212\" target=\"_blank\" rel=\"noopener\">Sant\u00edssima Virgem<\/a><\/span>, disse de si para si: \u2018Teresa est\u00e1 curada!<\/em>\u2019\u201d, expressou.<\/span><\/p>\n<p><span style=\"color: #000000;\">Esse sorriso mudou totalmente sua vida; ela nunca mais dele se esqueceu e a doen\u00e7a realmente foi curada. Nunca mais houve qualquer manifesta\u00e7\u00e3o da depress\u00e3o no restante de sua vida.\u00a0<\/span><\/p>\n<h5 style=\"text-align: right; padding-left: 400px;\"><span style=\"color: #000000;\">Fonte: <em>Hist\u00f3ria de uma Alma &#8211; Manuscritos Autobiogr\u00e1ficos<\/em>, de Santa Teresa do Menino Jesus e da Sagrada Face.<\/span><\/h5>\n<h3 style=\"text-align: center;\">****<\/h3>\n<p style=\"text-align: center;\"><span style=\"color: #800080;\"><strong>J\u00e1 deixou seus pedidos na <span style=\"color: #0000ff;\"><a style=\"color: #0000ff;\" href=\"https:\/\/adf.org.br\/velario\/santateresinha?origem=21212\" target=\"_blank\" rel=\"noopener\"><span style=\"text-decoration: underline;\">Santa Missa das Rosas de Santa Teresinha do Menino Jesus<\/span><\/a> <\/span>que faremos celebrar hoje?\u00a0<\/strong><\/span><\/p>\n<p><span style=\"color: #000000;\">N\u00e3o deixa essa oportunidade passar! A Santinha de Lisieux quer derramar uma chuva de rosas e b\u00ean\u00e7\u00e3os sobre sua vida.\u00a0<\/span><\/p>\n<p><span style=\"color: #000000;\">Para isso, ligue gratuitamente para:\u00a0<\/span><\/p>\n<h1 style=\"text-align: center;\"><a href=\"tel:08006082128\"><span style=\"text-decoration: underline;\"><span style=\"color: #0000ff; text-decoration: underline;\">0800 608 2128<\/span><\/span><\/a><\/h1>\n<h5 style=\"text-align: center;\"><span style=\"color: #000000;\">Se estiver no celular, toque neste link para discar automaticamente<\/span><\/h5>\n<h5 style=\"text-align: center;\"><span style=\"color: #000000;\">Hor\u00e1rio de atendimento: 08h \u00e0s 18h00<\/span><\/h5>\n<p><span style=\"color: #000000;\">Caso n\u00e3o consiga falar conosco, clique <a href=\"https:\/\/adf.org.br\/velario\/santateresinha?origem=21212\"><strong><span style=\"color: #0000ff;\">AQUI<\/span><\/strong><\/a> e acenda uma vela para incluir seu nome, pedidos e inten\u00e7\u00f5es para esta Santa Missa.<\/span><\/p>\n","protected":false},"excerpt":{"rendered":"<p>Voc\u00ea sabia que Nossa Senhora sorriu para Santa Teresinha? Veja como foi &nbsp; Neste dia, dedicado a Santa Teresinha do Menino Jesus, gostar\u00edamos de contar um dos feitos mais incr\u00edveis acontecidos em sua vida: o sorriso da Virgem Maria que a curou de uma doen\u00e7a desconhecida. A Santinha de Lisieux relata que, quando era crian\u00e7a, [&hellip;]<\/p>\n","protected":false},"author":30,"featured_media":66066,"comment_status":"open","ping_status":"open","sticky":false,"template":"","format":"standard","meta":[],"categories":[20,56,2547,2586,2332],"tags":[57,2268],"yoast_head":"<!-- This site is optimized with the Yoast SEO plugin v17.4 - https:\/\/yoast.com\/wordpress\/plugins\/seo\/ -->\n<title>Voc\u00ea sabia que Nossa Senhora sorriu para Santa Teresinha? Veja como foi<\/title>\n<meta name=\"description\" content=\"Voc\u00ea sabia que Nossa Senhora sorriu para Santa Teresinha? Imagine que experi\u00eancia maravilhosa! Veja como foi clicando aqui\" \/>\n<meta name=\"robots\" content=\"index, follow, max-snippet:-1, max-image-preview:large, max-video-preview:-1\" \/>\n<link rel=\"canonical\" href=\"https:\/\/www.adf.org.br\/home\/voce-sabia-que-nossa-senhora-sorriu-para-santa-teresinha-veja-como-foi\/\" \/>\n<meta property=\"og:locale\" content=\"pt_BR\" \/>\n<meta property=\"og:type\" content=\"article\" \/>\n<meta property=\"og:title\" content=\"Voc\u00ea sabia que Nossa Senhora sorriu para Santa Teresinha? Veja como foi\" \/>\n<meta property=\"og:description\" content=\"Voc\u00ea sabia que Nossa Senhora sorriu para Santa Teresinha? Imagine que experi\u00eancia maravilhosa! Veja como foi clicando aqui\" \/>\n<meta property=\"og:url\" content=\"https:\/\/www.adf.org.br\/home\/voce-sabia-que-nossa-senhora-sorriu-para-santa-teresinha-veja-como-foi\/\" \/>\n<meta property=\"og:site_name\" content=\"Associa\u00e7\u00e3o Devotos de F\u00e1tima\" \/>\n<meta property=\"article:published_time\" content=\"2021-10-01T10:55:55+00:00\" \/>\n<meta property=\"article:modified_time\" content=\"2021-09-30T19:46:55+00:00\" \/>\n<meta property=\"og:image\" content=\"https:\/\/www.adf.org.br\/home\/wp-content\/uploads\/2021\/09\/Santa-Teresinha-e-Nossa-Senhora-do-Sorriso.jpg\" \/>\n\t<meta property=\"og:image:width\" content=\"720\" \/>\n\t<meta property=\"og:image:height\" content=\"960\" \/>\n<meta name=\"twitter:card\" content=\"summary_large_image\" \/>\n<meta name=\"twitter:label1\" content=\"Escrito por\" \/>\n\t<meta name=\"twitter:data1\" content=\"Luiz Felipe\" \/>\n\t<meta name=\"twitter:label2\" content=\"Est. tempo de leitura\" \/>\n\t<meta name=\"twitter:data2\" content=\"3 minutos\" \/>\n<script type=\"application\/ld+json\" class=\"yoast-schema-graph\">{\"@context\":\"https:\/\/schema.org\",\"@graph\":[{\"@type\":\"WebSite\",\"@id\":\"https:\/\/www.adf.org.br\/home\/#website\",\"url\":\"https:\/\/www.adf.org.br\/home\/\",\"name\":\"Associa\\u00e7\\u00e3o Devotos de F\\u00e1tima\",\"description\":\"Associa\\u00e7\\u00e3o Devotos de F\\u00e1tima\",\"potentialAction\":[{\"@type\":\"SearchAction\",\"target\":{\"@type\":\"EntryPoint\",\"urlTemplate\":\"https:\/\/www.adf.org.br\/home\/?s={search_term_string}\"},\"query-input\":\"required name=search_term_string\"}],\"inLanguage\":\"pt-BR\"},{\"@type\":\"ImageObject\",\"@id\":\"https:\/\/www.adf.org.br\/home\/voce-sabia-que-nossa-senhora-sorriu-para-santa-teresinha-veja-como-foi\/#primaryimage\",\"inLanguage\":\"pt-BR\",\"url\":\"https:\/\/www.adf.org.br\/home\/wp-content\/uploads\/2021\/09\/Santa-Teresinha-e-Nossa-Senhora-do-Sorriso.jpg\",\"contentUrl\":\"https:\/\/www.adf.org.br\/home\/wp-content\/uploads\/2021\/09\/Santa-Teresinha-e-Nossa-Senhora-do-Sorriso.jpg\",\"width\":720,\"height\":960},{\"@type\":\"WebPage\",\"@id\":\"https:\/\/www.adf.org.br\/home\/voce-sabia-que-nossa-senhora-sorriu-para-santa-teresinha-veja-como-foi\/#webpage\",\"url\":\"https:\/\/www.adf.org.br\/home\/voce-sabia-que-nossa-senhora-sorriu-para-santa-teresinha-veja-como-foi\/\",\"name\":\"Voc\\u00ea sabia que Nossa Senhora sorriu para Santa Teresinha? Veja como foi\",\"isPartOf\":{\"@id\":\"https:\/\/www.adf.org.br\/home\/#website\"},\"primaryImageOfPage\":{\"@id\":\"https:\/\/www.adf.org.br\/home\/voce-sabia-que-nossa-senhora-sorriu-para-santa-teresinha-veja-como-foi\/#primaryimage\"},\"datePublished\":\"2021-10-01T10:55:55+00:00\",\"dateModified\":\"2021-09-30T19:46:55+00:00\",\"author\":{\"@id\":\"https:\/\/www.adf.org.br\/home\/#\/schema\/person\/1ad877d1f255f4637ee020b3b16138ee\"},\"description\":\"Voc\\u00ea sabia que Nossa Senhora sorriu para Santa Teresinha? Imagine que experi\\u00eancia maravilhosa! Veja como foi clicando aqui\",\"breadcrumb\":{\"@id\":\"https:\/\/www.adf.org.br\/home\/voce-sabia-que-nossa-senhora-sorriu-para-santa-teresinha-veja-como-foi\/#breadcrumb\"},\"inLanguage\":\"pt-BR\",\"potentialAction\":[{\"@type\":\"ReadAction\",\"target\":[\"https:\/\/www.adf.org.br\/home\/voce-sabia-que-nossa-senhora-sorriu-para-santa-teresinha-veja-como-foi\/\"]}]},{\"@type\":\"BreadcrumbList\",\"@id\":\"https:\/\/www.adf.org.br\/home\/voce-sabia-que-nossa-senhora-sorriu-para-santa-teresinha-veja-como-foi\/#breadcrumb\",\"itemListElement\":[{\"@type\":\"ListItem\",\"position\":1,\"name\":\"Home\",\"item\":\"https:\/\/www.adf.org.br\/home\/\"},{\"@type\":\"ListItem\",\"position\":2,\"name\":\"Voc\\u00ea sabia que Nossa Senhora sorriu para Santa Teresinha? Veja como foi\"}]},{\"@type\":\"Person\",\"@id\":\"https:\/\/www.adf.org.br\/home\/#\/schema\/person\/1ad877d1f255f4637ee020b3b16138ee\",\"name\":\"Luiz Felipe\",\"image\":{\"@type\":\"ImageObject\",\"@id\":\"https:\/\/www.adf.org.br\/home\/#personlogo\",\"inLanguage\":\"pt-BR\",\"url\":\"https:\/\/secure.gravatar.com\/avatar\/f8f0a14d57a57f103e42363994b25ba9?s=96&d=mm&r=g\",\"contentUrl\":\"https:\/\/secure.gravatar.com\/avatar\/f8f0a14d57a57f103e42363994b25ba9?s=96&d=mm&r=g\",\"caption\":\"Luiz Felipe\"},\"url\":\"https:\/\/www.adf.org.br\/home\/author\/luiz-merencianopmk-com-br\/\"}]}<\/script>\n<!-- \/ Yoast SEO plugin. -->","yoast_head_json":{"title":"Voc\u00ea sabia que Nossa Senhora sorriu para Santa Teresinha? Veja como foi","description":"Voc\u00ea sabia que Nossa Senhora sorriu para Santa Teresinha? Imagine que experi\u00eancia maravilhosa! Veja como foi clicando aqui","robots":{"index":"index","follow":"follow","max-snippet":"max-snippet:-1","max-image-preview":"max-image-preview:large","max-video-preview":"max-video-preview:-1"},"canonical":"https:\/\/www.adf.org.br\/home\/voce-sabia-que-nossa-senhora-sorriu-para-santa-teresinha-veja-como-foi\/","og_locale":"pt_BR","og_type":"article","og_title":"Voc\u00ea sabia que Nossa Senhora sorriu para Santa Teresinha? Veja como foi","og_description":"Voc\u00ea sabia que Nossa Senhora sorriu para Santa Teresinha? Imagine que experi\u00eancia maravilhosa! Veja como foi clicando aqui","og_url":"https:\/\/www.adf.org.br\/home\/voce-sabia-que-nossa-senhora-sorriu-para-santa-teresinha-veja-como-foi\/","og_site_name":"Associa\u00e7\u00e3o Devotos de F\u00e1tima","article_published_time":"2021-10-01T10:55:55+00:00","article_modified_time":"2021-09-30T19:46:55+00:00","og_image":[{"width":720,"height":960,"url":"https:\/\/www.adf.org.br\/home\/wp-content\/uploads\/2021\/09\/Santa-Teresinha-e-Nossa-Senhora-do-Sorriso.jpg","type":"image\/jpeg"}],"twitter_card":"summary_large_image","twitter_misc":{"Escrito por":"Luiz Felipe","Est. tempo de leitura":"3 minutos"},"schema":{"@context":"https:\/\/schema.org","@graph":[{"@type":"WebSite","@id":"https:\/\/www.adf.org.br\/home\/#website","url":"https:\/\/www.adf.org.br\/home\/","name":"Associa\u00e7\u00e3o Devotos de F\u00e1tima","description":"Associa\u00e7\u00e3o Devotos de F\u00e1tima","potentialAction":[{"@type":"SearchAction","target":{"@type":"EntryPoint","urlTemplate":"https:\/\/www.adf.org.br\/home\/?s={search_term_string}"},"query-input":"required name=search_term_string"}],"inLanguage":"pt-BR"},{"@type":"ImageObject","@id":"https:\/\/www.adf.org.br\/home\/voce-sabia-que-nossa-senhora-sorriu-para-santa-teresinha-veja-como-foi\/#primaryimage","inLanguage":"pt-BR","url":"https:\/\/www.adf.org.br\/home\/wp-content\/uploads\/2021\/09\/Santa-Teresinha-e-Nossa-Senhora-do-Sorriso.jpg","contentUrl":"https:\/\/www.adf.org.br\/home\/wp-content\/uploads\/2021\/09\/Santa-Teresinha-e-Nossa-Senhora-do-Sorriso.jpg","width":720,"height":960},{"@type":"WebPage","@id":"https:\/\/www.adf.org.br\/home\/voce-sabia-que-nossa-senhora-sorriu-para-santa-teresinha-veja-como-foi\/#webpage","url":"https:\/\/www.adf.org.br\/home\/voce-sabia-que-nossa-senhora-sorriu-para-santa-teresinha-veja-como-foi\/","name":"Voc\u00ea sabia que Nossa Senhora sorriu para Santa Teresinha? Veja como foi","isPartOf":{"@id":"https:\/\/www.adf.org.br\/home\/#website"},"primaryImageOfPage":{"@id":"https:\/\/www.adf.org.br\/home\/voce-sabia-que-nossa-senhora-sorriu-para-santa-teresinha-veja-como-foi\/#primaryimage"},"datePublished":"2021-10-01T10:55:55+00:00","dateModified":"2021-09-30T19:46:55+00:00","author":{"@id":"https:\/\/www.adf.org.br\/home\/#\/schema\/person\/1ad877d1f255f4637ee020b3b16138ee"},"description":"Voc\u00ea sabia que Nossa Senhora sorriu para Santa Teresinha? Imagine que experi\u00eancia maravilhosa! Veja como foi clicando aqui","breadcrumb":{"@id":"https:\/\/www.adf.org.br\/home\/voce-sabia-que-nossa-senhora-sorriu-para-santa-teresinha-veja-como-foi\/#breadcrumb"},"inLanguage":"pt-BR","potentialAction":[{"@type":"ReadAction","target":["https:\/\/www.adf.org.br\/home\/voce-sabia-que-nossa-senhora-sorriu-para-santa-teresinha-veja-como-foi\/"]}]},{"@type":"BreadcrumbList","@id":"https:\/\/www.adf.org.br\/home\/voce-sabia-que-nossa-senhora-sorriu-para-santa-teresinha-veja-como-foi\/#breadcrumb","itemListElement":[{"@type":"ListItem","position":1,"name":"Home","item":"https:\/\/www.adf.org.br\/home\/"},{"@type":"ListItem","position":2,"name":"Voc\u00ea sabia que Nossa Senhora sorriu para Santa Teresinha? Veja como foi"}]},{"@type":"Person","@id":"https:\/\/www.adf.org.br\/home\/#\/schema\/person\/1ad877d1f255f4637ee020b3b16138ee","name":"Luiz Felipe","image":{"@type":"ImageObject","@id":"https:\/\/www.adf.org.br\/home\/#personlogo","inLanguage":"pt-BR","url":"https:\/\/secure.gravatar.com\/avatar\/f8f0a14d57a57f103e42363994b25ba9?s=96&d=mm&r=g","contentUrl":"https:\/\/secure.gravatar.com\/avatar\/f8f0a14d57a57f103e42363994b25ba9?s=96&d=mm&r=g","caption":"Luiz Felipe"},"url":"https:\/\/www.adf.org.br\/home\/author\/luiz-merencianopmk-com-br\/"}]}},"_links":{"self":[{"href":"https:\/\/www.adf.org.br\/home\/wp-json\/wp\/v2\/posts\/66065"}],"collection":[{"href":"https:\/\/www.adf.org.br\/home\/wp-json\/wp\/v2\/posts"}],"about":[{"href":"https:\/\/www.adf.org.br\/home\/wp-json\/wp\/v2\/types\/post"}],"author":[{"embeddable":true,"href":"https:\/\/www.adf.org.br\/home\/wp-json\/wp\/v2\/users\/30"}],"replies":[{"embeddable":true,"href":"https:\/\/www.adf.org.br\/home\/wp-json\/wp\/v2\/comments?post=66065"}],"version-history":[{"count":5,"href":"https:\/\/www.adf.org.br\/home\/wp-json\/wp\/v2\/posts\/66065\/revisions"}],"predecessor-version":[{"id":66072,"href":"https:\/\/www.adf.org.br\/home\/wp-json\/wp\/v2\/posts\/66065\/revisions\/66072"}],"wp:featuredmedia":[{"embeddable":true,"href":"https:\/\/www.adf.org.br\/home\/wp-json\/wp\/v2\/media\/66066"}],"wp:attachment":[{"href":"https:\/\/www.adf.org.br\/home\/wp-json\/wp\/v2\/media?parent=66065"}],"wp:term":[{"taxonomy":"category","embeddable":true,"href":"https:\/\/www.adf.org.br\/home\/wp-json\/wp\/v2\/categories?post=66065"},{"taxonomy":"post_tag","embeddable":true,"href":"https:\/\/www.adf.org.br\/home\/wp-json\/wp\/v2\/tags?post=66065"}],"curies":[{"name":"wp","href":"https:\/\/api.w.org\/{rel}","templated":true}]}}