{"id":66041,"date":"2021-09-29T07:55:25","date_gmt":"2021-09-29T10:55:25","guid":{"rendered":"https:\/\/www.adf.org.br\/home\/?p=66041"},"modified":"2021-09-28T17:33:17","modified_gmt":"2021-09-28T20:33:17","slug":"os-tres-santos-arcanjos-miguel-gabriel-e-rafael","status":"publish","type":"post","link":"https:\/\/www.adf.org.br\/home\/os-tres-santos-arcanjos-miguel-gabriel-e-rafael\/","title":{"rendered":"Os Tr\u00eas Santos Arcanjos: Miguel, Gabriel e Rafael"},"content":{"rendered":"<h2 style=\"text-align: center;\"><strong><span style=\"color: #000000;\">Os Tr\u00eas Santos Arcanjos: Miguel, Gabriel e Rafael<\/span><\/strong><\/h2>\n<p style=\"text-align: center;\"><span style=\"color: #ffffff;\">.<\/span><\/p>\n<figure id=\"attachment_66042\" aria-describedby=\"caption-attachment-66042\" style=\"width: 620px\" class=\"wp-caption aligncenter\"><img loading=\"lazy\" class=\"wp-image-66042 size-full\" src=\"https:\/\/www.adf.org.br\/home\/wp-content\/uploads\/2021\/09\/arcanjos.jpg\" alt=\"\" width=\"620\" height=\"310\" srcset=\"https:\/\/www.adf.org.br\/home\/wp-content\/uploads\/2021\/09\/arcanjos.jpg 620w, https:\/\/www.adf.org.br\/home\/wp-content\/uploads\/2021\/09\/arcanjos-300x150.jpg 300w\" sizes=\"(max-width: 620px) 100vw, 620px\" \/><figcaption id=\"caption-attachment-66042\" class=\"wp-caption-text\"><center><span style=\"color: #000000;\">S\u00e3o Miguel, S\u00e3o Rafael e S\u00e3o Gabriel<\/span><\/center><\/figcaption><\/figure>\n<p><span style=\"font-weight: 400; color: #000000;\"><span style=\"color: #800080; font-size: 32px;\"><strong>N<\/strong><\/span>este dia 29 de setembro, a Igreja celebra a festa dos Arcanjos S\u00e3o Miguel, S\u00e3o Gabriel e S\u00e3o Rafael, que aparecem nas Sagradas Escrituras com miss\u00f5es importantes determinadas pelo pr\u00f3prio Deus.\u00a0<\/span><\/p>\n<p><strong><span style=\"color: #000000;\">Os anjos s\u00e3o \u201c<em>esp\u00edritos ao servi\u00e7o de Deus, que lhes confia miss\u00f5es para o bem daqueles que devem herdar a salva\u00e7\u00e3o<\/em>\u201d (Hb 1,14).\u00a0<\/span><\/strong><\/p>\n<p><span style=\"font-weight: 400; color: #000000;\">Nas Sagradas Escrituras, os anjos s\u00e3o presen\u00e7as frequentes, mas somente tr\u00eas deles, pela sua import\u00e2ncia nos s\u00e3o revelados seus nomes e seus especiais minist\u00e9rios.\u00a0<\/span><\/p>\n<figure id=\"attachment_66043\" aria-describedby=\"caption-attachment-66043\" style=\"width: 181px\" class=\"wp-caption alignleft\"><img loading=\"lazy\" class=\"wp-image-66043\" src=\"https:\/\/www.adf.org.br\/home\/wp-content\/uploads\/2021\/09\/Miguel-Arcanjo-224x300.jpg\" alt=\"\" width=\"181\" height=\"242\" srcset=\"https:\/\/www.adf.org.br\/home\/wp-content\/uploads\/2021\/09\/Miguel-Arcanjo-224x300.jpg 224w, https:\/\/www.adf.org.br\/home\/wp-content\/uploads\/2021\/09\/Miguel-Arcanjo-766x1024.jpg 766w, https:\/\/www.adf.org.br\/home\/wp-content\/uploads\/2021\/09\/Miguel-Arcanjo-768x1027.jpg 768w, https:\/\/www.adf.org.br\/home\/wp-content\/uploads\/2021\/09\/Miguel-Arcanjo-1149x1536.jpg 1149w, https:\/\/www.adf.org.br\/home\/wp-content\/uploads\/2021\/09\/Miguel-Arcanjo.jpg 1300w\" sizes=\"(max-width: 181px) 100vw, 181px\" \/><figcaption id=\"caption-attachment-66043\" class=\"wp-caption-text\"><center>S\u00e3o Miguel Arcanjo<\/center><\/figcaption><\/figure>\n<p><span style=\"color: #000000;\"><b>S\u00e3o Miguel Arcanjo \u2014 <\/b><span style=\"font-weight: 400;\">Miguel, \u00e9 o arcanjo pr\u00edncipe do ex\u00e9rcito celeste. Seu nome significa: \u201cQuem [\u00e9] como Deus\u201d.\u00a0<\/span><\/span><\/p>\n<p><span style=\"color: #800080;\"><strong>Cada anjo individualmente precisou decidir por militar sob a bandeira de Cristo ou contra. E aconteceu o que est\u00e1 relatado no livro do Apocalipse:\u00a0<\/strong><\/span><\/p>\n<blockquote>\n<p style=\"text-align: center;\"><span style=\"color: #000000;\"><span style=\"font-weight: 400;\">\u201c<\/span><i><span style=\"font-weight: 400;\">Houve ent\u00e3o um combate no C\u00e9u: Miguel e seus anjos combateram contra o drag\u00e3o. Tamb\u00e9m o drag\u00e3o combateu, junto com seus anjos, mas n\u00e3o conseguiu vencer e n\u00e3o se encontrou mais lugar para eles no C\u00e9u<\/span><\/i><span style=\"font-weight: 400;\">\u201d (Ap 12,7-8).<\/span><\/span><\/p>\n<\/blockquote>\n<p><span style=\"font-weight: 400; color: #000000;\">Contra os anjos que se revoltaram contra Deus, Miguel travou guerra feroz e os privou de desfrutarem da presen\u00e7a de Deus, que \u00e9 o que faz a felicidade dos eleitos e dos anjos fieis.\u00a0<\/span><\/p>\n<h4><strong><span style=\"color: #000000;\">Miguel \u00e9 o arcanjo da justi\u00e7a e do arrependimento. Quando o crist\u00e3o deixa este mundo, \u00e9 S\u00e3o Miguel que o introduz no C\u00e9u se morreu em estado de gra\u00e7a.\u00a0<\/span><\/strong><\/h4>\n<p><span style=\"font-weight: 400; color: #000000;\">Por isso \u00e9 representado, por vezes, com a balan\u00e7a da justi\u00e7a divina onde s\u00e3o pesadas as boas obras dos homens. \u00c9 tamb\u00e9m invocado como protetor da Igreja e do povo crist\u00e3o.\u00a0<\/span><\/p>\n<figure id=\"attachment_66044\" aria-describedby=\"caption-attachment-66044\" style=\"width: 149px\" class=\"wp-caption alignright\"><img loading=\"lazy\" class=\"wp-image-66044\" src=\"https:\/\/www.adf.org.br\/home\/wp-content\/uploads\/2021\/09\/Gabriel-Arcanjo-150x300.jpg\" alt=\"\" width=\"149\" height=\"298\" srcset=\"https:\/\/www.adf.org.br\/home\/wp-content\/uploads\/2021\/09\/Gabriel-Arcanjo-150x300.jpg 150w, https:\/\/www.adf.org.br\/home\/wp-content\/uploads\/2021\/09\/Gabriel-Arcanjo.jpg 299w\" sizes=\"(max-width: 149px) 100vw, 149px\" \/><figcaption id=\"caption-attachment-66044\" class=\"wp-caption-text\"><center>S\u00e3o Gabriel Arcanjo<\/center><\/figcaption><\/figure>\n<p><span style=\"color: #000000;\"><b>S\u00e3o Gabriel Arcanjo \u2014<\/b><span style=\"font-weight: 400;\"> Gabriel, cujo nome significa \u201cDeus \u00e9 meu protetor\u201d, \u00e9 o mensageiro por excel\u00eancia dos grandes des\u00edgnios de Deus para a humanidade.\u00a0<\/span><\/span><\/p>\n<p><span style=\"color: #800080;\"><strong>Foi a ele que Deus Nosso Senhor confiou anunciar ao santo profeta Daniel o tempo da vinda do Messias (cf. Dn 9,21) e ao sacerdote Zacarias, o nascimento do precursor de Cristo: S\u00e3o Jo\u00e3o Batista (cf. Lc 1, 10-19).<\/strong><\/span><\/p>\n<p><span style=\"font-weight: 400; color: #000000;\">Mas, foi especialmente, arauto do maior acontecimento da humanidade: a Encarna\u00e7\u00e3o do Senhor.\u00a0 Coube-lhe especialmente o des\u00edgnio de anunciar \u00e0 Virgem Maria sua escolha para ser a M\u00e3e de Deus feito homem: Jesus Cristo.\u00a0<\/span><\/p>\n<p><span style=\"color: #000000;\"><b>S\u00e3o Rafael Arcanjo \u2014 <\/b><span style=\"font-weight: 400;\">Rafael, \u00e9 o arcanjo portador da virtude da cura. Seu nome significa: \u201cDeus cura\u201d. Enviou-o Deus \u00e0 terra com dupla miss\u00e3o curativa, uma do corpo e outra da alma.<\/span><\/span><\/p>\n<h4><strong><span style=\"color: #000000;\">Para cumprir sua miss\u00e3o, tomou a forma humana e fez-se chamar Azarias. Assim, viajando com Tobias, ajudou-o em suas necessidades, guiou-o por todo o caminho, auxiliou-o a encontrar o rem\u00e9dio para a cura de seu pai e uma esposa que pode desposar santamente.\u00a0<\/span><\/strong><\/h4>\n<figure id=\"attachment_66045\" aria-describedby=\"caption-attachment-66045\" style=\"width: 122px\" class=\"wp-caption alignleft\"><img loading=\"lazy\" class=\"wp-image-66045\" src=\"https:\/\/www.adf.org.br\/home\/wp-content\/uploads\/2021\/09\/Rafael-148x300.jpg\" alt=\"\" width=\"122\" height=\"247\" srcset=\"https:\/\/www.adf.org.br\/home\/wp-content\/uploads\/2021\/09\/Rafael-148x300.jpg 148w, https:\/\/www.adf.org.br\/home\/wp-content\/uploads\/2021\/09\/Rafael-503x1024.jpg 503w, https:\/\/www.adf.org.br\/home\/wp-content\/uploads\/2021\/09\/Rafael.jpg 531w\" sizes=\"(max-width: 122px) 100vw, 122px\" \/><figcaption id=\"caption-attachment-66045\" class=\"wp-caption-text\"><center>S\u00e3o Rafael Arcanjo<\/center><\/figcaption><\/figure>\n<p><span style=\"font-weight: 400; color: #000000;\">Afastou dos jovens Tobias e Sara, o dem\u00f4nio que queria lan\u00e7\u00e1-los na lux\u00faria, lembrando-nos que o casamento e o ato conjugal s\u00e3o, sobretudo, para gerar mais almas para a eternidade e n\u00e3o para o prazer ven\u00e9reo de ambos esposos.\u00a0<\/span><\/p>\n<p><span style=\"color: #800080;\"><strong>A Tradi\u00e7\u00e3o tamb\u00e9m afirma que cabia ao Arcanjo S\u00e3o Rafael a tarefa de descer \u00e0 Piscina prob\u00e1tica e agitar suas \u00e1guas para curar os doentes que nela mergulhassem enquanto se moviam as \u00e1guas (cf. Jo 5,1-4).<\/strong><\/span><\/p>\n<p><span style=\"font-weight: 400; color: #000000;\">Aos celebrarmos os tr\u00eas arcanjos, pe\u00e7amos sua intercess\u00e3o para que nos ajudem a sempre combater o bom combate da f\u00e9, sermos portadores da boa nova da salva\u00e7\u00e3o, dando bom testemunho de vida crist\u00e3 e estarmos abertos a socorrer os pr\u00f3ximo em suas necessidades, favorecendo o quanto poss\u00edvel, pelas obras de miseric\u00f3rdia, sua cura f\u00edsica ou espiritual.\u00a0<\/span><\/p>\n<p style=\"text-align: right;\"><span style=\"color: #000000;\">Fonte: <span style=\"color: #0000ff;\"><a style=\"color: #0000ff;\" href=\"https:\/\/reginafidei.com.br\/\" target=\"_blank\" rel=\"noopener\">Regina Fidei<\/a><\/span><\/span><\/p>\n<h3 style=\"text-align: center;\">****<\/h3>\n<p style=\"text-align: center;\"><span style=\"color: #800080;\"><strong>Gostaria de contar, ainda hoje, com a prote\u00e7\u00e3o de S\u00e3o Miguel Arcanjo?\u00a0 E receber a <span style=\"text-decoration: underline;\">medalha<\/span>, l<span style=\"text-decoration: underline;\">ivro sobre os anjos<\/span>,\u00a0 e<span style=\"text-decoration: underline;\">xorcismo de S\u00e3o Miguel<\/span> e <span style=\"text-decoration: underline;\">estampa de Nossa Senhora de F\u00e1tima?<\/span>\u00a0<\/strong><\/span><\/p>\n<p><img loading=\"lazy\" class=\"aligncenter wp-image-65819 \" src=\"https:\/\/www.adf.org.br\/home\/wp-content\/uploads\/2021\/09\/Brindes-de-S\u00e3o-Miguel-todos-juntos-1-1024x614.png\" alt=\"\" width=\"463\" height=\"278\" srcset=\"https:\/\/www.adf.org.br\/home\/wp-content\/uploads\/2021\/09\/Brindes-de-S\u00e3o-Miguel-todos-juntos-1-1024x614.png 1024w, https:\/\/www.adf.org.br\/home\/wp-content\/uploads\/2021\/09\/Brindes-de-S\u00e3o-Miguel-todos-juntos-1-300x180.png 300w, https:\/\/www.adf.org.br\/home\/wp-content\/uploads\/2021\/09\/Brindes-de-S\u00e3o-Miguel-todos-juntos-1-768x461.png 768w, https:\/\/www.adf.org.br\/home\/wp-content\/uploads\/2021\/09\/Brindes-de-S\u00e3o-Miguel-todos-juntos-1.png 1500w\" sizes=\"(max-width: 463px) 100vw, 463px\" \/><\/p>\n<p><span style=\"color: #000000;\">Ent\u00e3o inscreva-se no<strong><em><span style=\"text-decoration: underline;\"> grupo Ap\u00f3stolos de F\u00e1tima<\/span><\/em><\/strong> ligando para:\u00a0<\/span><\/p>\n<h1 style=\"text-align: center;\"><span style=\"color: #0000ff;\"><a style=\"color: #0000ff;\" href=\"tel:08006082128\">0800 608 2128<\/a><\/span><\/h1>\n<h5 style=\"text-align: center;\"><span style=\"color: #000000;\">Se estiver no celular, toque neste link para discar automaticamente<\/span><\/h5>\n<h5 style=\"text-align: center;\"><span style=\"color: #000000;\">Hor\u00e1rio de atendimento \u00e9 das 08 \u00e0s 18hrs<\/span>.<\/h5>\n<p><span style=\"color: #000000;\">Participando deste grupo de apostolado voc\u00ea receber\u00e1 este e outros presentes al\u00e9m de ter seu nome inscrito em mais de 60 missas por ano e\u00a0 a ora\u00e7\u00e3o di\u00e1ria de religiosos e mosteiros que nos apoiam.\u00a0<\/span><\/p>\n<p><span style=\"color: #000000;\">Portanto, ligue no <span style=\"color: #0000ff;\"><a style=\"color: #0000ff;\" href=\"tel:08006082128\"><strong>0800 608 2128<\/strong><\/a><\/span> e n\u00e3o deixe passar essa oportunidade!<\/span><\/p>\n<p style=\"text-align: center;\"><span style=\"color: #800080;\"><strong>S\u00e3o Miguel, S\u00e3o Gabriel e S\u00e3o Rafael, rogai por n\u00f3s e defendei-nos no combate!<\/strong><\/span><\/p>\n","protected":false},"excerpt":{"rendered":"<p>Os Tr\u00eas Santos Arcanjos: Miguel, Gabriel e Rafael . Neste dia 29 de setembro, a Igreja celebra a festa dos Arcanjos S\u00e3o Miguel, S\u00e3o Gabriel e S\u00e3o Rafael, que aparecem nas Sagradas Escrituras com miss\u00f5es importantes determinadas pelo pr\u00f3prio Deus.\u00a0 Os anjos s\u00e3o \u201cesp\u00edritos ao servi\u00e7o de Deus, que lhes confia miss\u00f5es para o bem [&hellip;]<\/p>\n","protected":false},"author":30,"featured_media":66046,"comment_status":"open","ping_status":"open","sticky":false,"template":"","format":"standard","meta":[],"categories":[20,2323,56,2547],"tags":[4661,3111,4662],"yoast_head":"<!-- This site is optimized with the Yoast SEO plugin v17.4 - https:\/\/yoast.com\/wordpress\/plugins\/seo\/ -->\n<title>Os Tr\u00eas Santos Arcanjos: Miguel, Gabriel e Rafael<\/title>\n<meta name=\"description\" content=\"Neste dia 29 de setembro a Igreja festeja os Tr\u00eas Santos Arcanjos: Miguel, Gabriel e Rafael. Conhe\u00e7a mais sobre eles clicando aqui.\" \/>\n<meta name=\"robots\" content=\"index, follow, max-snippet:-1, max-image-preview:large, max-video-preview:-1\" \/>\n<link rel=\"canonical\" href=\"https:\/\/www.adf.org.br\/home\/os-tres-santos-arcanjos-miguel-gabriel-e-rafael\/\" \/>\n<meta property=\"og:locale\" content=\"pt_BR\" \/>\n<meta property=\"og:type\" content=\"article\" \/>\n<meta property=\"og:title\" content=\"Os Tr\u00eas Santos Arcanjos: Miguel, Gabriel e Rafael\" \/>\n<meta property=\"og:description\" content=\"Neste dia 29 de setembro a Igreja festeja os Tr\u00eas Santos Arcanjos: Miguel, Gabriel e Rafael. Conhe\u00e7a mais sobre eles clicando aqui.\" \/>\n<meta property=\"og:url\" content=\"https:\/\/www.adf.org.br\/home\/os-tres-santos-arcanjos-miguel-gabriel-e-rafael\/\" \/>\n<meta property=\"og:site_name\" content=\"Associa\u00e7\u00e3o Devotos de F\u00e1tima\" \/>\n<meta property=\"article:published_time\" content=\"2021-09-29T10:55:25+00:00\" \/>\n<meta property=\"article:modified_time\" content=\"2021-09-28T20:33:17+00:00\" \/>\n<meta property=\"og:image\" content=\"https:\/\/www.adf.org.br\/home\/wp-content\/uploads\/2021\/09\/800px-Botticini_tobias_20190925191901802437_art_feat.jpg\" \/>\n\t<meta property=\"og:image:width\" content=\"600\" \/>\n\t<meta property=\"og:image:height\" content=\"519\" \/>\n<meta name=\"twitter:card\" content=\"summary_large_image\" \/>\n<meta name=\"twitter:label1\" content=\"Escrito por\" \/>\n\t<meta name=\"twitter:data1\" content=\"Luiz Felipe\" \/>\n\t<meta name=\"twitter:label2\" content=\"Est. tempo de leitura\" \/>\n\t<meta name=\"twitter:data2\" content=\"4 minutos\" \/>\n<script type=\"application\/ld+json\" class=\"yoast-schema-graph\">{\"@context\":\"https:\/\/schema.org\",\"@graph\":[{\"@type\":\"WebSite\",\"@id\":\"https:\/\/www.adf.org.br\/home\/#website\",\"url\":\"https:\/\/www.adf.org.br\/home\/\",\"name\":\"Associa\\u00e7\\u00e3o Devotos de F\\u00e1tima\",\"description\":\"Associa\\u00e7\\u00e3o Devotos de F\\u00e1tima\",\"potentialAction\":[{\"@type\":\"SearchAction\",\"target\":{\"@type\":\"EntryPoint\",\"urlTemplate\":\"https:\/\/www.adf.org.br\/home\/?s={search_term_string}\"},\"query-input\":\"required name=search_term_string\"}],\"inLanguage\":\"pt-BR\"},{\"@type\":\"ImageObject\",\"@id\":\"https:\/\/www.adf.org.br\/home\/os-tres-santos-arcanjos-miguel-gabriel-e-rafael\/#primaryimage\",\"inLanguage\":\"pt-BR\",\"url\":\"https:\/\/www.adf.org.br\/home\/wp-content\/uploads\/2021\/09\/800px-Botticini_tobias_20190925191901802437_art_feat.jpg\",\"contentUrl\":\"https:\/\/www.adf.org.br\/home\/wp-content\/uploads\/2021\/09\/800px-Botticini_tobias_20190925191901802437_art_feat.jpg\",\"width\":600,\"height\":519},{\"@type\":\"WebPage\",\"@id\":\"https:\/\/www.adf.org.br\/home\/os-tres-santos-arcanjos-miguel-gabriel-e-rafael\/#webpage\",\"url\":\"https:\/\/www.adf.org.br\/home\/os-tres-santos-arcanjos-miguel-gabriel-e-rafael\/\",\"name\":\"Os Tr\\u00eas Santos Arcanjos: Miguel, Gabriel e Rafael\",\"isPartOf\":{\"@id\":\"https:\/\/www.adf.org.br\/home\/#website\"},\"primaryImageOfPage\":{\"@id\":\"https:\/\/www.adf.org.br\/home\/os-tres-santos-arcanjos-miguel-gabriel-e-rafael\/#primaryimage\"},\"datePublished\":\"2021-09-29T10:55:25+00:00\",\"dateModified\":\"2021-09-28T20:33:17+00:00\",\"author\":{\"@id\":\"https:\/\/www.adf.org.br\/home\/#\/schema\/person\/1ad877d1f255f4637ee020b3b16138ee\"},\"description\":\"Neste dia 29 de setembro a Igreja festeja os Tr\\u00eas Santos Arcanjos: Miguel, Gabriel e Rafael. Conhe\\u00e7a mais sobre eles clicando aqui.\",\"breadcrumb\":{\"@id\":\"https:\/\/www.adf.org.br\/home\/os-tres-santos-arcanjos-miguel-gabriel-e-rafael\/#breadcrumb\"},\"inLanguage\":\"pt-BR\",\"potentialAction\":[{\"@type\":\"ReadAction\",\"target\":[\"https:\/\/www.adf.org.br\/home\/os-tres-santos-arcanjos-miguel-gabriel-e-rafael\/\"]}]},{\"@type\":\"BreadcrumbList\",\"@id\":\"https:\/\/www.adf.org.br\/home\/os-tres-santos-arcanjos-miguel-gabriel-e-rafael\/#breadcrumb\",\"itemListElement\":[{\"@type\":\"ListItem\",\"position\":1,\"name\":\"Home\",\"item\":\"https:\/\/www.adf.org.br\/home\/\"},{\"@type\":\"ListItem\",\"position\":2,\"name\":\"Os Tr\\u00eas Santos Arcanjos: Miguel, Gabriel e Rafael\"}]},{\"@type\":\"Person\",\"@id\":\"https:\/\/www.adf.org.br\/home\/#\/schema\/person\/1ad877d1f255f4637ee020b3b16138ee\",\"name\":\"Luiz Felipe\",\"image\":{\"@type\":\"ImageObject\",\"@id\":\"https:\/\/www.adf.org.br\/home\/#personlogo\",\"inLanguage\":\"pt-BR\",\"url\":\"https:\/\/secure.gravatar.com\/avatar\/f8f0a14d57a57f103e42363994b25ba9?s=96&d=mm&r=g\",\"contentUrl\":\"https:\/\/secure.gravatar.com\/avatar\/f8f0a14d57a57f103e42363994b25ba9?s=96&d=mm&r=g\",\"caption\":\"Luiz Felipe\"},\"url\":\"https:\/\/www.adf.org.br\/home\/author\/luiz-merencianopmk-com-br\/\"}]}<\/script>\n<!-- \/ Yoast SEO plugin. -->","yoast_head_json":{"title":"Os Tr\u00eas Santos Arcanjos: Miguel, Gabriel e Rafael","description":"Neste dia 29 de setembro a Igreja festeja os Tr\u00eas Santos Arcanjos: Miguel, Gabriel e Rafael. Conhe\u00e7a mais sobre eles clicando aqui.","robots":{"index":"index","follow":"follow","max-snippet":"max-snippet:-1","max-image-preview":"max-image-preview:large","max-video-preview":"max-video-preview:-1"},"canonical":"https:\/\/www.adf.org.br\/home\/os-tres-santos-arcanjos-miguel-gabriel-e-rafael\/","og_locale":"pt_BR","og_type":"article","og_title":"Os Tr\u00eas Santos Arcanjos: Miguel, Gabriel e Rafael","og_description":"Neste dia 29 de setembro a Igreja festeja os Tr\u00eas Santos Arcanjos: Miguel, Gabriel e Rafael. Conhe\u00e7a mais sobre eles clicando aqui.","og_url":"https:\/\/www.adf.org.br\/home\/os-tres-santos-arcanjos-miguel-gabriel-e-rafael\/","og_site_name":"Associa\u00e7\u00e3o Devotos de F\u00e1tima","article_published_time":"2021-09-29T10:55:25+00:00","article_modified_time":"2021-09-28T20:33:17+00:00","og_image":[{"width":600,"height":519,"url":"https:\/\/www.adf.org.br\/home\/wp-content\/uploads\/2021\/09\/800px-Botticini_tobias_20190925191901802437_art_feat.jpg","type":"image\/jpeg"}],"twitter_card":"summary_large_image","twitter_misc":{"Escrito por":"Luiz Felipe","Est. tempo de leitura":"4 minutos"},"schema":{"@context":"https:\/\/schema.org","@graph":[{"@type":"WebSite","@id":"https:\/\/www.adf.org.br\/home\/#website","url":"https:\/\/www.adf.org.br\/home\/","name":"Associa\u00e7\u00e3o Devotos de F\u00e1tima","description":"Associa\u00e7\u00e3o Devotos de F\u00e1tima","potentialAction":[{"@type":"SearchAction","target":{"@type":"EntryPoint","urlTemplate":"https:\/\/www.adf.org.br\/home\/?s={search_term_string}"},"query-input":"required name=search_term_string"}],"inLanguage":"pt-BR"},{"@type":"ImageObject","@id":"https:\/\/www.adf.org.br\/home\/os-tres-santos-arcanjos-miguel-gabriel-e-rafael\/#primaryimage","inLanguage":"pt-BR","url":"https:\/\/www.adf.org.br\/home\/wp-content\/uploads\/2021\/09\/800px-Botticini_tobias_20190925191901802437_art_feat.jpg","contentUrl":"https:\/\/www.adf.org.br\/home\/wp-content\/uploads\/2021\/09\/800px-Botticini_tobias_20190925191901802437_art_feat.jpg","width":600,"height":519},{"@type":"WebPage","@id":"https:\/\/www.adf.org.br\/home\/os-tres-santos-arcanjos-miguel-gabriel-e-rafael\/#webpage","url":"https:\/\/www.adf.org.br\/home\/os-tres-santos-arcanjos-miguel-gabriel-e-rafael\/","name":"Os Tr\u00eas Santos Arcanjos: Miguel, Gabriel e Rafael","isPartOf":{"@id":"https:\/\/www.adf.org.br\/home\/#website"},"primaryImageOfPage":{"@id":"https:\/\/www.adf.org.br\/home\/os-tres-santos-arcanjos-miguel-gabriel-e-rafael\/#primaryimage"},"datePublished":"2021-09-29T10:55:25+00:00","dateModified":"2021-09-28T20:33:17+00:00","author":{"@id":"https:\/\/www.adf.org.br\/home\/#\/schema\/person\/1ad877d1f255f4637ee020b3b16138ee"},"description":"Neste dia 29 de setembro a Igreja festeja os Tr\u00eas Santos Arcanjos: Miguel, Gabriel e Rafael. Conhe\u00e7a mais sobre eles clicando aqui.","breadcrumb":{"@id":"https:\/\/www.adf.org.br\/home\/os-tres-santos-arcanjos-miguel-gabriel-e-rafael\/#breadcrumb"},"inLanguage":"pt-BR","potentialAction":[{"@type":"ReadAction","target":["https:\/\/www.adf.org.br\/home\/os-tres-santos-arcanjos-miguel-gabriel-e-rafael\/"]}]},{"@type":"BreadcrumbList","@id":"https:\/\/www.adf.org.br\/home\/os-tres-santos-arcanjos-miguel-gabriel-e-rafael\/#breadcrumb","itemListElement":[{"@type":"ListItem","position":1,"name":"Home","item":"https:\/\/www.adf.org.br\/home\/"},{"@type":"ListItem","position":2,"name":"Os Tr\u00eas Santos Arcanjos: Miguel, Gabriel e Rafael"}]},{"@type":"Person","@id":"https:\/\/www.adf.org.br\/home\/#\/schema\/person\/1ad877d1f255f4637ee020b3b16138ee","name":"Luiz Felipe","image":{"@type":"ImageObject","@id":"https:\/\/www.adf.org.br\/home\/#personlogo","inLanguage":"pt-BR","url":"https:\/\/secure.gravatar.com\/avatar\/f8f0a14d57a57f103e42363994b25ba9?s=96&d=mm&r=g","contentUrl":"https:\/\/secure.gravatar.com\/avatar\/f8f0a14d57a57f103e42363994b25ba9?s=96&d=mm&r=g","caption":"Luiz Felipe"},"url":"https:\/\/www.adf.org.br\/home\/author\/luiz-merencianopmk-com-br\/"}]}},"_links":{"self":[{"href":"https:\/\/www.adf.org.br\/home\/wp-json\/wp\/v2\/posts\/66041"}],"collection":[{"href":"https:\/\/www.adf.org.br\/home\/wp-json\/wp\/v2\/posts"}],"about":[{"href":"https:\/\/www.adf.org.br\/home\/wp-json\/wp\/v2\/types\/post"}],"author":[{"embeddable":true,"href":"https:\/\/www.adf.org.br\/home\/wp-json\/wp\/v2\/users\/30"}],"replies":[{"embeddable":true,"href":"https:\/\/www.adf.org.br\/home\/wp-json\/wp\/v2\/comments?post=66041"}],"version-history":[{"count":2,"href":"https:\/\/www.adf.org.br\/home\/wp-json\/wp\/v2\/posts\/66041\/revisions"}],"predecessor-version":[{"id":66048,"href":"https:\/\/www.adf.org.br\/home\/wp-json\/wp\/v2\/posts\/66041\/revisions\/66048"}],"wp:featuredmedia":[{"embeddable":true,"href":"https:\/\/www.adf.org.br\/home\/wp-json\/wp\/v2\/media\/66046"}],"wp:attachment":[{"href":"https:\/\/www.adf.org.br\/home\/wp-json\/wp\/v2\/media?parent=66041"}],"wp:term":[{"taxonomy":"category","embeddable":true,"href":"https:\/\/www.adf.org.br\/home\/wp-json\/wp\/v2\/categories?post=66041"},{"taxonomy":"post_tag","embeddable":true,"href":"https:\/\/www.adf.org.br\/home\/wp-json\/wp\/v2\/tags?post=66041"}],"curies":[{"name":"wp","href":"https:\/\/api.w.org\/{rel}","templated":true}]}}