{"id":65892,"date":"2021-09-22T07:03:45","date_gmt":"2021-09-22T10:03:45","guid":{"rendered":"https:\/\/www.adf.org.br\/home\/?p=65892"},"modified":"2021-09-21T15:51:58","modified_gmt":"2021-09-21T18:51:58","slug":"o-terco-salvou-os-da-bomba-atomica-voce-nao-pode-deixar-de-ler-esse-testemunho","status":"publish","type":"post","link":"https:\/\/www.adf.org.br\/home\/o-terco-salvou-os-da-bomba-atomica-voce-nao-pode-deixar-de-ler-esse-testemunho\/","title":{"rendered":"O Ter\u00e7o salvou-os da bomba at\u00f4mica! Voc\u00ea n\u00e3o pode deixar de ler esse testemunho"},"content":{"rendered":"<h2 style=\"text-align: center;\"><span style=\"color: #000000;\">O Ter\u00e7o salvou-os da bomba at\u00f4mica! Voc\u00ea n\u00e3o pode deixar de ler esse testemunho<\/span><\/h2>\n<p><span style=\"color: #ffffff;\">.<\/span><\/p>\n<figure id=\"attachment_65982\" aria-describedby=\"caption-attachment-65982\" style=\"width: 680px\" class=\"wp-caption aligncenter\"><a href=\"https:\/\/www.adf.org.br\/home\/pagina-de-cadastro\/?origem=21000\" target=\"_blank\" rel=\"noopener\"><img loading=\"lazy\" class=\"wp-image-65982 size-full\" src=\"https:\/\/www.adf.org.br\/home\/wp-content\/uploads\/2021\/09\/hiroshimaruinas1945.jpg\" alt=\"\" width=\"680\" height=\"378\" srcset=\"https:\/\/www.adf.org.br\/home\/wp-content\/uploads\/2021\/09\/hiroshimaruinas1945.jpg 680w, https:\/\/www.adf.org.br\/home\/wp-content\/uploads\/2021\/09\/hiroshimaruinas1945-300x167.jpg 300w\" sizes=\"(max-width: 680px) 100vw, 680px\" \/><\/a><figcaption id=\"caption-attachment-65982\" class=\"wp-caption-text\"><center><span style=\"color: #000000;\">Imagem real do epicentro da bomba de Hiroshima com a Igreja onde viviam os jesu\u00edtas.<\/span><\/center><\/figcaption><\/figure>\n<div><\/div>\n<div><span lang=\"PT\" style=\"color: #000000;\"><span style=\"color: #800080; font-size: 32px;\"><strong>A<\/strong><\/span> 6 de Agosto de 1945, Festa da Transfigura\u00e7\u00e3o de Cristo, um bombardeiro americano largou uma bomba at\u00f3mica sobre a cidade de Hiroshima, no Jap\u00e3o. <\/span><\/div>\n<div><span style=\"color: #ffffff;\">.<\/span><\/div>\n<div><span style=\"color: #000000;\"><strong><span lang=\"PT\">A explos\u00e3o incandescente matou cerca de 60 mil homens, mulheres e crian\u00e7as. <\/span><span lang=\"PT\">Mas, no meio de toda aquela cat\u00e1strofe aconteceu um <span style=\"color: #0000ff;\"><a style=\"color: #0000ff;\" href=\"https:\/\/www.adf.org.br\/home\/pagina-de-cadastro\/?origem=21000\" target=\"_blank\" rel=\"noopener\">milagre<\/a><\/span> de que poucos ouviram falar. <\/span><\/strong><\/span><\/div>\n<div><span style=\"color: #ffffff;\">.<\/span><\/div>\n<div><span lang=\"PT\" style=\"color: #000000;\">A cerca de 1000 metros do \u201cground zero\u201d um edif\u00edcio ficou praticamente intacto, enquanto edif\u00edcios at\u00e9 3 vezes mais longe ficaram completamente destru\u00eddos. Tratava-se de uma igreja onde viviam 8 mission\u00e1rios, sacerdotes jesu\u00edtas. <\/span><\/div>\n<div><span style=\"color: #ffffff;\">.<\/span><\/div>\n<h4><span style=\"color: #800080;\"><strong><span lang=\"PT\">Conhecidos desde a\u00ed como \u201c<span style=\"color: #0000ff;\"><a style=\"color: #0000ff;\" href=\"https:\/\/www.adf.org.br\/home\/pagina-de-cadastro\/?origem=21000\" target=\"_blank\" rel=\"noopener\">os oito de Hiroshima<\/a><\/span>\u201d, estes Padres sa\u00edram praticamente ilesos quando a explos\u00e3o matou instantaneamente 86% das pessoas que se encontravam naquele raio de 1000 metros.<\/span><\/strong><\/span><\/h4>\n<div><span style=\"color: #ffffff;\">.<\/span><\/div>\n<div><span lang=\"PT\" style=\"color: #000000;\">Muitos outros morreram com os efeitos da radia\u00e7\u00e3o. Esses oito homens escaparam \u00e0 explos\u00e3o at\u00f3mica e viveram at\u00e9 uma idade avan\u00e7ada, sem contamina\u00e7\u00e3o radioativa. <\/span><\/div>\n<div><span style=\"color: #ffffff;\">.<\/span><\/div>\n<div><span style=\"color: #000000;\"><strong><span lang=\"PT\">Ao longo dos anos foram submetidos a mais de 200 testes para tentar encontrar efeitos da radia\u00e7\u00e3o e todos deram negativo.<\/span><\/strong><\/span><\/div>\n<div><span style=\"color: #ffffff;\">.<\/span><\/div>\n<div>\n<figure id=\"attachment_65983\" aria-describedby=\"caption-attachment-65983\" style=\"width: 2560px\" class=\"wp-caption alignnone\"><a href=\"https:\/\/www.adf.org.br\/home\/pagina-de-cadastro\/?origem=21000\" target=\"_blank\" rel=\"noopener\"><img loading=\"lazy\" class=\"wp-image-65983 size-full\" src=\"https:\/\/www.adf.org.br\/home\/wp-content\/uploads\/2021\/09\/jesuitas-hiroshima-scaled.jpg\" alt=\"\" width=\"2560\" height=\"640\" srcset=\"https:\/\/www.adf.org.br\/home\/wp-content\/uploads\/2021\/09\/jesuitas-hiroshima-scaled.jpg 2560w, https:\/\/www.adf.org.br\/home\/wp-content\/uploads\/2021\/09\/jesuitas-hiroshima-300x75.jpg 300w, https:\/\/www.adf.org.br\/home\/wp-content\/uploads\/2021\/09\/jesuitas-hiroshima-1024x256.jpg 1024w, https:\/\/www.adf.org.br\/home\/wp-content\/uploads\/2021\/09\/jesuitas-hiroshima-768x192.jpg 768w, https:\/\/www.adf.org.br\/home\/wp-content\/uploads\/2021\/09\/jesuitas-hiroshima-1536x384.jpg 1536w, https:\/\/www.adf.org.br\/home\/wp-content\/uploads\/2021\/09\/jesuitas-hiroshima-2048x512.jpg 2048w\" sizes=\"(max-width: 2560px) 100vw, 2560px\" \/><\/a><figcaption id=\"caption-attachment-65983\" class=\"wp-caption-text\"><center><span style=\"color: #000000;\">Quatro dos jesu\u00edtas miraculados: P. Hugo Lassalle, o superior na ocasi\u00e3o; P. Wilhelm Kleinsorge, P. Hubert Cieslik e P. Hubert Schiffer que estavam na Igreja no momento da explos\u00e3o da bomba at\u00f4mica.<\/span><\/center><\/figcaption><\/figure>\n<\/div>\n<div><span style=\"color: #ffffff;\">.<\/span><\/div>\n<div><span style=\"color: #000000;\">O padre Jesu\u00edta Hubert Schiffer, um dos sobreviventes, tinha 30 anos na altura da explos\u00e3o de Hiroshima em 1945.<\/span><\/div>\n<div><span style=\"color: #ffffff;\">.<\/span><\/div>\n<div><span style=\"color: #800080;\"><strong> Depois de celebrar o Santo Sacrif\u00edcio da <span style=\"color: #0000ff;\"><a style=\"color: #0000ff;\" href=\"https:\/\/www.adf.org.br\/home\/pagina-de-cadastro\/?origem=21000\" target=\"_blank\" rel=\"noopener\">Missa<\/a><\/span>, da festa da Transfigura\u00e7\u00e3o, sentou-se para o caf\u00e9 da manh\u00e3 quando todas as janelas brilharam com luz em todas as dire\u00e7\u00f5es.<\/strong><\/span><\/div>\n<div><span style=\"color: #ffffff;\">.<\/span><\/div>\n<div><span style=\"color: #000000;\">Aqui est\u00e1 a descri\u00e7\u00e3o do Padre Schiffer sobre o que aconteceu: \u201cUma explos\u00e3o assustadora encheu o ar com um violento choque como um trov\u00e3o. Uma for\u00e7a invis\u00edvel levantou-me da minha cadeira, arremessou-me atrav\u00e9s do ar, agitou-me, bateu-me, e arrastou-me a rodar e a rodar.<\/span><\/div>\n<div><span style=\"color: #ffffff;\">.<\/span><\/div>\n<div><span style=\"color: #000000;\"><strong>Ele teve algumas les\u00f5es menores, e os m\u00e9dicos do Ex\u00e9rcito Americano ainda confirmaram que ele e os seus sete companheiros n\u00e3o sofreram nem les\u00f5es graves nem danos de radia\u00e7\u00e3o.<\/strong><\/span><\/div>\n<div><span style=\"color: #ffffff;\">.<\/span><\/div>\n<div><span style=\"color: #000000;\">Quando lhe perguntaram porque \u00e9 que ele e os seus companheiros jesu\u00edtas sa\u00edram sem problemas enquanto que todas as outras pessoas \u00e0quela dist\u00e2ncia do <span lang=\"PT\">\u201c<\/span>ground zero\u201d tinha morrido, o Padre Schiffer respondeu: <\/span><\/div>\n<blockquote>\n<h3 style=\"text-align: center;\"><span style=\"color: #000000;\"><span style=\"color: #800080;\">\u201cN\u00f3s sobrevivemos porque est\u00e1vamos a viver a mensagem de <span style=\"color: #0000ff;\"><a style=\"color: #0000ff;\" href=\"https:\/\/www.adf.org.br\/home\/pagina-de-cadastro\/?origem=21000\" target=\"_blank\" rel=\"noopener\">F\u00e1tima<\/a><\/span>. N\u00f3s viv\u00edamos e rez\u00e1vamos o Ter\u00e7o diariamente em casa.\u201d<\/span><\/span><\/h3>\n<\/blockquote>\n<div><span style=\"color: #000000;\">Nagasaki, casa de dois ter\u00e7os dos Cat\u00f3licos japoneses, sofreu a segunda bomba at\u00f4mica a 9 de Agosto de 1945. Este cidade, que se tinha tornado a \u201ccapital japonesa do Catolicismo\u201d foi obliterada.<\/span><\/div>\n<h5 style=\"text-align: right;\">Fonte: Senza Pagare e Padre Paulo Ricardo<\/h5>\n<h3 style=\"text-align: center;\">****<\/h3>\n<p><a href=\"https:\/\/www.adf.org.br\/home\/pagina-de-cadastro\/?origem=21000\" target=\"_blank\" rel=\"noopener\"><img loading=\"lazy\" class=\"wp-image-65223 size-full aligncenter\" src=\"https:\/\/www.adf.org.br\/home\/wp-content\/uploads\/2021\/07\/boletim-adf.png\" alt=\"\" width=\"600\" height=\"200\" srcset=\"https:\/\/www.adf.org.br\/home\/wp-content\/uploads\/2021\/07\/boletim-adf.png 600w, https:\/\/www.adf.org.br\/home\/wp-content\/uploads\/2021\/07\/boletim-adf-300x100.png 300w\" sizes=\"(max-width: 600px) 100vw, 600px\" \/><\/a><\/p>\n","protected":false},"excerpt":{"rendered":"<p>O Ter\u00e7o salvou-os da bomba at\u00f4mica! Voc\u00ea n\u00e3o pode deixar de ler esse testemunho . A 6 de Agosto de 1945, Festa da Transfigura\u00e7\u00e3o de Cristo, um bombardeiro americano largou uma bomba at\u00f3mica sobre a cidade de Hiroshima, no Jap\u00e3o. . A explos\u00e3o incandescente matou cerca de 60 mil homens, mulheres e crian\u00e7as. Mas, no [&hellip;]<\/p>\n","protected":false},"author":30,"featured_media":65982,"comment_status":"open","ping_status":"open","sticky":false,"template":"","format":"standard","meta":[],"categories":[20,56,2510,2586],"tags":[184,1803,490],"yoast_head":"<!-- This site is optimized with the Yoast SEO plugin v17.4 - https:\/\/yoast.com\/wordpress\/plugins\/seo\/ -->\n<title>O Ter\u00e7o salvou-os da bomba at\u00f4mica! Voc\u00ea n\u00e3o pode deixar de ler esse testemunho<\/title>\n<meta name=\"description\" content=\"O Ter\u00e7o salvou oito jesu\u00edtas da bomba at\u00f4mica! Sabe por qu\u00ea? Eles rezavam o Ros\u00e1rio todos os dias. Voc\u00ea n\u00e3o pode deixar de ler esse testemunho. Clique aqui.\" \/>\n<meta name=\"robots\" content=\"index, follow, max-snippet:-1, max-image-preview:large, max-video-preview:-1\" \/>\n<link rel=\"canonical\" href=\"https:\/\/www.adf.org.br\/home\/o-terco-salvou-os-da-bomba-atomica-voce-nao-pode-deixar-de-ler-esse-testemunho\/\" \/>\n<meta property=\"og:locale\" content=\"pt_BR\" \/>\n<meta property=\"og:type\" content=\"article\" \/>\n<meta property=\"og:title\" content=\"O Ter\u00e7o salvou-os da bomba at\u00f4mica! Voc\u00ea n\u00e3o pode deixar de ler esse testemunho\" \/>\n<meta property=\"og:description\" content=\"O Ter\u00e7o salvou oito jesu\u00edtas da bomba at\u00f4mica! Sabe por qu\u00ea? Eles rezavam o Ros\u00e1rio todos os dias. Voc\u00ea n\u00e3o pode deixar de ler esse testemunho. Clique aqui.\" \/>\n<meta property=\"og:url\" content=\"https:\/\/www.adf.org.br\/home\/o-terco-salvou-os-da-bomba-atomica-voce-nao-pode-deixar-de-ler-esse-testemunho\/\" \/>\n<meta property=\"og:site_name\" content=\"Associa\u00e7\u00e3o Devotos de F\u00e1tima\" \/>\n<meta property=\"article:published_time\" content=\"2021-09-22T10:03:45+00:00\" \/>\n<meta property=\"article:modified_time\" content=\"2021-09-21T18:51:58+00:00\" \/>\n<meta property=\"og:image\" content=\"https:\/\/www.adf.org.br\/home\/wp-content\/uploads\/2021\/09\/hiroshimaruinas1945.jpg\" \/>\n\t<meta property=\"og:image:width\" content=\"680\" \/>\n\t<meta property=\"og:image:height\" content=\"378\" \/>\n<meta name=\"twitter:card\" content=\"summary_large_image\" \/>\n<meta name=\"twitter:label1\" content=\"Escrito por\" \/>\n\t<meta name=\"twitter:data1\" content=\"Luiz Felipe\" \/>\n\t<meta name=\"twitter:label2\" content=\"Est. tempo de leitura\" \/>\n\t<meta name=\"twitter:data2\" content=\"3 minutos\" \/>\n<script type=\"application\/ld+json\" class=\"yoast-schema-graph\">{\"@context\":\"https:\/\/schema.org\",\"@graph\":[{\"@type\":\"WebSite\",\"@id\":\"https:\/\/www.adf.org.br\/home\/#website\",\"url\":\"https:\/\/www.adf.org.br\/home\/\",\"name\":\"Associa\\u00e7\\u00e3o Devotos de F\\u00e1tima\",\"description\":\"Associa\\u00e7\\u00e3o Devotos de F\\u00e1tima\",\"potentialAction\":[{\"@type\":\"SearchAction\",\"target\":{\"@type\":\"EntryPoint\",\"urlTemplate\":\"https:\/\/www.adf.org.br\/home\/?s={search_term_string}\"},\"query-input\":\"required name=search_term_string\"}],\"inLanguage\":\"pt-BR\"},{\"@type\":\"ImageObject\",\"@id\":\"https:\/\/www.adf.org.br\/home\/o-terco-salvou-os-da-bomba-atomica-voce-nao-pode-deixar-de-ler-esse-testemunho\/#primaryimage\",\"inLanguage\":\"pt-BR\",\"url\":\"https:\/\/www.adf.org.br\/home\/wp-content\/uploads\/2021\/09\/hiroshimaruinas1945.jpg\",\"contentUrl\":\"https:\/\/www.adf.org.br\/home\/wp-content\/uploads\/2021\/09\/hiroshimaruinas1945.jpg\",\"width\":680,\"height\":378},{\"@type\":\"WebPage\",\"@id\":\"https:\/\/www.adf.org.br\/home\/o-terco-salvou-os-da-bomba-atomica-voce-nao-pode-deixar-de-ler-esse-testemunho\/#webpage\",\"url\":\"https:\/\/www.adf.org.br\/home\/o-terco-salvou-os-da-bomba-atomica-voce-nao-pode-deixar-de-ler-esse-testemunho\/\",\"name\":\"O Ter\\u00e7o salvou-os da bomba at\\u00f4mica! Voc\\u00ea n\\u00e3o pode deixar de ler esse testemunho\",\"isPartOf\":{\"@id\":\"https:\/\/www.adf.org.br\/home\/#website\"},\"primaryImageOfPage\":{\"@id\":\"https:\/\/www.adf.org.br\/home\/o-terco-salvou-os-da-bomba-atomica-voce-nao-pode-deixar-de-ler-esse-testemunho\/#primaryimage\"},\"datePublished\":\"2021-09-22T10:03:45+00:00\",\"dateModified\":\"2021-09-21T18:51:58+00:00\",\"author\":{\"@id\":\"https:\/\/www.adf.org.br\/home\/#\/schema\/person\/1ad877d1f255f4637ee020b3b16138ee\"},\"description\":\"O Ter\\u00e7o salvou oito jesu\\u00edtas da bomba at\\u00f4mica! Sabe por qu\\u00ea? Eles rezavam o Ros\\u00e1rio todos os dias. Voc\\u00ea n\\u00e3o pode deixar de ler esse testemunho. Clique aqui.\",\"breadcrumb\":{\"@id\":\"https:\/\/www.adf.org.br\/home\/o-terco-salvou-os-da-bomba-atomica-voce-nao-pode-deixar-de-ler-esse-testemunho\/#breadcrumb\"},\"inLanguage\":\"pt-BR\",\"potentialAction\":[{\"@type\":\"ReadAction\",\"target\":[\"https:\/\/www.adf.org.br\/home\/o-terco-salvou-os-da-bomba-atomica-voce-nao-pode-deixar-de-ler-esse-testemunho\/\"]}]},{\"@type\":\"BreadcrumbList\",\"@id\":\"https:\/\/www.adf.org.br\/home\/o-terco-salvou-os-da-bomba-atomica-voce-nao-pode-deixar-de-ler-esse-testemunho\/#breadcrumb\",\"itemListElement\":[{\"@type\":\"ListItem\",\"position\":1,\"name\":\"Home\",\"item\":\"https:\/\/www.adf.org.br\/home\/\"},{\"@type\":\"ListItem\",\"position\":2,\"name\":\"O Ter\\u00e7o salvou-os da bomba at\\u00f4mica! Voc\\u00ea n\\u00e3o pode deixar de ler esse testemunho\"}]},{\"@type\":\"Person\",\"@id\":\"https:\/\/www.adf.org.br\/home\/#\/schema\/person\/1ad877d1f255f4637ee020b3b16138ee\",\"name\":\"Luiz Felipe\",\"image\":{\"@type\":\"ImageObject\",\"@id\":\"https:\/\/www.adf.org.br\/home\/#personlogo\",\"inLanguage\":\"pt-BR\",\"url\":\"https:\/\/secure.gravatar.com\/avatar\/f8f0a14d57a57f103e42363994b25ba9?s=96&d=mm&r=g\",\"contentUrl\":\"https:\/\/secure.gravatar.com\/avatar\/f8f0a14d57a57f103e42363994b25ba9?s=96&d=mm&r=g\",\"caption\":\"Luiz Felipe\"},\"url\":\"https:\/\/www.adf.org.br\/home\/author\/luiz-merencianopmk-com-br\/\"}]}<\/script>\n<!-- \/ Yoast SEO plugin. -->","yoast_head_json":{"title":"O Ter\u00e7o salvou-os da bomba at\u00f4mica! Voc\u00ea n\u00e3o pode deixar de ler esse testemunho","description":"O Ter\u00e7o salvou oito jesu\u00edtas da bomba at\u00f4mica! Sabe por qu\u00ea? Eles rezavam o Ros\u00e1rio todos os dias. Voc\u00ea n\u00e3o pode deixar de ler esse testemunho. Clique aqui.","robots":{"index":"index","follow":"follow","max-snippet":"max-snippet:-1","max-image-preview":"max-image-preview:large","max-video-preview":"max-video-preview:-1"},"canonical":"https:\/\/www.adf.org.br\/home\/o-terco-salvou-os-da-bomba-atomica-voce-nao-pode-deixar-de-ler-esse-testemunho\/","og_locale":"pt_BR","og_type":"article","og_title":"O Ter\u00e7o salvou-os da bomba at\u00f4mica! Voc\u00ea n\u00e3o pode deixar de ler esse testemunho","og_description":"O Ter\u00e7o salvou oito jesu\u00edtas da bomba at\u00f4mica! Sabe por qu\u00ea? Eles rezavam o Ros\u00e1rio todos os dias. Voc\u00ea n\u00e3o pode deixar de ler esse testemunho. Clique aqui.","og_url":"https:\/\/www.adf.org.br\/home\/o-terco-salvou-os-da-bomba-atomica-voce-nao-pode-deixar-de-ler-esse-testemunho\/","og_site_name":"Associa\u00e7\u00e3o Devotos de F\u00e1tima","article_published_time":"2021-09-22T10:03:45+00:00","article_modified_time":"2021-09-21T18:51:58+00:00","og_image":[{"width":680,"height":378,"url":"https:\/\/www.adf.org.br\/home\/wp-content\/uploads\/2021\/09\/hiroshimaruinas1945.jpg","type":"image\/jpeg"}],"twitter_card":"summary_large_image","twitter_misc":{"Escrito por":"Luiz Felipe","Est. tempo de leitura":"3 minutos"},"schema":{"@context":"https:\/\/schema.org","@graph":[{"@type":"WebSite","@id":"https:\/\/www.adf.org.br\/home\/#website","url":"https:\/\/www.adf.org.br\/home\/","name":"Associa\u00e7\u00e3o Devotos de F\u00e1tima","description":"Associa\u00e7\u00e3o Devotos de F\u00e1tima","potentialAction":[{"@type":"SearchAction","target":{"@type":"EntryPoint","urlTemplate":"https:\/\/www.adf.org.br\/home\/?s={search_term_string}"},"query-input":"required name=search_term_string"}],"inLanguage":"pt-BR"},{"@type":"ImageObject","@id":"https:\/\/www.adf.org.br\/home\/o-terco-salvou-os-da-bomba-atomica-voce-nao-pode-deixar-de-ler-esse-testemunho\/#primaryimage","inLanguage":"pt-BR","url":"https:\/\/www.adf.org.br\/home\/wp-content\/uploads\/2021\/09\/hiroshimaruinas1945.jpg","contentUrl":"https:\/\/www.adf.org.br\/home\/wp-content\/uploads\/2021\/09\/hiroshimaruinas1945.jpg","width":680,"height":378},{"@type":"WebPage","@id":"https:\/\/www.adf.org.br\/home\/o-terco-salvou-os-da-bomba-atomica-voce-nao-pode-deixar-de-ler-esse-testemunho\/#webpage","url":"https:\/\/www.adf.org.br\/home\/o-terco-salvou-os-da-bomba-atomica-voce-nao-pode-deixar-de-ler-esse-testemunho\/","name":"O Ter\u00e7o salvou-os da bomba at\u00f4mica! Voc\u00ea n\u00e3o pode deixar de ler esse testemunho","isPartOf":{"@id":"https:\/\/www.adf.org.br\/home\/#website"},"primaryImageOfPage":{"@id":"https:\/\/www.adf.org.br\/home\/o-terco-salvou-os-da-bomba-atomica-voce-nao-pode-deixar-de-ler-esse-testemunho\/#primaryimage"},"datePublished":"2021-09-22T10:03:45+00:00","dateModified":"2021-09-21T18:51:58+00:00","author":{"@id":"https:\/\/www.adf.org.br\/home\/#\/schema\/person\/1ad877d1f255f4637ee020b3b16138ee"},"description":"O Ter\u00e7o salvou oito jesu\u00edtas da bomba at\u00f4mica! Sabe por qu\u00ea? Eles rezavam o Ros\u00e1rio todos os dias. Voc\u00ea n\u00e3o pode deixar de ler esse testemunho. Clique aqui.","breadcrumb":{"@id":"https:\/\/www.adf.org.br\/home\/o-terco-salvou-os-da-bomba-atomica-voce-nao-pode-deixar-de-ler-esse-testemunho\/#breadcrumb"},"inLanguage":"pt-BR","potentialAction":[{"@type":"ReadAction","target":["https:\/\/www.adf.org.br\/home\/o-terco-salvou-os-da-bomba-atomica-voce-nao-pode-deixar-de-ler-esse-testemunho\/"]}]},{"@type":"BreadcrumbList","@id":"https:\/\/www.adf.org.br\/home\/o-terco-salvou-os-da-bomba-atomica-voce-nao-pode-deixar-de-ler-esse-testemunho\/#breadcrumb","itemListElement":[{"@type":"ListItem","position":1,"name":"Home","item":"https:\/\/www.adf.org.br\/home\/"},{"@type":"ListItem","position":2,"name":"O Ter\u00e7o salvou-os da bomba at\u00f4mica! Voc\u00ea n\u00e3o pode deixar de ler esse testemunho"}]},{"@type":"Person","@id":"https:\/\/www.adf.org.br\/home\/#\/schema\/person\/1ad877d1f255f4637ee020b3b16138ee","name":"Luiz Felipe","image":{"@type":"ImageObject","@id":"https:\/\/www.adf.org.br\/home\/#personlogo","inLanguage":"pt-BR","url":"https:\/\/secure.gravatar.com\/avatar\/f8f0a14d57a57f103e42363994b25ba9?s=96&d=mm&r=g","contentUrl":"https:\/\/secure.gravatar.com\/avatar\/f8f0a14d57a57f103e42363994b25ba9?s=96&d=mm&r=g","caption":"Luiz Felipe"},"url":"https:\/\/www.adf.org.br\/home\/author\/luiz-merencianopmk-com-br\/"}]}},"_links":{"self":[{"href":"https:\/\/www.adf.org.br\/home\/wp-json\/wp\/v2\/posts\/65892"}],"collection":[{"href":"https:\/\/www.adf.org.br\/home\/wp-json\/wp\/v2\/posts"}],"about":[{"href":"https:\/\/www.adf.org.br\/home\/wp-json\/wp\/v2\/types\/post"}],"author":[{"embeddable":true,"href":"https:\/\/www.adf.org.br\/home\/wp-json\/wp\/v2\/users\/30"}],"replies":[{"embeddable":true,"href":"https:\/\/www.adf.org.br\/home\/wp-json\/wp\/v2\/comments?post=65892"}],"version-history":[{"count":6,"href":"https:\/\/www.adf.org.br\/home\/wp-json\/wp\/v2\/posts\/65892\/revisions"}],"predecessor-version":[{"id":65988,"href":"https:\/\/www.adf.org.br\/home\/wp-json\/wp\/v2\/posts\/65892\/revisions\/65988"}],"wp:featuredmedia":[{"embeddable":true,"href":"https:\/\/www.adf.org.br\/home\/wp-json\/wp\/v2\/media\/65982"}],"wp:attachment":[{"href":"https:\/\/www.adf.org.br\/home\/wp-json\/wp\/v2\/media?parent=65892"}],"wp:term":[{"taxonomy":"category","embeddable":true,"href":"https:\/\/www.adf.org.br\/home\/wp-json\/wp\/v2\/categories?post=65892"},{"taxonomy":"post_tag","embeddable":true,"href":"https:\/\/www.adf.org.br\/home\/wp-json\/wp\/v2\/tags?post=65892"}],"curies":[{"name":"wp","href":"https:\/\/api.w.org\/{rel}","templated":true}]}}