{"id":65851,"date":"2021-09-16T00:01:06","date_gmt":"2021-09-16T03:01:06","guid":{"rendered":"https:\/\/www.adf.org.br\/home\/?p=65851"},"modified":"2021-09-14T15:38:18","modified_gmt":"2021-09-14T18:38:18","slug":"momento-da-oracao-memorare-ou-lembrai-vos","status":"publish","type":"post","link":"https:\/\/www.adf.org.br\/home\/momento-da-oracao-memorare-ou-lembrai-vos\/","title":{"rendered":"Momento da Ora\u00e7\u00e3o: Memorare ou Lembrai-vos"},"content":{"rendered":"<h2 style=\"text-align: center;\"><span style=\"color: #000000;\">Momento da Ora\u00e7\u00e3o: Memorare ou Lembrai-vos<\/span><\/h2>\n<p>&nbsp;<\/p>\n<figure id=\"attachment_65370\" aria-describedby=\"caption-attachment-65370\" style=\"width: 539px\" class=\"wp-caption aligncenter\"><a href=\"https:\/\/adf.org.br\/velario\/?origem=20898\" target=\"_blank\" rel=\"noopener noreferrer\"><img loading=\"lazy\" class=\"wp-image-65370\" src=\"https:\/\/www.adf.org.br\/home\/wp-content\/uploads\/2021\/07\/Brooklyn_Museum_-_Our_Lady_of_the_Rosary_with_Saints-e1570308636827-300x202.jpg\" alt=\"\" width=\"539\" height=\"363\" srcset=\"https:\/\/www.adf.org.br\/home\/wp-content\/uploads\/2021\/07\/Brooklyn_Museum_-_Our_Lady_of_the_Rosary_with_Saints-e1570308636827-300x202.jpg 300w, https:\/\/www.adf.org.br\/home\/wp-content\/uploads\/2021\/07\/Brooklyn_Museum_-_Our_Lady_of_the_Rosary_with_Saints-e1570308636827.jpg 768w\" sizes=\"(max-width: 539px) 100vw, 539px\" \/><\/a><figcaption id=\"caption-attachment-65370\" class=\"wp-caption-text\"><center><span style=\"color: #000000;\">Nossa Senhora, rogai por n\u00f3s<\/span><\/center><\/figcaption><\/figure>\n<h3 style=\"text-align: center;\"><span style=\"color: #000000;\"><b>Lembrai-vos (<\/b><b><i>Memorare<\/i><\/b><b>)<\/b><\/span><\/h3>\n<h4 style=\"text-align: center;\"><span style=\"color: #000000;\"><em>( S\u00e3o Bernardo de Claraval)<\/em><\/span><\/h4>\n<h4 style=\"text-align: center;\"><span style=\"color: #ffffff;\">.<\/span><\/h4>\n<p style=\"text-align: center;\"><span style=\"color: #000000;\"><em><span style=\"color: #800080;\"><strong>Lembrai-vos, \u00f3 pur\u00edssima <a href=\"https:\/\/adf.org.br\/velario\/?origem=20898\" target=\"_blank\" rel=\"noopener noreferrer\"><span style=\"color: #0000ff;\">Virgem Maria<\/span><\/a>,<\/strong><\/span><br \/>\nde que nunca se ouviu dizer<br \/>\nque algum dos que recorreram \u00e0 vossa prote\u00e7\u00e3o,<br \/>\nimploraram a vossa assist\u00eancia<br \/>\ne clamaram por vosso socorro<br \/>\ntenha sido por V\u00f3s desamparado.<\/em><\/span><\/p>\n<p style=\"text-align: center;\"><span style=\"color: #ffffff;\">.<\/span><\/p>\n<p style=\"text-align: center;\"><span style=\"color: #000000;\"><em><span style=\"color: #800080;\"><strong>Animado eu, pois, com igual confian\u00e7a,<\/strong><\/span><br \/>\na V\u00f3s, \u00f3 <span style=\"color: #0000ff;\"><a style=\"color: #0000ff;\" href=\"https:\/\/adf.org.br\/velario\/?origem=20898\" target=\"_blank\" rel=\"noopener noreferrer\">Virgem<\/a><\/span> entre todas singular,<br \/>\ncomo \u00e0 M\u00e3e recorro, de V\u00f3s me valho e,<br \/>\ngemendo sob o peso dos meus pecados,<br \/>\nme prostro aos vossos p\u00e9s.<\/em><\/span><\/p>\n<p style=\"text-align: center;\"><span style=\"color: #ffffff;\">.<\/span><\/p>\n<p style=\"text-align: center;\"><span style=\"color: #000000;\"><em><span style=\"color: #800080;\"><strong>N\u00e3o rejeiteis as minhas s\u00faplicas,<\/strong><\/span><br \/>\n\u00f3 <span style=\"color: #0000ff;\"><a style=\"color: #0000ff;\" href=\"https:\/\/adf.org.br\/velario\/?origem=20898\" target=\"_blank\" rel=\"noopener noreferrer\">M\u00e3e do Verbo de Deus<\/a><\/span> humanado,<br \/>\nmas dignai-Vos de as ouvir prop\u00edcia,<br \/>\ne de me alcan\u00e7ar o que vos rogo.<\/em><\/span><\/p>\n<p style=\"text-align: center;\"><span style=\"color: #000000;\"><em><strong>Am\u00e9m.<\/strong><\/em><\/span><\/p>\n<h3 style=\"text-align: center;\"><span style=\"color: #000000;\">****<\/span><\/h3>\n<p><span style=\"color: #000000;\"><strong>Est\u00e1 precisando de alguma gra\u00e7a que precisa urgentemente ser alcan\u00e7ada?<\/strong><\/span><\/p>\n<p><span style=\"color: #000000;\">Confie na Virgem Sant\u00edssima pois Ela nunca desampara seus filhos!<\/span><\/p>\n<p><span style=\"color: #000000;\">Acenda <span style=\"color: #0000ff;\"><a style=\"color: #0000ff;\" href=\"https:\/\/adf.org.br\/velario\/?origem=20898\" target=\"_blank\" rel=\"noopener noreferrer\"><strong>aqui<\/strong><\/a> <\/span>(ou no bot\u00e3o abaixo) sua <strong><span style=\"text-decoration: underline;\"><span style=\"color: #800080; text-decoration: underline;\">Vela dos Pedidos Urgentes pela intercess\u00e3o de Maria<\/span><\/span><\/strong> e tenha seu nome e suas inten\u00e7\u00f5es inscritos na missa do pr\u00f3ximo s\u00e1bado.<\/span><\/p>\n<p><a href=\"https:\/\/adf.org.br\/velario\/?origem=20898\" target=\"_blank\" rel=\"noopener noreferrer\"><img loading=\"lazy\" class=\"size-medium wp-image-65354 aligncenter\" src=\"https:\/\/www.adf.org.br\/home\/wp-content\/uploads\/2021\/07\/Bot\u00e3o-ADF-Vel\u00e1rio-F\u00e1tima-300x173.jpg\" alt=\"\" width=\"300\" height=\"173\" srcset=\"https:\/\/www.adf.org.br\/home\/wp-content\/uploads\/2021\/07\/Bot\u00e3o-ADF-Vel\u00e1rio-F\u00e1tima-300x173.jpg 300w, https:\/\/www.adf.org.br\/home\/wp-content\/uploads\/2021\/07\/Bot\u00e3o-ADF-Vel\u00e1rio-F\u00e1tima.jpg 606w\" sizes=\"(max-width: 300px) 100vw, 300px\" \/><\/a><\/p>\n","protected":false},"excerpt":{"rendered":"<p>Momento da Ora\u00e7\u00e3o: Memorare ou Lembrai-vos &nbsp; Lembrai-vos (Memorare) ( S\u00e3o Bernardo de Claraval) . Lembrai-vos, \u00f3 pur\u00edssima Virgem Maria, de que nunca se ouviu dizer que algum dos que recorreram \u00e0 vossa prote\u00e7\u00e3o, imploraram a vossa assist\u00eancia e clamaram por vosso socorro tenha sido por V\u00f3s desamparado. . Animado eu, pois, com igual confian\u00e7a, [&hellip;]<\/p>\n","protected":false},"author":30,"featured_media":65370,"comment_status":"open","ping_status":"open","sticky":false,"template":"","format":"standard","meta":[],"categories":[20,56,14,2332],"tags":[2569,142,2571],"yoast_head":"<!-- This site is optimized with the Yoast SEO plugin v17.4 - https:\/\/yoast.com\/wordpress\/plugins\/seo\/ -->\n<title>Momento da Ora\u00e7\u00e3o: Memorare ou Lembrai-vos<\/title>\n<meta name=\"description\" content=\"Momento da Ora\u00e7\u00e3o: reze conosco a famosa e poderosa ora\u00e7\u00e3o do Memorare ou Lembrai-vos composta pro S\u00e3o Bernardo clicando aqui.\" \/>\n<meta name=\"robots\" content=\"index, follow, max-snippet:-1, max-image-preview:large, max-video-preview:-1\" \/>\n<link rel=\"canonical\" href=\"https:\/\/www.adf.org.br\/home\/momento-da-oracao-memorare-ou-lembrai-vos\/\" \/>\n<meta property=\"og:locale\" content=\"pt_BR\" \/>\n<meta property=\"og:type\" content=\"article\" \/>\n<meta property=\"og:title\" content=\"Momento da Ora\u00e7\u00e3o: Memorare ou Lembrai-vos\" \/>\n<meta property=\"og:description\" content=\"Momento da Ora\u00e7\u00e3o: reze conosco a famosa e poderosa ora\u00e7\u00e3o do Memorare ou Lembrai-vos composta pro S\u00e3o Bernardo clicando aqui.\" \/>\n<meta property=\"og:url\" content=\"https:\/\/www.adf.org.br\/home\/momento-da-oracao-memorare-ou-lembrai-vos\/\" \/>\n<meta property=\"og:site_name\" content=\"Associa\u00e7\u00e3o Devotos de F\u00e1tima\" \/>\n<meta property=\"article:published_time\" content=\"2021-09-16T03:01:06+00:00\" \/>\n<meta property=\"article:modified_time\" content=\"2021-09-14T18:38:18+00:00\" \/>\n<meta property=\"og:image\" content=\"https:\/\/www.adf.org.br\/home\/wp-content\/uploads\/2021\/07\/Brooklyn_Museum_-_Our_Lady_of_the_Rosary_with_Saints-e1570308636827.jpg\" \/>\n\t<meta property=\"og:image:width\" content=\"768\" \/>\n\t<meta property=\"og:image:height\" content=\"516\" \/>\n<meta name=\"twitter:card\" content=\"summary_large_image\" \/>\n<meta name=\"twitter:label1\" content=\"Escrito por\" \/>\n\t<meta name=\"twitter:data1\" content=\"Luiz Felipe\" \/>\n\t<meta name=\"twitter:label2\" content=\"Est. tempo de leitura\" \/>\n\t<meta name=\"twitter:data2\" content=\"1 minuto\" \/>\n<script type=\"application\/ld+json\" class=\"yoast-schema-graph\">{\"@context\":\"https:\/\/schema.org\",\"@graph\":[{\"@type\":\"WebSite\",\"@id\":\"https:\/\/www.adf.org.br\/home\/#website\",\"url\":\"https:\/\/www.adf.org.br\/home\/\",\"name\":\"Associa\\u00e7\\u00e3o Devotos de F\\u00e1tima\",\"description\":\"Associa\\u00e7\\u00e3o Devotos de F\\u00e1tima\",\"potentialAction\":[{\"@type\":\"SearchAction\",\"target\":{\"@type\":\"EntryPoint\",\"urlTemplate\":\"https:\/\/www.adf.org.br\/home\/?s={search_term_string}\"},\"query-input\":\"required name=search_term_string\"}],\"inLanguage\":\"pt-BR\"},{\"@type\":\"ImageObject\",\"@id\":\"https:\/\/www.adf.org.br\/home\/momento-da-oracao-memorare-ou-lembrai-vos\/#primaryimage\",\"inLanguage\":\"pt-BR\",\"url\":\"https:\/\/www.adf.org.br\/home\/wp-content\/uploads\/2021\/07\/Brooklyn_Museum_-_Our_Lady_of_the_Rosary_with_Saints-e1570308636827.jpg\",\"contentUrl\":\"https:\/\/www.adf.org.br\/home\/wp-content\/uploads\/2021\/07\/Brooklyn_Museum_-_Our_Lady_of_the_Rosary_with_Saints-e1570308636827.jpg\",\"width\":768,\"height\":516},{\"@type\":\"WebPage\",\"@id\":\"https:\/\/www.adf.org.br\/home\/momento-da-oracao-memorare-ou-lembrai-vos\/#webpage\",\"url\":\"https:\/\/www.adf.org.br\/home\/momento-da-oracao-memorare-ou-lembrai-vos\/\",\"name\":\"Momento da Ora\\u00e7\\u00e3o: Memorare ou Lembrai-vos\",\"isPartOf\":{\"@id\":\"https:\/\/www.adf.org.br\/home\/#website\"},\"primaryImageOfPage\":{\"@id\":\"https:\/\/www.adf.org.br\/home\/momento-da-oracao-memorare-ou-lembrai-vos\/#primaryimage\"},\"datePublished\":\"2021-09-16T03:01:06+00:00\",\"dateModified\":\"2021-09-14T18:38:18+00:00\",\"author\":{\"@id\":\"https:\/\/www.adf.org.br\/home\/#\/schema\/person\/1ad877d1f255f4637ee020b3b16138ee\"},\"description\":\"Momento da Ora\\u00e7\\u00e3o: reze conosco a famosa e poderosa ora\\u00e7\\u00e3o do Memorare ou Lembrai-vos composta pro S\\u00e3o Bernardo clicando aqui.\",\"breadcrumb\":{\"@id\":\"https:\/\/www.adf.org.br\/home\/momento-da-oracao-memorare-ou-lembrai-vos\/#breadcrumb\"},\"inLanguage\":\"pt-BR\",\"potentialAction\":[{\"@type\":\"ReadAction\",\"target\":[\"https:\/\/www.adf.org.br\/home\/momento-da-oracao-memorare-ou-lembrai-vos\/\"]}]},{\"@type\":\"BreadcrumbList\",\"@id\":\"https:\/\/www.adf.org.br\/home\/momento-da-oracao-memorare-ou-lembrai-vos\/#breadcrumb\",\"itemListElement\":[{\"@type\":\"ListItem\",\"position\":1,\"name\":\"Home\",\"item\":\"https:\/\/www.adf.org.br\/home\/\"},{\"@type\":\"ListItem\",\"position\":2,\"name\":\"Momento da Ora\\u00e7\\u00e3o: Memorare ou Lembrai-vos\"}]},{\"@type\":\"Person\",\"@id\":\"https:\/\/www.adf.org.br\/home\/#\/schema\/person\/1ad877d1f255f4637ee020b3b16138ee\",\"name\":\"Luiz Felipe\",\"image\":{\"@type\":\"ImageObject\",\"@id\":\"https:\/\/www.adf.org.br\/home\/#personlogo\",\"inLanguage\":\"pt-BR\",\"url\":\"https:\/\/secure.gravatar.com\/avatar\/f8f0a14d57a57f103e42363994b25ba9?s=96&d=mm&r=g\",\"contentUrl\":\"https:\/\/secure.gravatar.com\/avatar\/f8f0a14d57a57f103e42363994b25ba9?s=96&d=mm&r=g\",\"caption\":\"Luiz Felipe\"},\"url\":\"https:\/\/www.adf.org.br\/home\/author\/luiz-merencianopmk-com-br\/\"}]}<\/script>\n<!-- \/ Yoast SEO plugin. -->","yoast_head_json":{"title":"Momento da Ora\u00e7\u00e3o: Memorare ou Lembrai-vos","description":"Momento da Ora\u00e7\u00e3o: reze conosco a famosa e poderosa ora\u00e7\u00e3o do Memorare ou Lembrai-vos composta pro S\u00e3o Bernardo clicando aqui.","robots":{"index":"index","follow":"follow","max-snippet":"max-snippet:-1","max-image-preview":"max-image-preview:large","max-video-preview":"max-video-preview:-1"},"canonical":"https:\/\/www.adf.org.br\/home\/momento-da-oracao-memorare-ou-lembrai-vos\/","og_locale":"pt_BR","og_type":"article","og_title":"Momento da Ora\u00e7\u00e3o: Memorare ou Lembrai-vos","og_description":"Momento da Ora\u00e7\u00e3o: reze conosco a famosa e poderosa ora\u00e7\u00e3o do Memorare ou Lembrai-vos composta pro S\u00e3o Bernardo clicando aqui.","og_url":"https:\/\/www.adf.org.br\/home\/momento-da-oracao-memorare-ou-lembrai-vos\/","og_site_name":"Associa\u00e7\u00e3o Devotos de F\u00e1tima","article_published_time":"2021-09-16T03:01:06+00:00","article_modified_time":"2021-09-14T18:38:18+00:00","og_image":[{"width":768,"height":516,"url":"https:\/\/www.adf.org.br\/home\/wp-content\/uploads\/2021\/07\/Brooklyn_Museum_-_Our_Lady_of_the_Rosary_with_Saints-e1570308636827.jpg","type":"image\/jpeg"}],"twitter_card":"summary_large_image","twitter_misc":{"Escrito por":"Luiz Felipe","Est. tempo de leitura":"1 minuto"},"schema":{"@context":"https:\/\/schema.org","@graph":[{"@type":"WebSite","@id":"https:\/\/www.adf.org.br\/home\/#website","url":"https:\/\/www.adf.org.br\/home\/","name":"Associa\u00e7\u00e3o Devotos de F\u00e1tima","description":"Associa\u00e7\u00e3o Devotos de F\u00e1tima","potentialAction":[{"@type":"SearchAction","target":{"@type":"EntryPoint","urlTemplate":"https:\/\/www.adf.org.br\/home\/?s={search_term_string}"},"query-input":"required name=search_term_string"}],"inLanguage":"pt-BR"},{"@type":"ImageObject","@id":"https:\/\/www.adf.org.br\/home\/momento-da-oracao-memorare-ou-lembrai-vos\/#primaryimage","inLanguage":"pt-BR","url":"https:\/\/www.adf.org.br\/home\/wp-content\/uploads\/2021\/07\/Brooklyn_Museum_-_Our_Lady_of_the_Rosary_with_Saints-e1570308636827.jpg","contentUrl":"https:\/\/www.adf.org.br\/home\/wp-content\/uploads\/2021\/07\/Brooklyn_Museum_-_Our_Lady_of_the_Rosary_with_Saints-e1570308636827.jpg","width":768,"height":516},{"@type":"WebPage","@id":"https:\/\/www.adf.org.br\/home\/momento-da-oracao-memorare-ou-lembrai-vos\/#webpage","url":"https:\/\/www.adf.org.br\/home\/momento-da-oracao-memorare-ou-lembrai-vos\/","name":"Momento da Ora\u00e7\u00e3o: Memorare ou Lembrai-vos","isPartOf":{"@id":"https:\/\/www.adf.org.br\/home\/#website"},"primaryImageOfPage":{"@id":"https:\/\/www.adf.org.br\/home\/momento-da-oracao-memorare-ou-lembrai-vos\/#primaryimage"},"datePublished":"2021-09-16T03:01:06+00:00","dateModified":"2021-09-14T18:38:18+00:00","author":{"@id":"https:\/\/www.adf.org.br\/home\/#\/schema\/person\/1ad877d1f255f4637ee020b3b16138ee"},"description":"Momento da Ora\u00e7\u00e3o: reze conosco a famosa e poderosa ora\u00e7\u00e3o do Memorare ou Lembrai-vos composta pro S\u00e3o Bernardo clicando aqui.","breadcrumb":{"@id":"https:\/\/www.adf.org.br\/home\/momento-da-oracao-memorare-ou-lembrai-vos\/#breadcrumb"},"inLanguage":"pt-BR","potentialAction":[{"@type":"ReadAction","target":["https:\/\/www.adf.org.br\/home\/momento-da-oracao-memorare-ou-lembrai-vos\/"]}]},{"@type":"BreadcrumbList","@id":"https:\/\/www.adf.org.br\/home\/momento-da-oracao-memorare-ou-lembrai-vos\/#breadcrumb","itemListElement":[{"@type":"ListItem","position":1,"name":"Home","item":"https:\/\/www.adf.org.br\/home\/"},{"@type":"ListItem","position":2,"name":"Momento da Ora\u00e7\u00e3o: Memorare ou Lembrai-vos"}]},{"@type":"Person","@id":"https:\/\/www.adf.org.br\/home\/#\/schema\/person\/1ad877d1f255f4637ee020b3b16138ee","name":"Luiz Felipe","image":{"@type":"ImageObject","@id":"https:\/\/www.adf.org.br\/home\/#personlogo","inLanguage":"pt-BR","url":"https:\/\/secure.gravatar.com\/avatar\/f8f0a14d57a57f103e42363994b25ba9?s=96&d=mm&r=g","contentUrl":"https:\/\/secure.gravatar.com\/avatar\/f8f0a14d57a57f103e42363994b25ba9?s=96&d=mm&r=g","caption":"Luiz Felipe"},"url":"https:\/\/www.adf.org.br\/home\/author\/luiz-merencianopmk-com-br\/"}]}},"_links":{"self":[{"href":"https:\/\/www.adf.org.br\/home\/wp-json\/wp\/v2\/posts\/65851"}],"collection":[{"href":"https:\/\/www.adf.org.br\/home\/wp-json\/wp\/v2\/posts"}],"about":[{"href":"https:\/\/www.adf.org.br\/home\/wp-json\/wp\/v2\/types\/post"}],"author":[{"embeddable":true,"href":"https:\/\/www.adf.org.br\/home\/wp-json\/wp\/v2\/users\/30"}],"replies":[{"embeddable":true,"href":"https:\/\/www.adf.org.br\/home\/wp-json\/wp\/v2\/comments?post=65851"}],"version-history":[{"count":3,"href":"https:\/\/www.adf.org.br\/home\/wp-json\/wp\/v2\/posts\/65851\/revisions"}],"predecessor-version":[{"id":65854,"href":"https:\/\/www.adf.org.br\/home\/wp-json\/wp\/v2\/posts\/65851\/revisions\/65854"}],"wp:featuredmedia":[{"embeddable":true,"href":"https:\/\/www.adf.org.br\/home\/wp-json\/wp\/v2\/media\/65370"}],"wp:attachment":[{"href":"https:\/\/www.adf.org.br\/home\/wp-json\/wp\/v2\/media?parent=65851"}],"wp:term":[{"taxonomy":"category","embeddable":true,"href":"https:\/\/www.adf.org.br\/home\/wp-json\/wp\/v2\/categories?post=65851"},{"taxonomy":"post_tag","embeddable":true,"href":"https:\/\/www.adf.org.br\/home\/wp-json\/wp\/v2\/tags?post=65851"}],"curies":[{"name":"wp","href":"https:\/\/api.w.org\/{rel}","templated":true}]}}