{"id":65842,"date":"2025-09-15T06:00:53","date_gmt":"2025-09-15T09:00:53","guid":{"rendered":"https:\/\/www.adf.org.br\/home\/?p=65842"},"modified":"2025-09-08T14:42:03","modified_gmt":"2025-09-08T17:42:03","slug":"nossa-senhora-das-dores","status":"publish","type":"post","link":"https:\/\/www.adf.org.br\/home\/nossa-senhora-das-dores\/","title":{"rendered":"Nossa Senhora das Dores"},"content":{"rendered":"<blockquote>\n<h2 style=\"text-align: center;\">&#8220;Nossa Senhora das Dores, quando as dores vierem e os sofrimentos chegarem, n\u00e3o me deixe desanimar&#8221;<\/h2>\n<\/blockquote>\n<p style=\"text-align: center;\"><span style=\"color: #ffffff;\">.<\/span><\/p>\n<figure id=\"attachment_65843\" aria-describedby=\"caption-attachment-65843\" style=\"width: 693px\" class=\"wp-caption aligncenter\"><a href=\"https:\/\/www.adf.org.br\/home\/pagina-de-cadastro\/?origem=20889\" target=\"_blank\" rel=\"noopener noreferrer\"><img loading=\"lazy\" class=\"wp-image-65843 size-medium aligncenter\" src=\"https:\/\/www.adf.org.br\/home\/wp-content\/uploads\/2021\/09\/Addolorata-300x162.jpg\" alt=\"\" width=\"693\" height=\"390\" \/><\/a><figcaption id=\"caption-attachment-65843\" class=\"wp-caption-text\"><center><span style=\"color: #000000;\">Nossa Senhora das Dores, rogai por n\u00f3s<\/span><\/center><\/figcaption><\/figure>\n<p><span style=\"font-weight: 400; color: #000000;\"><span style=\"color: #800080; font-size: 32px;\"><strong>A<\/strong><\/span> <\/span>Igreja celebra neste dia, a Virgem Maria na sua compaix\u00e3o e nas suas sete dores que tiveram como \u00e1pice a Paix\u00e3o e Morte do Seu Divino Filho.<\/p>\n<p><strong><span style=\"color: #000000;\">Celebramos a paci\u00eancia e a for\u00e7a com que Nossa Senhora assistiu \u00e0 crucifix\u00e3o e morte de seu Filho deixando-se atravessar pela espada de dor que lhe profetizara o santo profeta Sime\u00e3o.\u00a0<\/span><\/strong><\/p>\n<p><span style=\"font-weight: 400; color: #000000;\">Esta mem\u00f3ria, celebrada desde o s\u00e9culo XIII na Ordem dos Servos de Maria, foi estendida a toda a Igreja pelo papa Pio VII, para comemorar sua liberta\u00e7\u00e3o do cativeiro onde esteve sob o jugo de Napole\u00e3o Bonaparte, o \u00edmpio imperador franc\u00eas.<\/span><\/p>\n<figure id=\"attachment_65844\" aria-describedby=\"caption-attachment-65844\" style=\"width: 229px\" class=\"wp-caption alignleft\"><a href=\"https:\/\/www.adf.org.br\/home\/pagina-de-cadastro\/?origem=20889\" target=\"_blank\" rel=\"noopener noreferrer\"><img loading=\"lazy\" class=\"wp-image-65844\" src=\"https:\/\/www.adf.org.br\/home\/wp-content\/uploads\/2021\/09\/Doloroso-e-Imaculado-Cora\u00e7\u00e3o-de-Maria-234x300.jpg\" alt=\"\" width=\"229\" height=\"294\" srcset=\"https:\/\/www.adf.org.br\/home\/wp-content\/uploads\/2021\/09\/Doloroso-e-Imaculado-Cora\u00e7\u00e3o-de-Maria-234x300.jpg 234w, https:\/\/www.adf.org.br\/home\/wp-content\/uploads\/2021\/09\/Doloroso-e-Imaculado-Cora\u00e7\u00e3o-de-Maria.jpg 328w\" sizes=\"(max-width: 229px) 100vw, 229px\" \/><\/a><figcaption id=\"caption-attachment-65844\" class=\"wp-caption-text\"><center><span style=\"color: #000000;\">Doloroso e Imaculado Cora\u00e7\u00e3o de Maria, sede a nossa salva\u00e7\u00e3o<\/span><\/center><\/figcaption><\/figure>\n<p><span style=\"color: #800080;\"><strong>O Evangelho n\u00e3o nos diz que Maria Sant\u00edssima tivesse estado presente em nenhum dos gloriosos momentos da vida de Jesus, mas diz-nos, que ela estava presente aos p\u00e9s da Cruz:\u00a0<\/strong><\/span><\/p>\n<blockquote>\n<h3 style=\"text-align: center;\"><span style=\"color: #000000;\"><span style=\"font-weight: 400;\">\u201c<\/span><i><span style=\"font-weight: 400;\">Perto da cruz de Jesus estavam de p\u00e9 a sua m\u00e3e, a irm\u00e3 de sua m\u00e3e, Maria de Cl\u00e9ofas e Maria Madalena<\/span><\/i><span style=\"font-weight: 400;\">\u201d (Jo 19,25)<\/span><\/span><\/h3>\n<\/blockquote>\n<p><span style=\"font-weight: 400; color: #000000;\">Ningu\u00e9m a impediu de estar junto ao Seu Filho que estava sendo julgado e condenado, mas tamb\u00e9m Cristo n\u00e3o a chamou. \u00c9 o Seu imenso amor que lhe d\u00e1 coragem para estar l\u00e1.\u00a0<\/span><\/p>\n<p><span style=\"color: #000000;\"><strong>E foi permanecendo aos p\u00e9s da cruz que ela uniu seus sofrimentos aos de seu filho pela salva\u00e7\u00e3o do mundo. Isto faz com que Maria Sant\u00edssima mere\u00e7a o t\u00edtulo de \u201cCorredentora do g\u00eanero humano\u201d com justa raz\u00e3o.<\/strong><\/span><\/p>\n<figure id=\"attachment_65845\" aria-describedby=\"caption-attachment-65845\" style=\"width: 163px\" class=\"wp-caption alignright\"><a href=\"https:\/\/www.adf.org.br\/home\/pagina-de-cadastro\/?origem=20889\" target=\"_blank\" rel=\"noopener noreferrer\"><img loading=\"lazy\" class=\"wp-image-65845\" src=\"https:\/\/www.adf.org.br\/home\/wp-content\/uploads\/2021\/09\/Maria-e-os-Anjos-212x300.jpg\" alt=\"\" width=\"163\" height=\"231\" srcset=\"https:\/\/www.adf.org.br\/home\/wp-content\/uploads\/2021\/09\/Maria-e-os-Anjos-212x300.jpg 212w, https:\/\/www.adf.org.br\/home\/wp-content\/uploads\/2021\/09\/Maria-e-os-Anjos.jpg 489w\" sizes=\"(max-width: 163px) 100vw, 163px\" \/><\/a><figcaption id=\"caption-attachment-65845\" class=\"wp-caption-text\"><center><span style=\"color: #000000;\">M\u00e3e dolorosa, rogai por n\u00f3s!<\/span><\/center><\/figcaption><\/figure>\n<p><span style=\"font-weight: 400; color: #000000;\"><span style=\"text-decoration: underline;\">Mas a Sant\u00edssima Virgem n\u00e3o tomou somente parte nas dores de Cristo durante sua Paix\u00e3o<\/span>. Essa festa nos lembra ainda que <span style=\"text-decoration: underline;\">a Virgem Sant\u00edssima, continua compadecente e participante da agonia de Cristo que<\/span>, segundo Blaise Pascal, <span style=\"text-decoration: underline;\">dever\u00e1 durar at\u00e9 o fim do mundo<\/span>.\u00a0<\/span><\/p>\n<p><span style=\"color: #800080;\"><strong>A recorda\u00e7\u00e3o das Dores de <a style=\"color: #800080;\" href=\"https:\/\/www.adf.org.br\/home\/pagina-de-cadastro\/?origem=20889\" target=\"_blank\" rel=\"noopener noreferrer\">Nossa Senhora<\/a> para n\u00f3s \u00e9 um convite para agirmos tal e qual a Sant\u00edssima Virgem, participando ativamente da Reden\u00e7\u00e3o de Cristo, porque tamb\u00e9m n\u00f3s somos chamados a faz\u00ea-lo.\u00a0<\/strong><\/span><\/p>\n<p><span style=\"font-weight: 400; color: #000000;\"><span style=\"text-decoration: underline;\">Esse \u00e9 um dos convites que Ela fez em F\u00e1tima aos 3 pastorinhos<\/span> e que eles aceitaram-no com grande generosidade, atitude essa que devemos imitar para consolar a grande dor que aflige o cora\u00e7\u00e3o de Nosso Senhor e de sua Sant\u00edssima M\u00e3e.\u00a0<\/span><\/p>\n<p style=\"text-align: right;\"><span style=\"color: #000000;\">Fonte:<\/span> <span style=\"color: #0000ff;\"><a style=\"color: #0000ff;\" href=\"https:\/\/reginafidei.com.br\/\">Regina Fidei<\/a><\/span><\/p>\n<h3 style=\"text-align: center;\">****<\/h3>\n","protected":false},"excerpt":{"rendered":"<p>&#8220;Nossa Senhora das Dores, quando as dores vierem e os sofrimentos chegarem, n\u00e3o me deixe desanimar&#8221; . A Igreja celebra neste dia, a Virgem Maria na sua compaix\u00e3o e nas suas sete dores que tiveram como \u00e1pice a Paix\u00e3o e Morte do Seu Divino Filho. Celebramos a paci\u00eancia e a for\u00e7a com que Nossa Senhora [&hellip;]<\/p>\n","protected":false},"author":30,"featured_media":65843,"comment_status":"open","ping_status":"open","sticky":false,"template":"","format":"standard","meta":[],"categories":[20,56,2547],"tags":[3238,802,57],"yoast_head":"<!-- This site is optimized with the Yoast SEO plugin v17.4 - https:\/\/yoast.com\/wordpress\/plugins\/seo\/ -->\n<title>Nossa Senhora das Dores<\/title>\n<meta name=\"description\" content=\"Hoje, dia 15\/09, a Igreja celebra a mem\u00f3ria de Nossa Senhora das Dores. Conhe\u00e7a mais sobre essa devo\u00e7\u00e3o t\u00e3o amada pelos cat\u00f3licos clicando aqui.\" \/>\n<meta name=\"robots\" content=\"index, follow, max-snippet:-1, max-image-preview:large, max-video-preview:-1\" \/>\n<link rel=\"canonical\" href=\"https:\/\/www.adf.org.br\/home\/nossa-senhora-das-dores\/\" \/>\n<meta property=\"og:locale\" content=\"pt_BR\" \/>\n<meta property=\"og:type\" content=\"article\" \/>\n<meta property=\"og:title\" content=\"Nossa Senhora das Dores\" \/>\n<meta property=\"og:description\" content=\"Hoje, dia 15\/09, a Igreja celebra a mem\u00f3ria de Nossa Senhora das Dores. Conhe\u00e7a mais sobre essa devo\u00e7\u00e3o t\u00e3o amada pelos cat\u00f3licos clicando aqui.\" \/>\n<meta property=\"og:url\" content=\"https:\/\/www.adf.org.br\/home\/nossa-senhora-das-dores\/\" \/>\n<meta property=\"og:site_name\" content=\"Associa\u00e7\u00e3o Devotos de F\u00e1tima\" \/>\n<meta property=\"article:published_time\" content=\"2025-09-15T09:00:53+00:00\" \/>\n<meta property=\"article:modified_time\" content=\"2025-09-08T17:42:03+00:00\" \/>\n<meta property=\"og:image\" content=\"https:\/\/www.adf.org.br\/home\/wp-content\/uploads\/2021\/09\/Addolorata.jpg\" \/>\n\t<meta property=\"og:image:width\" content=\"1027\" \/>\n\t<meta property=\"og:image:height\" content=\"553\" \/>\n<meta name=\"twitter:card\" content=\"summary_large_image\" \/>\n<meta name=\"twitter:label1\" content=\"Escrito por\" \/>\n\t<meta name=\"twitter:data1\" content=\"Luiz Felipe\" \/>\n\t<meta name=\"twitter:label2\" content=\"Est. tempo de leitura\" \/>\n\t<meta name=\"twitter:data2\" content=\"3 minutos\" \/>\n<script type=\"application\/ld+json\" class=\"yoast-schema-graph\">{\"@context\":\"https:\/\/schema.org\",\"@graph\":[{\"@type\":\"WebSite\",\"@id\":\"https:\/\/www.adf.org.br\/home\/#website\",\"url\":\"https:\/\/www.adf.org.br\/home\/\",\"name\":\"Associa\\u00e7\\u00e3o Devotos de F\\u00e1tima\",\"description\":\"Associa\\u00e7\\u00e3o Devotos de F\\u00e1tima\",\"potentialAction\":[{\"@type\":\"SearchAction\",\"target\":{\"@type\":\"EntryPoint\",\"urlTemplate\":\"https:\/\/www.adf.org.br\/home\/?s={search_term_string}\"},\"query-input\":\"required name=search_term_string\"}],\"inLanguage\":\"pt-BR\"},{\"@type\":\"ImageObject\",\"@id\":\"https:\/\/www.adf.org.br\/home\/nossa-senhora-das-dores\/#primaryimage\",\"inLanguage\":\"pt-BR\",\"url\":\"https:\/\/www.adf.org.br\/home\/wp-content\/uploads\/2021\/09\/Addolorata.jpg\",\"contentUrl\":\"https:\/\/www.adf.org.br\/home\/wp-content\/uploads\/2021\/09\/Addolorata.jpg\",\"width\":1027,\"height\":553},{\"@type\":\"WebPage\",\"@id\":\"https:\/\/www.adf.org.br\/home\/nossa-senhora-das-dores\/#webpage\",\"url\":\"https:\/\/www.adf.org.br\/home\/nossa-senhora-das-dores\/\",\"name\":\"Nossa Senhora das Dores\",\"isPartOf\":{\"@id\":\"https:\/\/www.adf.org.br\/home\/#website\"},\"primaryImageOfPage\":{\"@id\":\"https:\/\/www.adf.org.br\/home\/nossa-senhora-das-dores\/#primaryimage\"},\"datePublished\":\"2025-09-15T09:00:53+00:00\",\"dateModified\":\"2025-09-08T17:42:03+00:00\",\"author\":{\"@id\":\"https:\/\/www.adf.org.br\/home\/#\/schema\/person\/1ad877d1f255f4637ee020b3b16138ee\"},\"description\":\"Hoje, dia 15\/09, a Igreja celebra a mem\\u00f3ria de Nossa Senhora das Dores. Conhe\\u00e7a mais sobre essa devo\\u00e7\\u00e3o t\\u00e3o amada pelos cat\\u00f3licos clicando aqui.\",\"breadcrumb\":{\"@id\":\"https:\/\/www.adf.org.br\/home\/nossa-senhora-das-dores\/#breadcrumb\"},\"inLanguage\":\"pt-BR\",\"potentialAction\":[{\"@type\":\"ReadAction\",\"target\":[\"https:\/\/www.adf.org.br\/home\/nossa-senhora-das-dores\/\"]}]},{\"@type\":\"BreadcrumbList\",\"@id\":\"https:\/\/www.adf.org.br\/home\/nossa-senhora-das-dores\/#breadcrumb\",\"itemListElement\":[{\"@type\":\"ListItem\",\"position\":1,\"name\":\"Home\",\"item\":\"https:\/\/www.adf.org.br\/home\/\"},{\"@type\":\"ListItem\",\"position\":2,\"name\":\"Nossa Senhora das Dores\"}]},{\"@type\":\"Person\",\"@id\":\"https:\/\/www.adf.org.br\/home\/#\/schema\/person\/1ad877d1f255f4637ee020b3b16138ee\",\"name\":\"Luiz Felipe\",\"image\":{\"@type\":\"ImageObject\",\"@id\":\"https:\/\/www.adf.org.br\/home\/#personlogo\",\"inLanguage\":\"pt-BR\",\"url\":\"https:\/\/secure.gravatar.com\/avatar\/f8f0a14d57a57f103e42363994b25ba9?s=96&d=mm&r=g\",\"contentUrl\":\"https:\/\/secure.gravatar.com\/avatar\/f8f0a14d57a57f103e42363994b25ba9?s=96&d=mm&r=g\",\"caption\":\"Luiz Felipe\"},\"url\":\"https:\/\/www.adf.org.br\/home\/author\/luiz-merencianopmk-com-br\/\"}]}<\/script>\n<!-- \/ Yoast SEO plugin. -->","yoast_head_json":{"title":"Nossa Senhora das Dores","description":"Hoje, dia 15\/09, a Igreja celebra a mem\u00f3ria de Nossa Senhora das Dores. Conhe\u00e7a mais sobre essa devo\u00e7\u00e3o t\u00e3o amada pelos cat\u00f3licos clicando aqui.","robots":{"index":"index","follow":"follow","max-snippet":"max-snippet:-1","max-image-preview":"max-image-preview:large","max-video-preview":"max-video-preview:-1"},"canonical":"https:\/\/www.adf.org.br\/home\/nossa-senhora-das-dores\/","og_locale":"pt_BR","og_type":"article","og_title":"Nossa Senhora das Dores","og_description":"Hoje, dia 15\/09, a Igreja celebra a mem\u00f3ria de Nossa Senhora das Dores. Conhe\u00e7a mais sobre essa devo\u00e7\u00e3o t\u00e3o amada pelos cat\u00f3licos clicando aqui.","og_url":"https:\/\/www.adf.org.br\/home\/nossa-senhora-das-dores\/","og_site_name":"Associa\u00e7\u00e3o Devotos de F\u00e1tima","article_published_time":"2025-09-15T09:00:53+00:00","article_modified_time":"2025-09-08T17:42:03+00:00","og_image":[{"width":1027,"height":553,"url":"https:\/\/www.adf.org.br\/home\/wp-content\/uploads\/2021\/09\/Addolorata.jpg","type":"image\/jpeg"}],"twitter_card":"summary_large_image","twitter_misc":{"Escrito por":"Luiz Felipe","Est. tempo de leitura":"3 minutos"},"schema":{"@context":"https:\/\/schema.org","@graph":[{"@type":"WebSite","@id":"https:\/\/www.adf.org.br\/home\/#website","url":"https:\/\/www.adf.org.br\/home\/","name":"Associa\u00e7\u00e3o Devotos de F\u00e1tima","description":"Associa\u00e7\u00e3o Devotos de F\u00e1tima","potentialAction":[{"@type":"SearchAction","target":{"@type":"EntryPoint","urlTemplate":"https:\/\/www.adf.org.br\/home\/?s={search_term_string}"},"query-input":"required name=search_term_string"}],"inLanguage":"pt-BR"},{"@type":"ImageObject","@id":"https:\/\/www.adf.org.br\/home\/nossa-senhora-das-dores\/#primaryimage","inLanguage":"pt-BR","url":"https:\/\/www.adf.org.br\/home\/wp-content\/uploads\/2021\/09\/Addolorata.jpg","contentUrl":"https:\/\/www.adf.org.br\/home\/wp-content\/uploads\/2021\/09\/Addolorata.jpg","width":1027,"height":553},{"@type":"WebPage","@id":"https:\/\/www.adf.org.br\/home\/nossa-senhora-das-dores\/#webpage","url":"https:\/\/www.adf.org.br\/home\/nossa-senhora-das-dores\/","name":"Nossa Senhora das Dores","isPartOf":{"@id":"https:\/\/www.adf.org.br\/home\/#website"},"primaryImageOfPage":{"@id":"https:\/\/www.adf.org.br\/home\/nossa-senhora-das-dores\/#primaryimage"},"datePublished":"2025-09-15T09:00:53+00:00","dateModified":"2025-09-08T17:42:03+00:00","author":{"@id":"https:\/\/www.adf.org.br\/home\/#\/schema\/person\/1ad877d1f255f4637ee020b3b16138ee"},"description":"Hoje, dia 15\/09, a Igreja celebra a mem\u00f3ria de Nossa Senhora das Dores. Conhe\u00e7a mais sobre essa devo\u00e7\u00e3o t\u00e3o amada pelos cat\u00f3licos clicando aqui.","breadcrumb":{"@id":"https:\/\/www.adf.org.br\/home\/nossa-senhora-das-dores\/#breadcrumb"},"inLanguage":"pt-BR","potentialAction":[{"@type":"ReadAction","target":["https:\/\/www.adf.org.br\/home\/nossa-senhora-das-dores\/"]}]},{"@type":"BreadcrumbList","@id":"https:\/\/www.adf.org.br\/home\/nossa-senhora-das-dores\/#breadcrumb","itemListElement":[{"@type":"ListItem","position":1,"name":"Home","item":"https:\/\/www.adf.org.br\/home\/"},{"@type":"ListItem","position":2,"name":"Nossa Senhora das Dores"}]},{"@type":"Person","@id":"https:\/\/www.adf.org.br\/home\/#\/schema\/person\/1ad877d1f255f4637ee020b3b16138ee","name":"Luiz Felipe","image":{"@type":"ImageObject","@id":"https:\/\/www.adf.org.br\/home\/#personlogo","inLanguage":"pt-BR","url":"https:\/\/secure.gravatar.com\/avatar\/f8f0a14d57a57f103e42363994b25ba9?s=96&d=mm&r=g","contentUrl":"https:\/\/secure.gravatar.com\/avatar\/f8f0a14d57a57f103e42363994b25ba9?s=96&d=mm&r=g","caption":"Luiz Felipe"},"url":"https:\/\/www.adf.org.br\/home\/author\/luiz-merencianopmk-com-br\/"}]}},"_links":{"self":[{"href":"https:\/\/www.adf.org.br\/home\/wp-json\/wp\/v2\/posts\/65842"}],"collection":[{"href":"https:\/\/www.adf.org.br\/home\/wp-json\/wp\/v2\/posts"}],"about":[{"href":"https:\/\/www.adf.org.br\/home\/wp-json\/wp\/v2\/types\/post"}],"author":[{"embeddable":true,"href":"https:\/\/www.adf.org.br\/home\/wp-json\/wp\/v2\/users\/30"}],"replies":[{"embeddable":true,"href":"https:\/\/www.adf.org.br\/home\/wp-json\/wp\/v2\/comments?post=65842"}],"version-history":[{"count":6,"href":"https:\/\/www.adf.org.br\/home\/wp-json\/wp\/v2\/posts\/65842\/revisions"}],"predecessor-version":[{"id":79784,"href":"https:\/\/www.adf.org.br\/home\/wp-json\/wp\/v2\/posts\/65842\/revisions\/79784"}],"wp:featuredmedia":[{"embeddable":true,"href":"https:\/\/www.adf.org.br\/home\/wp-json\/wp\/v2\/media\/65843"}],"wp:attachment":[{"href":"https:\/\/www.adf.org.br\/home\/wp-json\/wp\/v2\/media?parent=65842"}],"wp:term":[{"taxonomy":"category","embeddable":true,"href":"https:\/\/www.adf.org.br\/home\/wp-json\/wp\/v2\/categories?post=65842"},{"taxonomy":"post_tag","embeddable":true,"href":"https:\/\/www.adf.org.br\/home\/wp-json\/wp\/v2\/tags?post=65842"}],"curies":[{"name":"wp","href":"https:\/\/api.w.org\/{rel}","templated":true}]}}