{"id":65817,"date":"2021-09-10T07:55:33","date_gmt":"2021-09-10T10:55:33","guid":{"rendered":"https:\/\/www.adf.org.br\/home\/?p=65817"},"modified":"2021-09-09T17:25:24","modified_gmt":"2021-09-09T20:25:24","slug":"voce-nao-pode-ficar-sem-a-protecao-de-sao-miguel-arcanjo","status":"publish","type":"post","link":"https:\/\/www.adf.org.br\/home\/voce-nao-pode-ficar-sem-a-protecao-de-sao-miguel-arcanjo\/","title":{"rendered":"Voc\u00ea n\u00e3o pode ficar sem a prote\u00e7\u00e3o de S\u00e3o Miguel Arcanjo!"},"content":{"rendered":"<figure id=\"attachment_65820\" aria-describedby=\"caption-attachment-65820\" style=\"width: 752px\" class=\"wp-caption aligncenter\"><img loading=\"lazy\" class=\"wp-image-65820\" src=\"https:\/\/www.adf.org.br\/home\/wp-content\/uploads\/2021\/09\/web3-saint-michael-evil-prayer-eugecc80ne-delacroix-public-domain-900x-300x150.jpg\" alt=\"\" width=\"752\" height=\"376\" srcset=\"https:\/\/www.adf.org.br\/home\/wp-content\/uploads\/2021\/09\/web3-saint-michael-evil-prayer-eugecc80ne-delacroix-public-domain-900x-300x150.jpg 300w, https:\/\/www.adf.org.br\/home\/wp-content\/uploads\/2021\/09\/web3-saint-michael-evil-prayer-eugecc80ne-delacroix-public-domain-900x.jpg 620w\" sizes=\"(max-width: 752px) 100vw, 752px\" \/><figcaption id=\"caption-attachment-65820\" class=\"wp-caption-text\"><center><span style=\"color: #000000;\">S\u00e3o Miguel Arcanjo, por Eug\u00e8ne Delacroix<\/span><\/center><\/figcaption><\/figure>\n<p><span style=\"color: #000000;\"><span style=\"color: #800080; font-size: 32px;\"><strong>N<\/strong><\/span>esses tempos t\u00e3o dif\u00edceis, as investidas do dem\u00f4nio se fazem cada dia mais presentes e n\u00e3o podemos passar sem a prote\u00e7\u00e3o de S\u00e3o Miguel Arcanjo.<\/span><\/p>\n<p><strong><span style=\"color: #000000;\">S\u00e3o Miguel Arcanjo \u00e9 o l\u00edder da Mil\u00edcia celeste. Podemos estar certos de n\u00e3o sermos atormentados contando com sua poderosa prote\u00e7\u00e3o.<\/span><\/strong><\/p>\n<p><span style=\"color: #000000;\">E para voc\u00ea contar com a prote\u00e7\u00e3o do Arcanjo Miguel, eu recomendo que use esta Medalha:<\/span><\/p>\n<p><img loading=\"lazy\" class=\"wp-image-65818 aligncenter\" src=\"https:\/\/www.adf.org.br\/home\/wp-content\/uploads\/2021\/09\/Medalha-de-S\u00e3o-Miguel-png-300x274.png\" alt=\"\" width=\"211\" height=\"193\" srcset=\"https:\/\/www.adf.org.br\/home\/wp-content\/uploads\/2021\/09\/Medalha-de-S\u00e3o-Miguel-png-300x274.png 300w, https:\/\/www.adf.org.br\/home\/wp-content\/uploads\/2021\/09\/Medalha-de-S\u00e3o-Miguel-png.png 462w\" sizes=\"(max-width: 211px) 100vw, 211px\" \/><span style=\"color: #000000;\">Saiba como receb\u00ea-la ligando agora mesmo no:<\/span><\/p>\n<p><a href=\"tel:08006082128\"><img loading=\"lazy\" class=\"wp-image-65375 aligncenter\" src=\"https:\/\/www.adf.org.br\/home\/wp-content\/uploads\/2021\/08\/Bot\u00e3o-Telefone-ADF-300x70.png\" alt=\"\" width=\"540\" height=\"126\" srcset=\"https:\/\/www.adf.org.br\/home\/wp-content\/uploads\/2021\/08\/Bot\u00e3o-Telefone-ADF-300x70.png 300w, https:\/\/www.adf.org.br\/home\/wp-content\/uploads\/2021\/08\/Bot\u00e3o-Telefone-ADF.png 482w\" sizes=\"(max-width: 540px) 100vw, 540px\" \/><\/a><\/p>\n<p><span style=\"color: #000000;\">Ingressando neste grupo de Apostolado, durante este m\u00eas, voc\u00ea receber\u00e1 como agradecimento:<\/span><\/p>\n<p><img loading=\"lazy\" class=\"size-medium wp-image-65819 aligncenter\" src=\"https:\/\/www.adf.org.br\/home\/wp-content\/uploads\/2021\/09\/Brindes-de-S\u00e3o-Miguel-todos-juntos-1-300x180.png\" alt=\"\" width=\"300\" height=\"180\" srcset=\"https:\/\/www.adf.org.br\/home\/wp-content\/uploads\/2021\/09\/Brindes-de-S\u00e3o-Miguel-todos-juntos-1-300x180.png 300w, https:\/\/www.adf.org.br\/home\/wp-content\/uploads\/2021\/09\/Brindes-de-S\u00e3o-Miguel-todos-juntos-1-1024x614.png 1024w, https:\/\/www.adf.org.br\/home\/wp-content\/uploads\/2021\/09\/Brindes-de-S\u00e3o-Miguel-todos-juntos-1-768x461.png 768w, https:\/\/www.adf.org.br\/home\/wp-content\/uploads\/2021\/09\/Brindes-de-S\u00e3o-Miguel-todos-juntos-1.png 1500w\" sizes=\"(max-width: 300px) 100vw, 300px\" \/><\/p>\n<p style=\"padding-left: 40px;\"><span style=\"color: #800080;\"><strong>&#8212; Estampa de Nossa Senhora de F\u00e1tima;<\/strong><\/span><br \/>\n<span style=\"color: #800080;\"><strong>&#8212; Livro &#8220;Nossa Senhora em 50 perguntas e respostas&#8221;;<\/strong><\/span><br \/>\n<span style=\"color: #800080;\"><strong>&#8212; Livro sobre os Anjos;<\/strong><\/span><br \/>\n<span style=\"color: #800080;\"><strong>&#8212; Medalha de S\u00e3o Miguel Arcanjo;<\/strong><\/span><br \/>\n<span style=\"color: #800080;\"><strong>&#8212; Ora\u00e7\u00e3o do Exorcismo de S\u00e3o Miguel Arcanjo.<\/strong><\/span><\/p>\n<p><span style=\"color: #000000;\">E os presentes n\u00e3o s\u00f3 estes!<\/span><\/p>\n<p><span style=\"color: #000000;\">Ligando no <span style=\"color: #0000ff;\"><a style=\"color: #0000ff;\" href=\"tel:08006082128\"><strong>0800 608 2128<\/strong><\/a><\/span>, voc\u00ea ainda poder\u00e1 contar com:<\/span><\/p>\n<p style=\"padding-left: 120px;\"><em><span style=\"color: #000000;\">\u2013 <strong>Seu nome inscrito em mais de 60 Missas<\/strong> que faremos celebrar ao longo do ano e poder\u00e1 tamb\u00e9m incluir o nome de quem desejar.<\/span><\/em><\/p>\n<p style=\"padding-left: 120px;\"><em><span style=\"color: #000000;\">\u2013 <strong>Ora\u00e7\u00f5es di\u00e1rias e semanais por todos os seus pedidos e inten\u00e7\u00f5es<\/strong>. No decorrer do ano, ser\u00e3o mais de 18.000 ter\u00e7os dedicados \u00e0s gra\u00e7as que voc\u00ea deseja alcan\u00e7ar.<\/span><\/em><\/p>\n<p style=\"padding-left: 120px;\"><em><span style=\"color: #000000;\">\u2013 <strong>Acesso \u00e1 uma Vela Virtual que nunca se apaga<\/strong> e \u00e9 atrav\u00e9s dela que voc\u00ea poder\u00e1 registrar seus pedidos de Ora\u00e7\u00e3o sempre que quiser.<\/span><\/em><\/p>\n<p><span style=\"color: #000000;\">N\u00e3o deixe para depois! Ligue, ainda hoje, no <strong><span style=\"color: #0000ff;\"><a style=\"color: #0000ff;\" href=\"tel:08006082128\">0800 608 2128<\/a> <\/span><\/strong>para contar com todas essas gra\u00e7as e com a ben\u00e7\u00e3o maternal da Virgem de F\u00e1tima e a prote\u00e7\u00e3o do poderoso S\u00e3o Miguel Arcanjo!<\/span><\/p>\n<p style=\"text-align: center;\"><strong><span style=\"color: #800080;\">Nossa Senhora de F\u00e1tima, rogai por n\u00f3s! <\/span><\/strong><br \/>\n<strong><span style=\"color: #800080;\">S\u00e3o Miguel arcanjo, defendei-nos no combate!<\/span><\/strong><\/p>\n","protected":false},"excerpt":{"rendered":"<p>Nesses tempos t\u00e3o dif\u00edceis, as investidas do dem\u00f4nio se fazem cada dia mais presentes e n\u00e3o podemos passar sem a prote\u00e7\u00e3o de S\u00e3o Miguel Arcanjo. S\u00e3o Miguel Arcanjo \u00e9 o l\u00edder da Mil\u00edcia celeste. Podemos estar certos de n\u00e3o sermos atormentados contando com sua poderosa prote\u00e7\u00e3o. E para voc\u00ea contar com a prote\u00e7\u00e3o do Arcanjo [&hellip;]<\/p>\n","protected":false},"author":30,"featured_media":65820,"comment_status":"open","ping_status":"open","sticky":false,"template":"","format":"standard","meta":[],"categories":[20,2323,56],"tags":[2242,3111,3099,57],"yoast_head":"<!-- This site is optimized with the Yoast SEO plugin v17.4 - https:\/\/yoast.com\/wordpress\/plugins\/seo\/ -->\n<title>Voc\u00ea n\u00e3o pode ficar sem a prote\u00e7\u00e3o de S\u00e3o Miguel Arcanjo!<\/title>\n<meta name=\"description\" content=\"Voc\u00ea n\u00e3o pode ficar sem a prote\u00e7\u00e3o de S\u00e3o Miguel Arcanjo! Veja como proteger-se das ciladas diabolicas e de todo malef\u00edcio clicando aqui.\" \/>\n<meta name=\"robots\" content=\"index, follow, max-snippet:-1, max-image-preview:large, max-video-preview:-1\" \/>\n<link rel=\"canonical\" href=\"https:\/\/www.adf.org.br\/home\/voce-nao-pode-ficar-sem-a-protecao-de-sao-miguel-arcanjo\/\" \/>\n<meta property=\"og:locale\" content=\"pt_BR\" \/>\n<meta property=\"og:type\" content=\"article\" \/>\n<meta property=\"og:title\" content=\"Voc\u00ea n\u00e3o pode ficar sem a prote\u00e7\u00e3o de S\u00e3o Miguel Arcanjo!\" \/>\n<meta property=\"og:description\" content=\"Voc\u00ea n\u00e3o pode ficar sem a prote\u00e7\u00e3o de S\u00e3o Miguel Arcanjo! Veja como proteger-se das ciladas diabolicas e de todo malef\u00edcio clicando aqui.\" \/>\n<meta property=\"og:url\" content=\"https:\/\/www.adf.org.br\/home\/voce-nao-pode-ficar-sem-a-protecao-de-sao-miguel-arcanjo\/\" \/>\n<meta property=\"og:site_name\" content=\"Associa\u00e7\u00e3o Devotos de F\u00e1tima\" \/>\n<meta property=\"article:published_time\" content=\"2021-09-10T10:55:33+00:00\" \/>\n<meta property=\"article:modified_time\" content=\"2021-09-09T20:25:24+00:00\" \/>\n<meta property=\"og:image\" content=\"https:\/\/www.adf.org.br\/home\/wp-content\/uploads\/2021\/09\/web3-saint-michael-evil-prayer-eugecc80ne-delacroix-public-domain-900x.jpg\" \/>\n\t<meta property=\"og:image:width\" content=\"620\" \/>\n\t<meta property=\"og:image:height\" content=\"310\" \/>\n<meta name=\"twitter:card\" content=\"summary_large_image\" \/>\n<meta name=\"twitter:label1\" content=\"Escrito por\" \/>\n\t<meta name=\"twitter:data1\" content=\"Luiz Felipe\" \/>\n\t<meta name=\"twitter:label2\" content=\"Est. tempo de leitura\" \/>\n\t<meta name=\"twitter:data2\" content=\"1 minuto\" \/>\n<script type=\"application\/ld+json\" class=\"yoast-schema-graph\">{\"@context\":\"https:\/\/schema.org\",\"@graph\":[{\"@type\":\"WebSite\",\"@id\":\"https:\/\/www.adf.org.br\/home\/#website\",\"url\":\"https:\/\/www.adf.org.br\/home\/\",\"name\":\"Associa\\u00e7\\u00e3o Devotos de F\\u00e1tima\",\"description\":\"Associa\\u00e7\\u00e3o Devotos de F\\u00e1tima\",\"potentialAction\":[{\"@type\":\"SearchAction\",\"target\":{\"@type\":\"EntryPoint\",\"urlTemplate\":\"https:\/\/www.adf.org.br\/home\/?s={search_term_string}\"},\"query-input\":\"required name=search_term_string\"}],\"inLanguage\":\"pt-BR\"},{\"@type\":\"ImageObject\",\"@id\":\"https:\/\/www.adf.org.br\/home\/voce-nao-pode-ficar-sem-a-protecao-de-sao-miguel-arcanjo\/#primaryimage\",\"inLanguage\":\"pt-BR\",\"url\":\"https:\/\/www.adf.org.br\/home\/wp-content\/uploads\/2021\/09\/web3-saint-michael-evil-prayer-eugecc80ne-delacroix-public-domain-900x.jpg\",\"contentUrl\":\"https:\/\/www.adf.org.br\/home\/wp-content\/uploads\/2021\/09\/web3-saint-michael-evil-prayer-eugecc80ne-delacroix-public-domain-900x.jpg\",\"width\":620,\"height\":310},{\"@type\":\"WebPage\",\"@id\":\"https:\/\/www.adf.org.br\/home\/voce-nao-pode-ficar-sem-a-protecao-de-sao-miguel-arcanjo\/#webpage\",\"url\":\"https:\/\/www.adf.org.br\/home\/voce-nao-pode-ficar-sem-a-protecao-de-sao-miguel-arcanjo\/\",\"name\":\"Voc\\u00ea n\\u00e3o pode ficar sem a prote\\u00e7\\u00e3o de S\\u00e3o Miguel Arcanjo!\",\"isPartOf\":{\"@id\":\"https:\/\/www.adf.org.br\/home\/#website\"},\"primaryImageOfPage\":{\"@id\":\"https:\/\/www.adf.org.br\/home\/voce-nao-pode-ficar-sem-a-protecao-de-sao-miguel-arcanjo\/#primaryimage\"},\"datePublished\":\"2021-09-10T10:55:33+00:00\",\"dateModified\":\"2021-09-09T20:25:24+00:00\",\"author\":{\"@id\":\"https:\/\/www.adf.org.br\/home\/#\/schema\/person\/1ad877d1f255f4637ee020b3b16138ee\"},\"description\":\"Voc\\u00ea n\\u00e3o pode ficar sem a prote\\u00e7\\u00e3o de S\\u00e3o Miguel Arcanjo! Veja como proteger-se das ciladas diabolicas e de todo malef\\u00edcio clicando aqui.\",\"breadcrumb\":{\"@id\":\"https:\/\/www.adf.org.br\/home\/voce-nao-pode-ficar-sem-a-protecao-de-sao-miguel-arcanjo\/#breadcrumb\"},\"inLanguage\":\"pt-BR\",\"potentialAction\":[{\"@type\":\"ReadAction\",\"target\":[\"https:\/\/www.adf.org.br\/home\/voce-nao-pode-ficar-sem-a-protecao-de-sao-miguel-arcanjo\/\"]}]},{\"@type\":\"BreadcrumbList\",\"@id\":\"https:\/\/www.adf.org.br\/home\/voce-nao-pode-ficar-sem-a-protecao-de-sao-miguel-arcanjo\/#breadcrumb\",\"itemListElement\":[{\"@type\":\"ListItem\",\"position\":1,\"name\":\"Home\",\"item\":\"https:\/\/www.adf.org.br\/home\/\"},{\"@type\":\"ListItem\",\"position\":2,\"name\":\"Voc\\u00ea n\\u00e3o pode ficar sem a prote\\u00e7\\u00e3o de S\\u00e3o Miguel Arcanjo!\"}]},{\"@type\":\"Person\",\"@id\":\"https:\/\/www.adf.org.br\/home\/#\/schema\/person\/1ad877d1f255f4637ee020b3b16138ee\",\"name\":\"Luiz Felipe\",\"image\":{\"@type\":\"ImageObject\",\"@id\":\"https:\/\/www.adf.org.br\/home\/#personlogo\",\"inLanguage\":\"pt-BR\",\"url\":\"https:\/\/secure.gravatar.com\/avatar\/f8f0a14d57a57f103e42363994b25ba9?s=96&d=mm&r=g\",\"contentUrl\":\"https:\/\/secure.gravatar.com\/avatar\/f8f0a14d57a57f103e42363994b25ba9?s=96&d=mm&r=g\",\"caption\":\"Luiz Felipe\"},\"url\":\"https:\/\/www.adf.org.br\/home\/author\/luiz-merencianopmk-com-br\/\"}]}<\/script>\n<!-- \/ Yoast SEO plugin. -->","yoast_head_json":{"title":"Voc\u00ea n\u00e3o pode ficar sem a prote\u00e7\u00e3o de S\u00e3o Miguel Arcanjo!","description":"Voc\u00ea n\u00e3o pode ficar sem a prote\u00e7\u00e3o de S\u00e3o Miguel Arcanjo! Veja como proteger-se das ciladas diabolicas e de todo malef\u00edcio clicando aqui.","robots":{"index":"index","follow":"follow","max-snippet":"max-snippet:-1","max-image-preview":"max-image-preview:large","max-video-preview":"max-video-preview:-1"},"canonical":"https:\/\/www.adf.org.br\/home\/voce-nao-pode-ficar-sem-a-protecao-de-sao-miguel-arcanjo\/","og_locale":"pt_BR","og_type":"article","og_title":"Voc\u00ea n\u00e3o pode ficar sem a prote\u00e7\u00e3o de S\u00e3o Miguel Arcanjo!","og_description":"Voc\u00ea n\u00e3o pode ficar sem a prote\u00e7\u00e3o de S\u00e3o Miguel Arcanjo! Veja como proteger-se das ciladas diabolicas e de todo malef\u00edcio clicando aqui.","og_url":"https:\/\/www.adf.org.br\/home\/voce-nao-pode-ficar-sem-a-protecao-de-sao-miguel-arcanjo\/","og_site_name":"Associa\u00e7\u00e3o Devotos de F\u00e1tima","article_published_time":"2021-09-10T10:55:33+00:00","article_modified_time":"2021-09-09T20:25:24+00:00","og_image":[{"width":620,"height":310,"url":"https:\/\/www.adf.org.br\/home\/wp-content\/uploads\/2021\/09\/web3-saint-michael-evil-prayer-eugecc80ne-delacroix-public-domain-900x.jpg","type":"image\/jpeg"}],"twitter_card":"summary_large_image","twitter_misc":{"Escrito por":"Luiz Felipe","Est. tempo de leitura":"1 minuto"},"schema":{"@context":"https:\/\/schema.org","@graph":[{"@type":"WebSite","@id":"https:\/\/www.adf.org.br\/home\/#website","url":"https:\/\/www.adf.org.br\/home\/","name":"Associa\u00e7\u00e3o Devotos de F\u00e1tima","description":"Associa\u00e7\u00e3o Devotos de F\u00e1tima","potentialAction":[{"@type":"SearchAction","target":{"@type":"EntryPoint","urlTemplate":"https:\/\/www.adf.org.br\/home\/?s={search_term_string}"},"query-input":"required name=search_term_string"}],"inLanguage":"pt-BR"},{"@type":"ImageObject","@id":"https:\/\/www.adf.org.br\/home\/voce-nao-pode-ficar-sem-a-protecao-de-sao-miguel-arcanjo\/#primaryimage","inLanguage":"pt-BR","url":"https:\/\/www.adf.org.br\/home\/wp-content\/uploads\/2021\/09\/web3-saint-michael-evil-prayer-eugecc80ne-delacroix-public-domain-900x.jpg","contentUrl":"https:\/\/www.adf.org.br\/home\/wp-content\/uploads\/2021\/09\/web3-saint-michael-evil-prayer-eugecc80ne-delacroix-public-domain-900x.jpg","width":620,"height":310},{"@type":"WebPage","@id":"https:\/\/www.adf.org.br\/home\/voce-nao-pode-ficar-sem-a-protecao-de-sao-miguel-arcanjo\/#webpage","url":"https:\/\/www.adf.org.br\/home\/voce-nao-pode-ficar-sem-a-protecao-de-sao-miguel-arcanjo\/","name":"Voc\u00ea n\u00e3o pode ficar sem a prote\u00e7\u00e3o de S\u00e3o Miguel Arcanjo!","isPartOf":{"@id":"https:\/\/www.adf.org.br\/home\/#website"},"primaryImageOfPage":{"@id":"https:\/\/www.adf.org.br\/home\/voce-nao-pode-ficar-sem-a-protecao-de-sao-miguel-arcanjo\/#primaryimage"},"datePublished":"2021-09-10T10:55:33+00:00","dateModified":"2021-09-09T20:25:24+00:00","author":{"@id":"https:\/\/www.adf.org.br\/home\/#\/schema\/person\/1ad877d1f255f4637ee020b3b16138ee"},"description":"Voc\u00ea n\u00e3o pode ficar sem a prote\u00e7\u00e3o de S\u00e3o Miguel Arcanjo! Veja como proteger-se das ciladas diabolicas e de todo malef\u00edcio clicando aqui.","breadcrumb":{"@id":"https:\/\/www.adf.org.br\/home\/voce-nao-pode-ficar-sem-a-protecao-de-sao-miguel-arcanjo\/#breadcrumb"},"inLanguage":"pt-BR","potentialAction":[{"@type":"ReadAction","target":["https:\/\/www.adf.org.br\/home\/voce-nao-pode-ficar-sem-a-protecao-de-sao-miguel-arcanjo\/"]}]},{"@type":"BreadcrumbList","@id":"https:\/\/www.adf.org.br\/home\/voce-nao-pode-ficar-sem-a-protecao-de-sao-miguel-arcanjo\/#breadcrumb","itemListElement":[{"@type":"ListItem","position":1,"name":"Home","item":"https:\/\/www.adf.org.br\/home\/"},{"@type":"ListItem","position":2,"name":"Voc\u00ea n\u00e3o pode ficar sem a prote\u00e7\u00e3o de S\u00e3o Miguel Arcanjo!"}]},{"@type":"Person","@id":"https:\/\/www.adf.org.br\/home\/#\/schema\/person\/1ad877d1f255f4637ee020b3b16138ee","name":"Luiz Felipe","image":{"@type":"ImageObject","@id":"https:\/\/www.adf.org.br\/home\/#personlogo","inLanguage":"pt-BR","url":"https:\/\/secure.gravatar.com\/avatar\/f8f0a14d57a57f103e42363994b25ba9?s=96&d=mm&r=g","contentUrl":"https:\/\/secure.gravatar.com\/avatar\/f8f0a14d57a57f103e42363994b25ba9?s=96&d=mm&r=g","caption":"Luiz Felipe"},"url":"https:\/\/www.adf.org.br\/home\/author\/luiz-merencianopmk-com-br\/"}]}},"_links":{"self":[{"href":"https:\/\/www.adf.org.br\/home\/wp-json\/wp\/v2\/posts\/65817"}],"collection":[{"href":"https:\/\/www.adf.org.br\/home\/wp-json\/wp\/v2\/posts"}],"about":[{"href":"https:\/\/www.adf.org.br\/home\/wp-json\/wp\/v2\/types\/post"}],"author":[{"embeddable":true,"href":"https:\/\/www.adf.org.br\/home\/wp-json\/wp\/v2\/users\/30"}],"replies":[{"embeddable":true,"href":"https:\/\/www.adf.org.br\/home\/wp-json\/wp\/v2\/comments?post=65817"}],"version-history":[{"count":2,"href":"https:\/\/www.adf.org.br\/home\/wp-json\/wp\/v2\/posts\/65817\/revisions"}],"predecessor-version":[{"id":65822,"href":"https:\/\/www.adf.org.br\/home\/wp-json\/wp\/v2\/posts\/65817\/revisions\/65822"}],"wp:featuredmedia":[{"embeddable":true,"href":"https:\/\/www.adf.org.br\/home\/wp-json\/wp\/v2\/media\/65820"}],"wp:attachment":[{"href":"https:\/\/www.adf.org.br\/home\/wp-json\/wp\/v2\/media?parent=65817"}],"wp:term":[{"taxonomy":"category","embeddable":true,"href":"https:\/\/www.adf.org.br\/home\/wp-json\/wp\/v2\/categories?post=65817"},{"taxonomy":"post_tag","embeddable":true,"href":"https:\/\/www.adf.org.br\/home\/wp-json\/wp\/v2\/tags?post=65817"}],"curies":[{"name":"wp","href":"https:\/\/api.w.org\/{rel}","templated":true}]}}