{"id":65618,"date":"2021-08-26T00:01:15","date_gmt":"2021-08-26T03:01:15","guid":{"rendered":"https:\/\/www.adf.org.br\/home\/?p=65618"},"modified":"2021-08-25T15:28:52","modified_gmt":"2021-08-25T18:28:52","slug":"uma-novidade-para-voce-caroa-devotoa","status":"publish","type":"post","link":"https:\/\/www.adf.org.br\/home\/uma-novidade-para-voce-caroa-devotoa\/","title":{"rendered":"Uma novidade para voc\u00ea, caro(a) devoto(a)!"},"content":{"rendered":"<figure id=\"attachment_65630\" aria-describedby=\"caption-attachment-65630\" style=\"width: 600px\" class=\"wp-caption aligncenter\"><a href=\"https:\/\/adf.org.br\/apostolosdefatima\/2\/?origem=20550#ChanceUnica\" target=\"_blank\" rel=\"noopener noreferrer\"><img loading=\"lazy\" class=\"wp-image-65630 size-full\" src=\"https:\/\/www.adf.org.br\/home\/wp-content\/uploads\/2021\/08\/Post-ADF-26_08.jpg\" alt=\"Vel\u00e1rio Permanente da Associa\u00e7\u00e3o Devotos de F\u00e1tima\" width=\"600\" height=\"350\" srcset=\"https:\/\/www.adf.org.br\/home\/wp-content\/uploads\/2021\/08\/Post-ADF-26_08.jpg 600w, https:\/\/www.adf.org.br\/home\/wp-content\/uploads\/2021\/08\/Post-ADF-26_08-300x175.jpg 300w\" sizes=\"(max-width: 600px) 100vw, 600px\" \/><\/a><figcaption id=\"caption-attachment-65630\" class=\"wp-caption-text\">Vel\u00e1rio Permanente da Associa\u00e7\u00e3o Devotos de F\u00e1tima<\/figcaption><\/figure>\n<p>&nbsp;<\/p>\n<p><span style=\"color: #000000;\">Bom dia, caro (a) devoto(a),<br \/>\n<\/span><span style=\"color: #000000;\">Salve Maria!<\/span><\/p>\n<p><span style=\"color: #000000;\">Olha, eu tenho algo incr\u00edvel para te contar&#8230;<\/span><\/p>\n<p><span style=\"color: #000000;\">O acesso exclusivo dos membros do grupo <span style=\"color: #0000ff;\"><a style=\"color: #0000ff;\" href=\"https:\/\/adf.org.br\/apostolosdefatima\/2\/?origem=20550#ChanceUnica\" target=\"_blank\" rel=\"noopener noreferrer\">Ap\u00f3stolos de F\u00e1tima<\/a><\/span> contam um novo Vel\u00e1rio Permanente!<\/span><\/p>\n<p style=\"padding-left: 40px;\"><em><span style=\"color: #000000;\">&#8220;T\u00e1, mas o que \u00e9 esse site?&#8221;<\/span><\/em><\/p>\n<p><strong><span style=\"color: #000000;\">Atrav\u00e9s dele, os membros do grupo conseguem colocar seus pedidos em todas as missas que celebramos e tamb\u00e9m na vig\u00edlia perp\u00e9tua de ora\u00e7\u00f5es.<\/span><\/strong><\/p>\n<p><span style=\"color: #000000;\">Olha como ficou:<\/span><\/p>\n<p><a href=\"https:\/\/adf.org.br\/apostolosdefatima\/2\/?origem=20550#ChanceUnica\" target=\"_blank\" rel=\"noopener noreferrer\"><img loading=\"lazy\" class=\"aligncenter wp-image-65619\" src=\"https:\/\/www.adf.org.br\/home\/wp-content\/uploads\/2021\/08\/unnamed-1-300x88.png\" alt=\"\" width=\"641\" height=\"188\" srcset=\"https:\/\/www.adf.org.br\/home\/wp-content\/uploads\/2021\/08\/unnamed-1-300x88.png 300w, https:\/\/www.adf.org.br\/home\/wp-content\/uploads\/2021\/08\/unnamed-1-1024x300.png 1024w, https:\/\/www.adf.org.br\/home\/wp-content\/uploads\/2021\/08\/unnamed-1-768x225.png 768w, https:\/\/www.adf.org.br\/home\/wp-content\/uploads\/2021\/08\/unnamed-1.png 1066w\" sizes=\"(max-width: 641px) 100vw, 641px\" \/><\/a><\/p>\n<p><span style=\"color: #000000;\">Al\u00e9m de ter ficado uma p\u00e1gina mais linda, est\u00e1 mais r\u00e1pida e de f\u00e1cil acesso.<\/span><\/p>\n<p><span style=\"color: #000000;\"><span style=\"color: #000000;\">Ficou interessado(a) em conhecer a nova p\u00e1gina do nosso <strong>Vel\u00e1rio Permanente<\/strong>?\u00a0<\/span><\/span><\/p>\n<p><span style=\"color: #0000ff;\"><a style=\"color: #0000ff;\" href=\"https:\/\/adf.org.br\/apostolosdefatima\/2\/?origem=20550#ChanceUnica\" target=\"_blank\" rel=\"noopener noreferrer\" data-saferedirecturl=\"https:\/\/www.google.com\/url?q=http:\/\/e.adf.org.br\/bendar\/?atmca%3D9257428%26atmme%3D1995%26atmte%3D1%26atmso%3Dck%26utm_content%3D266269015%26atmem%3DbHVpei5tZXJlbmNpYW5vQHBtay5jb20uYnI%3D%26&amp;source=gmail&amp;ust=1629979538022000&amp;usg=AFQjCNETGPoW1NQaswoD_IOfYG0YrP5BlQ\"><span style=\"text-decoration: underline;\">Clique para ingressar no grupo Ap\u00f3stolos de F\u00e1tima e ter acesso a esse site exclusivo<\/span><\/a><\/span>!<\/p>\n<p><strong><span style=\"color: #000000;\">Al\u00e9m de ter acesso a essa p\u00e1gina exclusiva, voc\u00ea contar\u00e1 com missas semanais, ora\u00e7\u00f5es di\u00e1rias e muito mais.<\/span><\/strong><\/p>\n<p><span style=\"color: #000000;\">Ficou curioso(a),\u00a0 mas quer saber mais algumas informa\u00e7\u00f5es sobre o Vel\u00e1rio?<\/span><\/p>\n<p><span style=\"color: #000000;\">Deixa ent\u00e3o eu te dar uma pequena degusta\u00e7\u00e3o do que temos nesta nova p\u00e1gina.\u00a0 <\/span><\/p>\n<p><span style=\"color: #000000;\">No topo da p\u00e1gina temos alguns t\u00f3picos:<\/span><\/p>\n<p><a href=\"https:\/\/adf.org.br\/apostolosdefatima\/2\/?origem=20550\" target=\"_blank\" rel=\"noopener noreferrer\"><img loading=\"lazy\" class=\"aligncenter wp-image-65621\" src=\"https:\/\/www.adf.org.br\/home\/wp-content\/uploads\/2021\/08\/unnamed-1-1-300x23.png\" alt=\"\" width=\"704\" height=\"54\" srcset=\"https:\/\/www.adf.org.br\/home\/wp-content\/uploads\/2021\/08\/unnamed-1-1-300x23.png 300w, https:\/\/www.adf.org.br\/home\/wp-content\/uploads\/2021\/08\/unnamed-1-1.png 715w\" sizes=\"(max-width: 704px) 100vw, 704px\" \/><\/a><\/p>\n<h3><span style=\"color: #000000;\">Vou te explicar cada um deles:<\/span><\/h3>\n<p style=\"padding-left: 40px;\"><span style=\"color: #000000;\">&#8211;\u00a0<span style=\"color: #0000ff;\"><span style=\"color: #800080;\"><b>Inten\u00e7\u00f5es:<\/b><\/span>\u00a0<\/span>Voc\u00ea colocar\u00e1 seus pedidos na Missa.<\/span><\/p>\n<p style=\"padding-left: 40px;\"><span style=\"color: #000000;\">&#8211;\u00a0<span style=\"color: #800080;\"><b>Minhas inten\u00e7\u00f5es:<\/b>\u00a0<\/span>Voc\u00ea pode ver todos os pedidos que j\u00e1 incluiu.<\/span><\/p>\n<p style=\"padding-left: 40px;\"><span style=\"color: #000000;\">&#8211;\u00a0<span style=\"color: #800080;\"><b>Ora\u00e7\u00f5es:<\/b><\/span>\u00a0as ora\u00e7\u00f5es mais eficazes para recorrer a Nossa Senhora de F\u00e1tima.<\/span><\/p>\n<p style=\"padding-left: 40px;\"><span style=\"color: #000000;\">&#8211;\u00a0<span style=\"color: #800080;\"><b>Saiba Mais:<\/b>\u00a0<\/span>conte\u00fados sobre Nossa Senhora de F\u00e1tima e Suas apari\u00e7\u00f5es.<\/span><\/p>\n<p style=\"padding-left: 40px;\"><span style=\"color: #000000;\">&#8211;\u00a0<span style=\"color: #800080;\"><b>Gra\u00e7as alcan\u00e7adas:<\/b><\/span>\u00a0voc\u00ea pode dar o seu testemunho e ver o depoimento de outras pessoas.<\/span><\/p>\n<p style=\"padding-left: 40px;\"><span style=\"color: #000000;\">&#8211;\u00a0<span style=\"color: #800080;\"><b>Atualizar cadastro:<\/b><\/span> ao clicar voc\u00ea receber\u00e1 um e-mail para atualizar o seu cadastro e ficar por dentro de todas as novidades.<\/span><\/p>\n<p><span style=\"color: #000000;\">Viu quanta coisa nova?<\/span><\/p>\n<p><span style=\"text-decoration: underline;\"><span style=\"color: #0000ff; text-decoration: underline;\"><a style=\"color: #0000ff; text-decoration: underline;\" href=\"https:\/\/adf.org.br\/apostolosdefatima\/2\/?origem=20550#ChanceUnica\" target=\"_blank\" rel=\"noopener noreferrer\" data-saferedirecturl=\"https:\/\/www.google.com\/url?q=http:\/\/e.adf.org.br\/bendar\/?atmca%3D9257428%26atmme%3D1995%26atmte%3D1%26atmso%3Dck%26utm_content%3D266269015%26atmem%3DbHVpei5tZXJlbmNpYW5vQHBtay5jb20uYnI%3D%26&amp;source=gmail&amp;ust=1629979538022000&amp;usg=AFQjCNETGPoW1NQaswoD_IOfYG0YrP5BlQ\">Acesse aqui, ingresse no grupo Ap\u00f3stolos de F\u00e1tima e conhe\u00e7a o novo <span class=\"il\">Vel\u00e1rio<\/span><\/a><\/span><\/span>.<\/p>\n<p><span style=\"color: #000000;\">Tudo isso foi pensado para que voc\u00ea, tornando-se membro deste grupo aben\u00e7oado, possa tirar o melhor proveito desse acesso exclusivo. <\/span><\/p>\n<p><strong><span style=\"color: #000000;\">Atrav\u00e9s dessa p\u00e1gina, voc\u00ea poder\u00e1 pedir ora\u00e7\u00f5es sempre que precisar.<\/span><\/strong><\/p>\n<p><span style=\"color: #000000;\">Era essa a novidade que eu tinha para te contar. <\/span><\/p>\n<p><span style=\"color: #000000;\">Espero que tenha gostado.\u00a0<\/span><\/p>\n<p><span style=\"color: #000000;\">Conte sempre com as nossas ora\u00e7\u00f5es!<\/span><\/p>\n<p><span style=\"color: #000000;\">Em Jesus e Maria,<\/span><\/p>\n<p><em><span style=\"color: #000000;\"><strong>Carlos Lanna<\/strong><\/span><\/em><br \/>\n<span style=\"color: #000000;\">Coordenador de Apostolado<\/span><br \/>\n<span style=\"color: #000000;\">Associa\u00e7\u00e3o Devotos de F\u00e1tima<\/span><\/p>\n","protected":false},"excerpt":{"rendered":"<p>&nbsp; Bom dia, caro (a) devoto(a), Salve Maria! Olha, eu tenho algo incr\u00edvel para te contar&#8230; O acesso exclusivo dos membros do grupo Ap\u00f3stolos de F\u00e1tima contam um novo Vel\u00e1rio Permanente! &#8220;T\u00e1, mas o que \u00e9 esse site?&#8221; Atrav\u00e9s dele, os membros do grupo conseguem colocar seus pedidos em todas as missas que celebramos e [&hellip;]<\/p>\n","protected":false},"author":30,"featured_media":65631,"comment_status":"open","ping_status":"open","sticky":false,"template":"","format":"standard","meta":[],"categories":[2224,20,2323,2332],"tags":[2242,4648],"yoast_head":"<!-- This site is optimized with the Yoast SEO plugin v17.4 - https:\/\/yoast.com\/wordpress\/plugins\/seo\/ -->\n<title>Uma novidade para voc\u00ea, caro(a) devoto(a)!<\/title>\n<meta name=\"description\" content=\"Uma novidade para voc\u00ea, caro(a) devoto(a)! Voc\u00ea j\u00e1 ficou sabendo que temos uma nova p\u00e1gina do vel\u00e1rio permanente? Clique aqui para saber como conhec\u00ea-la.\" \/>\n<meta name=\"robots\" content=\"index, follow, max-snippet:-1, max-image-preview:large, max-video-preview:-1\" \/>\n<link rel=\"canonical\" href=\"https:\/\/www.adf.org.br\/home\/uma-novidade-para-voce-caroa-devotoa\/\" \/>\n<meta property=\"og:locale\" content=\"pt_BR\" \/>\n<meta property=\"og:type\" content=\"article\" \/>\n<meta property=\"og:title\" content=\"Uma novidade para voc\u00ea, caro(a) devoto(a)!\" \/>\n<meta property=\"og:description\" content=\"Uma novidade para voc\u00ea, caro(a) devoto(a)! Voc\u00ea j\u00e1 ficou sabendo que temos uma nova p\u00e1gina do vel\u00e1rio permanente? Clique aqui para saber como conhec\u00ea-la.\" \/>\n<meta property=\"og:url\" content=\"https:\/\/www.adf.org.br\/home\/uma-novidade-para-voce-caroa-devotoa\/\" \/>\n<meta property=\"og:site_name\" content=\"Associa\u00e7\u00e3o Devotos de F\u00e1tima\" \/>\n<meta property=\"article:published_time\" content=\"2021-08-26T03:01:15+00:00\" \/>\n<meta property=\"article:modified_time\" content=\"2021-08-25T18:28:52+00:00\" \/>\n<meta property=\"og:image\" content=\"https:\/\/www.adf.org.br\/home\/wp-content\/uploads\/2021\/08\/Post-ADF-26_08-1.jpg\" \/>\n\t<meta property=\"og:image:width\" content=\"600\" \/>\n\t<meta property=\"og:image:height\" content=\"350\" \/>\n<meta name=\"twitter:card\" content=\"summary_large_image\" \/>\n<meta name=\"twitter:label1\" content=\"Escrito por\" \/>\n\t<meta name=\"twitter:data1\" content=\"Luiz Felipe\" \/>\n\t<meta name=\"twitter:label2\" content=\"Est. tempo de leitura\" \/>\n\t<meta name=\"twitter:data2\" content=\"2 minutos\" \/>\n<script type=\"application\/ld+json\" class=\"yoast-schema-graph\">{\"@context\":\"https:\/\/schema.org\",\"@graph\":[{\"@type\":\"WebSite\",\"@id\":\"https:\/\/www.adf.org.br\/home\/#website\",\"url\":\"https:\/\/www.adf.org.br\/home\/\",\"name\":\"Associa\\u00e7\\u00e3o Devotos de F\\u00e1tima\",\"description\":\"Associa\\u00e7\\u00e3o Devotos de F\\u00e1tima\",\"potentialAction\":[{\"@type\":\"SearchAction\",\"target\":{\"@type\":\"EntryPoint\",\"urlTemplate\":\"https:\/\/www.adf.org.br\/home\/?s={search_term_string}\"},\"query-input\":\"required name=search_term_string\"}],\"inLanguage\":\"pt-BR\"},{\"@type\":\"ImageObject\",\"@id\":\"https:\/\/www.adf.org.br\/home\/uma-novidade-para-voce-caroa-devotoa\/#primaryimage\",\"inLanguage\":\"pt-BR\",\"url\":\"https:\/\/www.adf.org.br\/home\/wp-content\/uploads\/2021\/08\/Post-ADF-26_08-1.jpg\",\"contentUrl\":\"https:\/\/www.adf.org.br\/home\/wp-content\/uploads\/2021\/08\/Post-ADF-26_08-1.jpg\",\"width\":600,\"height\":350},{\"@type\":\"WebPage\",\"@id\":\"https:\/\/www.adf.org.br\/home\/uma-novidade-para-voce-caroa-devotoa\/#webpage\",\"url\":\"https:\/\/www.adf.org.br\/home\/uma-novidade-para-voce-caroa-devotoa\/\",\"name\":\"Uma novidade para voc\\u00ea, caro(a) devoto(a)!\",\"isPartOf\":{\"@id\":\"https:\/\/www.adf.org.br\/home\/#website\"},\"primaryImageOfPage\":{\"@id\":\"https:\/\/www.adf.org.br\/home\/uma-novidade-para-voce-caroa-devotoa\/#primaryimage\"},\"datePublished\":\"2021-08-26T03:01:15+00:00\",\"dateModified\":\"2021-08-25T18:28:52+00:00\",\"author\":{\"@id\":\"https:\/\/www.adf.org.br\/home\/#\/schema\/person\/1ad877d1f255f4637ee020b3b16138ee\"},\"description\":\"Uma novidade para voc\\u00ea, caro(a) devoto(a)! Voc\\u00ea j\\u00e1 ficou sabendo que temos uma nova p\\u00e1gina do vel\\u00e1rio permanente? Clique aqui para saber como conhec\\u00ea-la.\",\"breadcrumb\":{\"@id\":\"https:\/\/www.adf.org.br\/home\/uma-novidade-para-voce-caroa-devotoa\/#breadcrumb\"},\"inLanguage\":\"pt-BR\",\"potentialAction\":[{\"@type\":\"ReadAction\",\"target\":[\"https:\/\/www.adf.org.br\/home\/uma-novidade-para-voce-caroa-devotoa\/\"]}]},{\"@type\":\"BreadcrumbList\",\"@id\":\"https:\/\/www.adf.org.br\/home\/uma-novidade-para-voce-caroa-devotoa\/#breadcrumb\",\"itemListElement\":[{\"@type\":\"ListItem\",\"position\":1,\"name\":\"Home\",\"item\":\"https:\/\/www.adf.org.br\/home\/\"},{\"@type\":\"ListItem\",\"position\":2,\"name\":\"Uma novidade para voc\\u00ea, caro(a) devoto(a)!\"}]},{\"@type\":\"Person\",\"@id\":\"https:\/\/www.adf.org.br\/home\/#\/schema\/person\/1ad877d1f255f4637ee020b3b16138ee\",\"name\":\"Luiz Felipe\",\"image\":{\"@type\":\"ImageObject\",\"@id\":\"https:\/\/www.adf.org.br\/home\/#personlogo\",\"inLanguage\":\"pt-BR\",\"url\":\"https:\/\/secure.gravatar.com\/avatar\/f8f0a14d57a57f103e42363994b25ba9?s=96&d=mm&r=g\",\"contentUrl\":\"https:\/\/secure.gravatar.com\/avatar\/f8f0a14d57a57f103e42363994b25ba9?s=96&d=mm&r=g\",\"caption\":\"Luiz Felipe\"},\"url\":\"https:\/\/www.adf.org.br\/home\/author\/luiz-merencianopmk-com-br\/\"}]}<\/script>\n<!-- \/ Yoast SEO plugin. -->","yoast_head_json":{"title":"Uma novidade para voc\u00ea, caro(a) devoto(a)!","description":"Uma novidade para voc\u00ea, caro(a) devoto(a)! Voc\u00ea j\u00e1 ficou sabendo que temos uma nova p\u00e1gina do vel\u00e1rio permanente? Clique aqui para saber como conhec\u00ea-la.","robots":{"index":"index","follow":"follow","max-snippet":"max-snippet:-1","max-image-preview":"max-image-preview:large","max-video-preview":"max-video-preview:-1"},"canonical":"https:\/\/www.adf.org.br\/home\/uma-novidade-para-voce-caroa-devotoa\/","og_locale":"pt_BR","og_type":"article","og_title":"Uma novidade para voc\u00ea, caro(a) devoto(a)!","og_description":"Uma novidade para voc\u00ea, caro(a) devoto(a)! Voc\u00ea j\u00e1 ficou sabendo que temos uma nova p\u00e1gina do vel\u00e1rio permanente? Clique aqui para saber como conhec\u00ea-la.","og_url":"https:\/\/www.adf.org.br\/home\/uma-novidade-para-voce-caroa-devotoa\/","og_site_name":"Associa\u00e7\u00e3o Devotos de F\u00e1tima","article_published_time":"2021-08-26T03:01:15+00:00","article_modified_time":"2021-08-25T18:28:52+00:00","og_image":[{"width":600,"height":350,"url":"https:\/\/www.adf.org.br\/home\/wp-content\/uploads\/2021\/08\/Post-ADF-26_08-1.jpg","type":"image\/jpeg"}],"twitter_card":"summary_large_image","twitter_misc":{"Escrito por":"Luiz Felipe","Est. tempo de leitura":"2 minutos"},"schema":{"@context":"https:\/\/schema.org","@graph":[{"@type":"WebSite","@id":"https:\/\/www.adf.org.br\/home\/#website","url":"https:\/\/www.adf.org.br\/home\/","name":"Associa\u00e7\u00e3o Devotos de F\u00e1tima","description":"Associa\u00e7\u00e3o Devotos de F\u00e1tima","potentialAction":[{"@type":"SearchAction","target":{"@type":"EntryPoint","urlTemplate":"https:\/\/www.adf.org.br\/home\/?s={search_term_string}"},"query-input":"required name=search_term_string"}],"inLanguage":"pt-BR"},{"@type":"ImageObject","@id":"https:\/\/www.adf.org.br\/home\/uma-novidade-para-voce-caroa-devotoa\/#primaryimage","inLanguage":"pt-BR","url":"https:\/\/www.adf.org.br\/home\/wp-content\/uploads\/2021\/08\/Post-ADF-26_08-1.jpg","contentUrl":"https:\/\/www.adf.org.br\/home\/wp-content\/uploads\/2021\/08\/Post-ADF-26_08-1.jpg","width":600,"height":350},{"@type":"WebPage","@id":"https:\/\/www.adf.org.br\/home\/uma-novidade-para-voce-caroa-devotoa\/#webpage","url":"https:\/\/www.adf.org.br\/home\/uma-novidade-para-voce-caroa-devotoa\/","name":"Uma novidade para voc\u00ea, caro(a) devoto(a)!","isPartOf":{"@id":"https:\/\/www.adf.org.br\/home\/#website"},"primaryImageOfPage":{"@id":"https:\/\/www.adf.org.br\/home\/uma-novidade-para-voce-caroa-devotoa\/#primaryimage"},"datePublished":"2021-08-26T03:01:15+00:00","dateModified":"2021-08-25T18:28:52+00:00","author":{"@id":"https:\/\/www.adf.org.br\/home\/#\/schema\/person\/1ad877d1f255f4637ee020b3b16138ee"},"description":"Uma novidade para voc\u00ea, caro(a) devoto(a)! Voc\u00ea j\u00e1 ficou sabendo que temos uma nova p\u00e1gina do vel\u00e1rio permanente? Clique aqui para saber como conhec\u00ea-la.","breadcrumb":{"@id":"https:\/\/www.adf.org.br\/home\/uma-novidade-para-voce-caroa-devotoa\/#breadcrumb"},"inLanguage":"pt-BR","potentialAction":[{"@type":"ReadAction","target":["https:\/\/www.adf.org.br\/home\/uma-novidade-para-voce-caroa-devotoa\/"]}]},{"@type":"BreadcrumbList","@id":"https:\/\/www.adf.org.br\/home\/uma-novidade-para-voce-caroa-devotoa\/#breadcrumb","itemListElement":[{"@type":"ListItem","position":1,"name":"Home","item":"https:\/\/www.adf.org.br\/home\/"},{"@type":"ListItem","position":2,"name":"Uma novidade para voc\u00ea, caro(a) devoto(a)!"}]},{"@type":"Person","@id":"https:\/\/www.adf.org.br\/home\/#\/schema\/person\/1ad877d1f255f4637ee020b3b16138ee","name":"Luiz Felipe","image":{"@type":"ImageObject","@id":"https:\/\/www.adf.org.br\/home\/#personlogo","inLanguage":"pt-BR","url":"https:\/\/secure.gravatar.com\/avatar\/f8f0a14d57a57f103e42363994b25ba9?s=96&d=mm&r=g","contentUrl":"https:\/\/secure.gravatar.com\/avatar\/f8f0a14d57a57f103e42363994b25ba9?s=96&d=mm&r=g","caption":"Luiz Felipe"},"url":"https:\/\/www.adf.org.br\/home\/author\/luiz-merencianopmk-com-br\/"}]}},"_links":{"self":[{"href":"https:\/\/www.adf.org.br\/home\/wp-json\/wp\/v2\/posts\/65618"}],"collection":[{"href":"https:\/\/www.adf.org.br\/home\/wp-json\/wp\/v2\/posts"}],"about":[{"href":"https:\/\/www.adf.org.br\/home\/wp-json\/wp\/v2\/types\/post"}],"author":[{"embeddable":true,"href":"https:\/\/www.adf.org.br\/home\/wp-json\/wp\/v2\/users\/30"}],"replies":[{"embeddable":true,"href":"https:\/\/www.adf.org.br\/home\/wp-json\/wp\/v2\/comments?post=65618"}],"version-history":[{"count":10,"href":"https:\/\/www.adf.org.br\/home\/wp-json\/wp\/v2\/posts\/65618\/revisions"}],"predecessor-version":[{"id":65633,"href":"https:\/\/www.adf.org.br\/home\/wp-json\/wp\/v2\/posts\/65618\/revisions\/65633"}],"wp:featuredmedia":[{"embeddable":true,"href":"https:\/\/www.adf.org.br\/home\/wp-json\/wp\/v2\/media\/65631"}],"wp:attachment":[{"href":"https:\/\/www.adf.org.br\/home\/wp-json\/wp\/v2\/media?parent=65618"}],"wp:term":[{"taxonomy":"category","embeddable":true,"href":"https:\/\/www.adf.org.br\/home\/wp-json\/wp\/v2\/categories?post=65618"},{"taxonomy":"post_tag","embeddable":true,"href":"https:\/\/www.adf.org.br\/home\/wp-json\/wp\/v2\/tags?post=65618"}],"curies":[{"name":"wp","href":"https:\/\/api.w.org\/{rel}","templated":true}]}}