{"id":65607,"date":"2021-08-26T00:02:40","date_gmt":"2021-08-26T03:02:40","guid":{"rendered":"https:\/\/www.adf.org.br\/home\/?p=65607"},"modified":"2021-08-24T17:36:34","modified_gmt":"2021-08-24T20:36:34","slug":"momento-da-oracao-oracao-a-maria-santissima-para-alcancar-a-graca-da-perseveranca","status":"publish","type":"post","link":"https:\/\/www.adf.org.br\/home\/momento-da-oracao-oracao-a-maria-santissima-para-alcancar-a-graca-da-perseveranca\/","title":{"rendered":"Momento da ora\u00e7\u00e3o: Ora\u00e7\u00e3o a Maria Sant\u00edssima para alcan\u00e7ar a gra\u00e7a da perseveran\u00e7a."},"content":{"rendered":"<h2 style=\"text-align: center;\"><span style=\"color: #000000;\"><strong>Momento da ora\u00e7\u00e3o: Ora\u00e7\u00e3o a Maria Sant\u00edssima para alcan\u00e7ar a gra\u00e7a da perseveran\u00e7a.<\/strong><\/span><\/h2>\n<p><img loading=\"lazy\" class=\"size-medium wp-image-64238 alignleft\" src=\"https:\/\/www.adf.org.br\/home\/wp-content\/uploads\/2021\/04\/adf-176x300.png\" alt=\"\" width=\"176\" height=\"300\" srcset=\"https:\/\/www.adf.org.br\/home\/wp-content\/uploads\/2021\/04\/adf-176x300.png 176w, https:\/\/www.adf.org.br\/home\/wp-content\/uploads\/2021\/04\/adf.png 202w\" sizes=\"(max-width: 176px) 100vw, 176px\" \/><\/p>\n<p><span style=\"color: #000000;\"><span style=\"color: #000000;\"><b><span style=\"color: #800080; font-size: 32px;\">S<\/span><span style=\"color: #0000ff;\"><a style=\"color: #0000ff;\" href=\"https:\/\/adf.org.br\/velario\/?origem=20539\" target=\"_blank\" rel=\"noopener noreferrer\">ant\u00edssima Virgem Maria<\/a><\/span>, Rainha do C\u00e9u, tenho tido a desgra\u00e7a de cair em pecado, <span style=\"color: #800080;\">mas arrependi-me e recebi\u00a0o perd\u00e3o no Santo Sacramento da Penit\u00eancia.<\/span><\/b><\/span><\/span><\/p>\n<p><span style=\"color: #000000;\">Venho humildemente a V\u00f3s, \u00f3 minha sant\u00edssima M\u00e3e, para vos agradecer de todo o meu cora\u00e7\u00e3o por me haverdes ajudado e alcan\u00e7ado de Jesus o perd\u00e3o de todas as minhas culpas. <\/span><\/p>\n<p><span style=\"color: #800080;\"><strong>De novo me consagro ao vosso servi\u00e7o.<\/strong><\/span><\/p>\n<p><span style=\"color: #000000;\">Lembrai-vos, \u00f3 <span style=\"color: #0000ff;\"><a style=\"color: #0000ff;\" href=\"https:\/\/adf.org.br\/velario\/?origem=20539\" target=\"_blank\" rel=\"noopener noreferrer\">minha dulc\u00edssima M\u00e3e<\/a><\/span>, de que tornei a ser vosso filho; sede minha M\u00e3e, tende compaix\u00e3o de mim e recebei-me debaixo da vossa maternal prote\u00e7\u00e3o.<\/span><\/p>\n<p><strong><span style=\"color: #000000;\">Em v\u00f3s ponho, depois de Jesus, toda a minha confian\u00e7a e espero que n\u00e3o me abandonareis, como mere\u00e7o.<\/span><\/strong><\/p>\n<p><span style=\"color: #000000;\">Continuo exposto ao perigo de tornar a ofender ao vosso divino Filho e meu Senhor Jesus Cristo, a quem s\u00f3 quero amar at\u00e9 o \u00faltimo suspiro.<\/span><\/p>\n<p><span style=\"color: #800080;\"><strong>Os meus inimigos n\u00e3o dormem, as tenta\u00e7\u00f5es me perseguir\u00e3o por toda a parte.<\/strong><\/span><\/p>\n<p><span style=\"color: #000000;\">Protegei-me, \u00f3 Rainha gloriosa do C\u00e9u, defendei-me, \u00f3 minha M\u00e3e <span style=\"color: #0000ff;\"><a style=\"color: #0000ff;\" href=\"https:\/\/adf.org.br\/velario\/?origem=20539\" target=\"_blank\" rel=\"noopener noreferrer\">Maria<\/a><\/span>, socorrei-me, contra os ataques do inferno, \u00f3 Virgem Imaculada!<\/span><\/p>\n<p><strong><span style=\"color: #000000;\">N\u00e3o, n\u00e3o terei a desgra\u00e7a infinita de perder a minha alma e o meu Deus, <span style=\"color: #800080;\">pois \u00e9 esta a gra\u00e7a que espero alcan\u00e7ar pela vossa piedosa intercess\u00e3o. Am\u00e9m.<\/span><\/span><\/strong><\/p>\n<h3 style=\"text-align: center;\">* * *<\/h3>\n<p style=\"text-align: center;\"><span style=\"color: #000000;\"><strong>Faremos celebrar a <span style=\"text-decoration: underline;\">Santa Missa dos Angustiados, para combater a Depress\u00e3o e Tristeza<\/span> nesta semana.<\/strong><\/span><\/p>\n<p><span style=\"color: #000000;\"><em>Voc\u00ea s<\/em><\/span><span style=\"color: #000000;\"><em>ente como se sua vida tivesse perdido o sentido?<\/em><\/span><br \/>\n<span style=\"color: #000000;\"><em>N\u00e3o percebe mais as coisas com o mesmo sabor de antes?<\/em><\/span><\/p>\n<p><span style=\"color: #000000;\">Ent\u00e3o, <a href=\"https:\/\/adf.org.br\/velario\/?origem=20539\" target=\"_blank\" rel=\"noopener noreferrer\"><span style=\"color: #0000ff;\"><strong>clique aqui<\/strong> <\/span><\/a>ou na imagem abaixo e acenda a <strong><span style=\"text-decoration: underline;\">Vela dos Angustiados, para combater a Depress\u00e3o e Tristeza<\/span><\/strong>.<\/span><\/p>\n<p><a href=\"https:\/\/adf.org.br\/velario\/?origem=20539\" target=\"_blank\" rel=\"noopener noreferrer\"><span style=\"color: #000000;\"><img loading=\"lazy\" class=\" wp-image-60081 aligncenter\" src=\"https:\/\/www.adf.org.br\/home\/wp-content\/uploads\/2020\/06\/vela-nossa-Senhora-de-Fatima-300x175.jpg\" alt=\"\" width=\"278\" height=\"162\" srcset=\"https:\/\/www.adf.org.br\/home\/wp-content\/uploads\/2020\/06\/vela-nossa-Senhora-de-Fatima-300x175.jpg 300w, https:\/\/www.adf.org.br\/home\/wp-content\/uploads\/2020\/06\/vela-nossa-Senhora-de-Fatima.jpg 600w\" sizes=\"(max-width: 278px) 100vw, 278px\" \/><\/span><\/a><\/p>\n<p style=\"text-align: center;\"><strong><span style=\"color: #800080;\">Certamente aquilo que voc\u00ea pedir, Nossa Senhora conceder\u00e1. Tenha f\u00e9!<\/span><\/strong><\/p>\n","protected":false},"excerpt":{"rendered":"<p>Momento da ora\u00e7\u00e3o: Ora\u00e7\u00e3o a Maria Sant\u00edssima para alcan\u00e7ar a gra\u00e7a da perseveran\u00e7a. Sant\u00edssima Virgem Maria, Rainha do C\u00e9u, tenho tido a desgra\u00e7a de cair em pecado, mas arrependi-me e recebi\u00a0o perd\u00e3o no Santo Sacramento da Penit\u00eancia. Venho humildemente a V\u00f3s, \u00f3 minha sant\u00edssima M\u00e3e, para vos agradecer de todo o meu cora\u00e7\u00e3o por me [&hellip;]<\/p>\n","protected":false},"author":30,"featured_media":64238,"comment_status":"open","ping_status":"open","sticky":false,"template":"","format":"standard","meta":[],"categories":[20,14,2332],"tags":[38,4646],"yoast_head":"<!-- This site is optimized with the Yoast SEO plugin v17.4 - https:\/\/yoast.com\/wordpress\/plugins\/seo\/ -->\n<title>Momento da ora\u00e7\u00e3o: Maria Sant\u00edssima alcan\u00e7ar a gra\u00e7a da perseveran\u00e7a.<\/title>\n<meta name=\"description\" content=\"Momento da ora\u00e7\u00e3o: Reze conosco esta Ora\u00e7\u00e3o a Maria Sant\u00edssima pedindo a gra\u00e7a de alcan\u00e7ar a gra\u00e7a da perseveran\u00e7a clicando aqui.\" \/>\n<meta name=\"robots\" content=\"index, follow, max-snippet:-1, max-image-preview:large, max-video-preview:-1\" \/>\n<link rel=\"canonical\" href=\"https:\/\/www.adf.org.br\/home\/momento-da-oracao-oracao-a-maria-santissima-para-alcancar-a-graca-da-perseveranca\/\" \/>\n<meta property=\"og:locale\" content=\"pt_BR\" \/>\n<meta property=\"og:type\" content=\"article\" \/>\n<meta property=\"og:title\" content=\"Momento da ora\u00e7\u00e3o: Maria Sant\u00edssima alcan\u00e7ar a gra\u00e7a da perseveran\u00e7a.\" \/>\n<meta property=\"og:description\" content=\"Momento da ora\u00e7\u00e3o: Reze conosco esta Ora\u00e7\u00e3o a Maria Sant\u00edssima pedindo a gra\u00e7a de alcan\u00e7ar a gra\u00e7a da perseveran\u00e7a clicando aqui.\" \/>\n<meta property=\"og:url\" content=\"https:\/\/www.adf.org.br\/home\/momento-da-oracao-oracao-a-maria-santissima-para-alcancar-a-graca-da-perseveranca\/\" \/>\n<meta property=\"og:site_name\" content=\"Associa\u00e7\u00e3o Devotos de F\u00e1tima\" \/>\n<meta property=\"article:published_time\" content=\"2021-08-26T03:02:40+00:00\" \/>\n<meta property=\"article:modified_time\" content=\"2021-08-24T20:36:34+00:00\" \/>\n<meta property=\"og:image\" content=\"https:\/\/www.adf.org.br\/home\/wp-content\/uploads\/2021\/04\/adf.png\" \/>\n\t<meta property=\"og:image:width\" content=\"202\" \/>\n\t<meta property=\"og:image:height\" content=\"345\" \/>\n<meta name=\"twitter:card\" content=\"summary_large_image\" \/>\n<meta name=\"twitter:label1\" content=\"Escrito por\" \/>\n\t<meta name=\"twitter:data1\" content=\"Luiz Felipe\" \/>\n\t<meta name=\"twitter:label2\" content=\"Est. tempo de leitura\" \/>\n\t<meta name=\"twitter:data2\" content=\"2 minutos\" \/>\n<script type=\"application\/ld+json\" class=\"yoast-schema-graph\">{\"@context\":\"https:\/\/schema.org\",\"@graph\":[{\"@type\":\"WebSite\",\"@id\":\"https:\/\/www.adf.org.br\/home\/#website\",\"url\":\"https:\/\/www.adf.org.br\/home\/\",\"name\":\"Associa\\u00e7\\u00e3o Devotos de F\\u00e1tima\",\"description\":\"Associa\\u00e7\\u00e3o Devotos de F\\u00e1tima\",\"potentialAction\":[{\"@type\":\"SearchAction\",\"target\":{\"@type\":\"EntryPoint\",\"urlTemplate\":\"https:\/\/www.adf.org.br\/home\/?s={search_term_string}\"},\"query-input\":\"required name=search_term_string\"}],\"inLanguage\":\"pt-BR\"},{\"@type\":\"ImageObject\",\"@id\":\"https:\/\/www.adf.org.br\/home\/momento-da-oracao-oracao-a-maria-santissima-para-alcancar-a-graca-da-perseveranca\/#primaryimage\",\"inLanguage\":\"pt-BR\",\"url\":\"https:\/\/www.adf.org.br\/home\/wp-content\/uploads\/2021\/04\/adf.png\",\"contentUrl\":\"https:\/\/www.adf.org.br\/home\/wp-content\/uploads\/2021\/04\/adf.png\",\"width\":202,\"height\":345},{\"@type\":\"WebPage\",\"@id\":\"https:\/\/www.adf.org.br\/home\/momento-da-oracao-oracao-a-maria-santissima-para-alcancar-a-graca-da-perseveranca\/#webpage\",\"url\":\"https:\/\/www.adf.org.br\/home\/momento-da-oracao-oracao-a-maria-santissima-para-alcancar-a-graca-da-perseveranca\/\",\"name\":\"Momento da ora\\u00e7\\u00e3o: Maria Sant\\u00edssima alcan\\u00e7ar a gra\\u00e7a da perseveran\\u00e7a.\",\"isPartOf\":{\"@id\":\"https:\/\/www.adf.org.br\/home\/#website\"},\"primaryImageOfPage\":{\"@id\":\"https:\/\/www.adf.org.br\/home\/momento-da-oracao-oracao-a-maria-santissima-para-alcancar-a-graca-da-perseveranca\/#primaryimage\"},\"datePublished\":\"2021-08-26T03:02:40+00:00\",\"dateModified\":\"2021-08-24T20:36:34+00:00\",\"author\":{\"@id\":\"https:\/\/www.adf.org.br\/home\/#\/schema\/person\/1ad877d1f255f4637ee020b3b16138ee\"},\"description\":\"Momento da ora\\u00e7\\u00e3o: Reze conosco esta Ora\\u00e7\\u00e3o a Maria Sant\\u00edssima pedindo a gra\\u00e7a de alcan\\u00e7ar a gra\\u00e7a da perseveran\\u00e7a clicando aqui.\",\"breadcrumb\":{\"@id\":\"https:\/\/www.adf.org.br\/home\/momento-da-oracao-oracao-a-maria-santissima-para-alcancar-a-graca-da-perseveranca\/#breadcrumb\"},\"inLanguage\":\"pt-BR\",\"potentialAction\":[{\"@type\":\"ReadAction\",\"target\":[\"https:\/\/www.adf.org.br\/home\/momento-da-oracao-oracao-a-maria-santissima-para-alcancar-a-graca-da-perseveranca\/\"]}]},{\"@type\":\"BreadcrumbList\",\"@id\":\"https:\/\/www.adf.org.br\/home\/momento-da-oracao-oracao-a-maria-santissima-para-alcancar-a-graca-da-perseveranca\/#breadcrumb\",\"itemListElement\":[{\"@type\":\"ListItem\",\"position\":1,\"name\":\"Home\",\"item\":\"https:\/\/www.adf.org.br\/home\/\"},{\"@type\":\"ListItem\",\"position\":2,\"name\":\"Momento da ora\\u00e7\\u00e3o: Ora\\u00e7\\u00e3o a Maria Sant\\u00edssima para alcan\\u00e7ar a gra\\u00e7a da perseveran\\u00e7a.\"}]},{\"@type\":\"Person\",\"@id\":\"https:\/\/www.adf.org.br\/home\/#\/schema\/person\/1ad877d1f255f4637ee020b3b16138ee\",\"name\":\"Luiz Felipe\",\"image\":{\"@type\":\"ImageObject\",\"@id\":\"https:\/\/www.adf.org.br\/home\/#personlogo\",\"inLanguage\":\"pt-BR\",\"url\":\"https:\/\/secure.gravatar.com\/avatar\/f8f0a14d57a57f103e42363994b25ba9?s=96&d=mm&r=g\",\"contentUrl\":\"https:\/\/secure.gravatar.com\/avatar\/f8f0a14d57a57f103e42363994b25ba9?s=96&d=mm&r=g\",\"caption\":\"Luiz Felipe\"},\"url\":\"https:\/\/www.adf.org.br\/home\/author\/luiz-merencianopmk-com-br\/\"}]}<\/script>\n<!-- \/ Yoast SEO plugin. -->","yoast_head_json":{"title":"Momento da ora\u00e7\u00e3o: Maria Sant\u00edssima alcan\u00e7ar a gra\u00e7a da perseveran\u00e7a.","description":"Momento da ora\u00e7\u00e3o: Reze conosco esta Ora\u00e7\u00e3o a Maria Sant\u00edssima pedindo a gra\u00e7a de alcan\u00e7ar a gra\u00e7a da perseveran\u00e7a clicando aqui.","robots":{"index":"index","follow":"follow","max-snippet":"max-snippet:-1","max-image-preview":"max-image-preview:large","max-video-preview":"max-video-preview:-1"},"canonical":"https:\/\/www.adf.org.br\/home\/momento-da-oracao-oracao-a-maria-santissima-para-alcancar-a-graca-da-perseveranca\/","og_locale":"pt_BR","og_type":"article","og_title":"Momento da ora\u00e7\u00e3o: Maria Sant\u00edssima alcan\u00e7ar a gra\u00e7a da perseveran\u00e7a.","og_description":"Momento da ora\u00e7\u00e3o: Reze conosco esta Ora\u00e7\u00e3o a Maria Sant\u00edssima pedindo a gra\u00e7a de alcan\u00e7ar a gra\u00e7a da perseveran\u00e7a clicando aqui.","og_url":"https:\/\/www.adf.org.br\/home\/momento-da-oracao-oracao-a-maria-santissima-para-alcancar-a-graca-da-perseveranca\/","og_site_name":"Associa\u00e7\u00e3o Devotos de F\u00e1tima","article_published_time":"2021-08-26T03:02:40+00:00","article_modified_time":"2021-08-24T20:36:34+00:00","og_image":[{"width":202,"height":345,"url":"https:\/\/www.adf.org.br\/home\/wp-content\/uploads\/2021\/04\/adf.png","type":"image\/png"}],"twitter_card":"summary_large_image","twitter_misc":{"Escrito por":"Luiz Felipe","Est. tempo de leitura":"2 minutos"},"schema":{"@context":"https:\/\/schema.org","@graph":[{"@type":"WebSite","@id":"https:\/\/www.adf.org.br\/home\/#website","url":"https:\/\/www.adf.org.br\/home\/","name":"Associa\u00e7\u00e3o Devotos de F\u00e1tima","description":"Associa\u00e7\u00e3o Devotos de F\u00e1tima","potentialAction":[{"@type":"SearchAction","target":{"@type":"EntryPoint","urlTemplate":"https:\/\/www.adf.org.br\/home\/?s={search_term_string}"},"query-input":"required name=search_term_string"}],"inLanguage":"pt-BR"},{"@type":"ImageObject","@id":"https:\/\/www.adf.org.br\/home\/momento-da-oracao-oracao-a-maria-santissima-para-alcancar-a-graca-da-perseveranca\/#primaryimage","inLanguage":"pt-BR","url":"https:\/\/www.adf.org.br\/home\/wp-content\/uploads\/2021\/04\/adf.png","contentUrl":"https:\/\/www.adf.org.br\/home\/wp-content\/uploads\/2021\/04\/adf.png","width":202,"height":345},{"@type":"WebPage","@id":"https:\/\/www.adf.org.br\/home\/momento-da-oracao-oracao-a-maria-santissima-para-alcancar-a-graca-da-perseveranca\/#webpage","url":"https:\/\/www.adf.org.br\/home\/momento-da-oracao-oracao-a-maria-santissima-para-alcancar-a-graca-da-perseveranca\/","name":"Momento da ora\u00e7\u00e3o: Maria Sant\u00edssima alcan\u00e7ar a gra\u00e7a da perseveran\u00e7a.","isPartOf":{"@id":"https:\/\/www.adf.org.br\/home\/#website"},"primaryImageOfPage":{"@id":"https:\/\/www.adf.org.br\/home\/momento-da-oracao-oracao-a-maria-santissima-para-alcancar-a-graca-da-perseveranca\/#primaryimage"},"datePublished":"2021-08-26T03:02:40+00:00","dateModified":"2021-08-24T20:36:34+00:00","author":{"@id":"https:\/\/www.adf.org.br\/home\/#\/schema\/person\/1ad877d1f255f4637ee020b3b16138ee"},"description":"Momento da ora\u00e7\u00e3o: Reze conosco esta Ora\u00e7\u00e3o a Maria Sant\u00edssima pedindo a gra\u00e7a de alcan\u00e7ar a gra\u00e7a da perseveran\u00e7a clicando aqui.","breadcrumb":{"@id":"https:\/\/www.adf.org.br\/home\/momento-da-oracao-oracao-a-maria-santissima-para-alcancar-a-graca-da-perseveranca\/#breadcrumb"},"inLanguage":"pt-BR","potentialAction":[{"@type":"ReadAction","target":["https:\/\/www.adf.org.br\/home\/momento-da-oracao-oracao-a-maria-santissima-para-alcancar-a-graca-da-perseveranca\/"]}]},{"@type":"BreadcrumbList","@id":"https:\/\/www.adf.org.br\/home\/momento-da-oracao-oracao-a-maria-santissima-para-alcancar-a-graca-da-perseveranca\/#breadcrumb","itemListElement":[{"@type":"ListItem","position":1,"name":"Home","item":"https:\/\/www.adf.org.br\/home\/"},{"@type":"ListItem","position":2,"name":"Momento da ora\u00e7\u00e3o: Ora\u00e7\u00e3o a Maria Sant\u00edssima para alcan\u00e7ar a gra\u00e7a da perseveran\u00e7a."}]},{"@type":"Person","@id":"https:\/\/www.adf.org.br\/home\/#\/schema\/person\/1ad877d1f255f4637ee020b3b16138ee","name":"Luiz Felipe","image":{"@type":"ImageObject","@id":"https:\/\/www.adf.org.br\/home\/#personlogo","inLanguage":"pt-BR","url":"https:\/\/secure.gravatar.com\/avatar\/f8f0a14d57a57f103e42363994b25ba9?s=96&d=mm&r=g","contentUrl":"https:\/\/secure.gravatar.com\/avatar\/f8f0a14d57a57f103e42363994b25ba9?s=96&d=mm&r=g","caption":"Luiz Felipe"},"url":"https:\/\/www.adf.org.br\/home\/author\/luiz-merencianopmk-com-br\/"}]}},"_links":{"self":[{"href":"https:\/\/www.adf.org.br\/home\/wp-json\/wp\/v2\/posts\/65607"}],"collection":[{"href":"https:\/\/www.adf.org.br\/home\/wp-json\/wp\/v2\/posts"}],"about":[{"href":"https:\/\/www.adf.org.br\/home\/wp-json\/wp\/v2\/types\/post"}],"author":[{"embeddable":true,"href":"https:\/\/www.adf.org.br\/home\/wp-json\/wp\/v2\/users\/30"}],"replies":[{"embeddable":true,"href":"https:\/\/www.adf.org.br\/home\/wp-json\/wp\/v2\/comments?post=65607"}],"version-history":[{"count":1,"href":"https:\/\/www.adf.org.br\/home\/wp-json\/wp\/v2\/posts\/65607\/revisions"}],"predecessor-version":[{"id":65608,"href":"https:\/\/www.adf.org.br\/home\/wp-json\/wp\/v2\/posts\/65607\/revisions\/65608"}],"wp:featuredmedia":[{"embeddable":true,"href":"https:\/\/www.adf.org.br\/home\/wp-json\/wp\/v2\/media\/64238"}],"wp:attachment":[{"href":"https:\/\/www.adf.org.br\/home\/wp-json\/wp\/v2\/media?parent=65607"}],"wp:term":[{"taxonomy":"category","embeddable":true,"href":"https:\/\/www.adf.org.br\/home\/wp-json\/wp\/v2\/categories?post=65607"},{"taxonomy":"post_tag","embeddable":true,"href":"https:\/\/www.adf.org.br\/home\/wp-json\/wp\/v2\/tags?post=65607"}],"curies":[{"name":"wp","href":"https:\/\/api.w.org\/{rel}","templated":true}]}}