{"id":65121,"date":"2021-07-06T07:55:19","date_gmt":"2021-07-06T10:55:19","guid":{"rendered":"https:\/\/www.adf.org.br\/home\/?p=65121"},"modified":"2021-07-06T15:56:20","modified_gmt":"2021-07-06T18:56:20","slug":"perda-da-fe-de-um-continente-e-pior-do-que-o-aniquilar-de-uma-nacao","status":"publish","type":"post","link":"https:\/\/www.adf.org.br\/home\/perda-da-fe-de-um-continente-e-pior-do-que-o-aniquilar-de-uma-nacao\/","title":{"rendered":"Bispo de F\u00e1tima diz: &#8220;A perda da F\u00e9 de um continente \u00e9 pior do que o aniquilar de uma na\u00e7\u00e3o&#8221;"},"content":{"rendered":"<figure id=\"attachment_65122\" aria-describedby=\"caption-attachment-65122\" style=\"width: 300px\" class=\"wp-caption alignleft\"><a href=\"https:\/\/adf.org.br\/apostolosdefatima\/2\/?origem=19726\" target=\"_blank\" rel=\"noopener noreferrer\"><img loading=\"lazy\" class=\"wp-image-65122 size-full\" src=\"https:\/\/www.adf.org.br\/home\/wp-content\/uploads\/2021\/07\/Sant\u00fan\u00e1rio-de-Nossa-Senhora-de-F\u00e1tima.jpg\" alt=\"Santu\u00e1rio de Nossa Senhora de F\u00e1tima\" width=\"300\" height=\"300\" srcset=\"https:\/\/www.adf.org.br\/home\/wp-content\/uploads\/2021\/07\/Sant\u00fan\u00e1rio-de-Nossa-Senhora-de-F\u00e1tima.jpg 300w, https:\/\/www.adf.org.br\/home\/wp-content\/uploads\/2021\/07\/Sant\u00fan\u00e1rio-de-Nossa-Senhora-de-F\u00e1tima-150x150.jpg 150w\" sizes=\"(max-width: 300px) 100vw, 300px\" \/><\/a><figcaption id=\"caption-attachment-65122\" class=\"wp-caption-text\">Santu\u00e1rio de Nossa Senhora de F\u00e1tima<\/figcaption><\/figure>\n<p style=\"padding-left: 40px;\"><strong><span style=\"color: #000000;\"><em>\u201cA perda da F\u00e9 de um continente \u00e9 pior do que o aniquilar de uma na\u00e7\u00e3o; e a verdade \u00e9 que a F\u00e9 est\u00e1 continuamente a diminuir na Europa.\u201d<\/em><\/span><\/strong><\/p>\n<p><span style=\"color: #000000;\">Quem disse isso foi o Bispo de <span style=\"text-decoration: underline;\"><span style=\"color: #0000ff; text-decoration: underline;\"><a style=\"color: #0000ff; text-decoration: underline;\" href=\"https:\/\/adf.org.br\/apostolosdefatima\/2\/?origem=19726[\" target=\"_blank\" rel=\"noopener noreferrer\">F\u00e1tima<\/a><\/span><\/span> em 1984.<\/span><\/p>\n<p><span style=\"color: #000000;\"><em>\u201cEm Portugal se conservar\u00e1 sempre o dogma da F\u00e9 etc&#8221;,<\/em> afirma L\u00facia.<\/span><\/p>\n<p><span style=\"color: #000000;\">Em 1941, a Irm\u00e3 L\u00facia copiou as duas primeiras partes do Segredo do texto da terceira mem\u00f3ria e acrescentou essa frase que n\u00e3o estava antes.<\/span><\/p>\n<h4><span style=\"color: #000000;\">Mais tarde, declarou ao Bispo que n\u00e3o era absolutamente necess\u00e1rio revelar o terceiro segredo <em>\u201cporque, de certa maneira, j\u00e1 o tinha dito.\u201d<\/em><\/span><\/h4>\n<p><span style=\"color: #000000;\">A frase \u00e9 uma promessa de que a verdadeira F\u00e9 seria conservada naquele pa\u00eds. Embora seja vaga a respeito de quem o faria.<\/span><\/p>\n<p><span style=\"color: #000000;\">E na sua entrevista de 1984 com Vittorio Messori, o Cardeal Ratzinger confirmou esta conclus\u00e3o ao dizer que a parte final do Segredo fala de <em>\u201cPerigos que amea\u00e7am a F\u00e9 e a vida do Crist\u00e3o, e, consequentemente, do mundo.\u201d<\/em><\/span><\/p>\n<p><span style=\"color: #000000;\">Finalmente, sabemos que a realiza\u00e7\u00e3o da profecia do Terceiro Segredo come\u00e7ou a efetuar-se em 1960. Foi quando perguntaram \u00e0 Irm\u00e3 L\u00facia porque que o Terceiro Segredo n\u00e3o foi revelado depois de 1960:<\/span><\/p>\n<p><span style=\"color: #000000;\"><em>\u201cPorque ent\u00e3o ser\u00e1 mais claro.\u201d<\/em>, respondeu ela.<\/span><\/p>\n<p><span style=\"color: #000000;\">E desde ent\u00e3o temos visto a profecia do Terceiro Segredo a revelar-se perante os nossos olhos, e \u00e9 bem claro que, desde essa altura, o mundo sofre progressivamente a uma terr\u00edvel perda de F\u00e9.<\/span><\/p>\n<h6 style=\"text-align: right;\"><em>Fonte \u2013 Testemunhos publicados: O Bispo de F\u00e1tima (10 de Setembro de 1984)<\/em><\/h6>\n<hr \/>\n<p><a href=\"https:\/\/adf.org.br\/velario?origem=19726\" target=\"_blank\" rel=\"noopener noreferrer\"><img loading=\"lazy\" class=\"aligncenter wp-image-60081\" src=\"https:\/\/www.adf.org.br\/home\/wp-content\/uploads\/2020\/06\/vela-nossa-Senhora-de-Fatima-300x175.jpg\" alt=\"\" width=\"450\" height=\"263\" srcset=\"https:\/\/www.adf.org.br\/home\/wp-content\/uploads\/2020\/06\/vela-nossa-Senhora-de-Fatima-300x175.jpg 300w, https:\/\/www.adf.org.br\/home\/wp-content\/uploads\/2020\/06\/vela-nossa-Senhora-de-Fatima.jpg 600w\" sizes=\"(max-width: 450px) 100vw, 450px\" \/><\/a><\/p>\n","protected":false},"excerpt":{"rendered":"<p>\u201cA perda da F\u00e9 de um continente \u00e9 pior do que o aniquilar de uma na\u00e7\u00e3o; e a verdade \u00e9 que a F\u00e9 est\u00e1 continuamente a diminuir na Europa.\u201d Quem disse isso foi o Bispo de F\u00e1tima em 1984. \u201cEm Portugal se conservar\u00e1 sempre o dogma da F\u00e9 etc&#8221;, afirma L\u00facia. Em 1941, a Irm\u00e3 [&hellip;]<\/p>\n","protected":false},"author":27,"featured_media":65130,"comment_status":"open","ping_status":"open","sticky":false,"template":"","format":"standard","meta":[],"categories":[9,20],"tags":[347,198,57],"yoast_head":"<!-- This site is optimized with the Yoast SEO plugin v17.4 - https:\/\/yoast.com\/wordpress\/plugins\/seo\/ -->\n<title>A perda da F\u00e9 de um continente \u00e9 pior do que o aniquilar de uma na\u00e7\u00e3o<\/title>\n<meta name=\"description\" content=\"&quot;A perda da F\u00e9 de um continente \u00e9 pior do que o aniquilar de uma na\u00e7\u00e3o&quot;, diz Bispo de F\u00e1tima. Leia esse artigo na \u00edntegra.\" \/>\n<meta name=\"robots\" content=\"index, follow, max-snippet:-1, max-image-preview:large, max-video-preview:-1\" \/>\n<link rel=\"canonical\" href=\"https:\/\/www.adf.org.br\/home\/perda-da-fe-de-um-continente-e-pior-do-que-o-aniquilar-de-uma-nacao\/\" \/>\n<meta property=\"og:locale\" content=\"pt_BR\" \/>\n<meta property=\"og:type\" content=\"article\" \/>\n<meta property=\"og:title\" content=\"A perda da F\u00e9 de um continente \u00e9 pior do que o aniquilar de uma na\u00e7\u00e3o\" \/>\n<meta property=\"og:description\" content=\"&quot;A perda da F\u00e9 de um continente \u00e9 pior do que o aniquilar de uma na\u00e7\u00e3o&quot;, diz Bispo de F\u00e1tima. Leia esse artigo na \u00edntegra.\" \/>\n<meta property=\"og:url\" content=\"https:\/\/www.adf.org.br\/home\/perda-da-fe-de-um-continente-e-pior-do-que-o-aniquilar-de-uma-nacao\/\" \/>\n<meta property=\"og:site_name\" content=\"Associa\u00e7\u00e3o Devotos de F\u00e1tima\" \/>\n<meta property=\"article:published_time\" content=\"2021-07-06T10:55:19+00:00\" \/>\n<meta property=\"article:modified_time\" content=\"2021-07-06T18:56:20+00:00\" \/>\n<meta property=\"og:image\" content=\"https:\/\/www.adf.org.br\/home\/wp-content\/uploads\/2021\/07\/DSC_0037.jpg\" \/>\n\t<meta property=\"og:image:width\" content=\"800\" \/>\n\t<meta property=\"og:image:height\" content=\"531\" \/>\n<meta name=\"twitter:card\" content=\"summary_large_image\" \/>\n<meta name=\"twitter:label1\" content=\"Escrito por\" \/>\n\t<meta name=\"twitter:data1\" content=\"Gabriel Barbosa\" \/>\n\t<meta name=\"twitter:label2\" content=\"Est. tempo de leitura\" \/>\n\t<meta name=\"twitter:data2\" content=\"1 minuto\" \/>\n<script type=\"application\/ld+json\" class=\"yoast-schema-graph\">{\"@context\":\"https:\/\/schema.org\",\"@graph\":[{\"@type\":\"WebSite\",\"@id\":\"https:\/\/www.adf.org.br\/home\/#website\",\"url\":\"https:\/\/www.adf.org.br\/home\/\",\"name\":\"Associa\\u00e7\\u00e3o Devotos de F\\u00e1tima\",\"description\":\"Associa\\u00e7\\u00e3o Devotos de F\\u00e1tima\",\"potentialAction\":[{\"@type\":\"SearchAction\",\"target\":{\"@type\":\"EntryPoint\",\"urlTemplate\":\"https:\/\/www.adf.org.br\/home\/?s={search_term_string}\"},\"query-input\":\"required name=search_term_string\"}],\"inLanguage\":\"pt-BR\"},{\"@type\":\"ImageObject\",\"@id\":\"https:\/\/www.adf.org.br\/home\/perda-da-fe-de-um-continente-e-pior-do-que-o-aniquilar-de-uma-nacao\/#primaryimage\",\"inLanguage\":\"pt-BR\",\"url\":\"https:\/\/www.adf.org.br\/home\/wp-content\/uploads\/2021\/07\/DSC_0037.jpg\",\"contentUrl\":\"https:\/\/www.adf.org.br\/home\/wp-content\/uploads\/2021\/07\/DSC_0037.jpg\",\"width\":800,\"height\":531},{\"@type\":\"WebPage\",\"@id\":\"https:\/\/www.adf.org.br\/home\/perda-da-fe-de-um-continente-e-pior-do-que-o-aniquilar-de-uma-nacao\/#webpage\",\"url\":\"https:\/\/www.adf.org.br\/home\/perda-da-fe-de-um-continente-e-pior-do-que-o-aniquilar-de-uma-nacao\/\",\"name\":\"A perda da F\\u00e9 de um continente \\u00e9 pior do que o aniquilar de uma na\\u00e7\\u00e3o\",\"isPartOf\":{\"@id\":\"https:\/\/www.adf.org.br\/home\/#website\"},\"primaryImageOfPage\":{\"@id\":\"https:\/\/www.adf.org.br\/home\/perda-da-fe-de-um-continente-e-pior-do-que-o-aniquilar-de-uma-nacao\/#primaryimage\"},\"datePublished\":\"2021-07-06T10:55:19+00:00\",\"dateModified\":\"2021-07-06T18:56:20+00:00\",\"author\":{\"@id\":\"https:\/\/www.adf.org.br\/home\/#\/schema\/person\/affa494ecf91434f3620f5392de44327\"},\"description\":\"\\\"A perda da F\\u00e9 de um continente \\u00e9 pior do que o aniquilar de uma na\\u00e7\\u00e3o\\\", diz Bispo de F\\u00e1tima. Leia esse artigo na \\u00edntegra.\",\"breadcrumb\":{\"@id\":\"https:\/\/www.adf.org.br\/home\/perda-da-fe-de-um-continente-e-pior-do-que-o-aniquilar-de-uma-nacao\/#breadcrumb\"},\"inLanguage\":\"pt-BR\",\"potentialAction\":[{\"@type\":\"ReadAction\",\"target\":[\"https:\/\/www.adf.org.br\/home\/perda-da-fe-de-um-continente-e-pior-do-que-o-aniquilar-de-uma-nacao\/\"]}]},{\"@type\":\"BreadcrumbList\",\"@id\":\"https:\/\/www.adf.org.br\/home\/perda-da-fe-de-um-continente-e-pior-do-que-o-aniquilar-de-uma-nacao\/#breadcrumb\",\"itemListElement\":[{\"@type\":\"ListItem\",\"position\":1,\"name\":\"Home\",\"item\":\"https:\/\/www.adf.org.br\/home\/\"},{\"@type\":\"ListItem\",\"position\":2,\"name\":\"Bispo de F\\u00e1tima diz: &#8220;A perda da F\\u00e9 de um continente \\u00e9 pior do que o aniquilar de uma na\\u00e7\\u00e3o&#8221;\"}]},{\"@type\":\"Person\",\"@id\":\"https:\/\/www.adf.org.br\/home\/#\/schema\/person\/affa494ecf91434f3620f5392de44327\",\"name\":\"Gabriel Barbosa\",\"image\":{\"@type\":\"ImageObject\",\"@id\":\"https:\/\/www.adf.org.br\/home\/#personlogo\",\"inLanguage\":\"pt-BR\",\"url\":\"https:\/\/secure.gravatar.com\/avatar\/ecf2eab02e30486a7038f8b2858de06a?s=96&d=mm&r=g\",\"contentUrl\":\"https:\/\/secure.gravatar.com\/avatar\/ecf2eab02e30486a7038f8b2858de06a?s=96&d=mm&r=g\",\"caption\":\"Gabriel Barbosa\"},\"url\":\"https:\/\/www.adf.org.br\/home\/author\/gabriel-aascj\/\"}]}<\/script>\n<!-- \/ Yoast SEO plugin. -->","yoast_head_json":{"title":"A perda da F\u00e9 de um continente \u00e9 pior do que o aniquilar de uma na\u00e7\u00e3o","description":"\"A perda da F\u00e9 de um continente \u00e9 pior do que o aniquilar de uma na\u00e7\u00e3o\", diz Bispo de F\u00e1tima. Leia esse artigo na \u00edntegra.","robots":{"index":"index","follow":"follow","max-snippet":"max-snippet:-1","max-image-preview":"max-image-preview:large","max-video-preview":"max-video-preview:-1"},"canonical":"https:\/\/www.adf.org.br\/home\/perda-da-fe-de-um-continente-e-pior-do-que-o-aniquilar-de-uma-nacao\/","og_locale":"pt_BR","og_type":"article","og_title":"A perda da F\u00e9 de um continente \u00e9 pior do que o aniquilar de uma na\u00e7\u00e3o","og_description":"\"A perda da F\u00e9 de um continente \u00e9 pior do que o aniquilar de uma na\u00e7\u00e3o\", diz Bispo de F\u00e1tima. Leia esse artigo na \u00edntegra.","og_url":"https:\/\/www.adf.org.br\/home\/perda-da-fe-de-um-continente-e-pior-do-que-o-aniquilar-de-uma-nacao\/","og_site_name":"Associa\u00e7\u00e3o Devotos de F\u00e1tima","article_published_time":"2021-07-06T10:55:19+00:00","article_modified_time":"2021-07-06T18:56:20+00:00","og_image":[{"width":800,"height":531,"url":"https:\/\/www.adf.org.br\/home\/wp-content\/uploads\/2021\/07\/DSC_0037.jpg","type":"image\/jpeg"}],"twitter_card":"summary_large_image","twitter_misc":{"Escrito por":"Gabriel Barbosa","Est. tempo de leitura":"1 minuto"},"schema":{"@context":"https:\/\/schema.org","@graph":[{"@type":"WebSite","@id":"https:\/\/www.adf.org.br\/home\/#website","url":"https:\/\/www.adf.org.br\/home\/","name":"Associa\u00e7\u00e3o Devotos de F\u00e1tima","description":"Associa\u00e7\u00e3o Devotos de F\u00e1tima","potentialAction":[{"@type":"SearchAction","target":{"@type":"EntryPoint","urlTemplate":"https:\/\/www.adf.org.br\/home\/?s={search_term_string}"},"query-input":"required name=search_term_string"}],"inLanguage":"pt-BR"},{"@type":"ImageObject","@id":"https:\/\/www.adf.org.br\/home\/perda-da-fe-de-um-continente-e-pior-do-que-o-aniquilar-de-uma-nacao\/#primaryimage","inLanguage":"pt-BR","url":"https:\/\/www.adf.org.br\/home\/wp-content\/uploads\/2021\/07\/DSC_0037.jpg","contentUrl":"https:\/\/www.adf.org.br\/home\/wp-content\/uploads\/2021\/07\/DSC_0037.jpg","width":800,"height":531},{"@type":"WebPage","@id":"https:\/\/www.adf.org.br\/home\/perda-da-fe-de-um-continente-e-pior-do-que-o-aniquilar-de-uma-nacao\/#webpage","url":"https:\/\/www.adf.org.br\/home\/perda-da-fe-de-um-continente-e-pior-do-que-o-aniquilar-de-uma-nacao\/","name":"A perda da F\u00e9 de um continente \u00e9 pior do que o aniquilar de uma na\u00e7\u00e3o","isPartOf":{"@id":"https:\/\/www.adf.org.br\/home\/#website"},"primaryImageOfPage":{"@id":"https:\/\/www.adf.org.br\/home\/perda-da-fe-de-um-continente-e-pior-do-que-o-aniquilar-de-uma-nacao\/#primaryimage"},"datePublished":"2021-07-06T10:55:19+00:00","dateModified":"2021-07-06T18:56:20+00:00","author":{"@id":"https:\/\/www.adf.org.br\/home\/#\/schema\/person\/affa494ecf91434f3620f5392de44327"},"description":"\"A perda da F\u00e9 de um continente \u00e9 pior do que o aniquilar de uma na\u00e7\u00e3o\", diz Bispo de F\u00e1tima. Leia esse artigo na \u00edntegra.","breadcrumb":{"@id":"https:\/\/www.adf.org.br\/home\/perda-da-fe-de-um-continente-e-pior-do-que-o-aniquilar-de-uma-nacao\/#breadcrumb"},"inLanguage":"pt-BR","potentialAction":[{"@type":"ReadAction","target":["https:\/\/www.adf.org.br\/home\/perda-da-fe-de-um-continente-e-pior-do-que-o-aniquilar-de-uma-nacao\/"]}]},{"@type":"BreadcrumbList","@id":"https:\/\/www.adf.org.br\/home\/perda-da-fe-de-um-continente-e-pior-do-que-o-aniquilar-de-uma-nacao\/#breadcrumb","itemListElement":[{"@type":"ListItem","position":1,"name":"Home","item":"https:\/\/www.adf.org.br\/home\/"},{"@type":"ListItem","position":2,"name":"Bispo de F\u00e1tima diz: &#8220;A perda da F\u00e9 de um continente \u00e9 pior do que o aniquilar de uma na\u00e7\u00e3o&#8221;"}]},{"@type":"Person","@id":"https:\/\/www.adf.org.br\/home\/#\/schema\/person\/affa494ecf91434f3620f5392de44327","name":"Gabriel Barbosa","image":{"@type":"ImageObject","@id":"https:\/\/www.adf.org.br\/home\/#personlogo","inLanguage":"pt-BR","url":"https:\/\/secure.gravatar.com\/avatar\/ecf2eab02e30486a7038f8b2858de06a?s=96&d=mm&r=g","contentUrl":"https:\/\/secure.gravatar.com\/avatar\/ecf2eab02e30486a7038f8b2858de06a?s=96&d=mm&r=g","caption":"Gabriel Barbosa"},"url":"https:\/\/www.adf.org.br\/home\/author\/gabriel-aascj\/"}]}},"_links":{"self":[{"href":"https:\/\/www.adf.org.br\/home\/wp-json\/wp\/v2\/posts\/65121"}],"collection":[{"href":"https:\/\/www.adf.org.br\/home\/wp-json\/wp\/v2\/posts"}],"about":[{"href":"https:\/\/www.adf.org.br\/home\/wp-json\/wp\/v2\/types\/post"}],"author":[{"embeddable":true,"href":"https:\/\/www.adf.org.br\/home\/wp-json\/wp\/v2\/users\/27"}],"replies":[{"embeddable":true,"href":"https:\/\/www.adf.org.br\/home\/wp-json\/wp\/v2\/comments?post=65121"}],"version-history":[{"count":6,"href":"https:\/\/www.adf.org.br\/home\/wp-json\/wp\/v2\/posts\/65121\/revisions"}],"predecessor-version":[{"id":65126,"href":"https:\/\/www.adf.org.br\/home\/wp-json\/wp\/v2\/posts\/65121\/revisions\/65126"}],"wp:featuredmedia":[{"embeddable":true,"href":"https:\/\/www.adf.org.br\/home\/wp-json\/wp\/v2\/media\/65130"}],"wp:attachment":[{"href":"https:\/\/www.adf.org.br\/home\/wp-json\/wp\/v2\/media?parent=65121"}],"wp:term":[{"taxonomy":"category","embeddable":true,"href":"https:\/\/www.adf.org.br\/home\/wp-json\/wp\/v2\/categories?post=65121"},{"taxonomy":"post_tag","embeddable":true,"href":"https:\/\/www.adf.org.br\/home\/wp-json\/wp\/v2\/tags?post=65121"}],"curies":[{"name":"wp","href":"https:\/\/api.w.org\/{rel}","templated":true}]}}