{"id":64867,"date":"2021-06-11T11:00:27","date_gmt":"2021-06-11T14:00:27","guid":{"rendered":"https:\/\/www.adf.org.br\/home\/?p=64867"},"modified":"2021-06-11T10:40:55","modified_gmt":"2021-06-11T13:40:55","slug":"ha-113-anos-nasceu-o-vidente-de-fatima-sao-francisco-marto","status":"publish","type":"post","link":"https:\/\/www.adf.org.br\/home\/ha-113-anos-nasceu-o-vidente-de-fatima-sao-francisco-marto\/","title":{"rendered":"H\u00e1 113 anos, nasceu o vidente de F\u00e1tima S\u00e3o Francisco Marto"},"content":{"rendered":"<figure style=\"width: 583px\" class=\"wp-caption aligncenter\"><a href=\"https:\/\/adf.org.br\/apostolosdefatima?origem=19265#Participar\" target=\"_blank\" rel=\"noopener noreferrer\"><img loading=\"lazy\" class=\"main_image\" src=\"https:\/\/www.acidigital.com\/imagespp\/size680\/SaoFranciscoMarto_-_SantuarioFatima.jpg\" alt=\"\" width=\"583\" height=\"324\" \/><\/a><figcaption class=\"wp-caption-text\">S\u00e3o Francisco Marto \/ Foto: Santu\u00e1rio de F\u00e1tima<\/figcaption><\/figure>\n<p>&nbsp;<\/p>\n<blockquote><p><span style=\"color: #000000;\"><strong>Um dos tr\u00eas pastorinhos e videntes de F\u00e1tima, S\u00e3o Francisco Marto<\/strong>, completaria hoje, 11 de junho, 113 anos de idade.<\/span><\/p>\n<p><span style=\"color: #000000;\"><strong>Francisco Marto nasceu em 11 de junho de 1908<\/strong> e foi batizado em 20 de junho na\u00a0Igreja\u00a0Paroquial de F\u00e1tima. Com apenas 8 anos, come\u00e7ou a pastorear o rebanho de seus pais junto com sua irm\u00e3, Jacinta Marto, na regi\u00e3o da Cova da Iria.<\/span><\/p>\n<p><span style=\"color: #000000;\">Neste local, os dois e sua prima L\u00facia testemunharam <strong>as apari\u00e7\u00f5es da Nossa Senhora<\/strong>, entre maio e outubro de 1917, quando a Virgem lhes transmitiu uma mensagem de penit\u00eancia e convers\u00e3o.<\/span><\/p>\n<p><span style=\"color: #000000;\">Logo depois das apari\u00e7\u00f5es, Jacinta e Francisco seguiram sua\u00a0vida\u00a0normal. L\u00facia foi para a escola, tal como pediu a Virgem, e era acompanhada por seus primos. No caminho, passavam pela Igreja e saudavam Jesus Eucar\u00edstico.<\/span><\/p>\n<p><span style=\"color: #000000;\"><strong>Francisco, sabendo que n\u00e3o viveria muito tempo e levado pelo desejo de consolar o cora\u00e7\u00e3o de Jesus,<\/strong> dizia: \u201cV\u00e3o voc\u00eas ao col\u00e9gio, eu ficarei aqui com o Jesus Escondido\u201d. Ao sair do col\u00e9gio, as meninas o encontravam o mais perto poss\u00edvel do Tabern\u00e1culo e em recolhimento.<\/span><\/p>\n<p><span style=\"color: #000000;\"><strong>O pequeno Francisco era o mais contemplativo e queria consolar Deus<\/strong>, t\u00e3o ofendido pelos pecados da humanidade. Em uma ocasi\u00e3o, L\u00facia lhe perguntou: \u201cFrancisco, o que prefere, consolar o Senhor ou converter os pecadores?\u201d. Ele respondeu: \u201cEu prefiro consolar o Senhor\u201d.<\/span><\/p>\n<p><span style=\"color: #000000;\">\u201cN\u00e3o viu que triste estava Nossa Senhora quando nos disse que os homens n\u00e3o devem ofender mais o Senhor, que j\u00e1 est\u00e1 t\u00e3o ofendido?<strong> Eu gostaria de consolar o Senhor e, depois, converter os pecadores<\/strong><strong>para que eles n\u00e3o ofendam mais ao Senhor\u201d<\/strong>. E continuou: \u201cLogo estarei no c\u00e9u. E quando chegar, vou consolar muito Nosso Senhor e Nossa Senhora\u201d.<\/span><\/p>\n<p><span style=\"color: #000000;\">Em 18 de outubro de 1918, Francisco adoeceu, v\u00edtima da gripe pneum\u00f4nica, conhecida como gripe espanhola, que assolou Portugal, causando a morte de dezenas de milhares de pessoas.<\/span><\/p>\n<p><span style=\"color: #000000;\">Conforme recorda o Santu\u00e1rio de F\u00e1tima, no ano seguinte, em 2 de abril, <strong>Francisco se confessou e<\/strong><strong>recebeu a comunh\u00e3o pela \u00faltima vez \u201ccom uma grande lucidez e piedade\u201d<\/strong>, como escreve o p\u00e1roco de F\u00e1tima no Livro de \u00d3bitos, ao registar a sua morte, em 4 de abril. \u201cE confirmou que tinha visto uma Senhora na Cova da Iria e Valinho\u201d, acrescentou o sacerdote.<\/span><\/p>\n<p><span style=\"color: #000000;\"><strong>O corpo do pequeno Francisco foi sepultado no cemit\u00e9rio de F\u00e1tima<\/strong>, de onde seus restos foram exumados em 17 de fevereiro de 1952 e transladados para a Bas\u00edlica de Nossa Senhora do Ros\u00e1rio de F\u00e1tima, em 13 de mar\u00e7o de 1952, onde se encontra atualmente.<\/span><\/p>\n<p><span style=\"color: #000000;\"><strong>Francisco Marto foi canonizado juntamente com sua irm\u00e3 Jacinta Marto pelo papa Francisco, em 13 de maio de 2017,<\/strong> no marco das comemora\u00e7\u00f5es do centen\u00e1rio das apari\u00e7\u00f5es de Nossa Senhora de F\u00e1tima.<\/span><\/p>\n<p><span style=\"color: #000000;\">A canoniza\u00e7\u00e3o se deu ap\u00f3s o pont\u00edfice aprovar o decreto que reconheceu o milagre por intercess\u00e3o dos pastorinhos do menino brasileiro Lucas, depois ter ca\u00eddo de uma janela a 6,5 metros de altura e ter ficado em coma.<\/span><\/p>\n<p style=\"text-align: right;\"><span style=\"color: #000000;\"><strong>Fonte:<\/strong> ACI Digital<\/span><\/p>\n<\/blockquote>\n<p>&nbsp;<\/p>\n<p><a href=\"https:\/\/adf.org.br\/apostolosdefatima?origem=19265#Participar\" target=\"_blank\" rel=\"noopener noreferrer\"><img loading=\"lazy\" class=\"aligncenter wp-image-57820 size-full\" src=\"https:\/\/www.adf.org.br\/home\/wp-content\/uploads\/2020\/03\/Ap%C3%B3stolo-de-F%C3%A1tima-Logo-2.png\" alt=\"Logo Ap\u00f3stolos de F\u00e1tima\" width=\"209\" height=\"185\" \/><\/a><\/p>\n<p style=\"text-align: center;\"><span style=\"color: #000000;\">Convidamos <strong>VOC\u00ca<\/strong>\u00a0a se unir conosco na divulga\u00e7\u00e3o do amor e da devo\u00e7\u00e3o ao\u00a0<\/span><em><span style=\"color: #000000;\">Imaculado Cora\u00e7\u00e3o de<\/span> <span style=\"color: #000000;\">Maria<\/span><\/em><span style=\"color: #000000;\">\u00a0participando dos<\/span>\u00a0<span style=\"color: #0000ff;\"><span style=\"text-decoration: underline;\"><a style=\"color: #0000ff;\" href=\"https:\/\/adf.org.br\/apostolosdefatima?origem=19265#Participar\" target=\"_blank\" rel=\"noopener noreferrer\"><strong>Ap\u00f3stolos de F\u00e1tima<\/strong><\/a><\/span>.<\/span><\/p>\n<h3 style=\"text-align: center;\"><span style=\"color: #000000;\"><strong>Ligue agora para:<\/strong><\/span><\/h3>\n<p><a href=\"tel:08006082128\" target=\"_blank\" rel=\"noopener noreferrer\"><img loading=\"lazy\" class=\"aligncenter wp-image-58098 size-full\" title=\"Telefone da Associa\u00e7\u00e3o Devotos de F\u00e1tima\" src=\"https:\/\/www.adf.org.br\/home\/wp-content\/uploads\/2020\/03\/Bot%C3%A3o-Telefone-ADF.png\" alt=\"Telefone da Associa\u00e7\u00e3o Devotos de F\u00e1tima no texto da Missa de P\u00e1scoa\" width=\"482\" height=\"113\" \/><\/a><\/p>\n<h6 style=\"text-align: center;\"><span style=\"color: #000000;\"><span style=\"font-size: 16px;\">A <\/span><strong style=\"font-size: 16px;\">liga\u00e7\u00e3o \u00e9 gratuita<\/strong><span style=\"font-size: 16px;\">\u00a0para todo o Brasil.<\/span><\/span><\/h6>\n<p>&nbsp;<\/p>\n<p><span style=\"color: #000000;\">E converse com uma de nossas colaboradoras para fazer sua<\/span><strong><span style=\"color: #0000ff;\">\u00a0<a style=\"color: #0000ff;\" href=\"https:\/\/adf.org.br\/apostolosdefatima?origem=19265#Participar\" target=\"_blank\" rel=\"noopener noreferrer\"><span style=\"text-decoration: underline;\">inscri\u00e7\u00e3o no Apostolado dedicado \u00e0 Maria<\/span> <span style=\"text-decoration: underline;\">Sant\u00edssima<\/span><\/a>.<\/span><\/strong><\/p>\n<p><span style=\"color: #000000;\">Se voc\u00ea est\u00e1 longe de Nossa M\u00e3e Sant\u00edssima,\u00a0<strong>aproveite esta oportunidade para voltar aos seus bra\u00e7os<\/strong> e ter certamente uma vida repleta de b\u00ean\u00e7\u00e3os!<\/span><\/p>\n<p>&nbsp;<\/p>\n<p><a href=\"https:\/\/adf.org.br\/apostolosdefatima?origem=19265#Participar\" target=\"_blank\" rel=\"noopener noreferrer\"><img loading=\"lazy\" class=\"aligncenter wp-image-62272\" src=\"https:\/\/www.adf.org.br\/home\/wp-content\/uploads\/2020\/05\/bota-adf1.gif\" alt=\"\" width=\"400\" height=\"308\" \/><\/a><\/p>\n<p>&nbsp;<\/p>\n<p style=\"text-align: center;\"><span style=\"color: #800080;\"><strong><em>\u201cDoce Cora\u00e7\u00e3o de Maria, sede a nossa salva\u00e7\u00e3o.\u201d<\/em><\/strong><\/span><\/p>\n","protected":false},"excerpt":{"rendered":"<p>&nbsp; Um dos tr\u00eas pastorinhos e videntes de F\u00e1tima, S\u00e3o Francisco Marto, completaria hoje, 11 de junho, 113 anos de idade. Francisco Marto nasceu em 11 de junho de 1908 e foi batizado em 20 de junho na\u00a0Igreja\u00a0Paroquial de F\u00e1tima. Com apenas 8 anos, come\u00e7ou a pastorear o rebanho de seus pais junto com sua [&hellip;]<\/p>\n","protected":false},"author":31,"featured_media":64885,"comment_status":"open","ping_status":"open","sticky":false,"template":"","format":"standard","meta":[],"categories":[2224,9,20,2323,56],"tags":[43,2242,3099,2881,526,2668],"yoast_head":"<!-- This site is optimized with the Yoast SEO plugin v17.4 - https:\/\/yoast.com\/wordpress\/plugins\/seo\/ -->\n<title>H\u00e1 113 anos, nasceu o vidente de F\u00e1tima S\u00e3o Francisco Marto<\/title>\n<meta name=\"description\" content=\"Hoje S\u00e3o Francisco Marto, completaria 113 anos de idade. Ele foi o pastorinho mais contemplativo e queria consolar Deus. Leia um pouco da sua hist\u00f3ria...\" \/>\n<meta name=\"robots\" content=\"index, follow, max-snippet:-1, max-image-preview:large, max-video-preview:-1\" \/>\n<link rel=\"canonical\" href=\"https:\/\/www.adf.org.br\/home\/ha-113-anos-nasceu-o-vidente-de-fatima-sao-francisco-marto\/\" \/>\n<meta property=\"og:locale\" content=\"pt_BR\" \/>\n<meta property=\"og:type\" content=\"article\" \/>\n<meta property=\"og:title\" content=\"H\u00e1 113 anos, nasceu o vidente de F\u00e1tima S\u00e3o Francisco Marto\" \/>\n<meta property=\"og:description\" content=\"Hoje S\u00e3o Francisco Marto, completaria 113 anos de idade. Ele foi o pastorinho mais contemplativo e queria consolar Deus. Leia um pouco da sua hist\u00f3ria...\" \/>\n<meta property=\"og:url\" content=\"https:\/\/www.adf.org.br\/home\/ha-113-anos-nasceu-o-vidente-de-fatima-sao-francisco-marto\/\" \/>\n<meta property=\"og:site_name\" content=\"Associa\u00e7\u00e3o Devotos de F\u00e1tima\" \/>\n<meta property=\"article:published_time\" content=\"2021-06-11T14:00:27+00:00\" \/>\n<meta property=\"article:modified_time\" content=\"2021-06-11T13:40:55+00:00\" \/>\n<meta property=\"og:image\" content=\"https:\/\/www.adf.org.br\/home\/wp-content\/uploads\/2021\/06\/s\u00e3o-francisco.jpg\" \/>\n\t<meta property=\"og:image:width\" content=\"900\" \/>\n\t<meta property=\"og:image:height\" content=\"500\" \/>\n<meta name=\"twitter:card\" content=\"summary_large_image\" \/>\n<meta name=\"twitter:label1\" content=\"Escrito por\" \/>\n\t<meta name=\"twitter:data1\" content=\"Gabriel Barbosa\" \/>\n\t<meta name=\"twitter:label2\" content=\"Est. tempo de leitura\" \/>\n\t<meta name=\"twitter:data2\" content=\"3 minutos\" \/>\n<script type=\"application\/ld+json\" class=\"yoast-schema-graph\">{\"@context\":\"https:\/\/schema.org\",\"@graph\":[{\"@type\":\"WebSite\",\"@id\":\"https:\/\/www.adf.org.br\/home\/#website\",\"url\":\"https:\/\/www.adf.org.br\/home\/\",\"name\":\"Associa\\u00e7\\u00e3o Devotos de F\\u00e1tima\",\"description\":\"Associa\\u00e7\\u00e3o Devotos de F\\u00e1tima\",\"potentialAction\":[{\"@type\":\"SearchAction\",\"target\":{\"@type\":\"EntryPoint\",\"urlTemplate\":\"https:\/\/www.adf.org.br\/home\/?s={search_term_string}\"},\"query-input\":\"required name=search_term_string\"}],\"inLanguage\":\"pt-BR\"},{\"@type\":\"ImageObject\",\"@id\":\"https:\/\/www.adf.org.br\/home\/ha-113-anos-nasceu-o-vidente-de-fatima-sao-francisco-marto\/#primaryimage\",\"inLanguage\":\"pt-BR\",\"url\":\"https:\/\/www.adf.org.br\/home\/wp-content\/uploads\/2021\/06\/s\\u00e3o-francisco.jpg\",\"contentUrl\":\"https:\/\/www.adf.org.br\/home\/wp-content\/uploads\/2021\/06\/s\\u00e3o-francisco.jpg\",\"width\":900,\"height\":500},{\"@type\":\"WebPage\",\"@id\":\"https:\/\/www.adf.org.br\/home\/ha-113-anos-nasceu-o-vidente-de-fatima-sao-francisco-marto\/#webpage\",\"url\":\"https:\/\/www.adf.org.br\/home\/ha-113-anos-nasceu-o-vidente-de-fatima-sao-francisco-marto\/\",\"name\":\"H\\u00e1 113 anos, nasceu o vidente de F\\u00e1tima S\\u00e3o Francisco Marto\",\"isPartOf\":{\"@id\":\"https:\/\/www.adf.org.br\/home\/#website\"},\"primaryImageOfPage\":{\"@id\":\"https:\/\/www.adf.org.br\/home\/ha-113-anos-nasceu-o-vidente-de-fatima-sao-francisco-marto\/#primaryimage\"},\"datePublished\":\"2021-06-11T14:00:27+00:00\",\"dateModified\":\"2021-06-11T13:40:55+00:00\",\"author\":{\"@id\":\"https:\/\/www.adf.org.br\/home\/#\/schema\/person\/f35a5c5aa7728a3dedf4ea9aa1fc2753\"},\"description\":\"Hoje S\\u00e3o Francisco Marto, completaria 113 anos de idade. Ele foi o pastorinho mais contemplativo e queria consolar Deus. Leia um pouco da sua hist\\u00f3ria...\",\"breadcrumb\":{\"@id\":\"https:\/\/www.adf.org.br\/home\/ha-113-anos-nasceu-o-vidente-de-fatima-sao-francisco-marto\/#breadcrumb\"},\"inLanguage\":\"pt-BR\",\"potentialAction\":[{\"@type\":\"ReadAction\",\"target\":[\"https:\/\/www.adf.org.br\/home\/ha-113-anos-nasceu-o-vidente-de-fatima-sao-francisco-marto\/\"]}]},{\"@type\":\"BreadcrumbList\",\"@id\":\"https:\/\/www.adf.org.br\/home\/ha-113-anos-nasceu-o-vidente-de-fatima-sao-francisco-marto\/#breadcrumb\",\"itemListElement\":[{\"@type\":\"ListItem\",\"position\":1,\"name\":\"Home\",\"item\":\"https:\/\/www.adf.org.br\/home\/\"},{\"@type\":\"ListItem\",\"position\":2,\"name\":\"H\\u00e1 113 anos, nasceu o vidente de F\\u00e1tima S\\u00e3o Francisco Marto\"}]},{\"@type\":\"Person\",\"@id\":\"https:\/\/www.adf.org.br\/home\/#\/schema\/person\/f35a5c5aa7728a3dedf4ea9aa1fc2753\",\"name\":\"Gabriel Barbosa\",\"image\":{\"@type\":\"ImageObject\",\"@id\":\"https:\/\/www.adf.org.br\/home\/#personlogo\",\"inLanguage\":\"pt-BR\",\"url\":\"https:\/\/secure.gravatar.com\/avatar\/2b2cb2f4637682c5605e8d36818f51ef?s=96&d=mm&r=g\",\"contentUrl\":\"https:\/\/secure.gravatar.com\/avatar\/2b2cb2f4637682c5605e8d36818f51ef?s=96&d=mm&r=g\",\"caption\":\"Gabriel Barbosa\"},\"url\":\"https:\/\/www.adf.org.br\/home\/author\/gabrielpmk-com-br\/\"}]}<\/script>\n<!-- \/ Yoast SEO plugin. -->","yoast_head_json":{"title":"H\u00e1 113 anos, nasceu o vidente de F\u00e1tima S\u00e3o Francisco Marto","description":"Hoje S\u00e3o Francisco Marto, completaria 113 anos de idade. Ele foi o pastorinho mais contemplativo e queria consolar Deus. Leia um pouco da sua hist\u00f3ria...","robots":{"index":"index","follow":"follow","max-snippet":"max-snippet:-1","max-image-preview":"max-image-preview:large","max-video-preview":"max-video-preview:-1"},"canonical":"https:\/\/www.adf.org.br\/home\/ha-113-anos-nasceu-o-vidente-de-fatima-sao-francisco-marto\/","og_locale":"pt_BR","og_type":"article","og_title":"H\u00e1 113 anos, nasceu o vidente de F\u00e1tima S\u00e3o Francisco Marto","og_description":"Hoje S\u00e3o Francisco Marto, completaria 113 anos de idade. Ele foi o pastorinho mais contemplativo e queria consolar Deus. Leia um pouco da sua hist\u00f3ria...","og_url":"https:\/\/www.adf.org.br\/home\/ha-113-anos-nasceu-o-vidente-de-fatima-sao-francisco-marto\/","og_site_name":"Associa\u00e7\u00e3o Devotos de F\u00e1tima","article_published_time":"2021-06-11T14:00:27+00:00","article_modified_time":"2021-06-11T13:40:55+00:00","og_image":[{"width":900,"height":500,"url":"https:\/\/www.adf.org.br\/home\/wp-content\/uploads\/2021\/06\/s\u00e3o-francisco.jpg","type":"image\/jpeg"}],"twitter_card":"summary_large_image","twitter_misc":{"Escrito por":"Gabriel Barbosa","Est. tempo de leitura":"3 minutos"},"schema":{"@context":"https:\/\/schema.org","@graph":[{"@type":"WebSite","@id":"https:\/\/www.adf.org.br\/home\/#website","url":"https:\/\/www.adf.org.br\/home\/","name":"Associa\u00e7\u00e3o Devotos de F\u00e1tima","description":"Associa\u00e7\u00e3o Devotos de F\u00e1tima","potentialAction":[{"@type":"SearchAction","target":{"@type":"EntryPoint","urlTemplate":"https:\/\/www.adf.org.br\/home\/?s={search_term_string}"},"query-input":"required name=search_term_string"}],"inLanguage":"pt-BR"},{"@type":"ImageObject","@id":"https:\/\/www.adf.org.br\/home\/ha-113-anos-nasceu-o-vidente-de-fatima-sao-francisco-marto\/#primaryimage","inLanguage":"pt-BR","url":"https:\/\/www.adf.org.br\/home\/wp-content\/uploads\/2021\/06\/s\u00e3o-francisco.jpg","contentUrl":"https:\/\/www.adf.org.br\/home\/wp-content\/uploads\/2021\/06\/s\u00e3o-francisco.jpg","width":900,"height":500},{"@type":"WebPage","@id":"https:\/\/www.adf.org.br\/home\/ha-113-anos-nasceu-o-vidente-de-fatima-sao-francisco-marto\/#webpage","url":"https:\/\/www.adf.org.br\/home\/ha-113-anos-nasceu-o-vidente-de-fatima-sao-francisco-marto\/","name":"H\u00e1 113 anos, nasceu o vidente de F\u00e1tima S\u00e3o Francisco Marto","isPartOf":{"@id":"https:\/\/www.adf.org.br\/home\/#website"},"primaryImageOfPage":{"@id":"https:\/\/www.adf.org.br\/home\/ha-113-anos-nasceu-o-vidente-de-fatima-sao-francisco-marto\/#primaryimage"},"datePublished":"2021-06-11T14:00:27+00:00","dateModified":"2021-06-11T13:40:55+00:00","author":{"@id":"https:\/\/www.adf.org.br\/home\/#\/schema\/person\/f35a5c5aa7728a3dedf4ea9aa1fc2753"},"description":"Hoje S\u00e3o Francisco Marto, completaria 113 anos de idade. Ele foi o pastorinho mais contemplativo e queria consolar Deus. Leia um pouco da sua hist\u00f3ria...","breadcrumb":{"@id":"https:\/\/www.adf.org.br\/home\/ha-113-anos-nasceu-o-vidente-de-fatima-sao-francisco-marto\/#breadcrumb"},"inLanguage":"pt-BR","potentialAction":[{"@type":"ReadAction","target":["https:\/\/www.adf.org.br\/home\/ha-113-anos-nasceu-o-vidente-de-fatima-sao-francisco-marto\/"]}]},{"@type":"BreadcrumbList","@id":"https:\/\/www.adf.org.br\/home\/ha-113-anos-nasceu-o-vidente-de-fatima-sao-francisco-marto\/#breadcrumb","itemListElement":[{"@type":"ListItem","position":1,"name":"Home","item":"https:\/\/www.adf.org.br\/home\/"},{"@type":"ListItem","position":2,"name":"H\u00e1 113 anos, nasceu o vidente de F\u00e1tima S\u00e3o Francisco Marto"}]},{"@type":"Person","@id":"https:\/\/www.adf.org.br\/home\/#\/schema\/person\/f35a5c5aa7728a3dedf4ea9aa1fc2753","name":"Gabriel Barbosa","image":{"@type":"ImageObject","@id":"https:\/\/www.adf.org.br\/home\/#personlogo","inLanguage":"pt-BR","url":"https:\/\/secure.gravatar.com\/avatar\/2b2cb2f4637682c5605e8d36818f51ef?s=96&d=mm&r=g","contentUrl":"https:\/\/secure.gravatar.com\/avatar\/2b2cb2f4637682c5605e8d36818f51ef?s=96&d=mm&r=g","caption":"Gabriel Barbosa"},"url":"https:\/\/www.adf.org.br\/home\/author\/gabrielpmk-com-br\/"}]}},"_links":{"self":[{"href":"https:\/\/www.adf.org.br\/home\/wp-json\/wp\/v2\/posts\/64867"}],"collection":[{"href":"https:\/\/www.adf.org.br\/home\/wp-json\/wp\/v2\/posts"}],"about":[{"href":"https:\/\/www.adf.org.br\/home\/wp-json\/wp\/v2\/types\/post"}],"author":[{"embeddable":true,"href":"https:\/\/www.adf.org.br\/home\/wp-json\/wp\/v2\/users\/31"}],"replies":[{"embeddable":true,"href":"https:\/\/www.adf.org.br\/home\/wp-json\/wp\/v2\/comments?post=64867"}],"version-history":[{"count":26,"href":"https:\/\/www.adf.org.br\/home\/wp-json\/wp\/v2\/posts\/64867\/revisions"}],"predecessor-version":[{"id":64895,"href":"https:\/\/www.adf.org.br\/home\/wp-json\/wp\/v2\/posts\/64867\/revisions\/64895"}],"wp:featuredmedia":[{"embeddable":true,"href":"https:\/\/www.adf.org.br\/home\/wp-json\/wp\/v2\/media\/64885"}],"wp:attachment":[{"href":"https:\/\/www.adf.org.br\/home\/wp-json\/wp\/v2\/media?parent=64867"}],"wp:term":[{"taxonomy":"category","embeddable":true,"href":"https:\/\/www.adf.org.br\/home\/wp-json\/wp\/v2\/categories?post=64867"},{"taxonomy":"post_tag","embeddable":true,"href":"https:\/\/www.adf.org.br\/home\/wp-json\/wp\/v2\/tags?post=64867"}],"curies":[{"name":"wp","href":"https:\/\/api.w.org\/{rel}","templated":true}]}}